{"id":1851,"date":"2015-12-29T12:15:27","date_gmt":"2015-12-29T12:15:27","guid":{"rendered":"http:\/\/caumas.org\/revista\/?page_id=1851"},"modified":"2025-07-02T17:22:44","modified_gmt":"2025-07-02T17:22:44","slug":"revista-diciembre-2015","status":"publish","type":"post","link":"https:\/\/caumas.org\/revista\/revista-diciembre-2015\/","title":{"rendered":"Revista Diciembre 2015"},"content":{"rendered":"<p>[vc_row][vc_column width=&#8221;3\/4&#8243;][vc_row_inner][vc_column_inner width=&#8221;2\/3&#8243;][vc_column_text]<\/p>\n<h2 style=\"text-align: justify;\"><span style=\"color: #000000;\">Editorial<\/span><\/h2>\n<p>[\/vc_column_text]<div class=\"hr-thin style-line\" style=\"width: 100%;border-color: #f4f4f4;border-top-width: 1px;\"><\/div><div class=\"gap\" style=\"line-height: 10px; height: 10px;\"><\/div>[vc_column_text css_animation=&#8221;fadeIn&#8221;]<\/p>\n<p style=\"text-align: justify;\">En fechas previas a las entra\u00f1ables fiestas navide\u00f1as, nos invade el \u00e1nimo, como sin sentir, una alegr\u00eda y regocijo interior que traducimos en amistoso lenguaje de felicitaci\u00f3n y en el gesto social de los parabienes y buenos deseos para todos los que de forma m\u00e1s cercana o distante, forman parte de nuestra vida.<\/p>\n<p style=\"text-align: justify;\">Inevitablemente son tambi\u00e9n tiempos de emocionado recuerdo para nuestros familiares y amigos que un d\u00eda nos dejaron para siempre.<\/p>\n<p style=\"text-align: justify;\">Es condici\u00f3n humana bien probada que la alegr\u00eda y la tristeza caminan juntas a lo largo de la propia vida, la de cada uno. Son caras de una misma moneda. Guardan en su misterioso y rec\u00f3ndito arcano, la iron\u00eda y la paradoja que alertan al caminante de que nuestro pasar por la vida es breve\u2026<\/p>\n<p style=\"text-align: justify;\">Desde el inicio de esta Revista, todos los que en ella colaboran con verdadero entusiasmo e ilusi\u00f3n para sacarla adelante, son aut\u00e9nticos caminantes que bien merecen apropiarse por alusi\u00f3n, y sentir como muy suyos los hermosos versos de D. Antonio Machado.<\/p>\n<p style=\"text-align: right;\"><a href=\"https:\/\/caumas.org\/revista\/editorial-caumas\/\" class=\"btn-shortcode dt-btn-s btn-link default-btn-color default-btn-hover-color default-btn-bg-color default-btn-bg-hover-color ico-right-side\" id=\"dt-btn-1\"><span>Leer m\u00e1s<\/span><i class=\"fa fa-arrow-circle-right\"><\/i><\/a><\/p>\n<p>[\/vc_column_text]<div class=\"gap\" style=\"line-height: 15px; height: 15px;\"><\/div>[\/vc_column_inner][vc_column_inner width=&#8221;1\/3&#8243;][vc_column_text]<\/p>\n<h4 style=\"text-align: justify;\"><span style=\"color: #000000;\">Revistas para descargar:<\/span><\/h4>\n<p>[\/vc_column_text]<div class=\"hr-thin style-line\" style=\"width: 100%;border-color: #f4f4f4;border-top-width: 1px;\"><\/div><div class=\"gap\" style=\"line-height: 10px; height: 10px;\"><\/div><div class=\"dt-shortcode with-isotope\"><div class=\"wf-container dt-blog-shortcode loading-effect-fall-perspective iso-grid description-under-image content-align-left\" data-padding=\"20px\" data-cur-page=\"1\" data-posts-per-page=\"-1\" data-width=\"135px\" data-columns=\"1\">\n<div class=\"wf-cell\" data-post-id=\"1860\" data-date=\"2015-12-13T17:40:35+00:00\" data-name=\"Revista n\u00ba13 \u00b7 diciembre 2015\">\n\t<article class=\"post post-1860 type-post status-publish format-standard has-post-thumbnail hentry category-revista-pdf-dic-2015 category-revistas category-revistas-pdf category-46 category-62 category-18 description-off\">\n\n\t\t\n\t\t\t<div class=\"blog-media wf-td\">\n\n\t\t\t\t<p><a href=\"https:\/\/caumas.org\/revista\/revista-no13-%c2%b7-diciembre-2015\/\" class=\"alignnone rollover layzr-bg\" ><img decoding=\"async\" class=\"preload-me iso-lazy-load\" src=\"data:image\/svg+xml,%3Csvg%20xmlns%3D&#39;http%3A%2F%2Fwww.w3.org%2F2000%2Fsvg&#39;%20viewBox%3D&#39;0%200%20203%20210&#39;%2F%3E\" data-src=\"https:\/\/caumas.org\/revista\/wp-content\/uploads\/2015\/12\/Portadas-REVISTA-CAUMAS-Diciembre-2015-203x210.png\" data-srcset=\"https:\/\/caumas.org\/revista\/wp-content\/uploads\/2015\/12\/Portadas-REVISTA-CAUMAS-Diciembre-2015-203x210.png 203w, https:\/\/caumas.org\/revista\/wp-content\/uploads\/2015\/12\/Portadas-REVISTA-CAUMAS-Diciembre-2015-406x420.png 406w\" alt=\"\" title=\"Portadas REVISTA CAUMAS Diciembre 2015\" width=\"203\" height=\"210\"  \/><\/a><\/p>\n\t\t\t<\/div>\n\n\t\t\n\t\t<div class=\"blog-content wf-td\">\n\t\t\t<h3 class=\"entry-title\"><a href=\"https:\/\/caumas.org\/revista\/revista-no13-%c2%b7-diciembre-2015\/\" title=\"Revista n\u00ba13 \u00b7 diciembre 2015\" rel=\"bookmark\">Revista n\u00ba13 \u00b7 diciembre 2015<\/a><\/h3>\n\n\t\t\t<p align=\"center\">\u201cLa voz de los alumnos y profesores de los Programas de Formaci\u00f3n de Mayores de las Universidades Espa\u00f1olas\u201d  disponible tambi\u00e9n en formato PDF<\/p>\n\n\t\t<\/div>\n\n\t<\/article>\n\n<\/div><\/div><\/div><div class=\"gap\" style=\"line-height: 10px; height: 10px;\"><\/div>[\/vc_column_inner][\/vc_row_inner][vc_row_inner][vc_column_inner]<div class=\"gap\" style=\"line-height: 10px; height: 10px;\"><\/div>[vc_column_text css=&#8221;.vc_custom_1429267956615{background-color: #e65a3a !important;}&#8221;]<\/p>\n<h3 style=\"text-align: justify;\"><img decoding=\"async\" class=\"alignnone wp-image-515\" src=\"https:\/\/caumas.org\/revista\/wp-content\/uploads\/2015\/04\/Noticias-Triangulo.png\" alt=\"Noticias-Triangulo\" width=\"23\" height=\"23\" srcset=\"https:\/\/caumas.org\/revista\/wp-content\/uploads\/2015\/04\/Noticias-Triangulo.png 208w, https:\/\/caumas.org\/revista\/wp-content\/uploads\/2015\/04\/Noticias-Triangulo-150x150.png 150w\" sizes=\"(max-width: 23px) 100vw, 23px\" \/>\u00a0<span style=\"color: #ffffff;\">Noticias<\/span><\/h3>\n<p>[\/vc_column_text]<div class=\"hr-thin style-line\" style=\"width: 100%;border-color: #f4f4f4;border-top-width: 1px;\"><\/div><div class=\"dt-shortcode with-isotope\"><div class=\"wf-container dt-blog-shortcode loading-effect-fall-perspective iso-grid description-under-image content-align-left\" data-padding=\"20px\" data-cur-page=\"1\" data-posts-per-page=\"-1\" data-width=\"135px\" data-columns=\"3\">\n<div class=\"wf-cell\" data-post-id=\"1697\" data-date=\"2015-12-18T14:54:20+00:00\" data-name=\"XIV Jornadas Internacionales sobre Programas Univesitarios S\u00e9niors\">\n\t<article class=\"post post-1697 type-post status-publish format-standard has-post-thumbnail hentry category-noticias-dic-2015 category-noticias category-44 category-59 description-off\">\n\n\t\t\n\t\t\t<div class=\"blog-media wf-td\">\n\n\t\t\t\t<p><a href=\"https:\/\/caumas.org\/revista\/xiv-jornadas-internacionales-sobre-programas-universitarios-seniors\/\" class=\"alignnone rollover layzr-bg\" ><img decoding=\"async\" class=\"preload-me iso-lazy-load\" src=\"data:image\/svg+xml,%3Csvg%20xmlns%3D&#39;http%3A%2F%2Fwww.w3.org%2F2000%2Fsvg&#39;%20viewBox%3D&#39;0%200%20203%20135&#39;%2F%3E\" data-src=\"https:\/\/caumas.org\/revista\/wp-content\/uploads\/2015\/12\/Imagen-destacada-Jornadas-01-203x135.png\" data-srcset=\"https:\/\/caumas.org\/revista\/wp-content\/uploads\/2015\/12\/Imagen-destacada-Jornadas-01-203x135.png 203w, https:\/\/caumas.org\/revista\/wp-content\/uploads\/2015\/12\/Imagen-destacada-Jornadas-01-406x270.png 406w\" alt=\"\" title=\"Imagen destacada &#8211; Jornadas 01\" width=\"203\" height=\"135\"  \/><\/a><\/p>\n\t\t\t<\/div>\n\n\t\t\n\t\t<div class=\"blog-content wf-td\">\n\t\t\t<h3 class=\"entry-title\"><a href=\"https:\/\/caumas.org\/revista\/xiv-jornadas-internacionales-sobre-programas-universitarios-seniors\/\" title=\"XIV Jornadas Internacionales sobre Programas Univesitarios S\u00e9niors\" rel=\"bookmark\">XIV Jornadas Internacionales sobre Programas Univesitarios S\u00e9niors<\/a><\/h3>\n\n\t\t\t\n\t\t<\/div>\n\n\t<\/article>\n\n<\/div>\n<div class=\"wf-cell\" data-post-id=\"1719\" data-date=\"2015-12-18T15:31:38+00:00\" data-name=\"Conclusiones de las XIV Jornadas Internacionales sobre Programas Universitarios S\u00e9nior\">\n\t<article class=\"post post-1719 type-post status-publish format-standard has-post-thumbnail hentry category-noticias-dic-2015 category-noticias category-44 category-59 description-off\">\n\n\t\t\n\t\t\t<div class=\"blog-media wf-td\">\n\n\t\t\t\t<p><a href=\"https:\/\/caumas.org\/revista\/conclusiones-xiv-jornadas-internacionales-sobre-programas-universitarios-seniors\/\" class=\"alignnone rollover layzr-bg\" ><img loading=\"lazy\" decoding=\"async\" class=\"preload-me iso-lazy-load\" src=\"data:image\/svg+xml,%3Csvg%20xmlns%3D&#39;http%3A%2F%2Fwww.w3.org%2F2000%2Fsvg&#39;%20viewBox%3D&#39;0%200%20203%20135&#39;%2F%3E\" data-src=\"https:\/\/caumas.org\/revista\/wp-content\/uploads\/2015\/12\/Imagen-destacada-XIV-Jornadas-Internacionales-203x135.png\" data-srcset=\"https:\/\/caumas.org\/revista\/wp-content\/uploads\/2015\/12\/Imagen-destacada-XIV-Jornadas-Internacionales-203x135.png 203w, https:\/\/caumas.org\/revista\/wp-content\/uploads\/2015\/12\/Imagen-destacada-XIV-Jornadas-Internacionales-406x270.png 406w\" alt=\"\" title=\"Imagen destacada &#8211; XIV Jornadas Internacionales\" width=\"203\" height=\"135\"  \/><\/a><\/p>\n\t\t\t<\/div>\n\n\t\t\n\t\t<div class=\"blog-content wf-td\">\n\t\t\t<h3 class=\"entry-title\"><a href=\"https:\/\/caumas.org\/revista\/conclusiones-xiv-jornadas-internacionales-sobre-programas-universitarios-seniors\/\" title=\"Conclusiones de las XIV Jornadas Internacionales sobre Programas Universitarios S\u00e9nior\" rel=\"bookmark\">Conclusiones de las XIV Jornadas Internacionales sobre Programas Universitarios S\u00e9nior<\/a><\/h3>\n\n\t\t\t\n\t\t<\/div>\n\n\t<\/article>\n\n<\/div>\n<div class=\"wf-cell\" data-post-id=\"1731\" data-date=\"2015-12-18T16:16:00+00:00\" data-name=\"Resumen del Acto de Apertura del Curso 2015 - 2016\">\n\t<article class=\"post post-1731 type-post status-publish format-standard has-post-thumbnail hentry category-noticias-dic-2015 category-noticias category-44 category-59 description-off\">\n\n\t\t\n\t\t\t<div class=\"blog-media wf-td\">\n\n\t\t\t\t<p><a href=\"https:\/\/caumas.org\/revista\/resumen-del-acto-de-apertura-del-curso-2015-2016\/\" class=\"alignnone rollover layzr-bg\" ><img loading=\"lazy\" decoding=\"async\" class=\"preload-me iso-lazy-load\" src=\"data:image\/svg+xml,%3Csvg%20xmlns%3D&#39;http%3A%2F%2Fwww.w3.org%2F2000%2Fsvg&#39;%20viewBox%3D&#39;0%200%20203%20135&#39;%2F%3E\" data-src=\"https:\/\/caumas.org\/revista\/wp-content\/uploads\/2015\/12\/Imagen-destacada-Resumen-Acto-203x135.png\" data-srcset=\"https:\/\/caumas.org\/revista\/wp-content\/uploads\/2015\/12\/Imagen-destacada-Resumen-Acto-203x135.png 203w, https:\/\/caumas.org\/revista\/wp-content\/uploads\/2015\/12\/Imagen-destacada-Resumen-Acto-406x270.png 406w\" alt=\"\" title=\"Imagen destacada &#8211; Resumen Acto\" width=\"203\" height=\"135\"  \/><\/a><\/p>\n\t\t\t<\/div>\n\n\t\t\n\t\t<div class=\"blog-content wf-td\">\n\t\t\t<h3 class=\"entry-title\"><a href=\"https:\/\/caumas.org\/revista\/resumen-del-acto-de-apertura-del-curso-2015-2016\/\" title=\"Resumen del Acto de Apertura del Curso 2015 &#8211; 2016\" rel=\"bookmark\">Resumen del Acto de Apertura del Curso 2015 &#8211; 2016<\/a><\/h3>\n\n\t\t\t\n\t\t<\/div>\n\n\t<\/article>\n\n<\/div>\n<div class=\"wf-cell\" data-post-id=\"1735\" data-date=\"2015-12-18T16:40:39+00:00\" data-name=\"Pol\u00edticas P\u00fablicas sobre el Envejecimiento Activo\">\n\t<article class=\"post post-1735 type-post status-publish format-standard has-post-thumbnail hentry category-noticias-dic-2015 category-noticias category-44 category-59 description-off\">\n\n\t\t\n\t\t\t<div class=\"blog-media wf-td\">\n\n\t\t\t\t<p><a href=\"https:\/\/caumas.org\/revista\/politicas-publicas-sobre-envejecimiento-activo\/\" class=\"alignnone rollover layzr-bg\" ><img loading=\"lazy\" decoding=\"async\" class=\"preload-me iso-lazy-load\" src=\"data:image\/svg+xml,%3Csvg%20xmlns%3D&#39;http%3A%2F%2Fwww.w3.org%2F2000%2Fsvg&#39;%20viewBox%3D&#39;0%200%20203%20135&#39;%2F%3E\" data-src=\"https:\/\/caumas.org\/revista\/wp-content\/uploads\/2015\/12\/Imagen-destacada-Pol\u00edticas-P\u00fablicas-203x135.png\" data-srcset=\"https:\/\/caumas.org\/revista\/wp-content\/uploads\/2015\/12\/Imagen-destacada-Pol\u00edticas-P\u00fablicas-203x135.png 203w, https:\/\/caumas.org\/revista\/wp-content\/uploads\/2015\/12\/Imagen-destacada-Pol\u00edticas-P\u00fablicas-406x270.png 406w\" alt=\"\" title=\"Imagen destacada &#8211; Pol\u00edticas P\u00fablicas\" width=\"203\" height=\"135\"  \/><\/a><\/p>\n\t\t\t<\/div>\n\n\t\t\n\t\t<div class=\"blog-content wf-td\">\n\t\t\t<h3 class=\"entry-title\"><a href=\"https:\/\/caumas.org\/revista\/politicas-publicas-sobre-envejecimiento-activo\/\" title=\"Pol\u00edticas P\u00fablicas sobre el Envejecimiento Activo\" rel=\"bookmark\">Pol\u00edticas P\u00fablicas sobre el Envejecimiento Activo<\/a><\/h3>\n\n\t\t\t\n\t\t<\/div>\n\n\t<\/article>\n\n<\/div>\n<div class=\"wf-cell\" data-post-id=\"1922\" data-date=\"2015-12-20T10:09:36+00:00\" data-name=\"XV Jornadas Internacionales - Alcal\u00e1 de Henares\">\n\t<article class=\"post post-1922 type-post status-publish format-standard has-post-thumbnail hentry category-noticias-dic-2015 category-noticias category-44 category-59 description-off\">\n\n\t\t\n\t\t\t<div class=\"blog-media wf-td\">\n\n\t\t\t\t<p><a href=\"https:\/\/caumas.org\/revista\/xv-jornadas-internacionales-alcala-de-henares\/\" class=\"alignnone rollover layzr-bg\" ><img loading=\"lazy\" decoding=\"async\" class=\"preload-me iso-lazy-load\" src=\"data:image\/svg+xml,%3Csvg%20xmlns%3D&#39;http%3A%2F%2Fwww.w3.org%2F2000%2Fsvg&#39;%20viewBox%3D&#39;0%200%20203%20135&#39;%2F%3E\" data-src=\"https:\/\/caumas.org\/revista\/wp-content\/uploads\/2016\/01\/Imagen-destacada-XV-Jornadas-203x135.png\" data-srcset=\"https:\/\/caumas.org\/revista\/wp-content\/uploads\/2016\/01\/Imagen-destacada-XV-Jornadas-203x135.png 203w, https:\/\/caumas.org\/revista\/wp-content\/uploads\/2016\/01\/Imagen-destacada-XV-Jornadas-406x270.png 406w\" alt=\"\" title=\"Imagen destacada &#8211; XV Jornadas\" width=\"203\" height=\"135\"  \/><\/a><\/p>\n\t\t\t<\/div>\n\n\t\t\n\t\t<div class=\"blog-content wf-td\">\n\t\t\t<h3 class=\"entry-title\"><a href=\"https:\/\/caumas.org\/revista\/xv-jornadas-internacionales-alcala-de-henares\/\" title=\"XV Jornadas Internacionales &#8211; Alcal\u00e1 de Henares\" rel=\"bookmark\">XV Jornadas Internacionales &#8211; Alcal\u00e1 de Henares<\/a><\/h3>\n\n\t\t\t\n\t\t<\/div>\n\n\t<\/article>\n\n<\/div>\n<div class=\"wf-cell\" data-post-id=\"1748\" data-date=\"2015-12-21T11:19:49+00:00\" data-name=\"Reuni\u00f3n en la  Universidad de Alicante - Proyecto BOLA\">\n\t<article class=\"post post-1748 type-post status-publish format-standard has-post-thumbnail hentry category-noticias-dic-2015 category-noticias category-44 category-59 description-off\">\n\n\t\t\n\t\t\t<div class=\"blog-media wf-td\">\n\n\t\t\t\t<p><a href=\"https:\/\/caumas.org\/revista\/reunion-en-la-universidad-de-alicante-proyecto-bola\/\" class=\"alignnone rollover layzr-bg\" ><img loading=\"lazy\" decoding=\"async\" class=\"preload-me iso-lazy-load\" src=\"data:image\/svg+xml,%3Csvg%20xmlns%3D&#39;http%3A%2F%2Fwww.w3.org%2F2000%2Fsvg&#39;%20viewBox%3D&#39;0%200%20203%20135&#39;%2F%3E\" data-src=\"https:\/\/caumas.org\/revista\/wp-content\/uploads\/2015\/12\/Imagen-destacada-Alicante-203x135.png\" data-srcset=\"https:\/\/caumas.org\/revista\/wp-content\/uploads\/2015\/12\/Imagen-destacada-Alicante-203x135.png 203w, https:\/\/caumas.org\/revista\/wp-content\/uploads\/2015\/12\/Imagen-destacada-Alicante-406x270.png 406w\" alt=\"\" title=\"Imagen destacada &#8211; Alicante\" width=\"203\" height=\"135\"  \/><\/a><\/p>\n\t\t\t<\/div>\n\n\t\t\n\t\t<div class=\"blog-content wf-td\">\n\t\t\t<h3 class=\"entry-title\"><a href=\"https:\/\/caumas.org\/revista\/reunion-en-la-universidad-de-alicante-proyecto-bola\/\" title=\"Reuni\u00f3n en la  Universidad de Alicante &#8211; Proyecto BOLA\" rel=\"bookmark\">Reuni\u00f3n en la  Universidad de Alicante &#8211; Proyecto BOLA<\/a><\/h3>\n\n\t\t\t\n\t\t<\/div>\n\n\t<\/article>\n\n<\/div>\n<div class=\"wf-cell\" data-post-id=\"1763\" data-date=\"2015-12-21T11:54:14+00:00\" data-name=\"Premio Especial COGAVE Cultura 2015\">\n\t<article class=\"post post-1763 type-post status-publish format-standard has-post-thumbnail hentry category-noticias-dic-2015 category-noticias category-44 category-59 description-off\">\n\n\t\t\n\t\t\t<div class=\"blog-media wf-td\">\n\n\t\t\t\t<p><a href=\"https:\/\/caumas.org\/revista\/premio-especial-cogave-cultura-2015\/\" class=\"alignnone rollover layzr-bg\" ><img loading=\"lazy\" decoding=\"async\" class=\"preload-me iso-lazy-load\" src=\"data:image\/svg+xml,%3Csvg%20xmlns%3D&#39;http%3A%2F%2Fwww.w3.org%2F2000%2Fsvg&#39;%20viewBox%3D&#39;0%200%20203%20135&#39;%2F%3E\" data-src=\"https:\/\/caumas.org\/revista\/wp-content\/uploads\/2015\/12\/Imagen-destacada-XV-Jornadas-Internacionales-203x135.png\" data-srcset=\"https:\/\/caumas.org\/revista\/wp-content\/uploads\/2015\/12\/Imagen-destacada-XV-Jornadas-Internacionales-203x135.png 203w, https:\/\/caumas.org\/revista\/wp-content\/uploads\/2015\/12\/Imagen-destacada-XV-Jornadas-Internacionales-406x270.png 406w\" alt=\"\" title=\"Imagen destacada &#8211; XV Jornadas Internacionales\" width=\"203\" height=\"135\"  \/><\/a><\/p>\n\t\t\t<\/div>\n\n\t\t\n\t\t<div class=\"blog-content wf-td\">\n\t\t\t<h3 class=\"entry-title\"><a href=\"https:\/\/caumas.org\/revista\/premio-especial-cogave-cultura-2015\/\" title=\"Premio Especial COGAVE Cultura 2015\" rel=\"bookmark\">Premio Especial COGAVE Cultura 2015<\/a><\/h3>\n\n\t\t\t\n\t\t<\/div>\n\n\t<\/article>\n\n<\/div>\n<div class=\"wf-cell\" data-post-id=\"1776\" data-date=\"2015-12-21T12:09:41+00:00\" data-name=\"V Encontro Galego de Programas Universitarios para Maiores\">\n\t<article class=\"post post-1776 type-post status-publish format-standard has-post-thumbnail hentry category-noticias-dic-2015 category-noticias category-44 category-59 description-off\">\n\n\t\t\n\t\t\t<div class=\"blog-media wf-td\">\n\n\t\t\t\t<p><a href=\"https:\/\/caumas.org\/revista\/v-encontro-galego-de-programas-universitarios-para-maiores\/\" class=\"alignnone rollover layzr-bg\" ><img loading=\"lazy\" decoding=\"async\" class=\"preload-me iso-lazy-load\" src=\"data:image\/svg+xml,%3Csvg%20xmlns%3D&#39;http%3A%2F%2Fwww.w3.org%2F2000%2Fsvg&#39;%20viewBox%3D&#39;0%200%20203%20135&#39;%2F%3E\" data-src=\"https:\/\/caumas.org\/revista\/wp-content\/uploads\/2015\/12\/Imagen-destacada-V-Encontro-Galego-203x135.png\" data-srcset=\"https:\/\/caumas.org\/revista\/wp-content\/uploads\/2015\/12\/Imagen-destacada-V-Encontro-Galego-203x135.png 203w, https:\/\/caumas.org\/revista\/wp-content\/uploads\/2015\/12\/Imagen-destacada-V-Encontro-Galego-406x270.png 406w\" alt=\"\" title=\"Imagen destacada &#8211; V Encontro Galego\" width=\"203\" height=\"135\"  \/><\/a><\/p>\n\t\t\t<\/div>\n\n\t\t\n\t\t<div class=\"blog-content wf-td\">\n\t\t\t<h3 class=\"entry-title\"><a href=\"https:\/\/caumas.org\/revista\/v-encontro-galego-de-programas-universitarios-para-maiores\/\" title=\"V Encontro Galego de Programas Universitarios para Maiores\" rel=\"bookmark\">V Encontro Galego de Programas Universitarios para Maiores<\/a><\/h3>\n\n\t\t\t\n\t\t<\/div>\n\n\t<\/article>\n\n<\/div><\/div><\/div><div class=\"gap\" style=\"line-height: 10px; height: 10px;\"><\/div>[\/vc_column_inner][\/vc_row_inner][vc_row_inner][vc_column_inner width=&#8221;2\/3&#8243;]<div class=\"gap\" style=\"line-height: 10px; height: 10px;\"><\/div>[vc_column_text css=&#8221;.vc_custom_1429268077215{background-color: #6788ce !important;}&#8221;]<\/p>\n<h3 style=\"text-align: justify;\"><img loading=\"lazy\" decoding=\"async\" class=\"alignnone wp-image-517\" src=\"https:\/\/caumas.org\/revista\/wp-content\/uploads\/2015\/04\/Cronicas-de-los-alumnos-Triangulo.png\" alt=\"Cronicas-de-los-alumnos-Triangulo\" width=\"23\" height=\"23\" srcset=\"https:\/\/caumas.org\/revista\/wp-content\/uploads\/2015\/04\/Cronicas-de-los-alumnos-Triangulo.png 208w, https:\/\/caumas.org\/revista\/wp-content\/uploads\/2015\/04\/Cronicas-de-los-alumnos-Triangulo-150x150.png 150w\" sizes=\"(max-width: 23px) 100vw, 23px\" \/>\u00a0<span style=\"color: #ffffff;\">Cr\u00f3nicas de los alumnos<\/span><\/h3>\n<p>[\/vc_column_text]<div class=\"hr-thin style-line\" style=\"width: 100%;border-color: #f4f4f4;border-top-width: 1px;\"><\/div><div class=\"dt-shortcode with-isotope\"><div class=\"wf-container dt-blog-shortcode loading-effect-fall-perspective iso-grid description-under-image content-align-left\" data-padding=\"20px\" data-cur-page=\"1\" data-posts-per-page=\"-1\" data-width=\"135px\" data-columns=\"2\">\n<div class=\"wf-cell\" data-post-id=\"1822\" data-date=\"2015-12-21T15:42:39+00:00\" data-name=\"Visita al Museo del Traje\">\n\t<article class=\"post post-1822 type-post status-publish format-standard has-post-thumbnail hentry category-cronicas-de-los-alumnos-dic-2015 category-cronicas category-41 category-60 description-off\">\n\n\t\t\n\t\t\t<div class=\"blog-media wf-td\">\n\n\t\t\t\t<p><a href=\"https:\/\/caumas.org\/revista\/visita-al-museo-del-traje\/\" class=\"alignnone rollover layzr-bg\" ><img loading=\"lazy\" decoding=\"async\" class=\"preload-me iso-lazy-load\" src=\"data:image\/svg+xml,%3Csvg%20xmlns%3D&#39;http%3A%2F%2Fwww.w3.org%2F2000%2Fsvg&#39;%20viewBox%3D&#39;0%200%20203%20135&#39;%2F%3E\" data-src=\"https:\/\/caumas.org\/revista\/wp-content\/uploads\/2015\/12\/Imagen-destacada-Museo-del-traje-203x135.png\" data-srcset=\"https:\/\/caumas.org\/revista\/wp-content\/uploads\/2015\/12\/Imagen-destacada-Museo-del-traje-203x135.png 203w, https:\/\/caumas.org\/revista\/wp-content\/uploads\/2015\/12\/Imagen-destacada-Museo-del-traje-406x270.png 406w\" alt=\"\" title=\"Imagen destacada &#8211; Museo del traje\" width=\"203\" height=\"135\"  \/><\/a><\/p>\n\t\t\t<\/div>\n\n\t\t\n\t\t<div class=\"blog-content wf-td\">\n\t\t\t<h3 class=\"entry-title\"><a href=\"https:\/\/caumas.org\/revista\/visita-al-museo-del-traje\/\" title=\"Visita al Museo del Traje\" rel=\"bookmark\">Visita al Museo del Traje<\/a><\/h3>\n\n\t\t\t\n\t\t<\/div>\n\n\t<\/article>\n\n<\/div>\n<div class=\"wf-cell\" data-post-id=\"1812\" data-date=\"2015-12-21T15:24:04+00:00\" data-name=\"Socios de AUDEMA visitan \u00c1vila\">\n\t<article class=\"post post-1812 type-post status-publish format-standard has-post-thumbnail hentry category-cronicas-de-los-alumnos-dic-2015 category-cronicas category-41 category-60 description-off\">\n\n\t\t\n\t\t\t<div class=\"blog-media wf-td\">\n\n\t\t\t\t<p><a href=\"https:\/\/caumas.org\/revista\/socios-de-audema-visitan-avila\/\" class=\"alignnone rollover layzr-bg\" ><img loading=\"lazy\" decoding=\"async\" class=\"preload-me iso-lazy-load\" src=\"data:image\/svg+xml,%3Csvg%20xmlns%3D&#39;http%3A%2F%2Fwww.w3.org%2F2000%2Fsvg&#39;%20viewBox%3D&#39;0%200%20203%20135&#39;%2F%3E\" data-src=\"https:\/\/caumas.org\/revista\/wp-content\/uploads\/2015\/12\/Imagen-destacada-Avila-203x135.png\" data-srcset=\"https:\/\/caumas.org\/revista\/wp-content\/uploads\/2015\/12\/Imagen-destacada-Avila-203x135.png 203w, https:\/\/caumas.org\/revista\/wp-content\/uploads\/2015\/12\/Imagen-destacada-Avila-406x270.png 406w\" alt=\"\" title=\"Imagen destacada &#8211; Avila\" width=\"203\" height=\"135\"  \/><\/a><\/p>\n\t\t\t<\/div>\n\n\t\t\n\t\t<div class=\"blog-content wf-td\">\n\t\t\t<h3 class=\"entry-title\"><a href=\"https:\/\/caumas.org\/revista\/socios-de-audema-visitan-avila\/\" title=\"Socios de AUDEMA visitan \u00c1vila\" rel=\"bookmark\">Socios de AUDEMA visitan \u00c1vila<\/a><\/h3>\n\n\t\t\t\n\t\t<\/div>\n\n\t<\/article>\n\n<\/div><\/div><\/div><div class=\"gap\" style=\"line-height: 10px; height: 10px;\"><\/div>[\/vc_column_inner][vc_column_inner width=&#8221;1\/3&#8243;]<div class=\"gap\" style=\"line-height: 10px; height: 10px;\"><\/div>[vc_column_text css=&#8221;.vc_custom_1442922198598{background-color: #74ba5e !important;}&#8221;]<\/p>\n<h3 style=\"text-align: justify;\"><img loading=\"lazy\" decoding=\"async\" class=\"alignnone wp-image-512\" src=\"https:\/\/caumas.org\/revista\/wp-content\/uploads\/2015\/04\/Opinion-Triangulo.png\" alt=\"Opinion-Triangulo\" width=\"23\" height=\"23\" srcset=\"https:\/\/caumas.org\/revista\/wp-content\/uploads\/2015\/04\/Opinion-Triangulo.png 208w, https:\/\/caumas.org\/revista\/wp-content\/uploads\/2015\/04\/Opinion-Triangulo-150x150.png 150w\" sizes=\"(max-width: 23px) 100vw, 23px\" \/>\u00a0<span style=\"color: #ffffff;\">Opini\u00f3n<\/span><\/h3>\n<p>[\/vc_column_text]<div class=\"hr-thin style-line\" style=\"width: 100%;border-color: #f4f4f4;border-top-width: 1px;\"><\/div><div class=\"dt-shortcode with-isotope\"><div class=\"wf-container dt-blog-shortcode loading-effect-fall-perspective iso-grid description-under-image content-align-left\" data-padding=\"20px\" data-cur-page=\"1\" data-posts-per-page=\"-1\" data-width=\"135px\" data-columns=\"1\">\n<div class=\"wf-cell\" data-post-id=\"1840\" data-date=\"2015-12-29T12:03:50+00:00\" data-name=\"Los mayores silenciosos\">\n\t<article class=\"post post-1840 type-post status-publish format-standard has-post-thumbnail hentry category-opinion-dic-2015 category-opinion tag-abril-2015 category-45 category-57 description-off\">\n\n\t\t\n\t\t\t<div class=\"blog-media wf-td\">\n\n\t\t\t\t<p><a href=\"https:\/\/caumas.org\/revista\/los-mayores-silenciosos\/\" class=\"alignnone rollover layzr-bg\" ><img loading=\"lazy\" decoding=\"async\" class=\"preload-me iso-lazy-load\" src=\"data:image\/svg+xml,%3Csvg%20xmlns%3D&#39;http%3A%2F%2Fwww.w3.org%2F2000%2Fsvg&#39;%20viewBox%3D&#39;0%200%20203%20135&#39;%2F%3E\" data-src=\"https:\/\/caumas.org\/revista\/wp-content\/uploads\/2015\/12\/Imagen-destacada-Filgueria-203x135.png\" data-srcset=\"https:\/\/caumas.org\/revista\/wp-content\/uploads\/2015\/12\/Imagen-destacada-Filgueria-203x135.png 203w, https:\/\/caumas.org\/revista\/wp-content\/uploads\/2015\/12\/Imagen-destacada-Filgueria-406x270.png 406w\" alt=\"\" title=\"Imagen destacada &#8211; Filgueria\" width=\"203\" height=\"135\"  \/><\/a><\/p>\n\t\t\t<\/div>\n\n\t\t\n\t\t<div class=\"blog-content wf-td\">\n\t\t\t<h3 class=\"entry-title\"><a href=\"https:\/\/caumas.org\/revista\/los-mayores-silenciosos\/\" title=\"Los mayores silenciosos\" rel=\"bookmark\">Los mayores silenciosos<\/a><\/h3>\n\n\t\t\t<p>[vc_row][vc_column][vc_column_text] Los mayores silenciosos [\/vc_column_text][vc_row_inner][vc_column_inner width=&#8221;1\/6&#8243;][vc_single_image image=&#8221;1843&#8243; img_size=&#8221;full&#8221; alignment=&#8221;center&#8221; style=&#8221;vc_box_rounded&#8221; css_animation=&#8221;fadeInLeft&#8221;][\/vc_column_inner][vc_column_inner width=&#8221;5\/6&#8243;][vc_column_text] D. David Filgueira \u00c1lvarez. Coordinador de las Aulas de Tercera Edad de A Coru\u00f1a, ATEGAL[\/vc_column_text][\/vc_column_inner][\/vc_row_inner][\/vc_column][\/vc_row][vc_row][vc_column][vc_column_text] Muchas veces escuchas hablar de la gente mayor, de los mayores, de la tercera edad, ahora les llaman seniors, ma\u00f1ana Dios sabe c\u00f3mo les van a llamar. Yo&hellip;<\/p>\n\n\t\t<\/div>\n\n\t<\/article>\n\n<\/div><\/div><\/div><div class=\"gap\" style=\"line-height: 10px; height: 10px;\"><\/div>[vc_column_text css=&#8221;.vc_custom_1442922174699{background-color: #ffbf8b !important;}&#8221;]<\/p>\n<h3 style=\"text-align: justify;\"><img loading=\"lazy\" decoding=\"async\" class=\"alignnone wp-image-509\" src=\"https:\/\/caumas.org\/revista\/wp-content\/uploads\/2015\/04\/Entrevistas-Triangulo.png\" alt=\"Entrevistas-Triangulo\" width=\"23\" height=\"23\" srcset=\"https:\/\/caumas.org\/revista\/wp-content\/uploads\/2015\/04\/Entrevistas-Triangulo.png 208w, https:\/\/caumas.org\/revista\/wp-content\/uploads\/2015\/04\/Entrevistas-Triangulo-150x150.png 150w\" sizes=\"(max-width: 23px) 100vw, 23px\" \/>\u00a0\u00a0<span style=\"color: #ffffff;\">Entrevista<\/span><\/h3>\n<p>[\/vc_column_text]<div class=\"hr-thin style-line\" style=\"width: 100%;border-color: #f4f4f4;border-top-width: 1px;\"><\/div><div class=\"dt-shortcode with-isotope\"><div class=\"wf-container dt-blog-shortcode loading-effect-fall-perspective iso-grid description-under-image content-align-left\" data-padding=\"20px\" data-cur-page=\"1\" data-posts-per-page=\"-1\" data-width=\"135px\" data-columns=\"1\">\n<div class=\"wf-cell\" data-post-id=\"1863\" data-date=\"2015-12-29T17:58:28+00:00\" data-name=\"Entrevista - Dra. Mar\u00eda Teresa Pires de Medeiros\">\n\t<article class=\"post post-1863 type-post status-publish format-standard has-post-thumbnail hentry category-entrevista-dic-2015 category-entrevista category-43 category-56 description-off\">\n\n\t\t\n\t\t\t<div class=\"blog-media wf-td\">\n\n\t\t\t\t<p><a href=\"https:\/\/caumas.org\/revista\/entrevista-dra-maria-teresa-pires-de-medeiros\/\" class=\"alignnone rollover layzr-bg\" ><img loading=\"lazy\" decoding=\"async\" class=\"preload-me iso-lazy-load\" src=\"data:image\/svg+xml,%3Csvg%20xmlns%3D&#39;http%3A%2F%2Fwww.w3.org%2F2000%2Fsvg&#39;%20viewBox%3D&#39;0%200%20203%20135&#39;%2F%3E\" data-src=\"https:\/\/caumas.org\/revista\/wp-content\/uploads\/2015\/12\/Imagen-destacada-Teresa-Medeiros-203x135.png\" data-srcset=\"https:\/\/caumas.org\/revista\/wp-content\/uploads\/2015\/12\/Imagen-destacada-Teresa-Medeiros-203x135.png 203w, https:\/\/caumas.org\/revista\/wp-content\/uploads\/2015\/12\/Imagen-destacada-Teresa-Medeiros-406x270.png 406w\" alt=\"\" title=\"Imagen destacada &#8211; Teresa Medeiros\" width=\"203\" height=\"135\"  \/><\/a><\/p>\n\t\t\t<\/div>\n\n\t\t\n\t\t<div class=\"blog-content wf-td\">\n\t\t\t<h3 class=\"entry-title\"><a href=\"https:\/\/caumas.org\/revista\/entrevista-dra-maria-teresa-pires-de-medeiros\/\" title=\"Entrevista &#8211; Dra. Mar\u00eda Teresa Pires de Medeiros\" rel=\"bookmark\">Entrevista &#8211; Dra. Mar\u00eda Teresa Pires de Medeiros<\/a><\/h3>\n\n\t\t\t\n\t\t<\/div>\n\n\t<\/article>\n\n<\/div><\/div><\/div><div class=\"gap\" style=\"line-height: 10px; height: 10px;\"><\/div>[\/vc_column_inner][\/vc_row_inner][vc_row_inner][vc_column_inner][vc_column_text css=&#8221;.vc_custom_1429268100887{background-color: #50b6db !important;}&#8221;]<\/p>\n<h3 style=\"text-align: justify;\"><img loading=\"lazy\" decoding=\"async\" class=\"alignnone wp-image-514\" src=\"https:\/\/caumas.org\/revista\/wp-content\/uploads\/2015\/04\/Colaboraciones-Triangulo.png\" alt=\"Colaboraciones-Triangulo\" width=\"23\" height=\"23\" srcset=\"https:\/\/caumas.org\/revista\/wp-content\/uploads\/2015\/04\/Colaboraciones-Triangulo.png 208w, https:\/\/caumas.org\/revista\/wp-content\/uploads\/2015\/04\/Colaboraciones-Triangulo-150x150.png 150w\" sizes=\"(max-width: 23px) 100vw, 23px\" \/>\u00a0<span style=\"color: #ffffff;\">Colaboraciones<\/span><\/h3>\n<p>[\/vc_column_text]<div class=\"hr-thin style-line\" style=\"width: 100%;border-color: #f4f4f4;border-top-width: 1px;\"><\/div><div class=\"dt-shortcode with-isotope\"><div class=\"wf-container dt-blog-shortcode loading-effect-fall-perspective iso-grid description-under-image content-align-left\" data-padding=\"20px\" data-cur-page=\"1\" data-posts-per-page=\"-1\" data-width=\"135px\" data-columns=\"3\">\n<div class=\"wf-cell\" data-post-id=\"1679\" data-date=\"2015-12-18T12:52:32+00:00\" data-name=\"Pasado, Presente y Futuro de los Programas Universitarios para Mayores\">\n\t<article class=\"post post-1679 type-post status-publish format-standard has-post-thumbnail hentry category-colaboraciones-dic-2015 category-colaboraciones tag-abril-2015 category-40 category-58 description-off\">\n\n\t\t\n\t\t\t<div class=\"blog-media wf-td\">\n\n\t\t\t\t<p><a href=\"https:\/\/caumas.org\/revista\/pasado-presente-y-futuro-de-los-programas-universitarios-para-mayores\/\" class=\"alignnone rollover layzr-bg\" ><img loading=\"lazy\" decoding=\"async\" class=\"preload-me iso-lazy-load\" src=\"data:image\/svg+xml,%3Csvg%20xmlns%3D&#39;http%3A%2F%2Fwww.w3.org%2F2000%2Fsvg&#39;%20viewBox%3D&#39;0%200%20203%20135&#39;%2F%3E\" data-src=\"https:\/\/caumas.org\/revista\/wp-content\/uploads\/2015\/12\/Imagen-destacada-Adoraci\u00f3n-Holgado-203x135.png\" data-srcset=\"https:\/\/caumas.org\/revista\/wp-content\/uploads\/2015\/12\/Imagen-destacada-Adoraci\u00f3n-Holgado-203x135.png 203w, https:\/\/caumas.org\/revista\/wp-content\/uploads\/2015\/12\/Imagen-destacada-Adoraci\u00f3n-Holgado-406x270.png 406w\" alt=\"\" title=\"Imagen destacada &#8211; Adoraci\u00f3n Holgado\" width=\"203\" height=\"135\"  \/><\/a><\/p>\n\t\t\t<\/div>\n\n\t\t\n\t\t<div class=\"blog-content wf-td\">\n\t\t\t<h3 class=\"entry-title\"><a href=\"https:\/\/caumas.org\/revista\/pasado-presente-y-futuro-de-los-programas-universitarios-para-mayores\/\" title=\"Pasado, Presente y Futuro de los Programas Universitarios para Mayores\" rel=\"bookmark\">Pasado, Presente y Futuro de los Programas Universitarios para Mayores<\/a><\/h3>\n\n\t\t\t\n\t\t<\/div>\n\n\t<\/article>\n\n<\/div>\n<div class=\"wf-cell\" data-post-id=\"1671\" data-date=\"2015-12-18T12:26:02+00:00\" data-name=\"La vocaci\u00f3n\">\n\t<article class=\"post post-1671 type-post status-publish format-standard has-post-thumbnail hentry category-colaboraciones-dic-2015 category-colaboraciones tag-abril-2015 category-40 category-58 description-off\">\n\n\t\t\n\t\t\t<div class=\"blog-media wf-td\">\n\n\t\t\t\t<p><a href=\"https:\/\/caumas.org\/revista\/la-vocacion\/\" class=\"alignnone rollover layzr-bg\" ><img loading=\"lazy\" decoding=\"async\" class=\"preload-me iso-lazy-load\" src=\"data:image\/svg+xml,%3Csvg%20xmlns%3D&#39;http%3A%2F%2Fwww.w3.org%2F2000%2Fsvg&#39;%20viewBox%3D&#39;0%200%20203%20135&#39;%2F%3E\" data-src=\"https:\/\/caumas.org\/revista\/wp-content\/uploads\/2015\/12\/Imagen-destacada-Manuel-P\u00e9rez-Villanueva-203x135.png\" data-srcset=\"https:\/\/caumas.org\/revista\/wp-content\/uploads\/2015\/12\/Imagen-destacada-Manuel-P\u00e9rez-Villanueva-203x135.png 203w, https:\/\/caumas.org\/revista\/wp-content\/uploads\/2015\/12\/Imagen-destacada-Manuel-P\u00e9rez-Villanueva-406x270.png 406w\" alt=\"\" title=\"Imagen destacada &#8211; Manuel P\u00e9rez Villanueva\" width=\"203\" height=\"135\"  \/><\/a><\/p>\n\t\t\t<\/div>\n\n\t\t\n\t\t<div class=\"blog-content wf-td\">\n\t\t\t<h3 class=\"entry-title\"><a href=\"https:\/\/caumas.org\/revista\/la-vocacion\/\" title=\"La vocaci\u00f3n\" rel=\"bookmark\">La vocaci\u00f3n<\/a><\/h3>\n\n\t\t\t\n\t\t<\/div>\n\n\t<\/article>\n\n<\/div>\n<div class=\"wf-cell\" data-post-id=\"1650\" data-date=\"2015-12-18T11:50:43+00:00\" data-name=\"Los cursos de mayores entre el deseo e ilusi\u00f3n\">\n\t<article class=\"post post-1650 type-post status-publish format-standard has-post-thumbnail hentry category-colaboraciones-dic-2015 category-colaboraciones tag-abril-2015 category-40 category-58 description-off\">\n\n\t\t\n\t\t\t<div class=\"blog-media wf-td\">\n\n\t\t\t\t<p><a href=\"https:\/\/caumas.org\/revista\/los-cursos-de-mayores-entre-el-deseo-e-ilusion\/\" class=\"alignnone rollover layzr-bg\" ><img loading=\"lazy\" decoding=\"async\" class=\"preload-me iso-lazy-load\" src=\"data:image\/svg+xml,%3Csvg%20xmlns%3D&#39;http%3A%2F%2Fwww.w3.org%2F2000%2Fsvg&#39;%20viewBox%3D&#39;0%200%20203%20135&#39;%2F%3E\" data-src=\"https:\/\/caumas.org\/revista\/wp-content\/uploads\/2015\/12\/Imagen-destacada-Leonardo-Fuentes-203x135.png\" data-srcset=\"https:\/\/caumas.org\/revista\/wp-content\/uploads\/2015\/12\/Imagen-destacada-Leonardo-Fuentes-203x135.png 203w, https:\/\/caumas.org\/revista\/wp-content\/uploads\/2015\/12\/Imagen-destacada-Leonardo-Fuentes-406x270.png 406w\" alt=\"\" title=\"Imagen destacada &#8211; Leonardo Fuentes\" width=\"203\" height=\"135\"  \/><\/a><\/p>\n\t\t\t<\/div>\n\n\t\t\n\t\t<div class=\"blog-content wf-td\">\n\t\t\t<h3 class=\"entry-title\"><a href=\"https:\/\/caumas.org\/revista\/los-cursos-de-mayores-entre-el-deseo-e-ilusion\/\" title=\"Los cursos de mayores entre el deseo e ilusi\u00f3n\" rel=\"bookmark\">Los cursos de mayores entre el deseo e ilusi\u00f3n<\/a><\/h3>\n\n\t\t\t\n\t\t<\/div>\n\n\t<\/article>\n\n<\/div>\n<div class=\"wf-cell\" data-post-id=\"1640\" data-date=\"2015-12-18T11:16:47+00:00\" data-name=\"Crecer envejeciendo: un problema de gesti\u00f3n biogr\u00e1fica (II)\">\n\t<article class=\"post post-1640 type-post status-publish format-standard has-post-thumbnail hentry category-colaboraciones-dic-2015 category-colaboraciones tag-abril-2015 category-40 category-58 description-off\">\n\n\t\t\n\t\t\t<div class=\"blog-media wf-td\">\n\n\t\t\t\t<p><a href=\"https:\/\/caumas.org\/revista\/crecer-envejeciendo-un-problema-de-gestion-biografica-ii\/\" class=\"alignnone rollover layzr-bg\" ><img loading=\"lazy\" decoding=\"async\" class=\"preload-me iso-lazy-load\" src=\"data:image\/svg+xml,%3Csvg%20xmlns%3D&#39;http%3A%2F%2Fwww.w3.org%2F2000%2Fsvg&#39;%20viewBox%3D&#39;0%200%20203%20135&#39;%2F%3E\" data-src=\"https:\/\/caumas.org\/revista\/wp-content\/uploads\/2015\/09\/IMAGEN-DESTACADA-Enrique-Ponz\u00f3n-Lobato-203x135.jpg\" data-srcset=\"https:\/\/caumas.org\/revista\/wp-content\/uploads\/2015\/09\/IMAGEN-DESTACADA-Enrique-Ponz\u00f3n-Lobato-203x135.jpg 203w, https:\/\/caumas.org\/revista\/wp-content\/uploads\/2015\/09\/IMAGEN-DESTACADA-Enrique-Ponz\u00f3n-Lobato-406x270.jpg 406w\" alt=\"\" title=\"IMAGEN DESTACADA &#8211; Enrique Ponz\u00f3n Lobato\" width=\"203\" height=\"135\"  \/><\/a><\/p>\n\t\t\t<\/div>\n\n\t\t\n\t\t<div class=\"blog-content wf-td\">\n\t\t\t<h3 class=\"entry-title\"><a href=\"https:\/\/caumas.org\/revista\/crecer-envejeciendo-un-problema-de-gestion-biografica-ii\/\" title=\"Crecer envejeciendo: un problema de gesti\u00f3n biogr\u00e1fica (II)\" rel=\"bookmark\">Crecer envejeciendo: un problema de gesti\u00f3n biogr\u00e1fica (II)<\/a><\/h3>\n\n\t\t\t\n\t\t<\/div>\n\n\t<\/article>\n\n<\/div><\/div><\/div>[\/vc_column_inner][\/vc_row_inner]<div class=\"gap\" style=\"line-height: 10px; height: 10px;\"><\/div>[\/vc_column][vc_column width=&#8221;1\/4&#8243;][vc_column_text]<\/p>\n<h4 style=\"text-align: justify;\"><span style=\"color: #000000;\">En este n\u00famero:<\/span><\/h4>\n<p>[\/vc_column_text]<div class=\"hr-thin style-line\" style=\"width: 100%;border-color: #f4f4f4;border-top-width: 1px;\"><\/div><div class=\"dt-blog-shortcode slider-wrapper  owl-carousel dt-owl-carousel-init arrows-light enable-mobile-arrows description-under-image\" data-padding-side=\"20\" data-autoslide=\"true\" data-delay=\"6000\" data-loop=\"false\" data-arrows=\"true\">\n\n\t<article class=\"post post-1719 type-post status-publish format-standard has-post-thumbnail hentry category-noticias-dic-2015 category-noticias category-44 category-59 description-off\">\n\n\t\t\n\t\t\t<div class=\"blog-media wf-td\">\n\n\t\t\t\t<p><a href=\"https:\/\/caumas.org\/revista\/conclusiones-xiv-jornadas-internacionales-sobre-programas-universitarios-seniors\/\" class=\"alignnone rollover layzr-bg\" ><img loading=\"lazy\" decoding=\"async\" class=\"preload-me lazy-load\" src=\"data:image\/svg+xml,%3Csvg%20xmlns%3D&#39;http%3A%2F%2Fwww.w3.org%2F2000%2Fsvg&#39;%20viewBox%3D&#39;0%200%20270%20200&#39;%2F%3E\" data-src=\"https:\/\/caumas.org\/revista\/wp-content\/uploads\/2015\/12\/Imagen-destacada-XIV-Jornadas-Internacionales-270x200.png\" data-srcset=\"https:\/\/caumas.org\/revista\/wp-content\/uploads\/2015\/12\/Imagen-destacada-XIV-Jornadas-Internacionales-270x200.png 270w, https:\/\/caumas.org\/revista\/wp-content\/uploads\/2015\/12\/Imagen-destacada-XIV-Jornadas-Internacionales-449x333.png 449w\" alt=\"\" title=\"Imagen destacada &#8211; XIV Jornadas Internacionales\" width=\"270\" height=\"200\"  \/><\/a><\/p>\n\t\t\t<\/div>\n\n\t\t\n\t\t<div class=\"blog-content wf-td\">\n\t\t\t<h3 class=\"entry-title\"><a href=\"https:\/\/caumas.org\/revista\/conclusiones-xiv-jornadas-internacionales-sobre-programas-universitarios-seniors\/\" title=\"Conclusiones de las XIV Jornadas Internacionales sobre Programas Universitarios S\u00e9nior\" rel=\"bookmark\">Conclusiones de las XIV Jornadas Internacionales sobre Programas Universitarios S\u00e9nior<\/a><\/h3>\n\n\t\t\t\n\t\t<\/div>\n\n\t<\/article>\n\n\n\n\t<article class=\"post post-1640 type-post status-publish format-standard has-post-thumbnail hentry category-colaboraciones-dic-2015 category-colaboraciones tag-abril-2015 category-40 category-58 description-off\">\n\n\t\t\n\t\t\t<div class=\"blog-media wf-td\">\n\n\t\t\t\t<p><a href=\"https:\/\/caumas.org\/revista\/crecer-envejeciendo-un-problema-de-gestion-biografica-ii\/\" class=\"alignnone rollover layzr-bg\" ><img loading=\"lazy\" decoding=\"async\" class=\"preload-me lazy-load\" src=\"data:image\/svg+xml,%3Csvg%20xmlns%3D&#39;http%3A%2F%2Fwww.w3.org%2F2000%2Fsvg&#39;%20viewBox%3D&#39;0%200%20270%20200&#39;%2F%3E\" data-src=\"https:\/\/caumas.org\/revista\/wp-content\/uploads\/2015\/09\/IMAGEN-DESTACADA-Enrique-Ponz\u00f3n-Lobato-270x200.jpg\" data-srcset=\"https:\/\/caumas.org\/revista\/wp-content\/uploads\/2015\/09\/IMAGEN-DESTACADA-Enrique-Ponz\u00f3n-Lobato-270x200.jpg 270w, https:\/\/caumas.org\/revista\/wp-content\/uploads\/2015\/09\/IMAGEN-DESTACADA-Enrique-Ponz\u00f3n-Lobato-449x333.jpg 449w\" alt=\"\" title=\"IMAGEN DESTACADA &#8211; Enrique Ponz\u00f3n Lobato\" width=\"270\" height=\"200\"  \/><\/a><\/p>\n\t\t\t<\/div>\n\n\t\t\n\t\t<div class=\"blog-content wf-td\">\n\t\t\t<h3 class=\"entry-title\"><a href=\"https:\/\/caumas.org\/revista\/crecer-envejeciendo-un-problema-de-gestion-biografica-ii\/\" title=\"Crecer envejeciendo: un problema de gesti\u00f3n biogr\u00e1fica (II)\" rel=\"bookmark\">Crecer envejeciendo: un problema de gesti\u00f3n biogr\u00e1fica (II)<\/a><\/h3>\n\n\t\t\t\n\t\t<\/div>\n\n\t<\/article>\n\n\n\n\t<article class=\"post post-1650 type-post status-publish format-standard has-post-thumbnail hentry category-colaboraciones-dic-2015 category-colaboraciones tag-abril-2015 category-40 category-58 description-off\">\n\n\t\t\n\t\t\t<div class=\"blog-media wf-td\">\n\n\t\t\t\t<p><a href=\"https:\/\/caumas.org\/revista\/los-cursos-de-mayores-entre-el-deseo-e-ilusion\/\" class=\"alignnone rollover layzr-bg\" ><img loading=\"lazy\" decoding=\"async\" class=\"preload-me lazy-load\" src=\"data:image\/svg+xml,%3Csvg%20xmlns%3D&#39;http%3A%2F%2Fwww.w3.org%2F2000%2Fsvg&#39;%20viewBox%3D&#39;0%200%20270%20200&#39;%2F%3E\" data-src=\"https:\/\/caumas.org\/revista\/wp-content\/uploads\/2015\/12\/Imagen-destacada-Leonardo-Fuentes-270x200.png\" data-srcset=\"https:\/\/caumas.org\/revista\/wp-content\/uploads\/2015\/12\/Imagen-destacada-Leonardo-Fuentes-270x200.png 270w, https:\/\/caumas.org\/revista\/wp-content\/uploads\/2015\/12\/Imagen-destacada-Leonardo-Fuentes-449x333.png 449w\" alt=\"\" title=\"Imagen destacada &#8211; Leonardo Fuentes\" width=\"270\" height=\"200\"  \/><\/a><\/p>\n\t\t\t<\/div>\n\n\t\t\n\t\t<div class=\"blog-content wf-td\">\n\t\t\t<h3 class=\"entry-title\"><a href=\"https:\/\/caumas.org\/revista\/los-cursos-de-mayores-entre-el-deseo-e-ilusion\/\" title=\"Los cursos de mayores entre el deseo e ilusi\u00f3n\" rel=\"bookmark\">Los cursos de mayores entre el deseo e ilusi\u00f3n<\/a><\/h3>\n\n\t\t\t\n\t\t<\/div>\n\n\t<\/article>\n\n\n\n\t<article class=\"post post-1776 type-post status-publish format-standard has-post-thumbnail hentry category-noticias-dic-2015 category-noticias category-44 category-59 description-off\">\n\n\t\t\n\t\t\t<div class=\"blog-media wf-td\">\n\n\t\t\t\t<p><a href=\"https:\/\/caumas.org\/revista\/v-encontro-galego-de-programas-universitarios-para-maiores\/\" class=\"alignnone rollover layzr-bg\" ><img loading=\"lazy\" decoding=\"async\" class=\"preload-me lazy-load\" src=\"data:image\/svg+xml,%3Csvg%20xmlns%3D&#39;http%3A%2F%2Fwww.w3.org%2F2000%2Fsvg&#39;%20viewBox%3D&#39;0%200%20270%20200&#39;%2F%3E\" data-src=\"https:\/\/caumas.org\/revista\/wp-content\/uploads\/2015\/12\/Imagen-destacada-V-Encontro-Galego-270x200.png\" data-srcset=\"https:\/\/caumas.org\/revista\/wp-content\/uploads\/2015\/12\/Imagen-destacada-V-Encontro-Galego-270x200.png 270w, https:\/\/caumas.org\/revista\/wp-content\/uploads\/2015\/12\/Imagen-destacada-V-Encontro-Galego-449x333.png 449w\" alt=\"\" title=\"Imagen destacada &#8211; V Encontro Galego\" width=\"270\" height=\"200\"  \/><\/a><\/p>\n\t\t\t<\/div>\n\n\t\t\n\t\t<div class=\"blog-content wf-td\">\n\t\t\t<h3 class=\"entry-title\"><a href=\"https:\/\/caumas.org\/revista\/v-encontro-galego-de-programas-universitarios-para-maiores\/\" title=\"V Encontro Galego de Programas Universitarios para Maiores\" rel=\"bookmark\">V Encontro Galego de Programas Universitarios para Maiores<\/a><\/h3>\n\n\t\t\t\n\t\t<\/div>\n\n\t<\/article>\n\n\n\n\t<article class=\"post post-1731 type-post status-publish format-standard has-post-thumbnail hentry category-noticias-dic-2015 category-noticias category-44 category-59 description-off\">\n\n\t\t\n\t\t\t<div class=\"blog-media wf-td\">\n\n\t\t\t\t<p><a href=\"https:\/\/caumas.org\/revista\/resumen-del-acto-de-apertura-del-curso-2015-2016\/\" class=\"alignnone rollover layzr-bg\" ><img loading=\"lazy\" decoding=\"async\" class=\"preload-me lazy-load\" src=\"data:image\/svg+xml,%3Csvg%20xmlns%3D&#39;http%3A%2F%2Fwww.w3.org%2F2000%2Fsvg&#39;%20viewBox%3D&#39;0%200%20270%20200&#39;%2F%3E\" data-src=\"https:\/\/caumas.org\/revista\/wp-content\/uploads\/2015\/12\/Imagen-destacada-Resumen-Acto-270x200.png\" data-srcset=\"https:\/\/caumas.org\/revista\/wp-content\/uploads\/2015\/12\/Imagen-destacada-Resumen-Acto-270x200.png 270w, https:\/\/caumas.org\/revista\/wp-content\/uploads\/2015\/12\/Imagen-destacada-Resumen-Acto-449x333.png 449w\" alt=\"\" title=\"Imagen destacada &#8211; Resumen Acto\" width=\"270\" height=\"200\"  \/><\/a><\/p>\n\t\t\t<\/div>\n\n\t\t\n\t\t<div class=\"blog-content wf-td\">\n\t\t\t<h3 class=\"entry-title\"><a href=\"https:\/\/caumas.org\/revista\/resumen-del-acto-de-apertura-del-curso-2015-2016\/\" title=\"Resumen del Acto de Apertura del Curso 2015 &#8211; 2016\" rel=\"bookmark\">Resumen del Acto de Apertura del Curso 2015 &#8211; 2016<\/a><\/h3>\n\n\t\t\t\n\t\t<\/div>\n\n\t<\/article>\n\n\n\n\t<article class=\"post post-1671 type-post status-publish format-standard has-post-thumbnail hentry category-colaboraciones-dic-2015 category-colaboraciones tag-abril-2015 category-40 category-58 description-off\">\n\n\t\t\n\t\t\t<div class=\"blog-media wf-td\">\n\n\t\t\t\t<p><a href=\"https:\/\/caumas.org\/revista\/la-vocacion\/\" class=\"alignnone rollover layzr-bg\" ><img loading=\"lazy\" decoding=\"async\" class=\"preload-me lazy-load\" src=\"data:image\/svg+xml,%3Csvg%20xmlns%3D&#39;http%3A%2F%2Fwww.w3.org%2F2000%2Fsvg&#39;%20viewBox%3D&#39;0%200%20270%20200&#39;%2F%3E\" data-src=\"https:\/\/caumas.org\/revista\/wp-content\/uploads\/2015\/12\/Imagen-destacada-Manuel-P\u00e9rez-Villanueva-270x200.png\" data-srcset=\"https:\/\/caumas.org\/revista\/wp-content\/uploads\/2015\/12\/Imagen-destacada-Manuel-P\u00e9rez-Villanueva-270x200.png 270w, https:\/\/caumas.org\/revista\/wp-content\/uploads\/2015\/12\/Imagen-destacada-Manuel-P\u00e9rez-Villanueva-449x333.png 449w\" alt=\"\" title=\"Imagen destacada &#8211; Manuel P\u00e9rez Villanueva\" width=\"270\" height=\"200\"  \/><\/a><\/p>\n\t\t\t<\/div>\n\n\t\t\n\t\t<div class=\"blog-content wf-td\">\n\t\t\t<h3 class=\"entry-title\"><a href=\"https:\/\/caumas.org\/revista\/la-vocacion\/\" title=\"La vocaci\u00f3n\" rel=\"bookmark\">La vocaci\u00f3n<\/a><\/h3>\n\n\t\t\t\n\t\t<\/div>\n\n\t<\/article>\n\n\n\n\t<article class=\"post post-1863 type-post status-publish format-standard has-post-thumbnail hentry category-entrevista-dic-2015 category-entrevista category-43 category-56 description-off\">\n\n\t\t\n\t\t\t<div class=\"blog-media wf-td\">\n\n\t\t\t\t<p><a href=\"https:\/\/caumas.org\/revista\/entrevista-dra-maria-teresa-pires-de-medeiros\/\" class=\"alignnone rollover layzr-bg\" ><img loading=\"lazy\" decoding=\"async\" class=\"preload-me lazy-load\" src=\"data:image\/svg+xml,%3Csvg%20xmlns%3D&#39;http%3A%2F%2Fwww.w3.org%2F2000%2Fsvg&#39;%20viewBox%3D&#39;0%200%20270%20200&#39;%2F%3E\" data-src=\"https:\/\/caumas.org\/revista\/wp-content\/uploads\/2015\/12\/Imagen-destacada-Teresa-Medeiros-270x200.png\" data-srcset=\"https:\/\/caumas.org\/revista\/wp-content\/uploads\/2015\/12\/Imagen-destacada-Teresa-Medeiros-270x200.png 270w, https:\/\/caumas.org\/revista\/wp-content\/uploads\/2015\/12\/Imagen-destacada-Teresa-Medeiros-449x333.png 449w\" alt=\"\" title=\"Imagen destacada &#8211; Teresa Medeiros\" width=\"270\" height=\"200\"  \/><\/a><\/p>\n\t\t\t<\/div>\n\n\t\t\n\t\t<div class=\"blog-content wf-td\">\n\t\t\t<h3 class=\"entry-title\"><a href=\"https:\/\/caumas.org\/revista\/entrevista-dra-maria-teresa-pires-de-medeiros\/\" title=\"Entrevista &#8211; Dra. Mar\u00eda Teresa Pires de Medeiros\" rel=\"bookmark\">Entrevista &#8211; Dra. Mar\u00eda Teresa Pires de Medeiros<\/a><\/h3>\n\n\t\t\t\n\t\t<\/div>\n\n\t<\/article>\n\n\n\n\t<article class=\"post post-1856 type-post status-publish format-standard has-post-thumbnail hentry category-editorial-dic-2015 category-editorial category-42 category-55 description-off\">\n\n\t\t\n\t\t\t<div class=\"blog-media wf-td\">\n\n\t\t\t\t<p><a href=\"https:\/\/caumas.org\/revista\/editorial-caumas\/\" class=\"alignnone rollover layzr-bg\" ><img loading=\"lazy\" decoding=\"async\" class=\"preload-me lazy-load\" src=\"data:image\/svg+xml,%3Csvg%20xmlns%3D&#39;http%3A%2F%2Fwww.w3.org%2F2000%2Fsvg&#39;%20viewBox%3D&#39;0%200%20270%20200&#39;%2F%3E\" data-src=\"https:\/\/caumas.org\/revista\/wp-content\/uploads\/2015\/12\/Imagen-destacada-CAUMAS-2016-270x200.png\" data-srcset=\"https:\/\/caumas.org\/revista\/wp-content\/uploads\/2015\/12\/Imagen-destacada-CAUMAS-2016-270x200.png 270w, https:\/\/caumas.org\/revista\/wp-content\/uploads\/2015\/12\/Imagen-destacada-CAUMAS-2016-449x333.png 449w\" alt=\"\" title=\"Imagen destacada &#8211; CAUMAS 2016\" width=\"270\" height=\"200\"  \/><\/a><\/p>\n\t\t\t<\/div>\n\n\t\t\n\t\t<div class=\"blog-content wf-td\">\n\t\t\t<h3 class=\"entry-title\"><a href=\"https:\/\/caumas.org\/revista\/editorial-caumas\/\" title=\"Editorial &#8211; CAUMAS\" rel=\"bookmark\">Editorial &#8211; CAUMAS<\/a><\/h3>\n\n\t\t\t\n\t\t<\/div>\n\n\t<\/article>\n\n\n\n\t<article class=\"post post-1840 type-post status-publish format-standard has-post-thumbnail hentry category-opinion-dic-2015 category-opinion tag-abril-2015 category-45 category-57 description-off\">\n\n\t\t\n\t\t\t<div class=\"blog-media wf-td\">\n\n\t\t\t\t<p><a href=\"https:\/\/caumas.org\/revista\/los-mayores-silenciosos\/\" class=\"alignnone rollover layzr-bg\" ><img loading=\"lazy\" decoding=\"async\" class=\"preload-me lazy-load\" src=\"data:image\/svg+xml,%3Csvg%20xmlns%3D&#39;http%3A%2F%2Fwww.w3.org%2F2000%2Fsvg&#39;%20viewBox%3D&#39;0%200%20270%20200&#39;%2F%3E\" data-src=\"https:\/\/caumas.org\/revista\/wp-content\/uploads\/2015\/12\/Imagen-destacada-Filgueria-270x200.png\" data-srcset=\"https:\/\/caumas.org\/revista\/wp-content\/uploads\/2015\/12\/Imagen-destacada-Filgueria-270x200.png 270w, https:\/\/caumas.org\/revista\/wp-content\/uploads\/2015\/12\/Imagen-destacada-Filgueria-449x333.png 449w\" alt=\"\" title=\"Imagen destacada &#8211; Filgueria\" width=\"270\" height=\"200\"  \/><\/a><\/p>\n\t\t\t<\/div>\n\n\t\t\n\t\t<div class=\"blog-content wf-td\">\n\t\t\t<h3 class=\"entry-title\"><a href=\"https:\/\/caumas.org\/revista\/los-mayores-silenciosos\/\" title=\"Los mayores silenciosos\" rel=\"bookmark\">Los mayores silenciosos<\/a><\/h3>\n\n\t\t\t\n\t\t<\/div>\n\n\t<\/article>\n\n\n\n\t<article class=\"post post-1922 type-post status-publish format-standard has-post-thumbnail hentry category-noticias-dic-2015 category-noticias category-44 category-59 description-off\">\n\n\t\t\n\t\t\t<div class=\"blog-media wf-td\">\n\n\t\t\t\t<p><a href=\"https:\/\/caumas.org\/revista\/xv-jornadas-internacionales-alcala-de-henares\/\" class=\"alignnone rollover layzr-bg\" ><img loading=\"lazy\" decoding=\"async\" class=\"preload-me lazy-load\" src=\"data:image\/svg+xml,%3Csvg%20xmlns%3D&#39;http%3A%2F%2Fwww.w3.org%2F2000%2Fsvg&#39;%20viewBox%3D&#39;0%200%20270%20200&#39;%2F%3E\" data-src=\"https:\/\/caumas.org\/revista\/wp-content\/uploads\/2016\/01\/Imagen-destacada-XV-Jornadas-270x200.png\" data-srcset=\"https:\/\/caumas.org\/revista\/wp-content\/uploads\/2016\/01\/Imagen-destacada-XV-Jornadas-270x200.png 270w, https:\/\/caumas.org\/revista\/wp-content\/uploads\/2016\/01\/Imagen-destacada-XV-Jornadas-449x333.png 449w\" alt=\"\" title=\"Imagen destacada &#8211; XV Jornadas\" width=\"270\" height=\"200\"  \/><\/a><\/p>\n\t\t\t<\/div>\n\n\t\t\n\t\t<div class=\"blog-content wf-td\">\n\t\t\t<h3 class=\"entry-title\"><a href=\"https:\/\/caumas.org\/revista\/xv-jornadas-internacionales-alcala-de-henares\/\" title=\"XV Jornadas Internacionales &#8211; Alcal\u00e1 de Henares\" rel=\"bookmark\">XV Jornadas Internacionales &#8211; Alcal\u00e1 de Henares<\/a><\/h3>\n\n\t\t\t\n\t\t<\/div>\n\n\t<\/article>\n\n\n\n\t<article class=\"post post-1763 type-post status-publish format-standard has-post-thumbnail hentry category-noticias-dic-2015 category-noticias category-44 category-59 description-off\">\n\n\t\t\n\t\t\t<div class=\"blog-media wf-td\">\n\n\t\t\t\t<p><a href=\"https:\/\/caumas.org\/revista\/premio-especial-cogave-cultura-2015\/\" class=\"alignnone rollover layzr-bg\" ><img loading=\"lazy\" decoding=\"async\" class=\"preload-me lazy-load\" src=\"data:image\/svg+xml,%3Csvg%20xmlns%3D&#39;http%3A%2F%2Fwww.w3.org%2F2000%2Fsvg&#39;%20viewBox%3D&#39;0%200%20270%20200&#39;%2F%3E\" data-src=\"https:\/\/caumas.org\/revista\/wp-content\/uploads\/2015\/12\/Imagen-destacada-XV-Jornadas-Internacionales-270x200.png\" data-srcset=\"https:\/\/caumas.org\/revista\/wp-content\/uploads\/2015\/12\/Imagen-destacada-XV-Jornadas-Internacionales-270x200.png 270w, https:\/\/caumas.org\/revista\/wp-content\/uploads\/2015\/12\/Imagen-destacada-XV-Jornadas-Internacionales-449x333.png 449w\" alt=\"\" title=\"Imagen destacada &#8211; XV Jornadas Internacionales\" width=\"270\" height=\"200\"  \/><\/a><\/p>\n\t\t\t<\/div>\n\n\t\t\n\t\t<div class=\"blog-content wf-td\">\n\t\t\t<h3 class=\"entry-title\"><a href=\"https:\/\/caumas.org\/revista\/premio-especial-cogave-cultura-2015\/\" title=\"Premio Especial COGAVE Cultura 2015\" rel=\"bookmark\">Premio Especial COGAVE Cultura 2015<\/a><\/h3>\n\n\t\t\t\n\t\t<\/div>\n\n\t<\/article>\n\n\n\n\t<article class=\"post post-1748 type-post status-publish format-standard has-post-thumbnail hentry category-noticias-dic-2015 category-noticias category-44 category-59 description-off\">\n\n\t\t\n\t\t\t<div class=\"blog-media wf-td\">\n\n\t\t\t\t<p><a href=\"https:\/\/caumas.org\/revista\/reunion-en-la-universidad-de-alicante-proyecto-bola\/\" class=\"alignnone rollover layzr-bg\" ><img loading=\"lazy\" decoding=\"async\" class=\"preload-me lazy-load\" src=\"data:image\/svg+xml,%3Csvg%20xmlns%3D&#39;http%3A%2F%2Fwww.w3.org%2F2000%2Fsvg&#39;%20viewBox%3D&#39;0%200%20270%20200&#39;%2F%3E\" data-src=\"https:\/\/caumas.org\/revista\/wp-content\/uploads\/2015\/12\/Imagen-destacada-Alicante-270x200.png\" data-srcset=\"https:\/\/caumas.org\/revista\/wp-content\/uploads\/2015\/12\/Imagen-destacada-Alicante-270x200.png 270w, https:\/\/caumas.org\/revista\/wp-content\/uploads\/2015\/12\/Imagen-destacada-Alicante-449x333.png 449w\" alt=\"\" title=\"Imagen destacada &#8211; Alicante\" width=\"270\" height=\"200\"  \/><\/a><\/p>\n\t\t\t<\/div>\n\n\t\t\n\t\t<div class=\"blog-content wf-td\">\n\t\t\t<h3 class=\"entry-title\"><a href=\"https:\/\/caumas.org\/revista\/reunion-en-la-universidad-de-alicante-proyecto-bola\/\" title=\"Reuni\u00f3n en la  Universidad de Alicante &#8211; Proyecto BOLA\" rel=\"bookmark\">Reuni\u00f3n en la  Universidad de Alicante &#8211; Proyecto BOLA<\/a><\/h3>\n\n\t\t\t\n\t\t<\/div>\n\n\t<\/article>\n\n\n\n\t<article class=\"post post-1812 type-post status-publish format-standard has-post-thumbnail hentry category-cronicas-de-los-alumnos-dic-2015 category-cronicas category-41 category-60 description-off\">\n\n\t\t\n\t\t\t<div class=\"blog-media wf-td\">\n\n\t\t\t\t<p><a href=\"https:\/\/caumas.org\/revista\/socios-de-audema-visitan-avila\/\" class=\"alignnone rollover layzr-bg\" ><img loading=\"lazy\" decoding=\"async\" class=\"preload-me lazy-load\" src=\"data:image\/svg+xml,%3Csvg%20xmlns%3D&#39;http%3A%2F%2Fwww.w3.org%2F2000%2Fsvg&#39;%20viewBox%3D&#39;0%200%20270%20200&#39;%2F%3E\" data-src=\"https:\/\/caumas.org\/revista\/wp-content\/uploads\/2015\/12\/Imagen-destacada-Avila-270x200.png\" data-srcset=\"https:\/\/caumas.org\/revista\/wp-content\/uploads\/2015\/12\/Imagen-destacada-Avila-270x200.png 270w, https:\/\/caumas.org\/revista\/wp-content\/uploads\/2015\/12\/Imagen-destacada-Avila-449x333.png 449w\" alt=\"\" title=\"Imagen destacada &#8211; Avila\" width=\"270\" height=\"200\"  \/><\/a><\/p>\n\t\t\t<\/div>\n\n\t\t\n\t\t<div class=\"blog-content wf-td\">\n\t\t\t<h3 class=\"entry-title\"><a href=\"https:\/\/caumas.org\/revista\/socios-de-audema-visitan-avila\/\" title=\"Socios de AUDEMA visitan \u00c1vila\" rel=\"bookmark\">Socios de AUDEMA visitan \u00c1vila<\/a><\/h3>\n\n\t\t\t\n\t\t<\/div>\n\n\t<\/article>\n\n\n\n\t<article class=\"post post-1822 type-post status-publish format-standard has-post-thumbnail hentry category-cronicas-de-los-alumnos-dic-2015 category-cronicas category-41 category-60 description-off\">\n\n\t\t\n\t\t\t<div class=\"blog-media wf-td\">\n\n\t\t\t\t<p><a href=\"https:\/\/caumas.org\/revista\/visita-al-museo-del-traje\/\" class=\"alignnone rollover layzr-bg\" ><img loading=\"lazy\" decoding=\"async\" class=\"preload-me lazy-load\" src=\"data:image\/svg+xml,%3Csvg%20xmlns%3D&#39;http%3A%2F%2Fwww.w3.org%2F2000%2Fsvg&#39;%20viewBox%3D&#39;0%200%20270%20200&#39;%2F%3E\" data-src=\"https:\/\/caumas.org\/revista\/wp-content\/uploads\/2015\/12\/Imagen-destacada-Museo-del-traje-270x200.png\" data-srcset=\"https:\/\/caumas.org\/revista\/wp-content\/uploads\/2015\/12\/Imagen-destacada-Museo-del-traje-270x200.png 270w, https:\/\/caumas.org\/revista\/wp-content\/uploads\/2015\/12\/Imagen-destacada-Museo-del-traje-449x333.png 449w\" alt=\"\" title=\"Imagen destacada &#8211; Museo del traje\" width=\"270\" height=\"200\"  \/><\/a><\/p>\n\t\t\t<\/div>\n\n\t\t\n\t\t<div class=\"blog-content wf-td\">\n\t\t\t<h3 class=\"entry-title\"><a href=\"https:\/\/caumas.org\/revista\/visita-al-museo-del-traje\/\" title=\"Visita al Museo del Traje\" rel=\"bookmark\">Visita al Museo del Traje<\/a><\/h3>\n\n\t\t\t\n\t\t<\/div>\n\n\t<\/article>\n\n\n\n\t<article class=\"post post-1798 type-post status-publish format-standard has-post-thumbnail hentry category-noticias-dic-2015 category-noticias category-noticias-breves category-44 category-59 category-63 description-off\">\n\n\t\t\n\t\t\t<div class=\"blog-media wf-td\">\n\n\t\t\t\t<p><a href=\"https:\/\/caumas.org\/revista\/noticias-breves-2\/\" class=\"alignnone rollover layzr-bg\" ><img loading=\"lazy\" decoding=\"async\" class=\"preload-me lazy-load\" src=\"data:image\/svg+xml,%3Csvg%20xmlns%3D&#39;http%3A%2F%2Fwww.w3.org%2F2000%2Fsvg&#39;%20viewBox%3D&#39;0%200%20270%20200&#39;%2F%3E\" data-src=\"https:\/\/caumas.org\/revista\/wp-content\/uploads\/2015\/12\/Imagen-destacada-Noticias-Breves-Audema-270x200.png\" data-srcset=\"https:\/\/caumas.org\/revista\/wp-content\/uploads\/2015\/12\/Imagen-destacada-Noticias-Breves-Audema-270x200.png 270w, https:\/\/caumas.org\/revista\/wp-content\/uploads\/2015\/12\/Imagen-destacada-Noticias-Breves-Audema-449x333.png 449w\" alt=\"\" title=\"Imagen destacada &#8211; Noticias Breves Audema\" width=\"270\" height=\"200\"  \/><\/a><\/p>\n\t\t\t<\/div>\n\n\t\t\n\t\t<div class=\"blog-content wf-td\">\n\t\t\t<h3 class=\"entry-title\"><a href=\"https:\/\/caumas.org\/revista\/noticias-breves-2\/\" title=\"Noticias Breves\" rel=\"bookmark\">Noticias Breves<\/a><\/h3>\n\n\t\t\t\n\t\t<\/div>\n\n\t<\/article>\n\n\n\n\t<article class=\"post post-1735 type-post status-publish format-standard has-post-thumbnail hentry category-noticias-dic-2015 category-noticias category-44 category-59 description-off\">\n\n\t\t\n\t\t\t<div class=\"blog-media wf-td\">\n\n\t\t\t\t<p><a href=\"https:\/\/caumas.org\/revista\/politicas-publicas-sobre-envejecimiento-activo\/\" class=\"alignnone rollover layzr-bg\" ><img loading=\"lazy\" decoding=\"async\" class=\"preload-me lazy-load\" src=\"data:image\/svg+xml,%3Csvg%20xmlns%3D&#39;http%3A%2F%2Fwww.w3.org%2F2000%2Fsvg&#39;%20viewBox%3D&#39;0%200%20270%20200&#39;%2F%3E\" data-src=\"https:\/\/caumas.org\/revista\/wp-content\/uploads\/2015\/12\/Imagen-destacada-Pol\u00edticas-P\u00fablicas-270x200.png\" data-srcset=\"https:\/\/caumas.org\/revista\/wp-content\/uploads\/2015\/12\/Imagen-destacada-Pol\u00edticas-P\u00fablicas-270x200.png 270w, https:\/\/caumas.org\/revista\/wp-content\/uploads\/2015\/12\/Imagen-destacada-Pol\u00edticas-P\u00fablicas-449x333.png 449w\" alt=\"\" title=\"Imagen destacada &#8211; Pol\u00edticas P\u00fablicas\" width=\"270\" height=\"200\"  \/><\/a><\/p>\n\t\t\t<\/div>\n\n\t\t\n\t\t<div class=\"blog-content wf-td\">\n\t\t\t<h3 class=\"entry-title\"><a href=\"https:\/\/caumas.org\/revista\/politicas-publicas-sobre-envejecimiento-activo\/\" title=\"Pol\u00edticas P\u00fablicas sobre el Envejecimiento Activo\" rel=\"bookmark\">Pol\u00edticas P\u00fablicas sobre el Envejecimiento Activo<\/a><\/h3>\n\n\t\t\t\n\t\t<\/div>\n\n\t<\/article>\n\n\n\n\t<article class=\"post post-1679 type-post status-publish format-standard has-post-thumbnail hentry category-colaboraciones-dic-2015 category-colaboraciones tag-abril-2015 category-40 category-58 description-off\">\n\n\t\t\n\t\t\t<div class=\"blog-media wf-td\">\n\n\t\t\t\t<p><a href=\"https:\/\/caumas.org\/revista\/pasado-presente-y-futuro-de-los-programas-universitarios-para-mayores\/\" class=\"alignnone rollover layzr-bg\" ><img loading=\"lazy\" decoding=\"async\" class=\"preload-me lazy-load\" src=\"data:image\/svg+xml,%3Csvg%20xmlns%3D&#39;http%3A%2F%2Fwww.w3.org%2F2000%2Fsvg&#39;%20viewBox%3D&#39;0%200%20270%20200&#39;%2F%3E\" data-src=\"https:\/\/caumas.org\/revista\/wp-content\/uploads\/2015\/12\/Imagen-destacada-Adoraci\u00f3n-Holgado-270x200.png\" data-srcset=\"https:\/\/caumas.org\/revista\/wp-content\/uploads\/2015\/12\/Imagen-destacada-Adoraci\u00f3n-Holgado-270x200.png 270w, https:\/\/caumas.org\/revista\/wp-content\/uploads\/2015\/12\/Imagen-destacada-Adoraci\u00f3n-Holgado-449x333.png 449w\" alt=\"\" title=\"Imagen destacada &#8211; Adoraci\u00f3n Holgado\" width=\"270\" height=\"200\"  \/><\/a><\/p>\n\t\t\t<\/div>\n\n\t\t\n\t\t<div class=\"blog-content wf-td\">\n\t\t\t<h3 class=\"entry-title\"><a href=\"https:\/\/caumas.org\/revista\/pasado-presente-y-futuro-de-los-programas-universitarios-para-mayores\/\" title=\"Pasado, Presente y Futuro de los Programas Universitarios para Mayores\" rel=\"bookmark\">Pasado, Presente y Futuro de los Programas Universitarios para Mayores<\/a><\/h3>\n\n\t\t\t\n\t\t<\/div>\n\n\t<\/article>\n\n\n\n\t<article class=\"post post-1697 type-post status-publish format-standard has-post-thumbnail hentry category-noticias-dic-2015 category-noticias category-44 category-59 description-off\">\n\n\t\t\n\t\t\t<div class=\"blog-media wf-td\">\n\n\t\t\t\t<p><a href=\"https:\/\/caumas.org\/revista\/xiv-jornadas-internacionales-sobre-programas-universitarios-seniors\/\" class=\"alignnone rollover layzr-bg\" ><img loading=\"lazy\" decoding=\"async\" class=\"preload-me lazy-load\" src=\"data:image\/svg+xml,%3Csvg%20xmlns%3D&#39;http%3A%2F%2Fwww.w3.org%2F2000%2Fsvg&#39;%20viewBox%3D&#39;0%200%20270%20200&#39;%2F%3E\" data-src=\"https:\/\/caumas.org\/revista\/wp-content\/uploads\/2015\/12\/Imagen-destacada-Jornadas-01-270x200.png\" data-srcset=\"https:\/\/caumas.org\/revista\/wp-content\/uploads\/2015\/12\/Imagen-destacada-Jornadas-01-270x200.png 270w, https:\/\/caumas.org\/revista\/wp-content\/uploads\/2015\/12\/Imagen-destacada-Jornadas-01-449x333.png 449w\" alt=\"\" title=\"Imagen destacada &#8211; Jornadas 01\" width=\"270\" height=\"200\"  \/><\/a><\/p>\n\t\t\t<\/div>\n\n\t\t\n\t\t<div class=\"blog-content wf-td\">\n\t\t\t<h3 class=\"entry-title\"><a href=\"https:\/\/caumas.org\/revista\/xiv-jornadas-internacionales-sobre-programas-universitarios-seniors\/\" title=\"XIV Jornadas Internacionales sobre Programas Univesitarios S\u00e9niors\" rel=\"bookmark\">XIV Jornadas Internacionales sobre Programas Univesitarios S\u00e9niors<\/a><\/h3>\n\n\t\t\t\n\t\t<\/div>\n\n\t<\/article>\n\n<\/div><div class=\"gap\" style=\"line-height: 15px; height: 15px;\"><\/div><section class=\"shortcode-teaser frame-fancy frame-on\"><div class=\"layzr-bg shortcode-teaser-img\"><img loading=\"lazy\" decoding=\"async\" class=\"lazy-load\" src=\"data:image\/svg+xml;charset=utf-8,%3Csvg xmlns%3D&#039;http%3A%2F%2Fwww.w3.org%2F2000%2Fsvg&#039; viewBox%3D&#039;0 0 300 100&#039;%2F%3E\" width=\"300\" height=\"100\" data-srcset=\"https:\/\/caumas.org\/revista\/wp-content\/uploads\/2015\/08\/Revistas.png 300w\" data-src=\"https:\/\/caumas.org\/revista\/wp-content\/uploads\/2015\/08\/Revistas.png\" \/><\/div><div class=\"shortcode-teaser-content text-big\"><p>Suscr\u00edbete a la revista y te avisaremos cuando tengamos novedades.<\/p>\n<p>[mc4wp_form]<\/p>\n<\/div><\/section><div class=\"gap\" style=\"line-height: 15px; height: 15px;\"><\/div><section class=\"shortcode-teaser frame-fancy frame-on\"><div class=\"shortcode-teaser-img\"><a class=\"layzr-bg rollover\" href=\"http:\/\/agoraseniors.com\/tecnologia\/\" target=\"_blank\"><img loading=\"lazy\" decoding=\"async\" class=\"lazy-load\" src=\"data:image\/svg+xml;charset=utf-8,%3Csvg xmlns%3D&#039;http%3A%2F%2Fwww.w3.org%2F2000%2Fsvg&#039; viewBox%3D&#039;0 0 440 346&#039;%2F%3E\" width=\"440\" height=\"346\" data-srcset=\"https:\/\/caumas.org\/revista\/wp-content\/uploads\/2015\/12\/Anuncio-\u00c1gora-Tcnologia.png 440w\" data-src=\"https:\/\/caumas.org\/revista\/wp-content\/uploads\/2015\/12\/Anuncio-\u00c1gora-Tcnologia.png\" \/><\/a><\/div><div class=\"shortcode-teaser-content text-big\"><p style=\"text-align: center;\"><strong>\u00c1gora S\u00e9niors Tecnolog\u00eda<\/strong><\/p>\n<\/div><\/section><div class=\"gap\" style=\"line-height: 15px; height: 15px;\"><\/div><section class=\"shortcode-teaser frame-fancy frame-on\"><div class=\"shortcode-teaser-img\"><a class=\"layzr-bg rollover\" href=\"http:\/\/caumas.org\/biblioteca\/\" target=\"_blank\"><img loading=\"lazy\" decoding=\"async\" class=\"lazy-load\" src=\"data:image\/svg+xml;charset=utf-8,%3Csvg xmlns%3D&#039;http%3A%2F%2Fwww.w3.org%2F2000%2Fsvg&#039; viewBox%3D&#039;0 0 500 476&#039;%2F%3E\" width=\"500\" height=\"476\" data-srcset=\"https:\/\/caumas.org\/revista\/wp-content\/uploads\/2015\/03\/banner-biblioteca.png 500w\" data-src=\"https:\/\/caumas.org\/revista\/wp-content\/uploads\/2015\/03\/banner-biblioteca.png\" \/><\/a><\/div><div class=\"shortcode-teaser-content text-big\"><p style=\"text-align: center;\"><strong>ENTRA AHORA EN LA BIBLIOTECA DE CAUMAS<\/strong><\/p>\n<\/div><\/section><div class=\"gap\" style=\"line-height: 15px; height: 15px;\"><\/div><section class=\"shortcode-teaser frame-fancy frame-on fadeIn animate-element\"><div class=\"shortcode-teaser-img\"><a class=\"layzr-bg rollover\" href=\"http:\/\/canalsenior.es\/caumas\" target=\"_blank\"><img loading=\"lazy\" decoding=\"async\" class=\"lazy-load\" src=\"data:image\/svg+xml;charset=utf-8,%3Csvg xmlns%3D&#039;http%3A%2F%2Fwww.w3.org%2F2000%2Fsvg&#039; viewBox%3D&#039;0 0 500 458&#039;%2F%3E\" width=\"500\" height=\"458\" data-srcset=\"https:\/\/caumas.org\/revista\/wp-content\/uploads\/2015\/03\/Banner-Canal-Senior.png 500w\" data-src=\"https:\/\/caumas.org\/revista\/wp-content\/uploads\/2015\/03\/Banner-Canal-Senior.png\" \/><\/a><\/div><div class=\"shortcode-teaser-content text-normal\"><p style=\"text-align: center;\"><strong>El valor del talento s\u00e9nior<\/strong><\/p>\n<\/div><\/section>[\/vc_column][\/vc_row]<\/p>\n","protected":false},"excerpt":{"rendered":"<p>[vc_row][vc_column width=&#8221;3\/4&#8243;][vc_row_inner][vc_column_inner width=&#8221;2\/3&#8243;][vc_column_text] Editorial [\/vc_column_text][vc_column_text css_animation=&#8221;fadeIn&#8221;] En fechas previas a las entra\u00f1ables fiestas navide\u00f1as, nos invade el \u00e1nimo, como sin sentir, una alegr\u00eda y regocijo interior que traducimos en amistoso lenguaje de felicitaci\u00f3n y en el gesto social de los parabienes y buenos deseos para todos los que de forma m\u00e1s cercana o distante, forman&hellip;<\/p>\n","protected":false},"author":1,"featured_media":9709,"comment_status":"closed","ping_status":"closed","sticky":false,"template":"","format":"standard","meta":{"footnotes":""},"categories":[295],"tags":[],"class_list":["post-1851","post","type-post","status-publish","format-standard","has-post-thumbnail","hentry","category-1-revistas-anteriores","category-295","description-off"],"_links":{"self":[{"href":"https:\/\/caumas.org\/revista\/wp-json\/wp\/v2\/posts\/1851","targetHints":{"allow":["GET"]}}],"collection":[{"href":"https:\/\/caumas.org\/revista\/wp-json\/wp\/v2\/posts"}],"about":[{"href":"https:\/\/caumas.org\/revista\/wp-json\/wp\/v2\/types\/post"}],"author":[{"embeddable":true,"href":"https:\/\/caumas.org\/revista\/wp-json\/wp\/v2\/users\/1"}],"replies":[{"embeddable":true,"href":"https:\/\/caumas.org\/revista\/wp-json\/wp\/v2\/comments?post=1851"}],"version-history":[{"count":10,"href":"https:\/\/caumas.org\/revista\/wp-json\/wp\/v2\/posts\/1851\/revisions"}],"predecessor-version":[{"id":1903,"href":"https:\/\/caumas.org\/revista\/wp-json\/wp\/v2\/posts\/1851\/revisions\/1903"}],"wp:featuredmedia":[{"embeddable":true,"href":"https:\/\/caumas.org\/revista\/wp-json\/wp\/v2\/media\/9709"}],"wp:attachment":[{"href":"https:\/\/caumas.org\/revista\/wp-json\/wp\/v2\/media?parent=1851"}],"wp:term":[{"taxonomy":"category","embeddable":true,"href":"https:\/\/caumas.org\/revista\/wp-json\/wp\/v2\/categories?post=1851"},{"taxonomy":"post_tag","embeddable":true,"href":"https:\/\/caumas.org\/revista\/wp-json\/wp\/v2\/tags?post=1851"}],"curies":[{"name":"wp","href":"https:\/\/api.w.org\/{rel}","templated":true}]}}