{"id":3074,"date":"2017-03-30T12:06:47","date_gmt":"2017-03-30T12:06:47","guid":{"rendered":"http:\/\/caumas.org\/revista\/?p=3074"},"modified":"2017-03-30T12:06:47","modified_gmt":"2017-03-30T12:06:47","slug":"las-energias-del-presente-y-del-futuro-%c2%b7-conferencia-impartida-por-d-mariano-esteban-pineiro","status":"publish","type":"post","link":"https:\/\/caumas.org\/revista\/las-energias-del-presente-y-del-futuro-%c2%b7-conferencia-impartida-por-d-mariano-esteban-pineiro\/","title":{"rendered":"Las energ\u00edas del presente y del &#8230; futuro \u00b7 Conferencia impartida por D. Mariano Esteban Pi\u00f1eiro"},"content":{"rendered":"<p>[vc_row][vc_column][vc_single_image image=&#8221;3075&#8243; img_size=&#8221;full&#8221; alignment=&#8221;center&#8221; css_animation=&#8221;fadeInDown&#8221;][\/vc_column][\/vc_row][vc_row][vc_column][vc_column_text]<\/p>\n<h2 style=\"text-align: center;\">Las energ\u00edas del presente y del &#8230; futuro<\/h2>\n<h4 style=\"text-align: center;\">Conferencia impartida por D. Mariano Esteban Pi\u00f1eiro<\/h4>\n<p>[\/vc_column_text][vc_empty_space height=&#8221;16&#8243;][vc_column_text]<\/p>\n<p style=\"text-align: justify;\"><em>Conferencia organizada por la Asociaci\u00f3n de Alumnos y Antiguos Alumnos del Programa Interuniversitario de la Experiencia de Valladolid y dentro del programa de actividades, que ha tenido lugar en el sal\u00f3n de actos del Centro C\u00edvico \u201cDon Juan de Austria\u201d de Valladolid:<\/em><\/p>\n<p style=\"text-align: justify;\">Impartida por D. Mariano Esteban Pi\u00f1eiro:<\/p>\n<ul style=\"text-align: justify;\">\n<li>Doctor en Ciencias F\u00edsicas y Licenciado en Derecho.<\/li>\n<li>Profesor jubilado del Dpto. de Matem\u00e1tica Aplicada (Facultad de Ciencias, Universidad de Valladolid).<\/li>\n<li>Investigador Principal o Adscrito en quince Proyectos de Investigaci\u00f3n sobre temas relacionados con la Historia de la Ciencia y la T\u00e9cnica.<\/li>\n<li>Autor\/coautor de ocho libros y m\u00e1s de un centenar de art\u00edculos sobre Historia de la Ciencia y de la T\u00e9cnica.<\/li>\n<\/ul>\n<p style=\"text-align: justify;\">En la actualidad:<\/p>\n<ul style=\"text-align: justify;\">\n<li>Colaborador Honor\u00edfico de la Universidad de Valladolid.<\/li>\n<li>Miembro del Grupo de Historia de la Ciencia y de la T\u00e9cnica del Instituto de Historia Simancas de la Universidad de Valladolid<\/li>\n<li>Miembro Extranjero de la Academia de Historia de Portugal.<\/li>\n<li>Miembro Correspondiente de la Academia da Marinha de Portugal, en la clase de Artes, Letras e Ciencias.<br \/>\nMiembro del Comit\u00e9 Asesor de la Revista Asklepios del CSIC<\/li>\n<\/ul>\n<p style=\"text-align: justify;\"><strong>Las energ\u00edas del presente<\/strong><br \/>\n<strong>y del\u2026futuro<\/strong><\/p>\n<p style=\"text-align: justify;\">El mundo desarrollado consume una ingente cantidad de energ\u00eda, y su supervivencia exige que ese consume est\u00e9 en continuo aumento.<\/p>\n<p style=\"text-align: justify;\">El an\u00e1lisis de las distintas fuentes de energ\u00eda, tanto en su empleo directo como para la generaci\u00f3n de energ\u00eda el\u00e9ctrica fue el objetivo de esta conferencia. Se mostr\u00f3 el papel predominante en el mundo y en la actualidad de las llamadas energ\u00edas no renovables, aunque se resalt\u00f3 la progresiva presencia de las energ\u00edas renovables y limpias, especialmente de la e\u00f3lica y la termo-solar.<\/p>\n<p style=\"text-align: justify;\">Se incidi\u00f3 en la dependencia energ\u00e9tica de Espa\u00f1a, que importa la pr\u00e1ctica totalidad del petr\u00f3leo y del gas que consume, y con el objetivo de paliarla se argument\u00f3 la necesidad de mantener la generaci\u00f3n hidr\u00e1ulica de energ\u00eda el\u00e9ctrica y de potenciar la creaci\u00f3n de parques e\u00f3licos, tanto en el litoral como en el interior, y de grandes plantas termo-solares. Se mostr\u00f3 tambi\u00e9n los graves perjuicios medioambientales causados por la combusti\u00f3n, especialmente del carb\u00f3n, del gas y de los derivados del petr\u00f3leo.<\/p>\n<p style=\"text-align: justify;\">Concluy\u00f3 la exposici\u00f3n con una explicaci\u00f3n de lo que supondr\u00eda para el mundo llegar a disponer de centrales nucleares de fusi\u00f3n nuclear para la generaci\u00f3n de electricidad que, sin crear ning\u00fan tipo de contaminaci\u00f3n, facilitar\u00eda toda la energ\u00eda el\u00e9ctrica necesaria a costes muy inferiores a los actuales.<\/p>\n<p style=\"text-align: right;\"><strong>Valladolid, 6 de marzo de 2017<\/strong><\/p>\n<p>[\/vc_column_text][vc_empty_space height=&#8221;16&#8243;][\/vc_column][\/vc_row]<\/p>\n","protected":false},"excerpt":{"rendered":"<p>[vc_row][vc_column][vc_single_image image=&#8221;3075&#8243; img_size=&#8221;full&#8221; alignment=&#8221;center&#8221; css_animation=&#8221;fadeInDown&#8221;][\/vc_column][\/vc_row][vc_row][vc_column][vc_column_text] Las energ\u00edas del presente y del &#8230; futuro Conferencia impartida por D. Mariano Esteban Pi\u00f1eiro [\/vc_column_text][vc_empty_space height=&#8221;16&#8243;][vc_column_text] Conferencia organizada por la Asociaci\u00f3n de Alumnos y Antiguos Alumnos del Programa Interuniversitario de la Experiencia de Valladolid y dentro del programa de actividades, que ha tenido lugar en el sal\u00f3n de actos&hellip;<\/p>\n","protected":false},"author":1,"featured_media":3076,"comment_status":"closed","ping_status":"closed","sticky":false,"template":"","format":"standard","meta":{"footnotes":""},"categories":[91,59],"tags":[92],"class_list":["post-3074","post","type-post","status-publish","format-standard","has-post-thumbnail","hentry","category-noticias-mar-2017","category-noticias","tag-noticias-mar-2017","category-91","category-59","description-off"],"_links":{"self":[{"href":"https:\/\/caumas.org\/revista\/wp-json\/wp\/v2\/posts\/3074","targetHints":{"allow":["GET"]}}],"collection":[{"href":"https:\/\/caumas.org\/revista\/wp-json\/wp\/v2\/posts"}],"about":[{"href":"https:\/\/caumas.org\/revista\/wp-json\/wp\/v2\/types\/post"}],"author":[{"embeddable":true,"href":"https:\/\/caumas.org\/revista\/wp-json\/wp\/v2\/users\/1"}],"replies":[{"embeddable":true,"href":"https:\/\/caumas.org\/revista\/wp-json\/wp\/v2\/comments?post=3074"}],"version-history":[{"count":1,"href":"https:\/\/caumas.org\/revista\/wp-json\/wp\/v2\/posts\/3074\/revisions"}],"predecessor-version":[{"id":3077,"href":"https:\/\/caumas.org\/revista\/wp-json\/wp\/v2\/posts\/3074\/revisions\/3077"}],"wp:featuredmedia":[{"embeddable":true,"href":"https:\/\/caumas.org\/revista\/wp-json\/wp\/v2\/media\/3076"}],"wp:attachment":[{"href":"https:\/\/caumas.org\/revista\/wp-json\/wp\/v2\/media?parent=3074"}],"wp:term":[{"taxonomy":"category","embeddable":true,"href":"https:\/\/caumas.org\/revista\/wp-json\/wp\/v2\/categories?post=3074"},{"taxonomy":"post_tag","embeddable":true,"href":"https:\/\/caumas.org\/revista\/wp-json\/wp\/v2\/tags?post=3074"}],"curies":[{"name":"wp","href":"https:\/\/api.w.org\/{rel}","templated":true}]}}