{"id":3121,"date":"2017-03-30T16:18:19","date_gmt":"2017-03-30T16:18:19","guid":{"rendered":"http:\/\/caumas.org\/revista\/?p=3121"},"modified":"2017-03-30T16:54:21","modified_gmt":"2017-03-30T16:54:21","slug":"proyectos-caumas","status":"publish","type":"post","link":"https:\/\/caumas.org\/revista\/proyectos-caumas\/","title":{"rendered":"Proyectos CAUMAS"},"content":{"rendered":"<p>[vc_row][vc_column][vc_single_image image=&#8221;3123&#8243; img_size=&#8221;full&#8221; alignment=&#8221;center&#8221; css_animation=&#8221;fadeInDown&#8221;][\/vc_column][\/vc_row][vc_row][vc_column][vc_empty_space height=&#8221;16&#8243;][vc_column_text]<\/p>\n<p style=\"text-align: justify;\">El colectivo senior, o de mayores, es el que tiene un mayor crecimiento y, con las posibilidades que aportan internet y las nuevas tecnolog\u00edas, tenemos delante una gran oportunidad para transformar la forma en la que tradicionalmente se vienen haciendo las cosas.<\/p>\n<p style=\"text-align: justify;\">La mayor parte de las organizaciones que los representan, manejan unas ofertas muy similares, centradas en charlas presenciales y en la organizaci\u00f3n de viajes.<\/p>\n<p style=\"text-align: justify;\">Los datos que tenemos es que tienen un gran inter\u00e9s por conocer y c\u00f3mo sacarle partido a la tecnolog\u00eda. Cada d\u00eda m\u00e1s gente usa un m\u00f3vil con internet o una tablet y es a trav\u00e9s de, c\u00f3mo usar bien esos dispositivos, c\u00f3mo podemos ayudarles.<\/p>\n<p style=\"text-align: justify;\">Ampliar su c\u00edrculo de amistades, mejorar sus conocimientos, sentirse \u00fatil para otros y para la sociedad, poder aportar valor a trav\u00e9s de su participaci\u00f3n\u2026 en fin, sentirse vivo, y esa es una forma de envejecer con calidad y retrasar algunos de los achaques propios de la edad por una mejor salud f\u00edsica, mental y espiritual.<\/p>\n<p style=\"text-align: justify;\">Todas aquellas iniciativas que se vengan desarrollando y sean bien percibidas, seguro que son relevantes y procede darles continuidad, lo que ahora tenemos que pensar es en c\u00f3mo podr\u00edamos mejorarlas o bien hacer algunas nuevas apoy\u00e1ndonos en nuevos formatos.<\/p>\n<p style=\"text-align: justify;\">Otro aspecto relevante es que debemos de pensar en problemas globales del entorno s\u00e9nior, y no solo de aquellos que puedan ser de la necesidad, o inter\u00e9s, de nuestras propias organizaciones. Hay muchos otros mayores con menos posibilidades y que requieren de nuestro tiempo, conocimiento, capacidad y saber hacer, y tenemos que ayudarles en la medida de nuestras posibilidades para hacer una sociedad m\u00e1s justa, participativa, igualitaria y feliz.<\/p>\n<p style=\"text-align: justify;\">A la hora de plantearnos la realizaci\u00f3n de un proyecto, tenemos que tener en cuenta una serie de cuestiones que es importante conocer para poder sacarle el m\u00e1ximo partido posible a nuestro tiempo, y no olvidarnos de detalles que pueden ser relevantes.<\/p>\n<p style=\"text-align: justify;\">En <strong>CAUMAS<\/strong> llevamos cinco a\u00f1os fomentando la realizaci\u00f3n de proyectos entorno al colectivo de los mayores, y le ha permitido incorporarse al mundo de las nuevas tecnolog\u00edas de la informaci\u00f3n, comunicaci\u00f3n y formaci\u00f3n, con el objetivo de ser reconocida como una organizaci\u00f3n utilizadora de las mismas para poner en Valor el Talento de los S\u00e9niors Universitarios de los Programas de Mayores de las Universidades Espa\u00f1olas.<\/p>\n<p style=\"text-align: justify;\">Caumas es conocedora de la importancia y relevancia que, para los mayores y <strong>sus organizaciones<\/strong>, tienen los avances tecnol\u00f3gicos que d\u00eda tras d\u00eda se van presentando.<\/p>\n<p style=\"text-align: justify;\">Muchos de estos avances tienen como principal objetivo ayudar a las personas a tener una vida mejor, con una menor dependencia, con una mayor facilidad para relacionarse con los dem\u00e1s y, en definitiva, con la posibilidad de disfrutar de un envejecimiento activo altamente satisfactorio.<\/p>\n<p style=\"text-align: justify;\">La modalidad presencial en la comunicaci\u00f3n y sobre todo en la formaci\u00f3n, com\u00fanmente utilizada y de gran valor, era utilizada de una forma limitada, con la consiguiente limitaci\u00f3n de alcance, debido a su coste, y esto supon\u00eda una barrera para acceder a nuevos conocimientos.<\/p>\n<p style=\"text-align: justify;\">Los nuevos servicios que hemos estado prestando, complementan la oferta presencial, y consiguen, que un n\u00famero muy relevante de mayores, puedan disfrutar de esos conocimientos que tanto ans\u00edan. Ciudadanos de peque\u00f1as poblaciones, habitantes de entornos rurales, personas con movilidad reducida\u2026 han pasado a poder disfrutar de algo casi imposible, o muy limitado, hasta la fecha, y todo en base a disponer de un ordenador, tableta o Smartphone, conectado a internet.<\/p>\n<p style=\"text-align: justify;\">La tecnolog\u00eda, quiz\u00e1s por ser lo menos conocido y utilizado por los mayores, aunque por contra ser algo cada vez m\u00e1s necesario en la vida personal, social y profesional de las personas, es la tem\u00e1tica m\u00e1s demandada, de ah\u00ed que se haya puesto foco en ella, intentando que los mayores se familiaricen con ella y sean capaces de manejarla en base a las necesidades que cada uno tenga.<br \/>\nLa r\u00e1pida aceptaci\u00f3n que las nuevas tecnolog\u00edas est\u00e1n teniendo por parte de este segmento de la sociedad, es una muestra clara del valor que para \u00e9l tiene y es por ello que CAUMAS no pod\u00eda estar ajena a este movimiento y es de gran importancia que asuma el papel protagonista que de ella se espera.<\/p>\n<p style=\"text-align: justify;\"><strong>CAUMAS<\/strong> no podr\u00eda haber conseguido este objetivo estrat\u00e9gico sin el <strong>Acuerdo<\/strong> firmado con su <strong>Secretaria T\u00e9cnica<\/strong> profesional y con su gran experiencia en la utilizaci\u00f3n de estas herramientas. El principal objetivo de este Acuerdo es posibilitar que CAUMAS y sus Organizaciones miembro tengan una participaci\u00f3n activa y garantizada en proyectos con base tecnol\u00f3gica. Los constantes y \u00e1giles cambios que se vienen produciendo en el mundo digital obligan a dedicar un tiempo, as\u00ed como a estar familiarizado con la terminolog\u00eda y los principales actores tecnol\u00f3gicos.\u00a0<div class=\"gap\" style=\"line-height: 20px; height: 20px;\"><\/div>\n<h3 style=\"text-align: justify;\">Desarrollos y actividades realizadas por Caumas y algunos miembros<div class=\"gap\" style=\"line-height: 20px; height: 20px;\"><\/div><\/h3>\n<p style=\"text-align: justify;\"><strong>Web corporativa de CAUMAS:<\/strong><\/p>\n<hr \/>\n<p style=\"text-align: justify; padding-left: 30px;\"><div class=\"gap\" style=\"line-height: 10px; height: 10px;\"><\/div>\n<p style=\"text-align: justify; padding-left: 30px;\">Fue la primera web corporativa que se desarroll\u00f3 utilizando la tecnolog\u00eda m\u00e1s puntera. <strong>www.caumas.org<\/strong> est\u00e1 en constante desarrollo y actualizaci\u00f3n, mejorando a trav\u00e9s del mantenimiento evolutivo y ampliando sus funcionalidades constantemente.<\/p>\n<p style=\"text-align: justify; padding-left: 30px;\">Resaltamos funcionalidades como la <strong>publicaci\u00f3n autom\u00e1tica de los comunicados<\/strong> que desde el correo del departamento de Caumas se env\u00edan a todos sus contactos, para que quede constancia y se tenga la posibilidad de consultar en cualquier momento con acceso a los documentos adjuntos enviados. \u201c<strong>COMUNICADOS<\/strong>\u201d.<\/p>\n<p style=\"text-align: justify; padding-left: 30px;\">Otro espacio de la web a resaltar son las <strong>SALIDAS DE FORMACI\u00d3N<\/strong>, situadas dentro del apartado de <strong>NOTICIAS<\/strong>. Aqu\u00ed encontramos la informaci\u00f3n que suben las propias asociaciones.<\/p>\n<p style=\"text-align: justify; padding-left: 30px;\">Est\u00e1n incorporados en la Web dos de los proyectos estrella de la Confederaci\u00f3n, la <strong>BIBLIOTECA<\/strong> y la <strong>REVISTA<\/strong> que por su especial relevancia e importancia para nuestro colectivo desarrollamos en un apartado espec\u00edfico, m\u00e1s adelante.<\/p>\n<p style=\"text-align: justify; padding-left: 30px;\">Desde la pesta\u00f1a de <strong>PROYECTOS<\/strong>, tendremos la posibilidad de participar en los distintos proyectos formativos y divulgativos que en estos momentos tiene la Confederaci\u00f3n en marcha, como son <strong>Canal S\u00e9nior, Universitarios S\u00e9nior<\/strong> y las actividades fomentadas por el <strong>Imserso<\/strong>.<\/p>\n<p style=\"text-align: justify; padding-left: 30px;\">Se incorpor\u00f3 en el men\u00fa de la web un acceso al <strong>desarrollo directo a un Modelo de Liderazgo<\/strong> dise\u00f1ado espec\u00edficamente para la Confederaci\u00f3n, sus Federaciones y Asociaciones.<\/p>\n<p style=\"text-align: justify; padding-left: 30px;\">Es un trabajo realizado con un enfoque inicial de trabajo del equipo de liderazgo, desde el aprendizaje a lo largo de toda la vida, el conocimiento y la experiencia, para poder identificar lo que estamos aportando a la sociedad (alumnos, exalumnos y organizaciones de CAUMAS), analizarlo y detectar nuevas \u00e1reas de actuaci\u00f3n:<\/p>\n<p style=\"padding-left: 90px;\">\u2022 \u00a0Analizar actuaciones realizadas.<br \/>\n\u2022 \u00a0Compartir experiencias positivas.<br \/>\n\u2022 \u00a0Definir un canal de comunicaci\u00f3n y visualizaci\u00f3n.<br \/>\n\u2022 \u00a0Pensar en actuaciones nuevas.<\/p>\n<p style=\"text-align: justify; padding-left: 30px;\">Para ayudar a analizar las actuaciones que cada uno de los l\u00edderes de las distintas Organizaciones realizan, se ha confeccionado una encuesta que se puede realizar desde la propia web de Caumas.<div class=\"gap\" style=\"line-height: 10px; height: 10px;\"><\/div>\n<p style=\"text-align: justify;\"><strong>BIBLIOTECA NACIONAL de CAUMAS:<\/strong><\/p>\n<hr \/>\n<p style=\"text-align: justify; padding-left: 30px;\">En breve, ser\u00e1 el mayor repositorio de trabajos realizados por los alumnos de los programas de mayores de todas las Universidades Espa\u00f1olas CAUMAS con esta biblioteca consigue una de sus estrategias, poner en Valor el Talento de los S\u00e9niors, y la incorporaci\u00f3n de una herramienta nueva, que permite a los S\u00e9niors hacer p\u00fablicos sus trabajos en la Biblioteca de la Experiencia, abierta para deleite y aprendizaje de todos los alumnos de las Universidades Europeas.<div class=\"gap\" style=\"line-height: 10px; height: 10px;\"><\/div>\n<p style=\"text-align: justify;\"><strong>REVISTA S\u00c9NIORS UNIVERSITARIOS<\/strong><\/p>\n<hr \/>\n<p style=\"text-align: justify; padding-left: 30px;\">La <strong>REVISTA S\u00c9NIORS UNIVERSITARIOS <\/strong>nace a nivel nacional con el objetivo de contribuir a enriquecer los programas, las iniciativas y las actividades de los universitarios s\u00e9niors.<\/p>\n<p style=\"text-align: justify; padding-left: 30px;\">En mayo de 2015 se publica el n\u00ba 11 de esta revista renovada y se lanza en sus dos formatos actuales versi\u00f3n Digital y la edici\u00f3n impresa dando la oportunidad de ser descargada desde la web directamente.<\/p>\n<p style=\"text-align: justify; padding-left: 30px;\"><a class=\"dt-single-image\" href=\"https:\/\/caumas.org\/revista\/wp-content\/uploads\/2017\/03\/0-Pryecto-CAUMAS-01.jpg\" data-dt-img-description=\"\"><img decoding=\"async\" class=\"size-medium wp-image-3132 aligncenter\" src=\"https:\/\/caumas.org\/revista\/wp-content\/uploads\/2017\/03\/0-Pryecto-CAUMAS-01-300x131.jpg\" alt=\"\" width=\"300\" height=\"131\" srcset=\"https:\/\/caumas.org\/revista\/wp-content\/uploads\/2017\/03\/0-Pryecto-CAUMAS-01-300x131.jpg 300w, https:\/\/caumas.org\/revista\/wp-content\/uploads\/2017\/03\/0-Pryecto-CAUMAS-01.jpg 685w\" sizes=\"(max-width: 300px) 100vw, 300px\" \/><\/a><\/p>\n<p style=\"text-align: justify; padding-left: 30px;\">Con una periodicidad trimestral, contamos con siete n\u00fameros de la revista de la nueva era con los siguientes apartados: Editoriales, Entrevistas, Art\u00edculos de Opini\u00f3n, Colaboraciones, Noticias y Cr\u00f3nicas de los Alumnos.<\/p>\n<p style=\"text-align: justify; padding-left: 30px;\">Esta revista en su versi\u00f3n impresa se reparte entre las Federaciones y Asociaciones de la Confederaci\u00f3n, as\u00ed como a distintas Entidades P\u00fablicas y Privadas con intereses en el colectivo de los S\u00e9niors.<div class=\"gap\" style=\"line-height: 10px; height: 10px;\"><\/div>\n<p style=\"text-align: justify;\"><strong>CANAL S\u00c9NIOR<\/strong><\/p>\n<hr \/>\n<p style=\"text-align: justify; padding-left: 30px;\">En el <strong>a\u00f1o 2014<\/strong> se desarrolla la plataforma de gesti\u00f3n del conocimiento de la Confederaci\u00f3n que se puede definir como la red nacional del conocimiento en temas de tecnolog\u00eda, ocio, hogar, salud, moda y belleza, deportes, alimentaci\u00f3n y econom\u00eda, orientada espec\u00edficamente al sector de los S\u00e9niors.<\/p>\n<p style=\"text-align: justify; padding-left: 30px;\">Los participantes a las distintas actividades obtienen multitud de beneficios al formar parte de esta red, como tener a su alcance, a trav\u00e9s de internet, conocimientos que impliquen una mayor cercan\u00eda con su entorno, evitar el aislamiento social y mejorar su calidad de vida y las claves del bienestar personal.<\/p>\n<p style=\"text-align: justify; padding-left: 30px;\">Las actividades se realizan en esta plataforma bajo <strong>dos modalidades<\/strong>, la <strong>retransmisi\u00f3n en directo<\/strong> de los distintos eventos que puede soportar, con la ventaja de poder interactuar los asistentes con los ponentes, simulando un aula presencial y por otro lado la visualizaci\u00f3n de las grabaciones de esas actividades a trav\u00e9s de la <strong>videoteca<\/strong>, para facilitar el acceso a los participantes en cualquier momento y tantas veces como se requiera. Para poder asistir a las actividades en directo, los interesados se encuentran un calendario donde est\u00e1n publicadas dichas actividades con la posibilidad de reservar plaza en cualquiera de ellas. Llegado el momento de la actividad tendr\u00e1n acceso a trav\u00e9s de su dispositivo con el requisito de tener conexi\u00f3n a internet.<\/p>\n<p style=\"text-align: justify; padding-left: 30px;\">El <strong>ponente<\/strong> puede localizarse en cualquier ubicaci\u00f3n, en su despacho y en un aula presencial con asistentes <strong>retransmiti\u00e9ndolo<\/strong> en directo a la red. Los asistentes tienen la posibilidad de conectarse y asistir a las actividades en su casa desde cualquier dispositivo, ordenador, tableta o smartphone o bien pueden asistir a las distintas aulas que est\u00e1n retransmitiendo las actividades sin perder la comunicaci\u00f3n e interactividad con el ponente.<\/p>\n<p style=\"text-align: justify; padding-left: 30px;\">Se realizan actividades de varios tipos como son: cursos en directo, conferencias y mesas redondas, entrevistas, retransmisiones de cualquier evento en directo, etc.<\/p>\n<p style=\"text-align: justify; padding-left: 30px;\">Actualmente contamos con m\u00e1s de <strong>150 actividades<\/strong> grabadas en la <strong>Videoteca<\/strong> donde su acceso se puede realizar por la elecci\u00f3n de las distintas tem\u00e1ticas de contenidos.<br \/>\nDesde la creaci\u00f3n de este portal, Caumas en colaboraci\u00f3n con otras organizaciones miembro, realiza al menos una actividad semanal en directo con una media de asistentes de casi 200 inscritos desde sus puestos inform\u00e1ticos. Este tipo de modalidades de impartici\u00f3n nos ha permitido tener cerca de 900 personas conectadas a una sesi\u00f3n desde su casa o bien desde los centros colaboradores de Caumas haciendo la retransmisi\u00f3n desde sus aulas.<div class=\"gap\" style=\"line-height: 10px; height: 10px;\"><\/div>\n<p style=\"text-align: justify;\"><strong>PROYECTO UNIVERSITARIOS S\u00c9NIORS<\/strong><\/p>\n<hr \/>\n<p style=\"text-align: justify; padding-left: 30px;\">Es un proyecto que comenz\u00f3 en el a\u00f1o <strong>2013<\/strong> con la ayuda y patrocinio de la <strong>Fundaci\u00f3n Vodafone Espa\u00f1a<\/strong> y que, a la finalizaci\u00f3n en este a\u00f1o, en sus 4 ediciones realizadas han participado 15.000 personas en las actividades.<br \/>\nEs un proyecto que se centra en la difusi\u00f3n y formaci\u00f3n de conocimientos en las nuevas tecnolog\u00edas de la informaci\u00f3n y las comunicaciones (TIC\u00b4s).<\/p>\n<p style=\"text-align: justify; padding-left: 30px;\">Este <strong>a\u00f1o 2016<\/strong>, se ha realizado un especial esfuerzo en el desarrollo del portal del proyecto, para facilitar el acceso de los mayores a los contenidos que propon\u00edamos y mejorar el posicionamiento SEO del portal y as\u00ed conseguir una cantidad relevante de nuevas visitas a los v\u00eddeos de la Fundaci\u00f3n Vodafone. <strong>Ocho<\/strong> son los contenidos que se han puesto a disposici\u00f3n de los S\u00e9niors y destacamos la gran aceptaci\u00f3n por parte de los participantes a las acciones formativas, tanto por los contenidos desarrollados como por la versatilidad de metodolog\u00edas realizadas, las cuales han permitido una facilidad de asistencia de las personas interesadas.<\/p>\n<p style=\"text-align: justify; padding-left: 30px;\">Se ha constatado que los mayores son personas con un alto inter\u00e9s por aprender y por poder beneficiarse de las ventajas que las nuevas tecnolog\u00edas, internet y los medios sociales ponen a su disposici\u00f3n.<\/p>\n<p style=\"text-align: justify; padding-left: 30px;\">Facilitarles metodolog\u00edas Presencial, Online y Onlive y por otro, suministrarles los conocimientos de una forma que los puedan entender y asimilar f\u00e1cilmente, para una posterior aplicaci\u00f3n, son las claves del \u00e9xito de este proyecto.<\/p>\n<p style=\"text-align: justify; padding-left: 30px;\">Los casi <strong>15.000 alumnos<\/strong> que han pasado por los contenidos de Universitarios S\u00e9nior, han calificado como sobresalientes los contenidos realizados a trav\u00e9s de las acciones formativas y nos han recomendado que ofrezcamos los contenidos con distintos grados de dificultad o de grado de aprendizaje. Esta cuesti\u00f3n la llevaremos a la propuesta para realizar en la pr\u00f3xima edici\u00f3n, manteniendo los cursos b\u00e1sicos y desarrollando los de nivel medio y alto.<\/p>\n<p style=\"text-align: justify; padding-left: 30px;\">Se ha realizado un especial esfuerzo para promover los visionados de los V\u00eddeos de la Fundaci\u00f3n Vodafone, que, aunque est\u00e1n publicados en el portal del proyecto, los v\u00eddeos est\u00e1n alojados en YouTube de la Fundaci\u00f3n. Por este motivo, hemos llevado mucho tr\u00e1fico, pero no en todas las ocasiones hemos tenido el registro de las personas que los han visualizado.<\/p>\n<p style=\"text-align: justify; padding-left: 30px;\"><strong>Los cursos que se han ofrecido este a\u00f1o en las distintas modalidades son los siguientes:<\/strong><\/p>\n<p style=\"padding-left: 60px;\">\u2022 \u00a0GOOGLE: Mejores trucos<br \/>\n\u2022 \u00a0Smartphones y tablets<br \/>\n\u2022 \u00a0Aplicaciones en movilidad<br \/>\n\u2022 \u00a0Descubrioendo Internet<br \/>\n\u2022 \u00a0De compras por la red<br \/>\n\u2022 \u00a0Coluntariado tecnol\u00f3gico: una necesidad<br \/>\n\u2022 \u00a0Internet: Tu agencia de viajes<br \/>\n\u2022 \u00a0Mi correo electr\u00f3nico. Mi relaci\u00f3n digital<\/p>\n<p style=\"text-align: justify; padding-left: 30px;\">Para la consecuci\u00f3n de los objetivos, ha sido de vital importancia que las acciones formativas que se han programado hayan sido de gran inter\u00e9s para los mayores participantes, que las modalidades de participaci\u00f3n se hayan adaptado a las distintas circunstancias zonales y personales de cada uno, que el profesorado seleccionado es de gran experiencia de relaci\u00f3n y comunicaci\u00f3n con este colectivo y que los participantes hayan tenido la oportunidad de aplicar los nuevos conocimientos para su consolidaci\u00f3n.<\/p>\n<p style=\"text-align: justify; padding-left: 30px;\">Las cifras alcanzadas de n\u00famero de alumnos que han pasado por los cursos estos a\u00f1os con los objetivos planteados son:<div class=\"gap\" style=\"line-height: 10px; height: 10px;\"><\/div>\n<p style=\"padding-left: 30px;\"><a class=\"dt-single-image\" href=\"https:\/\/caumas.org\/revista\/wp-content\/uploads\/2017\/03\/0-Pryecto-CAUMAS-02.jpg\" data-dt-img-description=\"\"><img fetchpriority=\"high\" decoding=\"async\" class=\"alignnone size-medium wp-image-3133 aligncenter\" src=\"https:\/\/caumas.org\/revista\/wp-content\/uploads\/2017\/03\/0-Pryecto-CAUMAS-02-300x243.jpg\" alt=\"\" width=\"300\" height=\"243\" srcset=\"https:\/\/caumas.org\/revista\/wp-content\/uploads\/2017\/03\/0-Pryecto-CAUMAS-02-300x243.jpg 300w, https:\/\/caumas.org\/revista\/wp-content\/uploads\/2017\/03\/0-Pryecto-CAUMAS-02.jpg 757w\" sizes=\"(max-width: 300px) 100vw, 300px\" \/><\/a><\/p>\n<p style=\"text-align: justify; padding-left: 30px;\"><div class=\"gap\" style=\"line-height: 10px; height: 10px;\"><\/div>En este gr\u00e1fico, incluimos los talleres-cursos realizados por cada una de las modalidades, as\u00ed como el n\u00famero de participantes en cada uno de ellos:<div class=\"gap\" style=\"line-height: 10px; height: 10px;\"><\/div>\n<p><strong><img decoding=\"async\" class=\"alignnone size-medium wp-image-3134 aligncenter\" src=\"https:\/\/caumas.org\/revista\/wp-content\/uploads\/2017\/03\/0-Pryecto-CAUMAS-03-300x109.jpg\" alt=\"\" width=\"300\" height=\"109\" srcset=\"https:\/\/caumas.org\/revista\/wp-content\/uploads\/2017\/03\/0-Pryecto-CAUMAS-03-300x109.jpg 300w, https:\/\/caumas.org\/revista\/wp-content\/uploads\/2017\/03\/0-Pryecto-CAUMAS-03.jpg 666w\" sizes=\"(max-width: 300px) 100vw, 300px\" \/><\/strong><div class=\"gap\" style=\"line-height: 10px; height: 10px;\"><\/div>\n<p style=\"text-align: center;\"><a class=\"dt-single-image\" href=\"https:\/\/caumas.org\/revista\/wp-content\/uploads\/2017\/03\/0-Pryecto-CAUMAS-04.jpg\" data-dt-img-description=\"\"><img loading=\"lazy\" decoding=\"async\" class=\"alignnone size-medium wp-image-3135\" src=\"https:\/\/caumas.org\/revista\/wp-content\/uploads\/2017\/03\/0-Pryecto-CAUMAS-04-300x289.jpg\" alt=\"\" width=\"300\" height=\"289\" srcset=\"https:\/\/caumas.org\/revista\/wp-content\/uploads\/2017\/03\/0-Pryecto-CAUMAS-04-300x289.jpg 300w, https:\/\/caumas.org\/revista\/wp-content\/uploads\/2017\/03\/0-Pryecto-CAUMAS-04.jpg 740w\" sizes=\"(max-width: 300px) 100vw, 300px\" \/><br \/>\n<\/a><div class=\"gap\" style=\"line-height: 10px; height: 10px;\"><\/div><br \/>\n<a class=\"dt-single-image\" href=\"https:\/\/caumas.org\/revista\/wp-content\/uploads\/2017\/03\/0-Pryecto-CAUMAS-05.jpg\" data-dt-img-description=\"\"><img loading=\"lazy\" decoding=\"async\" class=\"size-medium wp-image-3136 aligncenter\" src=\"https:\/\/caumas.org\/revista\/wp-content\/uploads\/2017\/03\/0-Pryecto-CAUMAS-05-300x275.jpg\" alt=\"\" width=\"300\" height=\"275\" srcset=\"https:\/\/caumas.org\/revista\/wp-content\/uploads\/2017\/03\/0-Pryecto-CAUMAS-05-300x275.jpg 300w, https:\/\/caumas.org\/revista\/wp-content\/uploads\/2017\/03\/0-Pryecto-CAUMAS-05.jpg 759w\" sizes=\"(max-width: 300px) 100vw, 300px\" \/><\/a><\/p>\n<p style=\"text-align: justify;\"><strong><div class=\"gap\" style=\"line-height: 10px; height: 10px;\"><\/div>PROYECTO ENVEJECIMIENTO ACTIVO DEL IMSERSO<\/strong><\/p>\n<hr \/>\n<p style=\"text-align: justify; padding-left: 30px;\">El Plan de Formaci\u00f3n para el Envejecimiento Activo, \u201cEl conocimiento como mejora de la calidad de vida\u201d que se ha realizado durante los a\u00f1os 2014 y 2015 financiado por el Imserso, ha supuesto un acercamiento a las nuevas tecnolog\u00edas como herramienta clave para acceder a la informaci\u00f3n y adquirir nuevos conocimientos de varias tem\u00e1ticas a los alumnos participantes.<\/p>\n<p style=\"text-align: justify; padding-left: 30px;\">El planteamiento llevado a cabo en este plan formativo se basa en las comprobaciones que estudios cient\u00edficos y de mercado en universidades espa\u00f1olas entre m\u00e1s de 45.000 participantes.<\/p>\n<p style=\"text-align: justify; padding-left: 30px;\">Estos estudios, obtuvieron como resultado que los mayores, son personas que tienen necesidad de adquirir nuevos conocimientos.<\/p>\n<p style=\"text-align: justify; padding-left: 30px;\">Para dar respuesta a esta necesidad surgi\u00f3 el plan formativo aqu\u00ed presentado. Intentando tambi\u00e9n que las actividades formativas del plan pudieran llegar al mayor n\u00famero de interesados, independientemente de su lugar de residencia y con el aporte de valor de la utilizaci\u00f3n de las nuevas tecnolog\u00edas e internet como base en el desarrollo del mismo; se ha optado por un formato online para su realizaci\u00f3n.<\/p>\n<p style=\"text-align: justify; padding-left: 30px;\">De este modo, las actividades realizadas han logrado llegar a personas, que por vivir alejados de las grandes ciudades en las que existe mucha oferta de formaci\u00f3n en modalidad presencial, no hubieran podido beneficiarse de estas actividades y que de otro modo no pod\u00edan haber participado en ellas.<\/p>\n<p style=\"text-align: justify; padding-left: 30px;\">En total, se ha logrado formar a m\u00e1s de 6.000 alumnos en los diferentes contenidos que se plantearon y participando de forma activa en las actividades llevadas a cabo.<\/p>\n<p style=\"text-align: justify;\"><strong>Actividades realizadas:<\/strong><\/p>\n<p style=\"text-align: justify; padding-left: 30px;\">Optimismo, Autoestima, Fotograf\u00eda digital, Tu CEREBRO siempre en forma con actividades para entrenar tu MEMORIA, C\u00f3mo combatir el estr\u00e9s, Tr\u00e1mites administrativos desde tu casa, Seguridad en internet, accede a tu banco desde internet, Mejora tu agilidad mental, la TV en tu Tablet, Vida despu\u00e9s del infarto, Cuida tu vista, Mejora tu calidad de vida quit\u00e1ndote esos kilos de m\u00e1s, el Testamento Vital, Haz tu declaraci\u00f3n de la renta por Internet, etc.<div class=\"gap\" style=\"line-height: 10px; height: 10px;\"><\/div>\n<p style=\"text-align: justify;\"><strong>PREMIOS SENDA \u2013 EULEN<\/strong><\/p>\n<hr \/>\n<p style=\"text-align: justify; padding-left: 30px;\">En Julio de 2015, en el Ministerio de Sanidad y presidido por la Reina Sof\u00eda, CAMUAS fue reconocida por el Jurado, y se le concedi\u00f3 el premio especial AULEN-SENDA 2015 al liderazgo de las personas mayores.<\/p>\n<p style=\"text-align: justify; padding-left: 30px;\"><strong>CAUMAS<\/strong>, fue reconocido con este <strong>Premio por difundir los Programas Universitarios para Mayores<\/strong> como herramienta eficaz y favorable para el envejecimiento activo de un sector de la poblaci\u00f3n que aumenta en n\u00famero, en esperanza de vida y en calidad de sus actividades.<\/p>\n<p style=\"text-align: justify; padding-left: 30px;\">El proyecto que se present\u00f3 defin\u00eda un planteamiento de organizaci\u00f3n de Caumas muy dirigida al liderazgo.<\/p>\n<p style=\"text-align: justify; padding-left: 30px;\">La Confederaci\u00f3n ve la necesidad de organizar t\u00e9cnicamente a todas sus entidades y trasladar sus beneficios a todos los s\u00e9niors participantes de los Programas Universitarios y en general a todo el colectivo.<\/p>\n<p style=\"text-align: justify; padding-left: 30px;\">Ya que no solo somos los que reconocemos el valor que los s\u00e9niors tienen por sus conocimientos y experiencias, tambi\u00e9n cada vez se reconoce en la propia sociedad potenciando la colaboraci\u00f3n intergeneracional.<\/p>\n<p style=\"text-align: justify; padding-left: 30px;\">A trav\u00e9s del conocimiento, llegaremos al Liderazgo.<\/p>\n<p style=\"text-align: justify; padding-left: 30px;\">Con este proyecto pretendemos crear los distintos caminos de comunicaci\u00f3n, relaci\u00f3n, formaci\u00f3n, opini\u00f3n, apoyo, etc. entre todos los s\u00e9niors y trasladar todo este valor que se ir\u00e1 generando a la propia sociedad para su uso y disfrute.<\/p>\n<p style=\"text-align: justify;\"><strong>Objetivos del proyecto:<\/strong><\/p>\n<p style=\"text-align: justify; padding-left: 30px;\">Los objetivos del proyecto los podemos clasificar bajo estas \u00e1reas de actuaci\u00f3n y de actividad:<\/p>\n<p style=\"padding-left: 60px;\">\u2022 \u00a0Potenciar el Liderazgo en los Mayores para que lleguen a ser agentes activos, part\u00edcipes y protagonistas del desarrollo social, cultural, econ\u00f3mico y cient\u00edfico de la sociedad en la que convive.<br \/>\n\u2022 \u00a0Difundir el conocimiento colectivo entre todos los integrantes del colectivo S\u00e9nior.<br \/>\n\u2022 \u00a0Crear una aut\u00e9ntica red de difusi\u00f3n y formaci\u00f3n entre todas las organizaciones miembro de la Confederaci\u00f3n.<br \/>\n\u2022 \u00a0Promover la comunicaci\u00f3n tanto interna como de cara a la Sociedad para que as\u00ed se pueda aprovechar el valor del conocimiento.<br \/>\n\u2022 \u00a0Utilizaci\u00f3n de las nuevas tecnolog\u00edas para potenciar la participaci\u00f3n del colectivo y facilitar el acceso a todas las personas, independientemente de su nivel cultural y zonas geogr\u00e1ficas que residen<br \/>\n\u2022 \u00a0Para conseguir todos estos objetivos expuestos se han desarrollado distintos canales de comunicaci\u00f3n, relaci\u00f3n y formaci\u00f3n desde la Confederaci\u00f3n y con la participaci\u00f3n activa de las Asociaciones y Federaciones miembro.<div class=\"gap\" style=\"line-height: 10px; height: 10px;\"><\/div>\n<p style=\"text-align: justify;\"><strong>PROYECTOS REALIZADOS PARA OTRAS FEDERACIONES Y ASOCIACIONES DE CAUMAS<\/strong><\/p>\n<hr \/>\n<p style=\"text-align: justify; padding-left: 30px;\">Con la ejecuci\u00f3n del proyecto Universitarios S\u00e9nior de Caumas en el a\u00f1o 2013 se comenz\u00f3 la colaboraci\u00f3n con otras Entidades pertenecientes a Caumas, desde su Secretar\u00eda T\u00e9cnica para poner en marcha la misma relaci\u00f3n de apoyo y asesoramiento en la b\u00fasqueda de proyectos y en consecuencia en la realizaci\u00f3n de actividades para el colectivo que representan estas organizaciones.<\/p>\n<p style=\"text-align: justify; padding-left: 30px;\"><strong>FEGAUS (Federaci\u00f3n Galega de Asociacions Universitarias S\u00e9nior)<\/strong><\/p>\n<p style=\"text-align: justify; padding-left: 60px;\">Se comenz\u00f3 con la renovaci\u00f3n y actualizaci\u00f3n de la <strong>web corporativa<\/strong> de la Federaci\u00f3n para as\u00ed conseguir tener los desarrollos de base y poder continuar con los desarrollos de nuevas plataformas que nos dieran la capacidad de poner en marcha proyectos similares realizados desde Caumas, pero con el enfoque a los alumnos s\u00e9niors gallegos y con el apoyo de las Instituciones Sociales de la Administraci\u00f3n Gallega, as\u00ed como de Entidades privadas.<\/p>\n<p style=\"text-align: justify; padding-left: 60px;\">Posteriormente continuamos con el desarrollo de la plataforma de gesti\u00f3n del conocimiento a trav\u00e9s de <strong>Canal S\u00e9nior<\/strong>, en este caso denominada <strong>\u00c1gora<\/strong>.<\/p>\n<p style=\"text-align: justify; padding-left: 60px;\">Por ser un proyecto compartido con la Confederaci\u00f3n, partimos con la ventaja de contar con los contenidos ya desarrollados, tanto de los m\u00e1s de 150 t\u00edtulos publicados en la videoteca, as\u00ed como de las sesiones emitidas en directo a trav\u00e9s de esta plataforma.<\/p>\n<p style=\"text-align: justify; padding-left: 60px;\">Se hizo una gran labor para la difusi\u00f3n de \u00c1gora a las 7 Asociaciones miembro de esta Federaci\u00f3n, haciendo una presentaci\u00f3n del proyecto en cada uno de los Campus Universitarios y sobre todo invit\u00e1ndoles a participar activamente en la difusi\u00f3n entre sus asociados de las actividades que se empezaban a realizar.<\/p>\n<p style=\"text-align: justify; padding-left: 60px;\">Unos de los aspectos importantes de estos proyectos, ya que dependen directamente del paraguas de la Confederaci\u00f3n, es que las actividades que se plantean desde cualquier asociaci\u00f3n miembro son compartidas para todos los Asociados de las distintas Organizaciones.<div class=\"gap\" style=\"line-height: 10px; height: 10px;\"><\/div>\n<p style=\"text-align: justify; padding-left: 60px;\"><strong>PROYECTO \u00c1GORA TECNOLOG\u00cdA<\/strong><\/p>\n<p style=\"text-align: justify; padding-left: 90px;\">Siguiendo los pasos recorridos por la Confederaci\u00f3n y sabiendo lo importante que son los conocimientos en las Nuevas Tecnolog\u00edas por parte de nuestro colectivo, comenzamos con un proyecto concreto de difusi\u00f3n y formaci\u00f3n para los alumnos de las Asociaciones y para los S\u00e9niors en general de Galicia.<\/p>\n<p style=\"text-align: justify; padding-left: 90px;\">Hemos terminado la segunda edici\u00f3n de este programa que est\u00e1 financiado por la Fundaci\u00f3n Vodafone Espa\u00f1a y que al t\u00e9rmino de las acciones en este a\u00f1o 2016, hemos conseguido formar a m\u00e1s de 6.000 personas.<\/p>\n<p style=\"text-align: justify; padding-left: 90px;\">Se dise\u00f1\u00f3 y desarrollo un portal espec\u00edfico del proyecto conectado a la Plataforma general para poder compartir los recursos formativos tambi\u00e9n.<\/p>\n<p style=\"text-align: justify; padding-left: 90px;\">Las cifras alcanzadas de n\u00famero de alumnos que han pasado por los cursos estos a\u00f1os con los objetivos planteados son:<div class=\"gap\" style=\"line-height: 10px; height: 10px;\"><\/div>\n<p style=\"padding-left: 90px;\"><a class=\"dt-single-image\" href=\"https:\/\/caumas.org\/revista\/wp-content\/uploads\/2017\/03\/0-Pryecto-CAUMAS-06.jpg\" data-dt-img-description=\"\"><img loading=\"lazy\" decoding=\"async\" class=\"size-medium wp-image-3137 aligncenter\" src=\"https:\/\/caumas.org\/revista\/wp-content\/uploads\/2017\/03\/0-Pryecto-CAUMAS-06-300x173.jpg\" alt=\"\" width=\"300\" height=\"173\" srcset=\"https:\/\/caumas.org\/revista\/wp-content\/uploads\/2017\/03\/0-Pryecto-CAUMAS-06-300x173.jpg 300w, https:\/\/caumas.org\/revista\/wp-content\/uploads\/2017\/03\/0-Pryecto-CAUMAS-06.jpg 723w\" sizes=\"(max-width: 300px) 100vw, 300px\" \/><\/a><\/p>\n<p style=\"padding-left: 90px;\"><div class=\"gap\" style=\"line-height: 10px; height: 10px;\"><\/div>En este gr\u00e1fico, incluimos los talleres-cursos realizados por cada una de las modalidades, as\u00ed como el n\u00famero de participantes en cada uno de ellos:<div class=\"gap\" style=\"line-height: 10px; height: 10px;\"><\/div>\n<p style=\"padding-left: 60px;\"><strong><a class=\"dt-single-image\" href=\"https:\/\/caumas.org\/revista\/wp-content\/uploads\/2017\/03\/0-Pryecto-CAUMAS-07.jpg\" data-dt-img-description=\"\"><img loading=\"lazy\" decoding=\"async\" class=\"size-medium wp-image-3138 aligncenter\" src=\"https:\/\/caumas.org\/revista\/wp-content\/uploads\/2017\/03\/0-Pryecto-CAUMAS-07-300x103.jpg\" alt=\"\" width=\"300\" height=\"103\" srcset=\"https:\/\/caumas.org\/revista\/wp-content\/uploads\/2017\/03\/0-Pryecto-CAUMAS-07-300x103.jpg 300w, https:\/\/caumas.org\/revista\/wp-content\/uploads\/2017\/03\/0-Pryecto-CAUMAS-07.jpg 722w\" sizes=\"(max-width: 300px) 100vw, 300px\" \/><\/a><\/strong><\/p>\n<p style=\"padding-left: 60px;\"><strong><div class=\"gap\" style=\"line-height: 10px; height: 10px;\"><\/div>ACUERDOS DE COLABORACI\u00d3N DE FEGAUS<\/strong><\/p>\n<p style=\"text-align: justify; padding-left: 90px;\">FEGAUS este a\u00f1o ha hecho un gran esfuerzo para contactar con Organizaciones de peso e importantes en Galicia en este entorno, los cuales se detallan a continuaci\u00f3n:<\/p>\n<p style=\"padding-left: 90px;\">Centros <strong>CeMIT<\/strong>. Cuentan con 98 centros repartidos por la geograf\u00eda gallega los cuales se conectan a las sesiones que realizamos, convocando a sus usuarios de otro tipo de contenidos. Los centros CeMIT cuentan con de 200.000 usuarios al a\u00f1o en sus actividades<\/p>\n<p style=\"padding-left: 90px;\"><strong>COGAVE<\/strong>, Confederaci\u00f3n Gallega de Asociaciones Vecinales. Esta organizaci\u00f3n cuenta con m\u00e1s de 400.000 asociados y en el a\u00f1o 2015 concedi\u00f3 el Premio Especial por la labor de difusi\u00f3n de la cultura , formaci\u00f3n, informaci\u00f3n y comunicaci\u00f3n a trav\u00e9s de su plataforma digital y por difundir, promover y formar en el uso de las TICs a FEGAUS. Este a\u00f1o se ha firmado un convenio de colaboraci\u00f3n para que esta entidad colabor\u00e9 en el proyecto \u00c1gora Tecnolog\u00eda a trav\u00e9s de sus Federaciones y Asociaciones.<\/p>\n<p style=\"padding-left: 90px;\"><strong>COGAMA,<\/strong> Confederaci\u00f3n Gallega de Mayores que re\u00fane a m\u00e1s de 150.000 asociados en Galicia, firmar\u00e1 un convenio de colaboraci\u00f3n con FEGAUS para participar en las distintas actividades de los proyectos de difusi\u00f3n del conocimiento para los mayores de FEGAUS<\/p>\n<p style=\"padding-left: 90px;\"><strong>Otros convenios de inter\u00e9s:<\/strong> Afundaci\u00f3n, Fundaci\u00f3n Vodafone Espa\u00f1a, C\u00edrculo de Empresarios de Galicia, etc.<div class=\"gap\" style=\"line-height: 10px; height: 10px;\"><\/div>\n<p style=\"text-align: justify; padding-left: 60px;\"><strong>PROYECTOS PRESENTADOS POR FEGAUS<\/strong><\/p>\n<p style=\"text-align: justify; padding-left: 90px;\">FEGAUS este a\u00f1o ha presentado distintos proyectos a determinadas Entidades con el fin de ir ampliando los conocimiento y contenidos que se quieren ofrecer a los Gallegos mayores. Alg\u00fan ejemplo de estos proyectos presentados son:<div class=\"gap\" style=\"line-height: 10px; height: 10px;\"><\/div>\n<p style=\"text-align: justify; padding-left: 60px;\"><strong>PROYECTO \u00c1GORA FINANZAS<\/strong><\/p>\n<p style=\"text-align: justify; padding-left: 90px;\">El aumento de la esperanza de vida unido a la inestabilidad del mundo laboral y la falta de planificaci\u00f3n de los ciudadanos en relaci\u00f3n al momento de su jubilaci\u00f3n, as\u00ed como la importancia de los seguros en la protecci\u00f3n contra el riesgo, pensamos que es necesario incentivar la cultura en el \u00e1mbito de las finanzas para los S\u00e9niors.<\/p>\n<p style=\"text-align: justify; padding-left: 90px;\">Los contenidos a tratar en este proyecto, que ser\u00e1n impartidos por grandes profesionales de estas tem\u00e1ticas son:<\/p>\n<p style=\"padding-left: 120px;\">\u2022 \u00a0Uso efectivo de la BANCA ONLINE.<br \/>\n\u2022 \u00a0APP\u00b4s que ayudan al llevar un control de tu econom\u00eda<br \/>\n\u2022 \u00a0Educaci\u00f3n Financiera para S\u00e9niors<br \/>\n\u2022 \u00a0Productos Financieros<br \/>\n\u2022 \u00a0C\u00f3mo invertir nuestros ahorros<br \/>\n\u2022 \u00a0Protecci\u00f3n del S\u00e9nior en las finanzas e inversiones<br \/>\n\u2022 \u00a0Planificaci\u00f3n Efectiva de la Jubilaci\u00f3n<br \/>\n\u2022 \u00a0La importancia de los Seguros en la protecci\u00f3n de los riesgos<div class=\"gap\" style=\"line-height: 10px; height: 10px;\"><\/div>\n<p style=\"text-align: justify;\"><strong>PROYECTO CANAL S\u00c9NIOR GALLEGOS: GALLEGOS DEL MUNDO<\/strong><\/p>\n<p style=\"text-align: justify; padding-left: 30px;\">Gracias al esfuerzo de comunicaci\u00f3n que desde la Federaci\u00f3n y desde la Secretar\u00eda T\u00e9cnica, \u00c1gora est\u00e1 convirti\u00e9ndose en un referente en Galicia como proyecto de difusi\u00f3n del conocimiento S\u00e9nior.<\/p>\n<p style=\"text-align: justify; padding-left: 30px;\">FEGAUS durante este a\u00f1o 2016 ha sido reconocido por la Xunta de Galicia como Aliado Digital Preferente, dentro del Plan de Inclusi\u00f3n Digital de Galicia desarrollado por la Agencia para la Modernizaci\u00f3n Tecnol\u00f3gica de Galicia (AMTEGA)<\/p>\n<p style=\"text-align: justify; padding-left: 30px;\">Por estos motivos, la <strong>Xunta de Galicia<\/strong> a trav\u00e9s de la <strong>Conseller\u00eda de Pol\u00edtica Social y la Secretar\u00eda Xeral de Emigraci\u00f3n<\/strong> vieron muy interesante poder llevar los contenidos que se realizan en Fegaus a los cientos de <strong>Centros Gallegos repartidos por todos el mundo<\/strong>.<\/p>\n<p style=\"text-align: justify; padding-left: 30px;\">Proyectos de este tipo es posible su realizaci\u00f3n por la tecnolog\u00eda que utilizamos en nuestros portales, donde permite que estando en cualquier lugar los ponentes lleguen sus cursos a todos los asistentes del mundo, tanto los conectados en sus casas como en los Centros Gallegos repartidos por los cinco continentes.<\/p>\n<p style=\"text-align: justify; padding-left: 30px;\">Se comenzar\u00e1n las actividades a emitir en directo a trav\u00e9s de Internet en distintos horarios para hacer accesible a todos los participantes repartidos por toda la geograf\u00eda del mundo y se grabar\u00e1n esas actividades para publicarlas en la videoteca y as\u00ed tener mayor alcance e impacto este proyecto.<\/p>\n<p style=\"text-align: justify; padding-left: 30px;\">Este primer convenio de colaboraci\u00f3n con la Xunta para llevar a cabo este proyecto de tanto alcance, se centrar\u00e1 en 20 centros gallegos repartidos fundamentalmente en los continentes Americano y europeo. Se impartir\u00e1n <strong>36 actividades<\/strong> en directo, con sus grabaciones correspondientes, con distintas tem\u00e1ticas recogidas en 8 \u00e1reas de inter\u00e9s.<\/p>\n<p style=\"text-align: justify; padding-left: 30px;\">Sirva como ejemplo de actividades, las siguientes:<\/p>\n<p style=\"padding-left: 60px;\">\u2022 \u00a0Tr\u00e1mites con la Administraci\u00f3n<br \/>\n\u2022 \u00a0Historia de Galicia<br \/>\n\u2022 \u00a0Integraci\u00f3n europea<br \/>\n\u2022 \u00a0Introducci\u00f3n al idioma Gallego<br \/>\n\u2022 \u00a0Difusi\u00f3n de los Programas de Universitarios de Mayores<div class=\"gap\" style=\"line-height: 10px; height: 10px;\"><\/div>\n<p style=\"text-align: justify;\"><strong>MOOC de envejecimiento positivo con la ayuda de la tecnolog\u00eda (Curso Online Abierto y Masivo)<\/strong><\/p>\n<p style=\"text-align: justify; padding-left: 30px;\">Se ha presentado ante la Agencia para la Modernizaci\u00f3n Tecnol\u00f3gica de Galicia (AMTEGA), adscrita a la Consejer\u00eda de la Presidencia de la Xunta de Galicia, la propuesta de desarrollo de contenidos audiovisuales interactivos sobre el uso de la tecnolog\u00eda para favorecer un envejecimiento m\u00e1s activo y positivo.<br \/>\nEste curso, con una duraci\u00f3n de 30 horas lectivas, se basa en metodolog\u00edas activas que promueven la relaci\u00f3n e interacci\u00f3n entre los propios participantes, generando de esta forma un ambiente propicio para un aprendizaje colaborativo.<\/p>\n<p style=\"text-align: justify; padding-left: 30px;\">Uno de los objetivos principales de este curso online masivo es que se convierta en un punto de encuentro entre todos los participantes en el mismo, dotando a los participantes de los conocimientos y experiencia necesaria en el uso y aplicaci\u00f3n de las tecnolog\u00edas como para que las acepten como un aliado en su vida diaria, a port\u00e1ndoles de esa forma las destrezas necesaria para mantener el proceso de autoaprendizaje que require el uso de las nuevas tecnolog\u00edas y la base tecnol\u00f3gica suficiente como para que puedan afrontar nuevos retos que se propongan sin miedo al uso de la tecnolog\u00eda que, normalmente, los acompa\u00f1an.<div class=\"gap\" style=\"line-height: 10px; height: 10px;\"><\/div>\n<p style=\"text-align: justify;\"><strong>MOOC de Administraci\u00f3n Electr\u00f3nica que las Administraciones P\u00fablicas ofrecen (Curso Online Abierto y Masivo)<\/strong><\/p>\n<p style=\"text-align: justify; padding-left: 30px;\">Asimismo, y basado en la misma l\u00ednea metodol\u00f3gica (MOOC), se ha propuesto la elaboraci\u00f3n de un segundo itinerario formativo sobre el uso y aplicaci\u00f3n de los nuevos servicios de Administraci\u00f3n Electr\u00f3nica que las Administraciones P\u00fablicas ofrecen.<\/p>\n<p style=\"text-align: justify; padding-left: 30px;\">El acceso a estos procedimientos administrativos electr\u00f3nicos avanzan de forma inexorable y hace necesario dotar a los ciudadanos de los conocimientos y competencias tecnol\u00f3gicas necesarias para que, en primer lugar entiendan los servicios que actualmente las Administraciones P\u00fablicas les ofrecen \u201cen l\u00ednea\u201d y los beneficios que su uso les pueden proporcionar de forma que, en segunda instancia pero acompasada en el tiempo, puedan disfrutar de los mismo de forma habitual y segura, integrando su uso de forma natural e intensiva en su relaci\u00f3n con entidades tanto p\u00fablicas como privadas.<\/p>\n<p>[\/vc_column_text][vc_empty_space height=&#8221;16&#8243;][\/vc_column][\/vc_row]<\/p>\n","protected":false},"excerpt":{"rendered":"<p>[vc_row][vc_column][vc_single_image image=&#8221;3123&#8243; img_size=&#8221;full&#8221; alignment=&#8221;center&#8221; css_animation=&#8221;fadeInDown&#8221;][\/vc_column][\/vc_row][vc_row][vc_column][vc_empty_space height=&#8221;16&#8243;][vc_column_text] El colectivo senior, o de mayores, es el que tiene un mayor crecimiento y, con las posibilidades que aportan internet y las nuevas tecnolog\u00edas, tenemos delante una gran oportunidad para transformar la forma en la que tradicionalmente se vienen haciendo las cosas. La mayor parte de las organizaciones que&hellip;<\/p>\n","protected":false},"author":1,"featured_media":3122,"comment_status":"closed","ping_status":"closed","sticky":false,"template":"","format":"standard","meta":{"footnotes":""},"categories":[91,59],"tags":[92],"class_list":["post-3121","post","type-post","status-publish","format-standard","has-post-thumbnail","hentry","category-noticias-mar-2017","category-noticias","tag-noticias-mar-2017","category-91","category-59","description-off"],"_links":{"self":[{"href":"https:\/\/caumas.org\/revista\/wp-json\/wp\/v2\/posts\/3121","targetHints":{"allow":["GET"]}}],"collection":[{"href":"https:\/\/caumas.org\/revista\/wp-json\/wp\/v2\/posts"}],"about":[{"href":"https:\/\/caumas.org\/revista\/wp-json\/wp\/v2\/types\/post"}],"author":[{"embeddable":true,"href":"https:\/\/caumas.org\/revista\/wp-json\/wp\/v2\/users\/1"}],"replies":[{"embeddable":true,"href":"https:\/\/caumas.org\/revista\/wp-json\/wp\/v2\/comments?post=3121"}],"version-history":[{"count":12,"href":"https:\/\/caumas.org\/revista\/wp-json\/wp\/v2\/posts\/3121\/revisions"}],"predecessor-version":[{"id":3142,"href":"https:\/\/caumas.org\/revista\/wp-json\/wp\/v2\/posts\/3121\/revisions\/3142"}],"wp:featuredmedia":[{"embeddable":true,"href":"https:\/\/caumas.org\/revista\/wp-json\/wp\/v2\/media\/3122"}],"wp:attachment":[{"href":"https:\/\/caumas.org\/revista\/wp-json\/wp\/v2\/media?parent=3121"}],"wp:term":[{"taxonomy":"category","embeddable":true,"href":"https:\/\/caumas.org\/revista\/wp-json\/wp\/v2\/categories?post=3121"},{"taxonomy":"post_tag","embeddable":true,"href":"https:\/\/caumas.org\/revista\/wp-json\/wp\/v2\/tags?post=3121"}],"curies":[{"name":"wp","href":"https:\/\/api.w.org\/{rel}","templated":true}]}}