{"id":3143,"date":"2017-03-30T17:01:17","date_gmt":"2017-03-30T17:01:17","guid":{"rendered":"http:\/\/caumas.org\/revista\/?p=3143"},"modified":"2017-03-30T17:18:44","modified_gmt":"2017-03-30T17:18:44","slug":"felicitas-rodriguez-gonzalez-%c2%b7-jefa-del-departamento-de-sociedad-de-la-informacion-amtega","status":"publish","type":"post","link":"https:\/\/caumas.org\/revista\/felicitas-rodriguez-gonzalez-%c2%b7-jefa-del-departamento-de-sociedad-de-la-informacion-amtega\/","title":{"rendered":"Felicitas Rodr\u00edguez Gonz\u00e1lez \u00b7 Jefa del Departamento de Sociedad de la Informaci\u00f3n AMTEGA"},"content":{"rendered":"<p>[vc_row][vc_column][vc_single_image image=&#8221;3144&#8243; img_size=&#8221;full&#8221; alignment=&#8221;center&#8221; css_animation=&#8221;fadeInDown&#8221;][\/vc_column][\/vc_row][vc_row][vc_column][vc_empty_space height=&#8221;16&#8243;][vc_column_text]Queremos hablar con Felicitas antes de su inminente jubilaci\u00f3n, en primer lugar, para felicitarla por el gran trabajo que ha realizado en su trayectoria profesional, por todos los \u00e9xitos conseguidos y para agradecerle la ayuda que siempre ha brindado a FEGAUS en el desarrollo de la colaboraci\u00f3n como aliados digitales de la Xunta de Galicia.<\/p>\n<p><strong>\u00bfC\u00f3mo ha sido el camino recorrido dentro del Departamento de la Sociedad de la Informaci\u00f3n?<\/strong><\/p>\n<p style=\"padding-left: 30px;\">Ha sido una etapa de mi vida profesional muy interesante, sobre todo para una persona como yo que proviene del mundo de lo social, la inmersi\u00f3n en la Sociedad de la Informaci\u00f3n y la Comunicaci\u00f3n aporta gran riqueza y un mundo por explorar.<\/p>\n<p style=\"padding-left: 30px;\">Si me quiero quedar con lo m\u00e1s valioso de esta etapa sin duda son las personas y las instituciones con las que he compartido ruta en el camino hacia la digitalizaci\u00f3n y el uso positivo y seguro de las redes sociales. Entre esas personas y entidades, est\u00e1 FEGAUS. Os admiro por vuestro saber hacer y saber estar.<\/p>\n<p><strong>El broce de oro que dejas a tus sucesores son las iniciativas que saldr\u00e1n de la 3\u00aa Edici\u00f3n CeMIT-Innova 2017, que tuvo lugar el 7 de marzo en el auditorio de la Biblioteca de la Ciudad de la Cultura de Santiago de Compostela promovido por la AMTEGA en el marco del Plan de Inclusi\u00f3n Digital 2020 de la Xunta de Galicia y alineado con la Agenda Digital 2020. \u00bfExiste alg\u00fan proyecto similar a las aulas CeMIT (Centros para Modernizaci\u00f3n e Inclusi\u00f3n Tecnol\u00f3gica) en otras comunidades aut\u00f3nomas?<\/strong><\/p>\n<p style=\"padding-left: 30px;\">La Rede de Centros para la Modernizaci\u00f3n Tecnol\u00f3gica de Galicia (Rede CeMIT), en la que se encuadra el proyecto de CeMIT-Innova, es miembro activo de la asociaci\u00f3n nacional y de la Europea de Telecentros. La tendencia europea de los telecentros va encaminada hacia la innovaci\u00f3n digital. Es cierto que Galicia somos pioneros en estos proyectos desde 2015.<\/p>\n<p><strong>\u00bfQu\u00e9 objetivos o proyectos te habr\u00eda gustado haber realizado?<\/strong><\/p>\n<p style=\"padding-left: 30px;\"><a class=\"dt-single-image\" href=\"https:\/\/caumas.org\/revista\/wp-content\/uploads\/2017\/03\/Felicitas-Rodr\u00edguez.jpg\" data-dt-img-description=\"\"><img fetchpriority=\"high\" decoding=\"async\" class=\"size-medium wp-image-3145 alignleft\" src=\"https:\/\/caumas.org\/revista\/wp-content\/uploads\/2017\/03\/Felicitas-Rodr\u00edguez-300x169.jpg\" alt=\"\" width=\"300\" height=\"169\" srcset=\"https:\/\/caumas.org\/revista\/wp-content\/uploads\/2017\/03\/Felicitas-Rodr\u00edguez-300x169.jpg 300w, https:\/\/caumas.org\/revista\/wp-content\/uploads\/2017\/03\/Felicitas-Rodr\u00edguez-768x432.jpg 768w, https:\/\/caumas.org\/revista\/wp-content\/uploads\/2017\/03\/Felicitas-Rodr\u00edguez-1024x576.jpg 1024w, https:\/\/caumas.org\/revista\/wp-content\/uploads\/2017\/03\/Felicitas-Rodr\u00edguez.jpg 1600w\" sizes=\"(max-width: 300px) 100vw, 300px\" \/><\/a>Cuando uno termina una etapa del Camino, siempre ve nuevas metas a alcanzar y dentro de estas metas quedan muchas que sin duda realizar\u00e1n otros compa\u00f1eros de Camino. Yo destacar\u00eda el logro de una mayor implicaci\u00f3n del voluntariado digital, contamos con m\u00e1s de 500 personas inscritas como voluntarias digitales, pero el n\u00famero de las implicadas en proyectos es mucho menor. Tambi\u00e9n los aliados digitales tienen un compromiso con la modernizaci\u00f3n tecnol\u00f3gica de Galicia y conseguir su implicaci\u00f3n es un desaf\u00edo, la prevenci\u00f3n de ciberacoso, el uso seguro de las redes sociales para sacarles todo el positivismo que pueden ofertar. Estas son algunas de las metas que yo hab\u00eda proyectado en mi viaje, pero estoy segura que quien tome el relevo ver\u00e1 otras muchas y lograr\u00e1 alcanzarlas.<\/p>\n<p>&nbsp;<\/p>\n<p><strong>Ahora que dejas tu actividad profesional, te invitamos a entrar de nuevo en la Universidad a trav\u00e9s del PUM (Programa Universitario de Mayores), donde adem\u00e1s de practicar un envejecimiento activo ser\u00eda un honor contar con tu experiencia para seguir mejorando los proyectos de las asociaciones de alumnos s\u00e9niors en el fomento, uso y aprovechamiento de las TICs. \u00bfQu\u00e9 te parece?<\/strong><\/p>\n<p style=\"padding-left: 30px;\">Me parece una muy buena idea. Os agradezco la invitaci\u00f3n y despu\u00e9s de que dedique un tiempo a disfrutar con mi familia de ese ocio y tiempo libre que la vida laboral no siempre me ha permitido, seguro que lo repensar\u00e9.<\/p>\n<p style=\"padding-left: 30px;\">De hecho el mundo del Derecho es mi asignatura pendiente y la Universidad senior seguro que me permite seleccionar lo que m\u00e1s agrade de esa carrera. Nos veremos en la Universidad de la Vida y me encantar\u00e1 teneros de compa\u00f1eros de ETAPA.<\/p>\n<p style=\"padding-left: 30px;\">Muchas gracias por vuestra dedicaci\u00f3n y por la alegr\u00eda y positivismo que transmit\u00eds. La sociedad creo que est\u00e1 muy contenta de contar con vuestra entrega y compromiso. Y sois un aliciente, como hermanos mayores, para los que nos vamos sumando al Camino. GRACIAS.<\/p>\n<p style=\"text-align: right;\"><strong>Marzo 2017<\/strong><\/p>\n<p>[\/vc_column_text][vc_empty_space height=&#8221;16&#8243;][\/vc_column][\/vc_row]<\/p>\n","protected":false},"excerpt":{"rendered":"<p>[vc_row][vc_column][vc_single_image image=&#8221;3144&#8243; img_size=&#8221;full&#8221; alignment=&#8221;center&#8221; css_animation=&#8221;fadeInDown&#8221;][\/vc_column][\/vc_row][vc_row][vc_column][vc_empty_space height=&#8221;16&#8243;][vc_column_text]Queremos hablar con Felicitas antes de su inminente jubilaci\u00f3n, en primer lugar, para felicitarla por el gran trabajo que ha realizado en su trayectoria profesional, por todos los \u00e9xitos conseguidos y para agradecerle la ayuda que siempre ha brindado a FEGAUS en el desarrollo de la colaboraci\u00f3n como aliados digitales&hellip;<\/p>\n","protected":false},"author":1,"featured_media":3154,"comment_status":"closed","ping_status":"closed","sticky":false,"template":"","format":"standard","meta":{"footnotes":""},"categories":[91,59],"tags":[92],"class_list":["post-3143","post","type-post","status-publish","format-standard","has-post-thumbnail","hentry","category-noticias-mar-2017","category-noticias","tag-noticias-mar-2017","category-91","category-59","description-off"],"_links":{"self":[{"href":"https:\/\/caumas.org\/revista\/wp-json\/wp\/v2\/posts\/3143","targetHints":{"allow":["GET"]}}],"collection":[{"href":"https:\/\/caumas.org\/revista\/wp-json\/wp\/v2\/posts"}],"about":[{"href":"https:\/\/caumas.org\/revista\/wp-json\/wp\/v2\/types\/post"}],"author":[{"embeddable":true,"href":"https:\/\/caumas.org\/revista\/wp-json\/wp\/v2\/users\/1"}],"replies":[{"embeddable":true,"href":"https:\/\/caumas.org\/revista\/wp-json\/wp\/v2\/comments?post=3143"}],"version-history":[{"count":2,"href":"https:\/\/caumas.org\/revista\/wp-json\/wp\/v2\/posts\/3143\/revisions"}],"predecessor-version":[{"id":3147,"href":"https:\/\/caumas.org\/revista\/wp-json\/wp\/v2\/posts\/3143\/revisions\/3147"}],"wp:featuredmedia":[{"embeddable":true,"href":"https:\/\/caumas.org\/revista\/wp-json\/wp\/v2\/media\/3154"}],"wp:attachment":[{"href":"https:\/\/caumas.org\/revista\/wp-json\/wp\/v2\/media?parent=3143"}],"wp:term":[{"taxonomy":"category","embeddable":true,"href":"https:\/\/caumas.org\/revista\/wp-json\/wp\/v2\/categories?post=3143"},{"taxonomy":"post_tag","embeddable":true,"href":"https:\/\/caumas.org\/revista\/wp-json\/wp\/v2\/tags?post=3143"}],"curies":[{"name":"wp","href":"https:\/\/api.w.org\/{rel}","templated":true}]}}