{"id":3158,"date":"2017-03-30T17:36:25","date_gmt":"2017-03-30T17:36:25","guid":{"rendered":"http:\/\/caumas.org\/revista\/?p=3158"},"modified":"2017-03-31T08:17:55","modified_gmt":"2017-03-31T08:17:55","slug":"hablan-las-asociaciones-aepuma","status":"publish","type":"post","link":"https:\/\/caumas.org\/revista\/hablan-las-asociaciones-aepuma\/","title":{"rendered":"Hablan las Asociaciones: AEPUMA"},"content":{"rendered":"<p>[vc_row][vc_column css=&#8221;.vc_custom_1490896468106{background-color: #5a2567 !important;}&#8221;][vc_column_text]<\/p>\n<h1><span style=\"color: #ffffff;\">Asociaci\u00f3n nuestra de Estudiantes de Programas Universitarios para Mayores de la UAM (Universidad Aut\u00f3noma de Madrid)<\/span><\/h1>\n<p>[\/vc_column_text][\/vc_column][\/vc_row][vc_row][vc_column][vc_empty_space height=&#8221;16&#8243;][vc_column_text]<\/p>\n<p style=\"text-align: justify;\">En mayo 2013 un grupo de estudiantes (senderistas voluntarios) decidimos revitalizar y sacar el m\u00e1ximo partido de esta Asociaci\u00f3n nuestra de Estudiantes de Programas Universitarios para Mayores de la UAM (Mayores Universitarios), llamada AEPUMA. Es una Asociaci\u00f3n sin \u00e1nimo de lucro, que tiene como prop\u00f3sito contribuir al desarrollo cultural, social, y de ocio, as\u00ed como velar por los intereses presentes y futuros de los Estudiantes Mayores de la Universidad Aut\u00f3noma de Madrid. Nos presentamos a las elecciones de la asociaci\u00f3n y salimos elegidos. Nos encontramos con una Asociaci\u00f3n que se cre\u00f3 en (lleva desde) el 2007, que hab\u00eda hecho mucho, pero en la que quedaba much\u00edsimo m\u00e1s por hacer.<\/p>\n<p style=\"text-align: justify;\">Y que no aprovechaba todo lo que la Universidad Aut\u00f3noma de Madrid nos pod\u00eda ofrecer Se constituy\u00f3 una Junta Rectora, de la cual fui nombrado Presidente, m\u00e1s que por m\u00e9ritos , por ser el propulsor de dicha iniciativa.<\/p>\n<p style=\"text-align: justify;\">Lanzamos un compromiso de objetivos y prioridades, y esto trajo consigo un programa y un presupuesto, que en opini\u00f3n de los asociados se han cumplido ambos con creces. En t\u00e9rminos generales, hemos pasado de 120 socios a 500 -m\u00e1s del el 50 % de todos los alumnos matriculados-, pasamos a realizar de tres o cuatro actividades anuales a m\u00e1s de veinticinco, entre ellas cursos, talleres, salidas culturales, viajes, conferencias, proyecciones eventos, etc.<br \/>\nBajamos de 30 \u20acuros la cuota anual, a 25 \u20acuros el primer a\u00f1o de funcionamiento y en 2014\/15\/16 se ha bajado a 20 \u20acuros. Todo esto sin olvidar la petici\u00f3n continua a los \u00f3rganos Rectores de la UAM de la creaci\u00f3n de la Universidad de la Experiencia, ya conseguida su puesta en marcha y actualmente trabajando en sus Comisiones Delegadas.<\/p>\n<p style=\"text-align: justify;\">Esto se ha podido realizar gracias al apoyo del Vicerrectorado de Relaciones Institucionales y Empleabilidad de la UAM y el esfuerzo de su Comisi\u00f3n de Gobierno, la Junta Directiva y un pu\u00f1ado de Vocales colaboradores, que cada uno en su parcela no han escatimado en esfuerzos, sin ning\u00fan \u00e1nimo de compensaci\u00f3n o lucro, y solamente gui\u00e1ndoles el bienestar de los estudiantes de Programas Universitarios para Mayores de la UAM y la filosof\u00eda de la formaci\u00f3n permanente y el aprendizaje a lo largo de toda la vida.<\/p>\n<p style=\"text-align: justify;\">Toda esta esta actividad, responde a una demanda de sus socios y contribuye a su adaptaci\u00f3n como ciudadanos, mejorando las competencias de inclusi\u00f3n, abriendo espacios de formaci\u00f3n y potenciando las relaciones intergeneracionales.<\/p>\n<p style=\"text-align: justify;\">Esto se consigue mejorando la participaci\u00f3n, mejorando la calidad de vida, aumentando la autonom\u00eda personal, adem\u00e1s de promover el aprendizaje activo continuado y democratizando el conocimiento.<\/p>\n<p style=\"text-align: justify;\">Todo lo presentado ha sido posible gracias al alto grado de participaci\u00f3n, y a las iniciativas presentadas por los socios.<\/p>\n<p style=\"text-align: right;\"><strong>El Presidente.- Mariano Cibri\u00e1n Garc\u00eda<\/strong><\/p>\n<p>[\/vc_column_text][vc_empty_space height=&#8221;16&#8243;][vc_column_text]<\/p>\n<h1 style=\"text-align: justify;\">TRAYECTORIA<\/h1>\n<p style=\"text-align: justify;\">Desde un principio , La Junta Rectora de la Asociaci\u00f3n de estudiantes de programas universitarios para Mayores (AEPUMA) (esta Junta Rectora) se marco dos caminos b\u00e1sicos por los que transitar, por un lado el conseguir un alto grado de satisfacci\u00f3n de todos su socios, que a su vez repercutir\u00eda en todos los alumnos , y por otro lado el conseguir el reconocimiento y la total colaboraci\u00f3n de la Direcci\u00f3n de Los Programas Universitarios para Mayores de la UAM (Programa de Mayores) , as\u00ed como del Equipo de Gobierno de la UAM (Rectorado al completo).<\/p>\n<p style=\"text-align: justify;\">El pasar de 120 socios a mas de 500, nos ha permitido programar una gran cantidad de actividades acad\u00e9micas, culturales y de ocio, aparte totalmente de los programas Universitarios, que nos han consentido ganar prestigio y solvencia ante los \u00d3rganos de Gobierno de la Universidad Aut\u00f3noma de Madrid, para pedir la total equipaci\u00f3n de derechos con los alumnos de grado y masters.<\/p>\n<p style=\"text-align: justify;\">Uno de nuestros objetivos primordiales fijados al principio, era el conseguir la formaci\u00f3n continua primero y obtener por parte de la Aut\u00f3noma, la Universidad de la Experiencia a continuacion. Lo primero lo hemos logrado gracias al Plan Bolonia, el cual todo lo referente a la Formaci\u00f3n Continuada lo hicimos nuestro inmediatamente.<\/p>\n<p style=\"text-align: justify;\">Esta perspectiva, lleva a la ruptura de las fronteras del espacio y de la edad en relaci\u00f3n al acceso a la Universidad, ya no existe ninguna edad ni un espacio \u00fanico de educaci\u00f3n. Cualquier edad es buena para acceder a la educaci\u00f3n y cualquier espacio puede ser educativo.<\/p>\n<p style=\"text-align: justify;\">La Formaci\u00f3n Permanente, como proceso educativo continuado que realiza el ser humano se ha definido como: \u201ctoda actividad de aprendizaje a lo largo de la vida con el objetivo de mejorar los conocimientos, las competencias y las aptitudes con una perspectiva personal, c\u00edvica, social o relacionada con el empleo\u201d (Consejo de Europa, Comunicado de Feira, 2000). Esta definici\u00f3n viene a confirmar que en la sociedad de la informaci\u00f3n y la comunicaci\u00f3n, la educaci\u00f3n es un elemento estrat\u00e9gico de innovaci\u00f3n y desarrollo productivo, por su clara implicaci\u00f3n en la valorizaci\u00f3n del capital humano y de la calidad de vida. En consecuencia, se hace necesario que se reconozcan de alguna forma todos aquellos aprendizajes que realizan los ciudadanos, tratando de integrar los mismos.<\/p>\n<p style=\"text-align: justify;\">El marco legal para desarrollar esa Formaci\u00f3n Permanente lo proporciona la Ley Org\u00e1nica 6\/2001 de 21 de diciembre, de Universidades (LOU), modificada por la Ley Org\u00e1nica 4\/2007 de 12 de abril (LOMLOU), al incluir dentro de la autonom\u00eda universitaria (Art 2.-d.-<\/p>\n<p style=\"text-align: justify;\">La elaboraci\u00f3n y aprobaci\u00f3n de planes de estudio e investigaci\u00f3n y de ense\u00f1anzas espec\u00edficas de formaci\u00f3n a lo largo de toda la vida) expedici\u00f3n de diplomas y t\u00edtulos propios de la universidad, vinculados a ense\u00f1anzas que no conduzcan a t\u00edtulos oficiales y con validez en todo territorio nacional (Art 34), y permitiendo el desarrollo de este tipo de ense\u00f1anzas de especializaci\u00f3n o actividades especificas de formaci\u00f3n en colaboraci\u00f3n con otras entidades o personas f\u00edsicas (Art 83).<\/p>\n<p style=\"text-align: justify;\">A partir del desarrollo normativo que las universidades han realizado para amparar y potenciar la Formaci\u00f3n Permanente, la Comisi\u00f3n de Formaci\u00f3n Continua del Consejo de Universidades elabor\u00f3 en junio de 2010 el documento \u201cLa Formaci\u00f3n Permanente y las Universidades Espa\u00f1olas\u201d, en base al cual el Pleno del Consejo de Universidades (6\/7\/2010) y la Conferencia General de Pol\u00edtica Universitaria (7\/7\/2010) establecieron en el documento \u201cLas Universidades y la Formaci\u00f3n Permanente en Espa\u00f1a\u201d los acuerdos para regular esa Formaci\u00f3n Permanente.<\/p>\n<p style=\"text-align: justify;\"><em>Todas las leyes anteriormente citadas, permite a todos los estudiantes mayores (pumas, titulo propio, etc.) poder seguir reivindicando una formaci\u00f3n permanente en la Universidad<\/em><\/p>\n<p style=\"text-align: justify;\"><strong>Estatuto del Estudiante Universitario (B.O.E. Real Decreto 1791\/2010 del 30 de diciembre)<\/strong><\/p>\n<p style=\"text-align: justify;\">Brevemente enumero aquellos art\u00edculos del mencionado Decreto Ley que son de especial inter\u00e9s para nuestro colectivo, de los cuales hasta la fecha hemos sido excluidos por desconocimiento o dejadez, del mencionado Decreto.Dada la amplitud de la mencionada Ley (67 art\u00edculos) he seleccionado parte de aquellos que tienen un especial inter\u00e9s para una futura reivindicaci\u00f3n de nuestros intereses.<\/p>\n<p style=\"text-align: justify;\"><strong>Articulo1.-Objeto y \u00e1mbito de aplicaci\u00f3n.<\/strong><\/p>\n<p style=\"text-align: justify;\"><em>Punto 2.- El presente Estatuto del Estudiante Universitario ser\u00e1 de aplicaci\u00f3n a todos los estudiantes de las universidades p\u00fablicas y privadas espa\u00f1olas, tanto de los centros propios como de los centros adscritos y de los centros de formaci\u00f3n continua dependiente de aquellas.<\/em><\/p>\n<p style=\"text-align: justify;\"><em>Punto 3.- Se entiende como estudiante toda persona que curse ense\u00f1anzas oficiales en alguno de los tres ciclos universitarios, ense\u00f1anzas de formaci\u00f3n continua u otros estudios ofrecidos por las universidades.<\/em><\/p>\n<p style=\"text-align: justify;\"><strong>Art\u00edculo 2.- Igualdad de derechos y deberes.<\/strong><\/p>\n<p style=\"text-align: justify;\">Punto 1.- Todos los estudiantes universitarios tendr\u00e1n garantizada la igualdad de derechos y deberes, independientemente del centro universitario, de las ense\u00f1anzas que se encuentren cursando y de la etapa de la formaci\u00f3n a lo largo de la vida en la que se hallen matriculados.<\/p>\n<p style=\"text-align: justify;\"><strong>Art\u00edculo 7.- Derechos comunes de los estudiantes universitarios. (Se seleccionan aquellas de mayor inter\u00e9s para nuestro colectivo)<\/strong><\/p>\n<p style=\"text-align: justify;\">1\u00ba Los estudiantes universitarios tienen los siguientes derechos comunes, individuales o colectivos:<\/p>\n<p style=\"text-align: justify;\">Punto 1.a).- Los estudiantes universitarios tienen el derecho a participar en el dise\u00f1o, seguimiento y evaluaci\u00f3n de la pol\u00edtica universitaria.<\/p>\n<p style=\"text-align: justify;\">Punto 1.m).- Al uso de instalaciones acad\u00e9micas adecuadas y accesibles a cada \u00e1mbito de su formaci\u00f3n.<\/p>\n<p style=\"text-align: justify;\">Punto 1. p).- Al acceso a la formaci\u00f3n universitaria a lo largo de la vida, para lo cual las universidades establecer\u00e1n y difundir\u00e1n los mecanismos de admisi\u00f3n que correspondan.<\/p>\n<p style=\"text-align: justify;\">Punto 1. t).- A participar en la elecci\u00f3n de los \u00f3rganos de gobierno de la universidad donde desarrollen su actividad acad\u00e9mica en los t\u00e9rminos previstos en su respectivo Estatuto.<\/p>\n<p style=\"text-align: justify;\"><strong>Art\u00edculo 11.- Derechos espec\u00edficos de los estudiantes de formaci\u00f3n continua y otros estudios ofrecidos por las universidades.<\/strong> (Se menciona unos derechos generales, como es el desarrollo de los programas de formaci\u00f3n continua con criterios de calidad y sistemas de admisi\u00f3n flexibles\u2026<\/p>\n<p style=\"text-align: justify;\"><strong>Articulo 38.- Participaci\u00f3n estudiantil y promoci\u00f3n de asociaciones, federaciones y confederaciones de estudiantes.<\/strong> (Recoge en seis puntos la participaci\u00f3n estudiantil en asociaciones y movimientos sociales, los cuales son de inter\u00e9s y el poder estar enterados de sus contenidos).<\/p>\n<p style=\"text-align: justify;\"><strong>Art\u00edculo 39.- Participaci\u00f3n en Organizaciones nacionales e internacionales.<\/strong> (Recoge dos puntos el contenido de este art\u00edculo de integraci\u00f3n de las asociaciones)<\/p>\n<p style=\"text-align: justify;\"><strong>Articulo 65.- Servicios de atenci\u00f3n al estudiante<\/strong> Que incluye asesoramiento sobre derechos y responsabilidades internas y externas a la Universidad, y deben de ser estudiados ya que de alguna manera afecta a todos nosotros.<\/p>\n<p style=\"text-align: justify;\">Y lo segundo, el embri\u00f3n que pusimos entonces, ha dado sus frutos y ya tenemos constituida la Universidad de la Experiencia de la Universidad Aut\u00f3noma de Madrid (UAM-EX) aprobada por el Consejo de Gobierno , con muchos fallos y carencias , seg\u00fan las peticiones de los estudiantes, pero que estas reivindicaciones mas temprano que tarde, dar\u00e1 sus resultados, respecto a derechos y participaciones de los estudiantes Seniors<\/p>\n<p style=\"text-align: justify;\">En enero del 2017, se termina el Reglamento de la Universidad de la Experiencia, en el cual hemos participado como parte de su \u00d3rgano de Gobierno, con voz pero sin voto de cara al Presidente de AEPUMA, y con voz y voto por otros alumnos pertenecientes a AEPUMA que a su vez son Delegados de Curso.<\/p>\n<p style=\"text-align: justify;\"><strong>En particular la Universidad de la Experiencia ha sido creada para:<\/strong><\/p>\n<ul>\n<li style=\"text-align: justify;\">Consolidar las ense\u00f1anzas existentes<\/li>\n<li style=\"text-align: justify;\">Impulsar nuevas estructuras educativas y culturales relacionadas con la formaci\u00f3n a lo largo de toda la vida<\/li>\n<li style=\"text-align: justify;\">Procurar la colaboraci\u00f3n y presencia de la Universidad de la Experiencia en las actividades universitarias de car\u00e1cter cient\u00edfico, acad\u00e9mico y cultural<\/li>\n<li style=\"text-align: justify;\">Establecer cauces de colaboraci\u00f3n entre Federaciones y Asociaciones de Alumnos y la Universidad<\/li>\n<li style=\"text-align: justify;\">Convocar actividades complementarias, conferencias, seminarios cient\u00edficos, encuentros, intercambios y otros eventos<\/li>\n<li style=\"text-align: justify;\">Concertar con las Administraciones P\u00fablicas y privadas, estudios y proyectos que sean de inter\u00e9s para los programas universitarios de mayores<\/li>\n<li style=\"text-align: justify;\">Participar en programas europeos destinados a fines an\u00e1logos a los de la Universidad de la ExperienciaConseguir procedimientos estables de financiaci\u00f3n para la formaci\u00f3n universitaria de personas senior<\/li>\n<li style=\"text-align: justify;\">Establecer un sistema de becas y ayudas<\/li>\n<li style=\"text-align: justify;\">Impulsar y realizar publicaciones para su edici\u00f3n con car\u00e1cter peri\u00f3dico o circunstancial, acerca de temas y cuestiones relacionadas con los fines de la Universidad de la Experiencia, as\u00ed como colaborar con publicaciones peri\u00f3dicas y otros medios de difusi\u00f3n que puedan contribuir al mayor conocimiento reciproco de la Universidad<\/li>\n<li style=\"text-align: justify;\">Atender a actividades no citadas expresamente que est\u00e9n impl\u00edcitas en los fines de la entidad<\/li>\n<\/ul>\n<p style=\"text-align: justify;\">Todo esto, ya figura por escrito y firmado, y por todo esto se luchara para hacerlo efectivo, pero los estudiantes, hubi\u00e9ramos querido, que ademas figuraran otros puntos, que aunque de m\u00e1s calado, y por lo tanto a m\u00e1s largo plazo, no por ello los estudiantes lo olvidaran, y que m\u00e1s temprano que tarde, esperan verlos conseguidos.<\/p>\n<p style=\"text-align: justify;\"><strong>Propuestas que no fueron aprobadas por este Consejo de Gobierno:<\/strong><\/p>\n<p style=\"text-align: justify;\">Director \u00fanico, con dedicaci\u00f3n de un d\u00eda o dos a la semana a atender los asuntos de Universidad de la Experiencia. Entendemos que son muchas las obligaciones acad\u00e9micas de los directores y no es f\u00e1cil poder comunicar con ellos (Mando o Director \u00fanico, y no bic\u00e9falo como existe actualmente, y dedicado adem\u00e1s de la docencia a la Universidad de la Experiencia y no repartido en m\u00faltiple actividades).<\/p>\n<p style=\"text-align: justify;\">Nos gustar\u00eda que la Universidad de Experiencia fuera Aut\u00f3noma, independiente de la oficina de T\u00edtulos Propios de la UAM y de la Fundaci\u00f3n UAM en su gesti\u00f3n econ\u00f3mica, solo dependiendo de Rectorado, como era antes del 2012. Esto solo tendr\u00eda que aprobarlo el Consejo Social de la UAM, con el apoyo de los distintos Decanos, partidarios de esta iniciativa. De \u00e9sta forma se ahorrar\u00eda un 21% de CANON de los ingresos de matr\u00edcula, que podr\u00edan repercutir en beneficio de organizaci\u00f3n de nuevos estudios y actividades para la Universidad de la Experiencia.<\/p>\n<p style=\"text-align: justify;\">La creaci\u00f3n de espacios y aulas propios para la Universidad de la Experiencia. El pr\u00f3ximo curso seremos mas de 1000 estudiantes, un n\u00famero que crece progresivamente y un n\u00famero importante comparado con otras titulaciones de grado en Facultades. Se crea un agravio comparativo entre estudiantes de Grado y estudiantes de Formaci\u00f3n Continua.<br \/>\nEn alguna ocasi\u00f3n se nos ha hablado de la futura remodelaci\u00f3n del Pabell\u00f3n B y creaci\u00f3n de aulas y espacios para nuestros estudios, pero es algo que no se ha desarrollado. De \u00e9sta forma, las plazas de matricula de los cursos no estar\u00edan limitadas por la capacidad de las aulas y por la generosidad de diferentes facultades que ceden sus aulas. Nos interesar\u00eda un espacio digital propio, dentro de la web de la UAM, pero manejado por nosotros, estudiantes Seniors.<\/p>\n<p style=\"text-align: justify;\">Tambi\u00e9n nos interesar\u00eda, una autonom\u00eda financiera, que la Universidad de la Experiencia, no dependiera de la Fundaci\u00f3n ni de Posgrado, y con presupuesto propio anual, con total transparencia de las cuentas, y no con la opacidad actual existente.<\/p>\n<p style=\"text-align: justify;\">En cuanto a la docencia, seria conveniente tener el esqueleto o esquema de un programa de estudios rellenable, de al menos 20 a\u00f1os, partiendo de la edad de 50 a\u00f1os que es la actual de acceso, y con prioridades distintas seg\u00fan los ciclos de formaci\u00f3n, con docentes y asignaturas comprometidas, pues los estudiantes al ingresar, necesitan saber que se les ofrece a lo largo de su vida acad\u00e9mica, en la Universidad de la Experiencia<\/p>\n<p style=\"text-align: justify;\">Todos estos trabajos en com\u00fan de la Junta y esta participaci\u00f3n de los socios, es fruto de muchas reuniones, encuentros y encuestas que ha creado una red tupida de compa\u00f1eros y amistades, propiciando una comunicaci\u00f3n intergeneracional de la que toda la comunidad estudiantil se beneficia, incluida la Universidad.<\/p>\n<p style=\"text-align: justify;\"><strong>Relaci\u00f3n de actividades de AEPUMA durante el curso 2015 \/ 2016.<\/strong><\/p>\n<p style=\"text-align: justify;\">Todas las actuaciones de AEPUMA se gestan, se organizan y se ejecutan en torno a la Junta Rectora, compuesta por: Presidente (Mariano Cibri\u00e1n); Vicepresidente (Ricardo L\u00f3pez), Secretario (vacante); Tesorero (Eugenio Madrigal); y cuatro vocales (Maribel Mes\u00f3n, Jos\u00e9 Ranz, Antonio Arr\u00e9bola y una vocal\u00eda externa (Julia L\u00f3pez). Colaborando con la Junta hay un grupo de \u201cvoluntarios\u201d, cada vez m\u00e1s numeroso, que se encargan de la organizaci\u00f3n y control de distintos talleres, cursos, conferencias, senderismo, etc.<\/p>\n<p style=\"text-align: justify;\">La Asociaci\u00f3n se financia con las cuotas de los socios, 20\u20ac a\u00f1o, y con la ayuda (muy escasa) que nos concede la UAM, en base a las actividades que organizamos. Somos 480,socios de un total de unos 950 alumnos.<\/p>\n<p style=\"text-align: justify;\"><strong>La comunicaci\u00f3n con los socios se realiza mediante:<\/strong><\/p>\n<ul>\n<li style=\"text-align: justify;\">Comunicaci\u00f3n, v\u00eda correo (e-mail), a todos los asociados de los eventos que se van a producir.<\/li>\n<li style=\"text-align: justify;\">Resumen mensual y anual de actividades de la Junta Rectora de AEPUMA.<\/li>\n<li style=\"text-align: justify;\">Orden del d\u00eda y Acta de las reuniones mensuales de la Junta Rectora de AEPUMA.<\/li>\n<li style=\"text-align: justify;\">La Asociaci\u00f3n dispone de un peque\u00f1o despacho en la Plaza Central de la UAM.<br \/>\nP\u00e1g. web: www.aepuma.com<\/li>\n<\/ul>\n<p>En este tercer a\u00f1o y seg\u00fan el programa que la actual Junta Rectora present\u00f3 en el momento de hacer p\u00fablica su candidatura, y que se plasm\u00f3 en su \u201cDocumento de prioridades\u201d.<\/p>\n<p style=\"text-align: justify;\"><strong>Cabe destacar:<\/strong><\/p>\n<p style=\"text-align: justify;\">Participar en el dise\u00f1o y definici\u00f3n de la futura <strong>\u201cUniversidad de la Experiencia\u201d.<\/strong><\/p>\n<p style=\"text-align: justify;\">Como Primicia tenemos la satisfacci\u00f3n de informaros que el 18 de mayo se ha creado la <strong>\u201cComisi\u00f3n de Gobierno de la \u201cUniversidad de la Experiencia\u201c<\/strong>, que estar\u00e1 formada por:<\/p>\n<ul>\n<li style=\"text-align: justify;\">Presidente: Rector o persona en quien delegue.<\/li>\n<li style=\"text-align: justify;\">Los Directores: Carmen de la Guardia y Jos\u00e9 Antonio P\u00e9rez.\n<ul>\n<li style=\"text-align: justify;\">TP: PUMA: Javier Ord\u00f3\u00f1ez.<\/li>\n<li style=\"text-align: justify;\">TP: Experto Mundo Actual: Amelia Fern\u00e1ndez.<\/li>\n<li style=\"text-align: justify;\">TP: Avanzado en Ciencias: Javier Ordo\u00f1ez y Pi\u00f1ar Toboso (Humanidades).<\/li>\n<\/ul>\n<\/li>\n<li style=\"text-align: justify;\">Dos Delegados de PUMA (elegido de los tres cursos): Rafael Miralles y Jos\u00e9 Javier Garc\u00eda.<\/li>\n<li style=\"text-align: justify;\">Dos Delegados de Experto en Mundo Actual (elegido de los tres cursos): Pablo Panadero y Antonio Arrebola.<\/li>\n<li style=\"text-align: justify;\">Un Delegado de Avanzado Ciencias (elegido de los dos cursos): Jos\u00e9 Ranz.<\/li>\n<li style=\"text-align: justify;\">Un Delegado de Avanzado Humanidades (elegido de los dos cursos): Jos\u00e9 Ranz.<\/li>\n<li style=\"text-align: justify;\">El Presidente de AEPUMA: Mariano Cibri\u00e1n.<\/li>\n<li style=\"text-align: justify;\">Una Coordinadora Gerente: Bel\u00e9n Dom\u00ednguez.<\/li>\n<\/ul>\n<p style=\"text-align: justify;\">Los componentes de la Comisi\u00f3n al ser miembros \u201ccircunstanciales\u201d sus nombres ir\u00e1n cambiando seg\u00fan resultados de las distintas elecciones o designaciones.<\/p>\n<p style=\"text-align: justify;\">Los cometidos de la Comisi\u00f3n ser\u00e1n, entre otros que se ir\u00e1n definiendo en las distintas reuniones, los de:<\/p>\n<ul>\n<li style=\"text-align: justify;\">Definir los estatutos y\/o reglamentos que regulen la \u201cUniversidad de la Experiencia\u201d.<\/li>\n<li style=\"text-align: justify;\">Establecer la periodicidad de las reuniones de la Junta de Gobierno y temas a tratar en cada una de ellas.<\/li>\n<li style=\"text-align: justify;\">Los representantes de los alumnos intentaremos participar, de forma muy activa, y consensuar la toma de decisiones relativas a: contenidos de los cursos, idoneidad de los profesores, medios audiovisuales, aulas, horario y duraci\u00f3n de las clases, material did\u00e1ctico, Pedagog\u00eda id\u00f3nea a utilizar en las clases para los alumnos mayores, etc. Ni que decir tiene que est\u00e1is todos comprometidos a facilitar a vuestros representantes (Delegados y\/o AEPUMA) vuestras ideas sobre lo que quer\u00e1is que sea la \u201cUniversidad de la Experiencia\u201d. Nos est\u00e1n dando la oportunidad de participar, seamos consecuentes y aprovechemos la ocasi\u00f3n, todo con un esp\u00edritu constructivo.<\/li>\n<\/ul>\n<p style=\"text-align: justify;\">Los \u201cCursos de Mayores\u201d est\u00e1n referenciados bajo el paraguas de \u201cT\u00edtulos Propios de la UAM\u201d. El reglamento que rige los \u201cT\u00edtulos Propios\u201d, no otorga los mismos derechos y obligaciones a sus alumnos, que los que rigen para los alumnos de grado. La idea es que al definir el reglamento de la \u201cUniversidad de la Experiencia\u201d, no contemple dichos estudios como T\u00edtulos Propios, sino como \u00bfpor definir? y que sus alumnos tengan los mismos derechos y obligaciones que los alumnos de grado, entre otros: poder formar parte de los \u00d3rganos de Gobierno de la UAM, participar en la votaci\u00f3n de elecci\u00f3n del Rector, etc. Los alumnos de los Cursos de Mayores estamos en la UAM una media de 6 a\u00f1os.<\/p>\n<p style=\"text-align: justify;\"><strong>Relaci\u00f3n de Cursos y Talleres, preparados, organizados y dirigidos por AEPUMA:<\/strong><\/p>\n<ul>\n<li style=\"text-align: justify;\">Curso de M\u00fasica: Se imparte en la sala de audiciones del Centro Superior de Investigaci\u00f3n y Promoci\u00f3n de la M\u00fasica (CSIPM). 2Hs. semanales de Octubre a Mayo.<\/li>\n<li style=\"text-align: justify;\">Curso de Fotograf\u00eda: se imparte en la F. de Filosof\u00eda m\u00f3dulo II, sala 202. Se alternan las clases te\u00f3ricas con las clases pr\u00e1cticas. 1,5 Hs.semanales de Nov. a Abr.<\/li>\n<li style=\"text-align: justify;\">Curso de Grafolog\u00eda: se imparte en la F. Formaci\u00f3n del Profesorado. 1H a la semana.<\/li>\n<li style=\"text-align: justify;\">Curso de Teatro: Hay dos grupos que ensayan los lunes, uno de 10 a 12 y otro de 12 a 14.<\/li>\n<li style=\"text-align: justify;\">Har\u00e1n una representaci\u00f3n, para todos los alumnos de la UAM, el mi\u00e9rcoles 1 de Junio.<\/li>\n<li style=\"text-align: justify;\">Cursos de Pilates y Ritmo: est\u00e1n funcionando en base a 1H. a la semana de Nov. a May., en la sala A del pabell\u00f3n 2 polideportivo<\/li>\n<li style=\"text-align: justify;\">Curso de Yoga: 1 H. a la semana, de Nov. a May.<\/li>\n<li style=\"text-align: justify;\">Curso de Lectura: se han le\u00eddo, comentado y glosado un total de 9 libros (uno al mes), de Sep. 2015 a may. 2016.<\/li>\n<li style=\"text-align: justify;\">Curso de H. del Arte: Debido al \u00e9xito obtenido ha habido que repetirlo. 2Hs. semanales.<\/li>\n<li style=\"text-align: justify;\">Un curso de Sep. A Dic. y el otro de Ene. a May.<\/li>\n<li style=\"text-align: justify;\">Taller de memoria: 5 sesiones en base a 1,5 Hs. por semana.<\/li>\n<li style=\"text-align: justify;\">Taller de hablar en p\u00fablico: 4 sesiones base a 1,5 Hs por semana.<\/li>\n<li style=\"text-align: justify;\">Taller de Inteligencia emocional: pendiente y en preparaci\u00f3n.<\/li>\n<li style=\"text-align: justify;\">Taller de \u201cGesti\u00f3n de perif\u00e9ricos alrededor de un Ordenador personal (Inform\u00e1tica para iniciados)\u201d: pendiente y en preparaci\u00f3n. Lo impartir\u00e1 alumnos becarios de la U. Polit\u00e9cnica de la UAM.<\/li>\n<li style=\"text-align: justify;\">Taller de Fibromialgia: Ha tenido una duraci\u00f3n de 10 sesiones de 1,5 Hs \/sesi\u00f3n.<\/li>\n<\/ul>\n<p style=\"text-align: justify;\"><strong>Conferencias:<\/strong><\/p>\n<ul>\n<li style=\"text-align: justify;\">Conferencia sobre: \u201cSirve para algo la Teor\u00eda de la relatividad de Einstein\u201d. El ponente fue: Javier Ord\u00f3\u00f1ez, Profesor de la UAM.<\/li>\n<li style=\"text-align: justify;\">Conferencia sobre: \u201cDespu\u00e9s de la Cumbre del Clima de Par\u00eds, diciembre 2016\u201d El ponente fue: Mario Rodr\u00edguez, Director de Green Peace Espa\u00f1a.<\/li>\n<li style=\"text-align: justify;\">Conferencia sobre: \u201cLa revoluci\u00f3n Siria y la guerra del olvido\u201d. El ponente fue: Ignacio Guti\u00e9rrez de Ter\u00e1n, Profesor de la UAM.<\/li>\n<li style=\"text-align: justify;\">Charla-coloquio sobre: \u201cDesigualdad y Pobreza\u201d (No es posible olvidar que la pobreza y las desigualdades son cada vez: m\u00e1s intensas, extremas y cr\u00f3nicas<\/li>\n<li style=\"text-align: justify;\">Documento de posici\u00f3n de la Plataforma Alianza contra la Pobreza, Marzo 2016). El ponente y moderador fue: D. Miguel Alba.<\/li>\n<li style=\"text-align: justify;\">Charla coloquio sobre: \u201cEl Tratado Transatl\u00e1ntico de Comercio e Inversiones (TTIP)\u201d. El ponente fue: Mariano Aragon\u00e9s, Ex presidente y compa\u00f1ero de AEPUMA y miembro de Attac Espa\u00f1a.<\/li>\n<li style=\"text-align: justify;\">\u201cCinef\u00f3rum\u201d presentado por: Elena de Manzanos, perteneciente al amplio mundo de la Danza.<\/li>\n<li style=\"text-align: justify;\">Se han proyectado una serie de pel\u00edculas dentro del ciclo de \u201cDanza cl\u00e1sica\u201d.<\/li>\n<\/ul>\n<p style=\"text-align: justify;\"><strong>Actividades l\u00fadicas:<\/strong><\/p>\n<ul>\n<li style=\"text-align: justify;\">Senderismo los d\u00edas martes de cada semana: ha habido 38 salidas, en general por las sierras y alrededores de Madrid.<\/li>\n<li style=\"text-align: justify;\">Senderismo los d\u00edas jueves de cada semana: ha habido 30 salidas, en general por las sierras y alrededores de Madrid.<\/li>\n<li style=\"text-align: justify;\">Visitas culturales a: exposiciones, museos, edificios p\u00fablicos de inter\u00e9s, instituciones P\u00fablicas. Ha habido 50 visitas guiadas y un millar de comunicaciones l\u00fadico-culturales de diverso contenido.<\/li>\n<li style=\"text-align: justify;\">Excursiones de un d\u00eda en autob\u00fas: ha habido 4 salidas a poblaciones de los alrededores de la Comunidad Aut\u00f3noma de Madrid.<\/li>\n<\/ul>\n<p style=\"text-align: justify;\"><strong>Concesi\u00f3n de \u201cayuda de estudios\u201d:<\/strong><\/p>\n<p style=\"text-align: justify;\">La Asociaci\u00f3n ha concedido 10 ayudas (un total de 2.000 \u20ac) a estudiantes de los cursos de mayores de la UAM.<\/p>\n<p style=\"text-align: justify;\">Dichas ayudas complementan al N\u00ba de las que concede la UAM.<\/p>\n<p style=\"text-align: justify;\">El criterio de concesi\u00f3n de las ayudas lo establece y organiza la UAM.<\/p>\n<p style=\"text-align: justify;\"><strong>Otras actividades relevantes de la Junta de AEPUMA:<\/strong><\/p>\n<ul>\n<li style=\"text-align: justify;\">Carta al Sr Rector, ofreci\u00e9ndole ayuda para la \u201cCooperaci\u00f3n con los Refugiados\u201d.<\/li>\n<li style=\"text-align: justify;\">Participaci\u00f3n en la \u201cAuditoria contable\u201d, de la Confederaci\u00f3n de Asociaciones de Estudiantes Universitarios Mayores CAUMAS. No finalizada por discrepancias con CAUMAS.<\/li>\n<li style=\"text-align: justify;\">Participaci\u00f3n de tres miembros de la Junta, en las XV Jornadas Internacionales de Asociaciones de Estudiantes Universitarios Mayores, celebradas en Oporto.<\/li>\n<li style=\"text-align: justify;\">Exposici\u00f3n de fotograf\u00edas \u201cSenderismo por el Parque Nacional de la Sierra del Guadarrama\u201d con fotograf\u00edas del grupo de senderismo de los jueves, y poes\u00edas y dibujos hechos por un compa\u00f1ero de dicho grupo.<\/li>\n<li style=\"text-align: justify;\">Ofrecimiento de ayuda ante el Ayuntamiento de San Sebasti\u00e1n de los Reyes, para participar en su Programa de Actividades.<\/li>\n<li style=\"text-align: justify;\">Un miembro de la Junta AEPUMA y que tambi\u00e9n pertenece a la MERP, Asociaci\u00f3n de la Mesa Estatal (apol\u00edtica) para un Refer\u00e9ndum sobre Pensiones P\u00fablicas, organiz\u00f3 el 19 y 20 de abril una mesa de recogida de firmas para pedir la garant\u00eda de las Pensiones P\u00fablicas. Estas firmas, recogidas a nivel estatal, se remitir\u00e1n a la Defensora del Pueblo para que las dirija al \u00d3rgano del Gobierno que corresponda. Nos afecta a todos los Mayores Jubilados.<br \/>\nAyuda a la UAM para la presentaci\u00f3n del Programa de Mayores \u201cUniversidad de la Experiencia\u201d, ante el Ayuntamiento y vecinos de Alcobendas.<br \/>\nHemos sido Anfitriones de la reuni\u00f3n de Presidentes de Asociaciones de distintas Universidades de Espa\u00f1a pertenecientes a CAUMAS, que tuvo lugar en una sala de la UAM.<\/li>\n<li style=\"text-align: justify;\">Se han organizado tres concursos de: literatura, poes\u00eda y fotograf\u00eda, cuyos premios se har\u00e1n entrega el d\u00eda 2 de Junio durante la celebraci\u00f3n de la Asamblea General Ordinaria de AEPUMA.<\/li>\n<li style=\"text-align: justify;\">Ofrecimiento de participaci\u00f3n en la preparaci\u00f3n de la celebraci\u00f3n del 50 aniversario (junio de 2018) de la Creaci\u00f3n de la UAM.<\/li>\n<\/ul>\n<p style=\"text-align: justify;\">Este curso 2016\/2017 , ademas de continuar con lo ofertado anteriormente se ha ampliado la oferta con un curso de Historia del Arte , con un Taller de Conflictos Sociol\u00f3gicos, con un Taller de Medicina a la Carta (Biolog\u00eda molecular) y un Taller de Socio Pol\u00edtica <strong>\u201cHacia donde va Europa\u201d<\/strong>.<\/p>\n<p style=\"text-align: justify;\">Como resumen general de esta peque\u00f1a presentaci\u00f3n, diremos que AEPUMA goza de buena salud, tanto acad\u00e9mica , como financiera , con alg\u00fan peso en los \u00d3rganos de la UAM (no el que quisi\u00e9ramos) y con un semillero de iniciativas y de alumnos dispuestos a llevarlas a buen termino.<\/p>\n<p style=\"text-align: right;\"><strong>Mariano Cibri\u00e1n Garc\u00eda.<\/strong><br \/>\n<strong>Presidente de AEPUMA<\/strong><\/p>\n<p>[\/vc_column_text][vc_empty_space height=&#8221;16&#8243;][\/vc_column][\/vc_row][vc_row][vc_column css=&#8221;.vc_custom_1490893814812{background-color: #f7f7f7 !important;}&#8221;][vc_column_text]<\/p>\n<h2><strong>Conclusiones. No solo se trataron tema de las Universidades de mayores.<\/strong><\/h2>\n<p>Se han formulado algunas preguntas que los participantes opinamos sobre ellas.<\/p>\n<p><strong>\u00bfEs importante crea una red mundial de proyectos de mayores?<\/strong><br \/>\nSe han aportado diferentes opiniones y el resultado es que ser\u00eda interesante aunque ya hay algunas redes pero esta integrar\u00eda los proyectos, adem\u00e1s de las universidades. Mejorar\u00eda la calidad de los proyectos.<\/p>\n<p><strong>\u00bfQu\u00e9 son los s\u00e9nior?<\/strong><br \/>\nHay distintas interpretaciones, fundamentalmente seg\u00fan los pa\u00edses. Se deja que sea para mayores de 50 a\u00f1os. No es lo mismo la formaci\u00f3n s\u00e9nior que la formaci\u00f3n para adultos.<\/p>\n<p><strong>\u00bfRed o confederaci\u00f3n?<\/strong><br \/>\nMejor red porque se pretende una igualdad. Se compartir\u00e1n experiencias, se intentar\u00e1 conseguir recursos (financieros y otros). Se trabaja en consorcios y otros proyectos como los de la Unesco y de otras instituciones mundiales.Nota. Los detalles de cada proyecto se pueden ver en las respectivas p\u00e1ginas WEB.[\/vc_column_text][\/vc_column][\/vc_row]<\/p>\n","protected":false},"excerpt":{"rendered":"<p>[vc_row][vc_column css=&#8221;.vc_custom_1490896468106{background-color: #5a2567 !important;}&#8221;][vc_column_text] Asociaci\u00f3n nuestra de Estudiantes de Programas Universitarios para Mayores de la UAM (Universidad Aut\u00f3noma de Madrid) [\/vc_column_text][\/vc_column][\/vc_row][vc_row][vc_column][vc_empty_space height=&#8221;16&#8243;][vc_column_text] En mayo 2013 un grupo de estudiantes (senderistas voluntarios) decidimos revitalizar y sacar el m\u00e1ximo partido de esta Asociaci\u00f3n nuestra de Estudiantes de Programas Universitarios para Mayores de la UAM (Mayores Universitarios), llamada&hellip;<\/p>\n","protected":false},"author":1,"featured_media":3162,"comment_status":"closed","ping_status":"closed","sticky":false,"template":"","format":"standard","meta":{"footnotes":""},"categories":[91,94,93,59],"tags":[92],"class_list":["post-3158","post","type-post","status-publish","format-standard","has-post-thumbnail","hentry","category-noticias-mar-2017","category-hablan-las-asociaciones-mar-2017","category-asociaciones","category-noticias","tag-noticias-mar-2017","category-91","category-94","category-93","category-59","description-off"],"_links":{"self":[{"href":"https:\/\/caumas.org\/revista\/wp-json\/wp\/v2\/posts\/3158","targetHints":{"allow":["GET"]}}],"collection":[{"href":"https:\/\/caumas.org\/revista\/wp-json\/wp\/v2\/posts"}],"about":[{"href":"https:\/\/caumas.org\/revista\/wp-json\/wp\/v2\/types\/post"}],"author":[{"embeddable":true,"href":"https:\/\/caumas.org\/revista\/wp-json\/wp\/v2\/users\/1"}],"replies":[{"embeddable":true,"href":"https:\/\/caumas.org\/revista\/wp-json\/wp\/v2\/comments?post=3158"}],"version-history":[{"count":7,"href":"https:\/\/caumas.org\/revista\/wp-json\/wp\/v2\/posts\/3158\/revisions"}],"predecessor-version":[{"id":3166,"href":"https:\/\/caumas.org\/revista\/wp-json\/wp\/v2\/posts\/3158\/revisions\/3166"}],"wp:featuredmedia":[{"embeddable":true,"href":"https:\/\/caumas.org\/revista\/wp-json\/wp\/v2\/media\/3162"}],"wp:attachment":[{"href":"https:\/\/caumas.org\/revista\/wp-json\/wp\/v2\/media?parent=3158"}],"wp:term":[{"taxonomy":"category","embeddable":true,"href":"https:\/\/caumas.org\/revista\/wp-json\/wp\/v2\/categories?post=3158"},{"taxonomy":"post_tag","embeddable":true,"href":"https:\/\/caumas.org\/revista\/wp-json\/wp\/v2\/tags?post=3158"}],"curies":[{"name":"wp","href":"https:\/\/api.w.org\/{rel}","templated":true}]}}