{"id":3197,"date":"2017-03-31T09:49:10","date_gmt":"2017-03-31T09:49:10","guid":{"rendered":"http:\/\/caumas.org\/revista\/?page_id=3197"},"modified":"2025-07-02T17:26:51","modified_gmt":"2025-07-02T17:26:51","slug":"revista-marzo-2017","status":"publish","type":"post","link":"https:\/\/caumas.org\/revista\/revista-marzo-2017\/","title":{"rendered":"Revista Marzo 2017"},"content":{"rendered":"<p>[vc_row][vc_column width=&#8221;3\/4&#8243;][vc_row_inner][vc_column_inner width=&#8221;2\/3&#8243;][vc_column_text css=&#8221;.vc_custom_1474358293674{margin-bottom: 0px !important;border-bottom-width: 0px !important;padding-bottom: 0px !important;}&#8221;]<\/p>\n<h4 style=\"text-align: justify;\"><strong><span style=\"color: #000000;\">Editorial<\/span><\/strong><\/h4>\n<p>[\/vc_column_text]<div class=\"hr-thin style-line\" style=\"width: 100%;border-color: #696969;border-top-width: 1px;\"><\/div>[vc_column_text css_animation=&#8221;fadeIn&#8221;]<\/p>\n<p style=\"text-align: justify;\">La calidad de vida en las personas mayores se encuentra directamente relacionada con la asociaci\u00f3n entre el bienestar psicol\u00f3gico, estado de salud percibida y <strong>h\u00e1bitos saludables<\/strong>. Se denominan h\u00e1bitos saludables a la capacidad para mantenerse en bajo riesgo de enfermar, con un alto nivel de actividad f\u00edsica y mental.<\/p>\n<p style=\"text-align: justify;\">Estos h\u00e1bitos deben ir acompa\u00f1ados con el mantenimiento de relaciones interpersonales y la participaci\u00f3n en actividades significativas, tanto sociales como profesionales. <strong>Cuidar las relaciones personales y sociales<\/strong>, involucrarse en el aprendizaje de nuevas habilidades de entretenimiento y\/o formaci\u00f3n, estar en un per\u00edodo de actividad, de realizaci\u00f3n personal, de rescatar antiguos proyectos de vida e iniciar otros, son <strong>h\u00e1bitos que ayudan a un envejecimiento saludable<\/strong>. El paso del tiempo es inexorable, la vejez llega poco a poco, por eso es muy importante adaptarse al d\u00eda a d\u00eda, conocer las habilidades que pueden <strong>mejorar la calidad de vida y beneficiarse de ellas<\/strong>.<\/p>\n<p style=\"text-align: right;\"><a href=\"https:\/\/caumas.org\/revista\/editorial-los-habitos-saludables\/\">Leer m\u00e1s &gt;&gt;<\/a><\/p>\n<p>[\/vc_column_text]<div class=\"gap\" style=\"line-height: 5px; height: 5px;\"><\/div>[\/vc_column_inner][vc_column_inner width=&#8221;1\/3&#8243;][vc_column_text css=&#8221;.vc_custom_1474358427836{margin-bottom: 0px !important;border-bottom-width: 0px !important;padding-bottom: 0px !important;}&#8221;]<\/p>\n<h4 style=\"text-align: justify;\"><strong><span style=\"color: #000000;\">Revistas para descargar:<\/span><\/strong><\/h4>\n<p>[\/vc_column_text]<div class=\"hr-thin style-line\" style=\"width: 100%;border-color: #696969;border-top-width: 1px;\"><\/div><div class=\"dt-shortcode with-isotope\"><div class=\"wf-container dt-blog-shortcode loading-effect-fall-perspective iso-grid description-under-image content-align-left\" data-padding=\"20px\" data-cur-page=\"1\" data-posts-per-page=\"-1\" data-width=\"135px\" data-columns=\"1\">\n<div class=\"wf-cell\" data-post-id=\"3216\" data-date=\"2017-03-18T12:11:45+00:00\" data-name=\"Revista n\u00ba18 \u00b7 marzo 2017\">\n\t<article class=\"post post-3216 type-post status-publish format-standard has-post-thumbnail hentry category-revista-pdf-mar-2017-revistas category-revistas category-revistas-pdf category-99 category-62 category-18 description-off\">\n\n\t\t\n\t\t\t<div class=\"blog-media wf-td\">\n\n\t\t\t\t<p><a href=\"https:\/\/caumas.org\/revista\/revista-n18-marzo-2017\/\" class=\"alignnone rollover layzr-bg\" ><img decoding=\"async\" class=\"preload-me iso-lazy-load\" src=\"data:image\/svg+xml,%3Csvg%20xmlns%3D&#39;http%3A%2F%2Fwww.w3.org%2F2000%2Fsvg&#39;%20viewBox%3D&#39;0%200%20203%20210&#39;%2F%3E\" data-src=\"https:\/\/caumas.org\/revista\/wp-content\/uploads\/2017\/03\/Portada-Revista-num-18-600-203x210.png\" data-srcset=\"https:\/\/caumas.org\/revista\/wp-content\/uploads\/2017\/03\/Portada-Revista-num-18-600-203x210.png 203w, https:\/\/caumas.org\/revista\/wp-content\/uploads\/2017\/03\/Portada-Revista-num-18-600-406x420.png 406w\" alt=\"\" title=\"Portada Revista num 18 600\" width=\"203\" height=\"210\"  \/><\/a><\/p>\n\t\t\t<\/div>\n\n\t\t\n\t\t<div class=\"blog-content wf-td\">\n\t\t\t<h3 class=\"entry-title\"><a href=\"https:\/\/caumas.org\/revista\/revista-n18-marzo-2017\/\" title=\"Revista n\u00ba18 \u00b7 marzo 2017\" rel=\"bookmark\">Revista n\u00ba18 \u00b7 marzo 2017<\/a><\/h3>\n\n\t\t\t<p>[vc_row][vc_column width=&#8221;1\/4&#8243;][vc_column_text] [\/vc_column_text][vc_empty_space][\/vc_column][vc_column width=&#8221;3\/4&#8243;][vc_column_text] [\/vc_column_text][\/vc_column][\/vc_row][vc_row][vc_column][vc_column_text] [\/vc_column_text][\/vc_column][\/vc_row]<\/p>\n\n\t\t<\/div>\n\n\t<\/article>\n\n<\/div><\/div><\/div><div class=\"gap\" style=\"line-height: 5px; height: 5px;\"><\/div>[\/vc_column_inner][\/vc_row_inner][vc_row_inner][vc_column_inner width=&#8221;1\/3&#8243;]<div class=\"gap\" style=\"line-height: 10px; height: 10px;\"><\/div>[vc_column_text css=&#8221;.vc_custom_1474409721149{margin-bottom: 5px !important;border-bottom-width: 5px !important;padding-bottom: 5px !important;background-color: #ffbf8b !important;}&#8221;]<\/p>\n<h3 style=\"text-align: justify;\"><img decoding=\"async\" class=\"alignnone wp-image-509\" src=\"https:\/\/caumas.org\/revista\/wp-content\/uploads\/2015\/04\/Entrevistas-Triangulo.png\" alt=\"Entrevistas-Triangulo\" width=\"23\" height=\"23\" srcset=\"https:\/\/caumas.org\/revista\/wp-content\/uploads\/2015\/04\/Entrevistas-Triangulo.png 208w, https:\/\/caumas.org\/revista\/wp-content\/uploads\/2015\/04\/Entrevistas-Triangulo-150x150.png 150w\" sizes=\"(max-width: 23px) 100vw, 23px\" \/>\u00a0\u00a0<span style=\"color: #ffffff;\">Entrevista<\/span><\/h3>\n<p>[\/vc_column_text]<div class=\"hr-thin style-line\" style=\"width: 100%;border-color: #f4f4f4;border-top-width: 1px;\"><\/div><div class=\"dt-shortcode with-isotope\"><div class=\"wf-container dt-blog-shortcode loading-effect-fall-perspective iso-grid description-under-image content-align-left\" data-padding=\"20px\" data-cur-page=\"1\" data-posts-per-page=\"-1\" data-width=\"135px\" data-columns=\"1\">\n<div class=\"wf-cell\" data-post-id=\"3208\" data-date=\"2017-03-31T11:49:04+00:00\" data-name=\"Entrevista a D. Mario Garc\u00e9s Sanagust\u00edn\">\n\t<article class=\"post post-3208 type-post status-publish format-standard has-post-thumbnail hentry category-entrevista-mar-2017 category-entrevista category-98 category-56 description-off\">\n\n\t\t\n\t\t\t<div class=\"blog-media wf-td\">\n\n\t\t\t\t<p><a href=\"https:\/\/caumas.org\/revista\/entrevista-a-d-mario-garces-sanagustin\/\" class=\"alignnone rollover layzr-bg\" ><img decoding=\"async\" class=\"preload-me iso-lazy-load\" src=\"data:image\/svg+xml,%3Csvg%20xmlns%3D&#39;http%3A%2F%2Fwww.w3.org%2F2000%2Fsvg&#39;%20viewBox%3D&#39;0%200%20203%20135&#39;%2F%3E\" data-src=\"https:\/\/caumas.org\/revista\/wp-content\/uploads\/2017\/03\/0-Imagen-destacada-Mario-Garc\u00e9s-Sanagust\u00edn-203x135.jpg\" data-srcset=\"https:\/\/caumas.org\/revista\/wp-content\/uploads\/2017\/03\/0-Imagen-destacada-Mario-Garc\u00e9s-Sanagust\u00edn-203x135.jpg 203w, https:\/\/caumas.org\/revista\/wp-content\/uploads\/2017\/03\/0-Imagen-destacada-Mario-Garc\u00e9s-Sanagust\u00edn-406x270.jpg 406w\" alt=\"\" title=\"0 Imagen destacada &#8211; Mario Garc\u00e9s Sanagust\u00edn\" width=\"203\" height=\"135\"  \/><\/a><\/p>\n\t\t\t<\/div>\n\n\t\t\n\t\t<div class=\"blog-content wf-td\">\n\t\t\t<h3 class=\"entry-title\"><a href=\"https:\/\/caumas.org\/revista\/entrevista-a-d-mario-garces-sanagustin\/\" title=\"Entrevista a D. Mario Garc\u00e9s Sanagust\u00edn\" rel=\"bookmark\">Entrevista a D. Mario Garc\u00e9s Sanagust\u00edn<\/a><\/h3>\n\n\t\t\t\n\t\t<\/div>\n\n\t<\/article>\n\n<\/div><\/div><\/div><div class=\"gap\" style=\"line-height: 10px; height: 10px;\"><\/div>[\/vc_column_inner][vc_column_inner width=&#8221;1\/3&#8243;]<div class=\"gap\" style=\"line-height: 10px; height: 10px;\"><\/div>[vc_column_text css=&#8221;.vc_custom_1474409643568{margin-bottom: 5px !important;border-bottom-width: 5px !important;padding-bottom: 5px !important;background-color: #74ba5e !important;}&#8221;]<\/p>\n<h3 style=\"text-align: justify;\"><img loading=\"lazy\" decoding=\"async\" class=\"alignnone wp-image-512\" src=\"https:\/\/caumas.org\/revista\/wp-content\/uploads\/2015\/04\/Opinion-Triangulo.png\" alt=\"Opinion-Triangulo\" width=\"23\" height=\"23\" srcset=\"https:\/\/caumas.org\/revista\/wp-content\/uploads\/2015\/04\/Opinion-Triangulo.png 208w, https:\/\/caumas.org\/revista\/wp-content\/uploads\/2015\/04\/Opinion-Triangulo-150x150.png 150w\" sizes=\"(max-width: 23px) 100vw, 23px\" \/>\u00a0<span style=\"color: #ffffff;\">Opini\u00f3n<\/span><\/h3>\n<p>[\/vc_column_text]<div class=\"hr-thin style-line\" style=\"width: 100%;border-color: #f4f4f4;border-top-width: 1px;\"><\/div><div class=\"dt-shortcode with-isotope\"><div class=\"wf-container dt-blog-shortcode loading-effect-fall-perspective iso-grid description-under-image content-align-left\" data-padding=\"20px\" data-cur-page=\"1\" data-posts-per-page=\"-1\" data-width=\"135px\" data-columns=\"1\">\n<div class=\"wf-cell\" data-post-id=\"3199\" data-date=\"2017-03-31T10:01:52+00:00\" data-name=\"Malos tiempos para la l\u00edrica\">\n\t<article class=\"post post-3199 type-post status-publish format-standard has-post-thumbnail hentry category-opinion-mar-2017 category-opinion category-96 category-57 description-off\">\n\n\t\t\n\t\t\t<div class=\"blog-media wf-td\">\n\n\t\t\t\t<p><a href=\"https:\/\/caumas.org\/revista\/malos-tiempos-para-la-lirica\/\" class=\"alignnone rollover layzr-bg\" ><img loading=\"lazy\" decoding=\"async\" class=\"preload-me iso-lazy-load\" src=\"data:image\/svg+xml,%3Csvg%20xmlns%3D&#39;http%3A%2F%2Fwww.w3.org%2F2000%2Fsvg&#39;%20viewBox%3D&#39;0%200%20203%20135&#39;%2F%3E\" data-src=\"https:\/\/caumas.org\/revista\/wp-content\/uploads\/2017\/03\/0-Imaginen-destacada-Opinion-Ant\u00f3n-Beiras-203x135.jpg\" data-srcset=\"https:\/\/caumas.org\/revista\/wp-content\/uploads\/2017\/03\/0-Imaginen-destacada-Opinion-Ant\u00f3n-Beiras-203x135.jpg 203w, https:\/\/caumas.org\/revista\/wp-content\/uploads\/2017\/03\/0-Imaginen-destacada-Opinion-Ant\u00f3n-Beiras-406x270.jpg 406w\" alt=\"\" title=\"0 Imaginen destacada &#8211; Opinion Ant\u00f3n Beiras\" width=\"203\" height=\"135\"  \/><\/a><\/p>\n\t\t\t<\/div>\n\n\t\t\n\t\t<div class=\"blog-content wf-td\">\n\t\t\t<h3 class=\"entry-title\"><a href=\"https:\/\/caumas.org\/revista\/malos-tiempos-para-la-lirica\/\" title=\"Malos tiempos para la l\u00edrica\" rel=\"bookmark\">Malos tiempos para la l\u00edrica<\/a><\/h3>\n\n\t\t\t<p>[vc_row][vc_column][vc_row_inner][vc_column_inner][vc_column_text] Malos tiempos para la l\u00edrica D. Ant\u00f3n Beiras Cal \u00b7 Economista. Auditor. Abogado tributarista[\/vc_column_text][\/vc_column_inner][\/vc_row_inner][\/vc_column][\/vc_row][vc_row][vc_column][vc_empty_space][vc_row_inner][vc_column_inner][vc_column_text] \u00daltimamente ha sido noticia que la Seguridad Social impuso fuertes multas a intelectuales jubilados y pensionistas por percibir en derechos de autor o colaboraciones espor\u00e1dicas en la prensa, m\u00e1s del salario m\u00ednimo interprofesional. Adem\u00e1s, pod\u00edan incluso perder el derecho a&hellip;<\/p>\n\n\t\t<\/div>\n\n\t<\/article>\n\n<\/div><\/div><\/div><div class=\"gap\" style=\"line-height: 10px; height: 10px;\"><\/div>[\/vc_column_inner][vc_column_inner width=&#8221;1\/3&#8243;]<div class=\"gap\" style=\"line-height: 10px; height: 10px;\"><\/div>[vc_column_text css=&#8221;.vc_custom_1474409737416{margin-bottom: 5px !important;border-bottom-width: 5px !important;padding-bottom: 5px !important;background-color: #50b6db !important;}&#8221;]<\/p>\n<h3 style=\"text-align: justify;\"><img loading=\"lazy\" decoding=\"async\" class=\"alignnone wp-image-514\" src=\"https:\/\/caumas.org\/revista\/wp-content\/uploads\/2015\/04\/Colaboraciones-Triangulo.png\" alt=\"Colaboraciones-Triangulo\" width=\"23\" height=\"23\" srcset=\"https:\/\/caumas.org\/revista\/wp-content\/uploads\/2015\/04\/Colaboraciones-Triangulo.png 208w, https:\/\/caumas.org\/revista\/wp-content\/uploads\/2015\/04\/Colaboraciones-Triangulo-150x150.png 150w\" sizes=\"(max-width: 23px) 100vw, 23px\" \/>\u00a0<span style=\"color: #ffffff;\">Colaboraciones<\/span><\/h3>\n<p>[\/vc_column_text]<div class=\"hr-thin style-line\" style=\"width: 100%;border-color: #f4f4f4;border-top-width: 1px;\"><\/div><div class=\"dt-blog-shortcode slider-wrapper  owl-carousel dt-owl-carousel-init arrows-light enable-mobile-arrows description-under-image\" data-padding-side=\"20\" data-autoslide=\"true\" data-delay=\"6000\" data-loop=\"false\" data-arrows=\"true\">\n\n\t<article class=\"post post-3206 type-post status-publish format-standard has-post-thumbnail hentry category-colaboraciones-mar-2017 category-colaboraciones category-97 category-58 description-off\">\n\n\t\t\n\t\t\t<div class=\"blog-media wf-td\">\n\n\t\t\t\t<p><a href=\"https:\/\/caumas.org\/revista\/la-universidad-de-los-seniors-boomers-del-siglo-xxi-iiii\/\" class=\"alignnone rollover layzr-bg\" ><img loading=\"lazy\" decoding=\"async\" class=\"preload-me lazy-load\" src=\"data:image\/svg+xml,%3Csvg%20xmlns%3D&#39;http%3A%2F%2Fwww.w3.org%2F2000%2Fsvg&#39;%20viewBox%3D&#39;0%200%20280%20200&#39;%2F%3E\" data-src=\"https:\/\/caumas.org\/revista\/wp-content\/uploads\/2015\/09\/IMAGEN-DESTACADA-Enrique-Ponz\u00f3n-Lobato-280x200.jpg\" data-srcset=\"https:\/\/caumas.org\/revista\/wp-content\/uploads\/2015\/09\/IMAGEN-DESTACADA-Enrique-Ponz\u00f3n-Lobato-280x200.jpg 280w, https:\/\/caumas.org\/revista\/wp-content\/uploads\/2015\/09\/IMAGEN-DESTACADA-Enrique-Ponz\u00f3n-Lobato-466x333.jpg 466w\" alt=\"\" title=\"IMAGEN DESTACADA &#8211; Enrique Ponz\u00f3n Lobato\" width=\"280\" height=\"200\"  \/><\/a><\/p>\n\t\t\t<\/div>\n\n\t\t\n\t\t<div class=\"blog-content wf-td\">\n\t\t\t<h3 class=\"entry-title\"><a href=\"https:\/\/caumas.org\/revista\/la-universidad-de-los-seniors-boomers-del-siglo-xxi-iiii\/\" title=\"La Universidad de los S\u00e9niors Boomers del Siglo XXI (I\/III)\" rel=\"bookmark\">La Universidad de los S\u00e9niors Boomers del Siglo XXI (I\/III)<\/a><\/h3>\n\n\t\t\t\n\t\t<\/div>\n\n\t<\/article>\n\n<\/div><div class=\"gap\" style=\"line-height: 10px; height: 10px;\"><\/div>[\/vc_column_inner][\/vc_row_inner][vc_row_inner][vc_column_inner]<div class=\"gap\" style=\"line-height: 10px; height: 10px;\"><\/div>[vc_column_text css=&#8221;.vc_custom_1474409630819{margin-bottom: 5px !important;border-bottom-width: 5px !important;padding-bottom: 5px !important;background-color: #e65a3a !important;}&#8221;]<\/p>\n<h3 style=\"text-align: justify;\"><img loading=\"lazy\" decoding=\"async\" class=\"alignnone wp-image-515\" src=\"https:\/\/caumas.org\/revista\/wp-content\/uploads\/2015\/04\/Noticias-Triangulo.png\" alt=\"Noticias-Triangulo\" width=\"23\" height=\"23\" srcset=\"https:\/\/caumas.org\/revista\/wp-content\/uploads\/2015\/04\/Noticias-Triangulo.png 208w, https:\/\/caumas.org\/revista\/wp-content\/uploads\/2015\/04\/Noticias-Triangulo-150x150.png 150w\" sizes=\"(max-width: 23px) 100vw, 23px\" \/>\u00a0<span style=\"color: #ffffff;\">Noticias<\/span><\/h3>\n<p>[\/vc_column_text]<div class=\"hr-thin style-line\" style=\"width: 100%;border-color: #f4f4f4;border-top-width: 1px;\"><\/div><div class=\"dt-shortcode with-isotope\"><div class=\"wf-container dt-blog-shortcode loading-effect-fall-perspective iso-grid description-under-image content-align-left\" data-padding=\"20px\" data-cur-page=\"1\" data-posts-per-page=\"-1\" data-width=\"135px\" data-columns=\"3\">\n<div class=\"wf-cell\" data-post-id=\"3066\" data-date=\"2017-03-30T11:49:16+00:00\" data-name=\"Bases del concurso del I Certamen de Microrrelatos \u201cJos\u00e9 Vicente Marqu\u00e9s Mart\u00ed\u201d\">\n\t<article class=\"post post-3066 type-post status-publish format-standard has-post-thumbnail hentry category-noticias-mar-2017 category-noticias tag-noticias-mar-2017 category-91 category-59 description-off\">\n\n\t\t\n\t\t\t<div class=\"blog-media wf-td\">\n\n\t\t\t\t<p><a href=\"https:\/\/caumas.org\/revista\/bases-del-concurso-del-i-certamen-de-microrrelatos-jose-vicente-marques-marti\/\" class=\"alignnone rollover layzr-bg\" ><img loading=\"lazy\" decoding=\"async\" class=\"preload-me iso-lazy-load\" src=\"data:image\/svg+xml,%3Csvg%20xmlns%3D&#39;http%3A%2F%2Fwww.w3.org%2F2000%2Fsvg&#39;%20viewBox%3D&#39;0%200%20203%20135&#39;%2F%3E\" data-src=\"https:\/\/caumas.org\/revista\/wp-content\/uploads\/2017\/03\/0-Imagen-destacada-Microrrelatos-203x135.jpg\" data-srcset=\"https:\/\/caumas.org\/revista\/wp-content\/uploads\/2017\/03\/0-Imagen-destacada-Microrrelatos-203x135.jpg 203w, https:\/\/caumas.org\/revista\/wp-content\/uploads\/2017\/03\/0-Imagen-destacada-Microrrelatos-406x270.jpg 406w\" alt=\"\" title=\"0 Imagen destacada &#8211; Microrrelatos\" width=\"203\" height=\"135\"  \/><\/a><\/p>\n\t\t\t<\/div>\n\n\t\t\n\t\t<div class=\"blog-content wf-td\">\n\t\t\t<h3 class=\"entry-title\"><a href=\"https:\/\/caumas.org\/revista\/bases-del-concurso-del-i-certamen-de-microrrelatos-jose-vicente-marques-marti\/\" title=\"Bases del concurso del I Certamen de Microrrelatos \u201cJos\u00e9 Vicente Marqu\u00e9s Mart\u00ed\u201d\" rel=\"bookmark\">Bases del concurso del I Certamen de Microrrelatos \u201cJos\u00e9 Vicente Marqu\u00e9s Mart\u00ed\u201d<\/a><\/h3>\n\n\t\t\t\n\t\t<\/div>\n\n\t<\/article>\n\n<\/div>\n<div class=\"wf-cell\" data-post-id=\"3088\" data-date=\"2017-03-30T14:10:25+00:00\" data-name=\"Aula de la Experiencia de Bizkaia\">\n\t<article class=\"post post-3088 type-post status-publish format-standard has-post-thumbnail hentry category-noticias-mar-2017 category-noticias tag-noticias-mar-2017 category-91 category-59 description-off\">\n\n\t\t\n\t\t\t<div class=\"blog-media wf-td\">\n\n\t\t\t\t<p><a href=\"https:\/\/caumas.org\/revista\/aula-de-la-experiencia-de-bizkaia\/\" class=\"alignnone rollover layzr-bg\" ><img loading=\"lazy\" decoding=\"async\" class=\"preload-me iso-lazy-load\" src=\"data:image\/svg+xml,%3Csvg%20xmlns%3D&#39;http%3A%2F%2Fwww.w3.org%2F2000%2Fsvg&#39;%20viewBox%3D&#39;0%200%20203%20135&#39;%2F%3E\" data-src=\"https:\/\/caumas.org\/revista\/wp-content\/uploads\/2017\/03\/0-Imaginen-destacada-Aula-de-la-experiencia-de-Bizkaia-203x135.jpg\" data-srcset=\"https:\/\/caumas.org\/revista\/wp-content\/uploads\/2017\/03\/0-Imaginen-destacada-Aula-de-la-experiencia-de-Bizkaia-203x135.jpg 203w, https:\/\/caumas.org\/revista\/wp-content\/uploads\/2017\/03\/0-Imaginen-destacada-Aula-de-la-experiencia-de-Bizkaia-406x270.jpg 406w\" alt=\"\" title=\"0 Imaginen destacada &#8211; Aula de la experiencia de Bizkaia\" width=\"203\" height=\"135\"  \/><\/a><\/p>\n\t\t\t<\/div>\n\n\t\t\n\t\t<div class=\"blog-content wf-td\">\n\t\t\t<h3 class=\"entry-title\"><a href=\"https:\/\/caumas.org\/revista\/aula-de-la-experiencia-de-bizkaia\/\" title=\"Aula de la Experiencia de Bizkaia\" rel=\"bookmark\">Aula de la Experiencia de Bizkaia<\/a><\/h3>\n\n\t\t\t\n\t\t<\/div>\n\n\t<\/article>\n\n<\/div>\n<div class=\"wf-cell\" data-post-id=\"3091\" data-date=\"2017-03-30T14:13:11+00:00\" data-name=\"II Encuentro de Coros S\u00e9nior en Bilbao y Donostia\">\n\t<article class=\"post post-3091 type-post status-publish format-standard has-post-thumbnail hentry category-noticias-mar-2017 category-noticias tag-noticias-mar-2017 category-91 category-59 description-off\">\n\n\t\t\n\t\t\t<div class=\"blog-media wf-td\">\n\n\t\t\t\t<p><a href=\"https:\/\/caumas.org\/revista\/ii-encuentro-de-coros-senior-en-bilbao-y-donostia\/\" class=\"alignnone rollover layzr-bg\" ><img loading=\"lazy\" decoding=\"async\" class=\"preload-me iso-lazy-load\" src=\"data:image\/svg+xml,%3Csvg%20xmlns%3D&#39;http%3A%2F%2Fwww.w3.org%2F2000%2Fsvg&#39;%20viewBox%3D&#39;0%200%20203%20135&#39;%2F%3E\" data-src=\"https:\/\/caumas.org\/revista\/wp-content\/uploads\/2017\/03\/0-Imaginen-destacada-Coros-en-Bilbao-y-Donostia-203x135.jpg\" data-srcset=\"https:\/\/caumas.org\/revista\/wp-content\/uploads\/2017\/03\/0-Imaginen-destacada-Coros-en-Bilbao-y-Donostia-203x135.jpg 203w, https:\/\/caumas.org\/revista\/wp-content\/uploads\/2017\/03\/0-Imaginen-destacada-Coros-en-Bilbao-y-Donostia-406x270.jpg 406w\" alt=\"\" title=\"0 Imaginen destacada &#8211; Coros en Bilbao y Donostia\" width=\"203\" height=\"135\"  \/><\/a><\/p>\n\t\t\t<\/div>\n\n\t\t\n\t\t<div class=\"blog-content wf-td\">\n\t\t\t<h3 class=\"entry-title\"><a href=\"https:\/\/caumas.org\/revista\/ii-encuentro-de-coros-senior-en-bilbao-y-donostia\/\" title=\"II Encuentro de Coros S\u00e9nior en Bilbao y Donostia\" rel=\"bookmark\">II Encuentro de Coros S\u00e9nior en Bilbao y Donostia<\/a><\/h3>\n\n\t\t\t\n\t\t<\/div>\n\n\t<\/article>\n\n<\/div>\n<div class=\"wf-cell\" data-post-id=\"3121\" data-date=\"2017-03-30T16:18:19+00:00\" data-name=\"Proyectos CAUMAS\">\n\t<article class=\"post post-3121 type-post status-publish format-standard has-post-thumbnail hentry category-noticias-mar-2017 category-noticias tag-noticias-mar-2017 category-91 category-59 description-off\">\n\n\t\t\n\t\t\t<div class=\"blog-media wf-td\">\n\n\t\t\t\t<p><a href=\"https:\/\/caumas.org\/revista\/proyectos-caumas\/\" class=\"alignnone rollover layzr-bg\" ><img loading=\"lazy\" decoding=\"async\" class=\"preload-me iso-lazy-load\" src=\"data:image\/svg+xml,%3Csvg%20xmlns%3D&#39;http%3A%2F%2Fwww.w3.org%2F2000%2Fsvg&#39;%20viewBox%3D&#39;0%200%20203%20135&#39;%2F%3E\" data-src=\"https:\/\/caumas.org\/revista\/wp-content\/uploads\/2017\/03\/0-Imaginen-destacada-CAUMAS-203x135.jpg\" data-srcset=\"https:\/\/caumas.org\/revista\/wp-content\/uploads\/2017\/03\/0-Imaginen-destacada-CAUMAS-203x135.jpg 203w, https:\/\/caumas.org\/revista\/wp-content\/uploads\/2017\/03\/0-Imaginen-destacada-CAUMAS-406x270.jpg 406w\" alt=\"\" title=\"0 Imaginen destacada &#8211; CAUMAS\" width=\"203\" height=\"135\"  \/><\/a><\/p>\n\t\t\t<\/div>\n\n\t\t\n\t\t<div class=\"blog-content wf-td\">\n\t\t\t<h3 class=\"entry-title\"><a href=\"https:\/\/caumas.org\/revista\/proyectos-caumas\/\" title=\"Proyectos CAUMAS\" rel=\"bookmark\">Proyectos CAUMAS<\/a><\/h3>\n\n\t\t\t\n\t\t<\/div>\n\n\t<\/article>\n\n<\/div>\n<div class=\"wf-cell\" data-post-id=\"3167\" data-date=\"2017-03-31T08:41:22+00:00\" data-name=\"XVI Jornadas Internacionales sobre Asociaciones en los Programas Universitarios de Mayores\">\n\t<article class=\"post post-3167 type-post status-publish format-standard has-post-thumbnail hentry category-noticias-mar-2017 category-noticias tag-noticias-mar-2017 category-91 category-59 description-off\">\n\n\t\t\n\t\t\t<div class=\"blog-media wf-td\">\n\n\t\t\t\t<p><a href=\"https:\/\/caumas.org\/revista\/xvi-jornadas-internacionales-sobre-asociaciones-en-los-programas-universitarios-de-mayores\/\" class=\"alignnone rollover layzr-bg\" ><img loading=\"lazy\" decoding=\"async\" class=\"preload-me iso-lazy-load\" src=\"data:image\/svg+xml,%3Csvg%20xmlns%3D&#39;http%3A%2F%2Fwww.w3.org%2F2000%2Fsvg&#39;%20viewBox%3D&#39;0%200%20203%20135&#39;%2F%3E\" data-src=\"https:\/\/caumas.org\/revista\/wp-content\/uploads\/2017\/03\/0-Imaginen-destacada-VI-Encontro-Galego-203x135.jpg\" data-srcset=\"https:\/\/caumas.org\/revista\/wp-content\/uploads\/2017\/03\/0-Imaginen-destacada-VI-Encontro-Galego-203x135.jpg 203w, https:\/\/caumas.org\/revista\/wp-content\/uploads\/2017\/03\/0-Imaginen-destacada-VI-Encontro-Galego-406x270.jpg 406w\" alt=\"\" title=\"0 Imaginen destacada &#8211; VI Encontro Galego\" width=\"203\" height=\"135\"  \/><\/a><\/p>\n\t\t\t<\/div>\n\n\t\t\n\t\t<div class=\"blog-content wf-td\">\n\t\t\t<h3 class=\"entry-title\"><a href=\"https:\/\/caumas.org\/revista\/xvi-jornadas-internacionales-sobre-asociaciones-en-los-programas-universitarios-de-mayores\/\" title=\"XVI Jornadas Internacionales sobre Asociaciones en los Programas Universitarios de Mayores\" rel=\"bookmark\">XVI Jornadas Internacionales sobre Asociaciones en los Programas Universitarios de Mayores<\/a><\/h3>\n\n\t\t\t\n\t\t<\/div>\n\n\t<\/article>\n\n<\/div>\n<div class=\"wf-cell\" data-post-id=\"3078\" data-date=\"2017-03-30T12:14:20+00:00\" data-name=\"Presentaci\u00f3n del Proyecto Simp\u00e1tico\">\n\t<article class=\"post post-3078 type-post status-publish format-standard has-post-thumbnail hentry category-noticias-mar-2017 category-noticias tag-noticias-mar-2017 category-91 category-59 description-off\">\n\n\t\t\n\t\t\t<div class=\"blog-media wf-td\">\n\n\t\t\t\t<p><a href=\"https:\/\/caumas.org\/revista\/presentacion-del-proyecto-simpatico\/\" class=\"alignnone rollover layzr-bg\" ><img loading=\"lazy\" decoding=\"async\" class=\"preload-me iso-lazy-load\" src=\"data:image\/svg+xml,%3Csvg%20xmlns%3D&#39;http%3A%2F%2Fwww.w3.org%2F2000%2Fsvg&#39;%20viewBox%3D&#39;0%200%20203%20135&#39;%2F%3E\" data-src=\"https:\/\/caumas.org\/revista\/wp-content\/uploads\/2017\/03\/0-Imaginen-destacada-Proyecto-Simp\u00e1tico-203x135.jpg\" data-srcset=\"https:\/\/caumas.org\/revista\/wp-content\/uploads\/2017\/03\/0-Imaginen-destacada-Proyecto-Simp\u00e1tico-203x135.jpg 203w, https:\/\/caumas.org\/revista\/wp-content\/uploads\/2017\/03\/0-Imaginen-destacada-Proyecto-Simp\u00e1tico-406x270.jpg 406w\" alt=\"\" title=\"0 Imaginen destacada &#8211; Proyecto Simp\u00e1tico\" width=\"203\" height=\"135\"  \/><\/a><\/p>\n\t\t\t<\/div>\n\n\t\t\n\t\t<div class=\"blog-content wf-td\">\n\t\t\t<h3 class=\"entry-title\"><a href=\"https:\/\/caumas.org\/revista\/presentacion-del-proyecto-simpatico\/\" title=\"Presentaci\u00f3n del Proyecto Simp\u00e1tico\" rel=\"bookmark\">Presentaci\u00f3n del Proyecto Simp\u00e1tico<\/a><\/h3>\n\n\t\t\t\n\t\t<\/div>\n\n\t<\/article>\n\n<\/div>\n<div class=\"wf-cell\" data-post-id=\"3074\" data-date=\"2017-03-30T12:06:47+00:00\" data-name=\"Las energ\u00edas del presente y del ... futuro \u00b7 Conferencia impartida por D. Mariano Esteban Pi\u00f1eiro\">\n\t<article class=\"post post-3074 type-post status-publish format-standard has-post-thumbnail hentry category-noticias-mar-2017 category-noticias tag-noticias-mar-2017 category-91 category-59 description-off\">\n\n\t\t\n\t\t\t<div class=\"blog-media wf-td\">\n\n\t\t\t\t<p><a href=\"https:\/\/caumas.org\/revista\/las-energias-del-presente-y-del-futuro-%c2%b7-conferencia-impartida-por-d-mariano-esteban-pineiro\/\" class=\"alignnone rollover layzr-bg\" ><img loading=\"lazy\" decoding=\"async\" class=\"preload-me iso-lazy-load\" src=\"data:image\/svg+xml,%3Csvg%20xmlns%3D&#39;http%3A%2F%2Fwww.w3.org%2F2000%2Fsvg&#39;%20viewBox%3D&#39;0%200%20203%20135&#39;%2F%3E\" data-src=\"https:\/\/caumas.org\/revista\/wp-content\/uploads\/2017\/03\/0-Imagen-destacada-Energias-Renovables-203x135.jpg\" data-srcset=\"https:\/\/caumas.org\/revista\/wp-content\/uploads\/2017\/03\/0-Imagen-destacada-Energias-Renovables-203x135.jpg 203w, https:\/\/caumas.org\/revista\/wp-content\/uploads\/2017\/03\/0-Imagen-destacada-Energias-Renovables-406x270.jpg 406w\" alt=\"\" title=\"0 Imagen destacada &#8211; Energias Renovables\" width=\"203\" height=\"135\"  \/><\/a><\/p>\n\t\t\t<\/div>\n\n\t\t\n\t\t<div class=\"blog-content wf-td\">\n\t\t\t<h3 class=\"entry-title\"><a href=\"https:\/\/caumas.org\/revista\/las-energias-del-presente-y-del-futuro-%c2%b7-conferencia-impartida-por-d-mariano-esteban-pineiro\/\" title=\"Las energ\u00edas del presente y del &#8230; futuro \u00b7 Conferencia impartida por D. Mariano Esteban Pi\u00f1eiro\" rel=\"bookmark\">Las energ\u00edas del presente y del &#8230; futuro \u00b7 Conferencia impartida por D. Mariano Esteban Pi\u00f1eiro<\/a><\/h3>\n\n\t\t\t\n\t\t<\/div>\n\n\t<\/article>\n\n<\/div>\n<div class=\"wf-cell\" data-post-id=\"3148\" data-date=\"2017-03-30T17:10:22+00:00\" data-name=\"I Congreso cient\u00edfico internacional de los proyectos educativos para s\u00e9nior\">\n\t<article class=\"post post-3148 type-post status-publish format-standard has-post-thumbnail hentry category-noticias-mar-2017 category-noticias tag-noticias-mar-2017 category-91 category-59 description-off\">\n\n\t\t\n\t\t\t<div class=\"blog-media wf-td\">\n\n\t\t\t\t<p><a href=\"https:\/\/caumas.org\/revista\/i-congreso-cientifico-internacional-de-los-proyectos-educativos-para-senior\/\" class=\"alignnone rollover layzr-bg\" ><img loading=\"lazy\" decoding=\"async\" class=\"preload-me iso-lazy-load\" src=\"data:image\/svg+xml,%3Csvg%20xmlns%3D&#39;http%3A%2F%2Fwww.w3.org%2F2000%2Fsvg&#39;%20viewBox%3D&#39;0%200%20203%20135&#39;%2F%3E\" data-src=\"https:\/\/caumas.org\/revista\/wp-content\/uploads\/2017\/03\/0-Imaginen-destacada-I-CONGRESO-Cient\u00edfico-203x135.jpg\" data-srcset=\"https:\/\/caumas.org\/revista\/wp-content\/uploads\/2017\/03\/0-Imaginen-destacada-I-CONGRESO-Cient\u00edfico-203x135.jpg 203w, https:\/\/caumas.org\/revista\/wp-content\/uploads\/2017\/03\/0-Imaginen-destacada-I-CONGRESO-Cient\u00edfico-406x270.jpg 406w\" alt=\"\" title=\"0 Imaginen destacada &#8211; I CONGRESO Cient\u00edfico\" width=\"203\" height=\"135\"  \/><\/a><\/p>\n\t\t\t<\/div>\n\n\t\t\n\t\t<div class=\"blog-content wf-td\">\n\t\t\t<h3 class=\"entry-title\"><a href=\"https:\/\/caumas.org\/revista\/i-congreso-cientifico-internacional-de-los-proyectos-educativos-para-senior\/\" title=\"I Congreso cient\u00edfico internacional de los proyectos educativos para s\u00e9nior\" rel=\"bookmark\">I Congreso cient\u00edfico internacional de los proyectos educativos para s\u00e9nior<\/a><\/h3>\n\n\t\t\t\n\t\t<\/div>\n\n\t<\/article>\n\n<\/div>\n<div class=\"wf-cell\" data-post-id=\"3083\" data-date=\"2017-03-30T12:20:26+00:00\" data-name=\"ALUMA, Programa de Actividades\">\n\t<article class=\"post post-3083 type-post status-publish format-standard has-post-thumbnail hentry category-noticias-mar-2017 category-noticias tag-noticias-mar-2017 category-91 category-59 description-off\">\n\n\t\t\n\t\t\t<div class=\"blog-media wf-td\">\n\n\t\t\t\t<p><a href=\"https:\/\/caumas.org\/revista\/aluma-programa-de-actividades\/\" class=\"alignnone rollover layzr-bg\" ><img loading=\"lazy\" decoding=\"async\" class=\"preload-me iso-lazy-load\" src=\"data:image\/svg+xml,%3Csvg%20xmlns%3D&#39;http%3A%2F%2Fwww.w3.org%2F2000%2Fsvg&#39;%20viewBox%3D&#39;0%200%20203%20135&#39;%2F%3E\" data-src=\"https:\/\/caumas.org\/revista\/wp-content\/uploads\/2017\/03\/0-Imaginen-destacada-Actividades-Aluma-203x135.jpg\" data-srcset=\"https:\/\/caumas.org\/revista\/wp-content\/uploads\/2017\/03\/0-Imaginen-destacada-Actividades-Aluma-203x135.jpg 203w, https:\/\/caumas.org\/revista\/wp-content\/uploads\/2017\/03\/0-Imaginen-destacada-Actividades-Aluma-406x270.jpg 406w\" alt=\"\" title=\"0 Imaginen destacada &#8211; Actividades Aluma\" width=\"203\" height=\"135\"  \/><\/a><\/p>\n\t\t\t<\/div>\n\n\t\t\n\t\t<div class=\"blog-content wf-td\">\n\t\t\t<h3 class=\"entry-title\"><a href=\"https:\/\/caumas.org\/revista\/aluma-programa-de-actividades\/\" title=\"ALUMA, Programa de Actividades\" rel=\"bookmark\">ALUMA, Programa de Actividades<\/a><\/h3>\n\n\t\t\t\n\t\t<\/div>\n\n\t<\/article>\n\n<\/div>\n<div class=\"wf-cell\" data-post-id=\"3158\" data-date=\"2017-03-30T17:36:25+00:00\" data-name=\"Hablan las Asociaciones: AEPUMA\">\n\t<article class=\"post post-3158 type-post status-publish format-standard has-post-thumbnail hentry category-noticias-mar-2017 category-hablan-las-asociaciones-mar-2017 category-asociaciones category-noticias tag-noticias-mar-2017 category-91 category-94 category-93 category-59 description-off\">\n\n\t\t\n\t\t\t<div class=\"blog-media wf-td\">\n\n\t\t\t\t<p><a href=\"https:\/\/caumas.org\/revista\/hablan-las-asociaciones-aepuma\/\" class=\"alignnone rollover layzr-bg\" ><img loading=\"lazy\" decoding=\"async\" class=\"preload-me iso-lazy-load\" src=\"data:image\/svg+xml,%3Csvg%20xmlns%3D&#39;http%3A%2F%2Fwww.w3.org%2F2000%2Fsvg&#39;%20viewBox%3D&#39;0%200%20203%20135&#39;%2F%3E\" data-src=\"https:\/\/caumas.org\/revista\/wp-content\/uploads\/2017\/03\/0-Imaginen-destacada-UAM-203x135.jpg\" data-srcset=\"https:\/\/caumas.org\/revista\/wp-content\/uploads\/2017\/03\/0-Imaginen-destacada-UAM-203x135.jpg 203w, https:\/\/caumas.org\/revista\/wp-content\/uploads\/2017\/03\/0-Imaginen-destacada-UAM-406x270.jpg 406w\" alt=\"\" title=\"0 Imaginen destacada &#8211; UAM\" width=\"203\" height=\"135\"  \/><\/a><\/p>\n\t\t\t<\/div>\n\n\t\t\n\t\t<div class=\"blog-content wf-td\">\n\t\t\t<h3 class=\"entry-title\"><a href=\"https:\/\/caumas.org\/revista\/hablan-las-asociaciones-aepuma\/\" title=\"Hablan las Asociaciones: AEPUMA\" rel=\"bookmark\">Hablan las Asociaciones: AEPUMA<\/a><\/h3>\n\n\t\t\t\n\t\t<\/div>\n\n\t<\/article>\n\n<\/div>\n<div class=\"wf-cell\" data-post-id=\"3100\" data-date=\"2017-03-30T14:41:40+00:00\" data-name=\"Actividades de la Asociaci\u00f3n de Alumnos y Antiguos Alumnos del Programa Interuniversitario de la Experiencia de Valladolid\">\n\t<article class=\"post post-3100 type-post status-publish format-standard has-post-thumbnail hentry category-noticias-mar-2017 category-noticias tag-noticias-mar-2017 category-91 category-59 description-off\">\n\n\t\t\n\t\t\t<div class=\"blog-media wf-td\">\n\n\t\t\t\t<p><a href=\"https:\/\/caumas.org\/revista\/actividades-de-la-asociacion-de-alumnos-y-antiguos-alumnos-del-programa-interuniversitario-de-la-experiencia-de-valladolid\/\" class=\"alignnone rollover layzr-bg\" ><img loading=\"lazy\" decoding=\"async\" class=\"preload-me iso-lazy-load\" src=\"data:image\/svg+xml,%3Csvg%20xmlns%3D&#39;http%3A%2F%2Fwww.w3.org%2F2000%2Fsvg&#39;%20viewBox%3D&#39;0%200%20203%20135&#39;%2F%3E\" data-src=\"https:\/\/caumas.org\/revista\/wp-content\/uploads\/2017\/03\/0-Imaginen-destacada-AAAAPIEXA-203x135.jpg\" data-srcset=\"https:\/\/caumas.org\/revista\/wp-content\/uploads\/2017\/03\/0-Imaginen-destacada-AAAAPIEXA-203x135.jpg 203w, https:\/\/caumas.org\/revista\/wp-content\/uploads\/2017\/03\/0-Imaginen-destacada-AAAAPIEXA-406x270.jpg 406w\" alt=\"\" title=\"0 Imaginen destacada &#8211; AAAAPIEXA\" width=\"203\" height=\"135\"  \/><\/a><\/p>\n\t\t\t<\/div>\n\n\t\t\n\t\t<div class=\"blog-content wf-td\">\n\t\t\t<h3 class=\"entry-title\"><a href=\"https:\/\/caumas.org\/revista\/actividades-de-la-asociacion-de-alumnos-y-antiguos-alumnos-del-programa-interuniversitario-de-la-experiencia-de-valladolid\/\" title=\"Actividades de la Asociaci\u00f3n de Alumnos y Antiguos Alumnos del Programa Interuniversitario de la Experiencia de Valladolid\" rel=\"bookmark\">Actividades de la Asociaci\u00f3n de Alumnos y Antiguos Alumnos del Programa Interuniversitario de la Experiencia de Valladolid<\/a><\/h3>\n\n\t\t\t\n\t\t<\/div>\n\n\t<\/article>\n\n<\/div>\n<div class=\"wf-cell\" data-post-id=\"3190\" data-date=\"2017-03-31T09:23:02+00:00\" data-name=\"Un a\u00f1o m\u00e1s un cocido menos \u00b7 Asociaci\u00f3n de IV Ciclo Universitario del Campus de Lugo - USC\">\n\t<article class=\"post post-3190 type-post status-publish format-standard has-post-thumbnail hentry category-noticias-mar-2017 category-noticias tag-noticias-mar-2017 category-91 category-59 description-off\">\n\n\t\t\n\t\t\t<div class=\"blog-media wf-td\">\n\n\t\t\t\t<p><a href=\"https:\/\/caumas.org\/revista\/un-ano-mas-un-cocido-menos-asociacion-de-iv-ciclo-universitario-del-campus-de-lugo-usc\/\" class=\"alignnone rollover layzr-bg\" ><img loading=\"lazy\" decoding=\"async\" class=\"preload-me iso-lazy-load\" src=\"data:image\/svg+xml,%3Csvg%20xmlns%3D&#39;http%3A%2F%2Fwww.w3.org%2F2000%2Fsvg&#39;%20viewBox%3D&#39;0%200%20203%20135&#39;%2F%3E\" data-src=\"https:\/\/caumas.org\/revista\/wp-content\/uploads\/2017\/03\/0-Imaginen-destacada-Un-A\u00f1o-M\u00e1s-un-Cocido-menos-203x135.jpg\" data-srcset=\"https:\/\/caumas.org\/revista\/wp-content\/uploads\/2017\/03\/0-Imaginen-destacada-Un-A\u00f1o-M\u00e1s-un-Cocido-menos-203x135.jpg 203w, https:\/\/caumas.org\/revista\/wp-content\/uploads\/2017\/03\/0-Imaginen-destacada-Un-A\u00f1o-M\u00e1s-un-Cocido-menos-406x270.jpg 406w\" alt=\"\" title=\"0 Imaginen destacada &#8211; Un A\u00f1o M\u00e1s un Cocido menos\" width=\"203\" height=\"135\"  \/><\/a><\/p>\n\t\t\t<\/div>\n\n\t\t\n\t\t<div class=\"blog-content wf-td\">\n\t\t\t<h3 class=\"entry-title\"><a href=\"https:\/\/caumas.org\/revista\/un-ano-mas-un-cocido-menos-asociacion-de-iv-ciclo-universitario-del-campus-de-lugo-usc\/\" title=\"Un a\u00f1o m\u00e1s un cocido menos \u00b7 Asociaci\u00f3n de IV Ciclo Universitario del Campus de Lugo &#8211; USC\" rel=\"bookmark\">Un a\u00f1o m\u00e1s un cocido menos \u00b7 Asociaci\u00f3n de IV Ciclo Universitario del Campus de Lugo &#8211; USC<\/a><\/h3>\n\n\t\t\t\n\t\t<\/div>\n\n\t<\/article>\n\n<\/div>\n<div class=\"wf-cell\" data-post-id=\"3059\" data-date=\"2017-03-30T11:37:13+00:00\" data-name=\"La Asociaci\u00f3n de Mayores de la Universidad de La Laguna gestionar\u00e1 la adhesi\u00f3n de La Laguna a la Red de Ciudades Amigables con Personas Mayores\">\n\t<article class=\"post post-3059 type-post status-publish format-standard has-post-thumbnail hentry category-noticias-mar-2017 category-noticias tag-noticias-mar-2017 category-91 category-59 description-off\">\n\n\t\t\n\t\t\t<div class=\"blog-media wf-td\">\n\n\t\t\t\t<p><a href=\"https:\/\/caumas.org\/revista\/la-asociacion-de-mayores-de-la-universidad-de-la-laguna-gestionara-la-adhesion-de-la-laguna-a-la-red-de-ciudades-amigables-con-personas-mayores\/\" class=\"alignnone rollover layzr-bg\" ><img loading=\"lazy\" decoding=\"async\" class=\"preload-me iso-lazy-load\" src=\"data:image\/svg+xml,%3Csvg%20xmlns%3D&#39;http%3A%2F%2Fwww.w3.org%2F2000%2Fsvg&#39;%20viewBox%3D&#39;0%200%20203%20135&#39;%2F%3E\" data-src=\"https:\/\/caumas.org\/revista\/wp-content\/uploads\/2017\/03\/0-Imagen-destacada-La-Laguna-203x135.jpg\" data-srcset=\"https:\/\/caumas.org\/revista\/wp-content\/uploads\/2017\/03\/0-Imagen-destacada-La-Laguna-203x135.jpg 203w, https:\/\/caumas.org\/revista\/wp-content\/uploads\/2017\/03\/0-Imagen-destacada-La-Laguna-406x270.jpg 406w\" alt=\"\" title=\"0 Imagen destacada &#8211; La Laguna\" width=\"203\" height=\"135\"  \/><\/a><\/p>\n\t\t\t<\/div>\n\n\t\t\n\t\t<div class=\"blog-content wf-td\">\n\t\t\t<h3 class=\"entry-title\"><a href=\"https:\/\/caumas.org\/revista\/la-asociacion-de-mayores-de-la-universidad-de-la-laguna-gestionara-la-adhesion-de-la-laguna-a-la-red-de-ciudades-amigables-con-personas-mayores\/\" title=\"La Asociaci\u00f3n de Mayores de la Universidad de La Laguna gestionar\u00e1 la adhesi\u00f3n de La Laguna a la Red de Ciudades Amigables con Personas Mayores\" rel=\"bookmark\">La Asociaci\u00f3n de Mayores de la Universidad de La Laguna gestionar\u00e1 la adhesi\u00f3n de La Laguna a la Red de Ciudades Amigables con Personas Mayores<\/a><\/h3>\n\n\t\t\t\n\t\t<\/div>\n\n\t<\/article>\n\n<\/div><\/div><\/div><div class=\"gap\" style=\"line-height: 10px; height: 10px;\"><\/div>[\/vc_column_inner][\/vc_row_inner][\/vc_column][vc_column width=&#8221;1\/4&#8243;][vc_column_text css=&#8221;.vc_custom_1474358447373{margin-bottom: 0px !important;border-bottom-width: 0px !important;padding-bottom: 0px !important;}&#8221;]<\/p>\n<h4 style=\"text-align: justify;\"><strong><span style=\"color: #000000;\">En este n\u00famero:<\/span><\/strong><\/h4>\n<p>[\/vc_column_text]<div class=\"hr-thin style-line\" style=\"width: 100%;border-color: #696969;border-top-width: 1px;\"><\/div><div class=\"dt-blog-shortcode slider-wrapper  owl-carousel dt-owl-carousel-init arrows-light enable-mobile-arrows description-under-image\" data-padding-side=\"20\" data-autoslide=\"true\" data-delay=\"6000\" data-loop=\"false\" data-arrows=\"true\">\n\n\t<article class=\"post post-3190 type-post status-publish format-standard has-post-thumbnail hentry category-noticias-mar-2017 category-noticias tag-noticias-mar-2017 category-91 category-59 description-off\">\n\n\t\t\n\t\t\t<div class=\"blog-media wf-td\">\n\n\t\t\t\t<p><a href=\"https:\/\/caumas.org\/revista\/un-ano-mas-un-cocido-menos-asociacion-de-iv-ciclo-universitario-del-campus-de-lugo-usc\/\" class=\"alignnone rollover layzr-bg\" ><img loading=\"lazy\" decoding=\"async\" class=\"preload-me lazy-load\" src=\"data:image\/svg+xml,%3Csvg%20xmlns%3D&#39;http%3A%2F%2Fwww.w3.org%2F2000%2Fsvg&#39;%20viewBox%3D&#39;0%200%20280%20200&#39;%2F%3E\" data-src=\"https:\/\/caumas.org\/revista\/wp-content\/uploads\/2017\/03\/0-Imaginen-destacada-Un-A\u00f1o-M\u00e1s-un-Cocido-menos-280x200.jpg\" data-srcset=\"https:\/\/caumas.org\/revista\/wp-content\/uploads\/2017\/03\/0-Imaginen-destacada-Un-A\u00f1o-M\u00e1s-un-Cocido-menos-280x200.jpg 280w, https:\/\/caumas.org\/revista\/wp-content\/uploads\/2017\/03\/0-Imaginen-destacada-Un-A\u00f1o-M\u00e1s-un-Cocido-menos-466x333.jpg 466w\" alt=\"\" title=\"0 Imaginen destacada &#8211; Un A\u00f1o M\u00e1s un Cocido menos\" width=\"280\" height=\"200\"  \/><\/a><\/p>\n\t\t\t<\/div>\n\n\t\t\n\t\t<div class=\"blog-content wf-td\">\n\t\t\t<h3 class=\"entry-title\"><a href=\"https:\/\/caumas.org\/revista\/un-ano-mas-un-cocido-menos-asociacion-de-iv-ciclo-universitario-del-campus-de-lugo-usc\/\" title=\"Un a\u00f1o m\u00e1s un cocido menos \u00b7 Asociaci\u00f3n de IV Ciclo Universitario del Campus de Lugo &#8211; USC\" rel=\"bookmark\">Un a\u00f1o m\u00e1s un cocido menos \u00b7 Asociaci\u00f3n de IV Ciclo Universitario del Campus de Lugo &#8211; USC<\/a><\/h3>\n\n\t\t\t\n\t\t<\/div>\n\n\t<\/article>\n\n\n\n\t<article class=\"post post-3091 type-post status-publish format-standard has-post-thumbnail hentry category-noticias-mar-2017 category-noticias tag-noticias-mar-2017 category-91 category-59 description-off\">\n\n\t\t\n\t\t\t<div class=\"blog-media wf-td\">\n\n\t\t\t\t<p><a href=\"https:\/\/caumas.org\/revista\/ii-encuentro-de-coros-senior-en-bilbao-y-donostia\/\" class=\"alignnone rollover layzr-bg\" ><img loading=\"lazy\" decoding=\"async\" class=\"preload-me lazy-load\" src=\"data:image\/svg+xml,%3Csvg%20xmlns%3D&#39;http%3A%2F%2Fwww.w3.org%2F2000%2Fsvg&#39;%20viewBox%3D&#39;0%200%20280%20200&#39;%2F%3E\" data-src=\"https:\/\/caumas.org\/revista\/wp-content\/uploads\/2017\/03\/0-Imaginen-destacada-Coros-en-Bilbao-y-Donostia-280x200.jpg\" data-srcset=\"https:\/\/caumas.org\/revista\/wp-content\/uploads\/2017\/03\/0-Imaginen-destacada-Coros-en-Bilbao-y-Donostia-280x200.jpg 280w, https:\/\/caumas.org\/revista\/wp-content\/uploads\/2017\/03\/0-Imaginen-destacada-Coros-en-Bilbao-y-Donostia-466x333.jpg 466w\" alt=\"\" title=\"0 Imaginen destacada &#8211; Coros en Bilbao y Donostia\" width=\"280\" height=\"200\"  \/><\/a><\/p>\n\t\t\t<\/div>\n\n\t\t\n\t\t<div class=\"blog-content wf-td\">\n\t\t\t<h3 class=\"entry-title\"><a href=\"https:\/\/caumas.org\/revista\/ii-encuentro-de-coros-senior-en-bilbao-y-donostia\/\" title=\"II Encuentro de Coros S\u00e9nior en Bilbao y Donostia\" rel=\"bookmark\">II Encuentro de Coros S\u00e9nior en Bilbao y Donostia<\/a><\/h3>\n\n\t\t\t\n\t\t<\/div>\n\n\t<\/article>\n\n\n\n\t<article class=\"post post-3088 type-post status-publish format-standard has-post-thumbnail hentry category-noticias-mar-2017 category-noticias tag-noticias-mar-2017 category-91 category-59 description-off\">\n\n\t\t\n\t\t\t<div class=\"blog-media wf-td\">\n\n\t\t\t\t<p><a href=\"https:\/\/caumas.org\/revista\/aula-de-la-experiencia-de-bizkaia\/\" class=\"alignnone rollover layzr-bg\" ><img loading=\"lazy\" decoding=\"async\" class=\"preload-me lazy-load\" src=\"data:image\/svg+xml,%3Csvg%20xmlns%3D&#39;http%3A%2F%2Fwww.w3.org%2F2000%2Fsvg&#39;%20viewBox%3D&#39;0%200%20280%20200&#39;%2F%3E\" data-src=\"https:\/\/caumas.org\/revista\/wp-content\/uploads\/2017\/03\/0-Imaginen-destacada-Aula-de-la-experiencia-de-Bizkaia-280x200.jpg\" data-srcset=\"https:\/\/caumas.org\/revista\/wp-content\/uploads\/2017\/03\/0-Imaginen-destacada-Aula-de-la-experiencia-de-Bizkaia-280x200.jpg 280w, https:\/\/caumas.org\/revista\/wp-content\/uploads\/2017\/03\/0-Imaginen-destacada-Aula-de-la-experiencia-de-Bizkaia-466x333.jpg 466w\" alt=\"\" title=\"0 Imaginen destacada &#8211; Aula de la experiencia de Bizkaia\" width=\"280\" height=\"200\"  \/><\/a><\/p>\n\t\t\t<\/div>\n\n\t\t\n\t\t<div class=\"blog-content wf-td\">\n\t\t\t<h3 class=\"entry-title\"><a href=\"https:\/\/caumas.org\/revista\/aula-de-la-experiencia-de-bizkaia\/\" title=\"Aula de la Experiencia de Bizkaia\" rel=\"bookmark\">Aula de la Experiencia de Bizkaia<\/a><\/h3>\n\n\t\t\t\n\t\t<\/div>\n\n\t<\/article>\n\n\n\n\t<article class=\"post post-3208 type-post status-publish format-standard has-post-thumbnail hentry category-entrevista-mar-2017 category-entrevista category-98 category-56 description-off\">\n\n\t\t\n\t\t\t<div class=\"blog-media wf-td\">\n\n\t\t\t\t<p><a href=\"https:\/\/caumas.org\/revista\/entrevista-a-d-mario-garces-sanagustin\/\" class=\"alignnone rollover layzr-bg\" ><img loading=\"lazy\" decoding=\"async\" class=\"preload-me lazy-load\" src=\"data:image\/svg+xml,%3Csvg%20xmlns%3D&#39;http%3A%2F%2Fwww.w3.org%2F2000%2Fsvg&#39;%20viewBox%3D&#39;0%200%20280%20200&#39;%2F%3E\" data-src=\"https:\/\/caumas.org\/revista\/wp-content\/uploads\/2017\/03\/0-Imagen-destacada-Mario-Garc\u00e9s-Sanagust\u00edn-280x200.jpg\" data-srcset=\"https:\/\/caumas.org\/revista\/wp-content\/uploads\/2017\/03\/0-Imagen-destacada-Mario-Garc\u00e9s-Sanagust\u00edn-280x200.jpg 280w, https:\/\/caumas.org\/revista\/wp-content\/uploads\/2017\/03\/0-Imagen-destacada-Mario-Garc\u00e9s-Sanagust\u00edn-466x333.jpg 466w\" alt=\"\" title=\"0 Imagen destacada &#8211; Mario Garc\u00e9s Sanagust\u00edn\" width=\"280\" height=\"200\"  \/><\/a><\/p>\n\t\t\t<\/div>\n\n\t\t\n\t\t<div class=\"blog-content wf-td\">\n\t\t\t<h3 class=\"entry-title\"><a href=\"https:\/\/caumas.org\/revista\/entrevista-a-d-mario-garces-sanagustin\/\" title=\"Entrevista a D. Mario Garc\u00e9s Sanagust\u00edn\" rel=\"bookmark\">Entrevista a D. Mario Garc\u00e9s Sanagust\u00edn<\/a><\/h3>\n\n\t\t\t\n\t\t<\/div>\n\n\t<\/article>\n\n\n\n\t<article class=\"post post-3179 type-post status-publish format-standard has-post-thumbnail hentry category-noticias-mar-2017 category-noticias tag-noticias-mar-2017 category-91 category-59 description-off\">\n\n\t\t\n\t\t\t<div class=\"blog-media wf-td\">\n\n\t\t\t\t<p><a href=\"https:\/\/caumas.org\/revista\/visita-a-la-casa-museo-de-maria-pita\/\" class=\"alignnone rollover layzr-bg\" ><img loading=\"lazy\" decoding=\"async\" class=\"preload-me lazy-load\" src=\"data:image\/svg+xml,%3Csvg%20xmlns%3D&#39;http%3A%2F%2Fwww.w3.org%2F2000%2Fsvg&#39;%20viewBox%3D&#39;0%200%20280%20200&#39;%2F%3E\" data-src=\"https:\/\/caumas.org\/revista\/wp-content\/uploads\/2017\/03\/0-Imaginen-destacada-Casa-Mar\u00eda-Pita-280x200.jpg\" data-srcset=\"https:\/\/caumas.org\/revista\/wp-content\/uploads\/2017\/03\/0-Imaginen-destacada-Casa-Mar\u00eda-Pita-280x200.jpg 280w, https:\/\/caumas.org\/revista\/wp-content\/uploads\/2017\/03\/0-Imaginen-destacada-Casa-Mar\u00eda-Pita-466x333.jpg 466w\" alt=\"\" title=\"0 Imaginen destacada &#8211; Casa Mar\u00eda Pita\" width=\"280\" height=\"200\"  \/><\/a><\/p>\n\t\t\t<\/div>\n\n\t\t\n\t\t<div class=\"blog-content wf-td\">\n\t\t\t<h3 class=\"entry-title\"><a href=\"https:\/\/caumas.org\/revista\/visita-a-la-casa-museo-de-maria-pita\/\" title=\"Visita a la casa Museo de Mar\u00eda Pita\" rel=\"bookmark\">Visita a la casa Museo de Mar\u00eda Pita<\/a><\/h3>\n\n\t\t\t\n\t\t<\/div>\n\n\t<\/article>\n\n\n\n\t<article class=\"post post-3206 type-post status-publish format-standard has-post-thumbnail hentry category-colaboraciones-mar-2017 category-colaboraciones category-97 category-58 description-off\">\n\n\t\t\n\t\t\t<div class=\"blog-media wf-td\">\n\n\t\t\t\t<p><a href=\"https:\/\/caumas.org\/revista\/la-universidad-de-los-seniors-boomers-del-siglo-xxi-iiii\/\" class=\"alignnone rollover layzr-bg\" ><img loading=\"lazy\" decoding=\"async\" class=\"preload-me lazy-load\" src=\"data:image\/svg+xml,%3Csvg%20xmlns%3D&#39;http%3A%2F%2Fwww.w3.org%2F2000%2Fsvg&#39;%20viewBox%3D&#39;0%200%20280%20200&#39;%2F%3E\" data-src=\"https:\/\/caumas.org\/revista\/wp-content\/uploads\/2015\/09\/IMAGEN-DESTACADA-Enrique-Ponz\u00f3n-Lobato-280x200.jpg\" data-srcset=\"https:\/\/caumas.org\/revista\/wp-content\/uploads\/2015\/09\/IMAGEN-DESTACADA-Enrique-Ponz\u00f3n-Lobato-280x200.jpg 280w, https:\/\/caumas.org\/revista\/wp-content\/uploads\/2015\/09\/IMAGEN-DESTACADA-Enrique-Ponz\u00f3n-Lobato-466x333.jpg 466w\" alt=\"\" title=\"IMAGEN DESTACADA &#8211; Enrique Ponz\u00f3n Lobato\" width=\"280\" height=\"200\"  \/><\/a><\/p>\n\t\t\t<\/div>\n\n\t\t\n\t\t<div class=\"blog-content wf-td\">\n\t\t\t<h3 class=\"entry-title\"><a href=\"https:\/\/caumas.org\/revista\/la-universidad-de-los-seniors-boomers-del-siglo-xxi-iiii\/\" title=\"La Universidad de los S\u00e9niors Boomers del Siglo XXI (I\/III)\" rel=\"bookmark\">La Universidad de los S\u00e9niors Boomers del Siglo XXI (I\/III)<\/a><\/h3>\n\n\t\t\t\n\t\t<\/div>\n\n\t<\/article>\n\n\n\n\t<article class=\"post post-3143 type-post status-publish format-standard has-post-thumbnail hentry category-noticias-mar-2017 category-noticias tag-noticias-mar-2017 category-91 category-59 description-off\">\n\n\t\t\n\t\t\t<div class=\"blog-media wf-td\">\n\n\t\t\t\t<p><a href=\"https:\/\/caumas.org\/revista\/felicitas-rodriguez-gonzalez-%c2%b7-jefa-del-departamento-de-sociedad-de-la-informacion-amtega\/\" class=\"alignnone rollover layzr-bg\" ><img loading=\"lazy\" decoding=\"async\" class=\"preload-me lazy-load\" src=\"data:image\/svg+xml,%3Csvg%20xmlns%3D&#39;http%3A%2F%2Fwww.w3.org%2F2000%2Fsvg&#39;%20viewBox%3D&#39;0%200%20280%20200&#39;%2F%3E\" data-src=\"https:\/\/caumas.org\/revista\/wp-content\/uploads\/2017\/03\/0-Imaginen-destacada-Felicitas-Rodriguez-280x200.jpg\" data-srcset=\"https:\/\/caumas.org\/revista\/wp-content\/uploads\/2017\/03\/0-Imaginen-destacada-Felicitas-Rodriguez-280x200.jpg 280w, https:\/\/caumas.org\/revista\/wp-content\/uploads\/2017\/03\/0-Imaginen-destacada-Felicitas-Rodriguez-466x333.jpg 466w\" alt=\"\" title=\"0 Imaginen destacada &#8211; Felicitas Rodriguez\" width=\"280\" height=\"200\"  \/><\/a><\/p>\n\t\t\t<\/div>\n\n\t\t\n\t\t<div class=\"blog-content wf-td\">\n\t\t\t<h3 class=\"entry-title\"><a href=\"https:\/\/caumas.org\/revista\/felicitas-rodriguez-gonzalez-%c2%b7-jefa-del-departamento-de-sociedad-de-la-informacion-amtega\/\" title=\"Felicitas Rodr\u00edguez Gonz\u00e1lez \u00b7 Jefa del Departamento de Sociedad de la Informaci\u00f3n AMTEGA\" rel=\"bookmark\">Felicitas Rodr\u00edguez Gonz\u00e1lez \u00b7 Jefa del Departamento de Sociedad de la Informaci\u00f3n AMTEGA<\/a><\/h3>\n\n\t\t\t\n\t\t<\/div>\n\n\t<\/article>\n\n\n\n\t<article class=\"post post-3078 type-post status-publish format-standard has-post-thumbnail hentry category-noticias-mar-2017 category-noticias tag-noticias-mar-2017 category-91 category-59 description-off\">\n\n\t\t\n\t\t\t<div class=\"blog-media wf-td\">\n\n\t\t\t\t<p><a href=\"https:\/\/caumas.org\/revista\/presentacion-del-proyecto-simpatico\/\" class=\"alignnone rollover layzr-bg\" ><img loading=\"lazy\" decoding=\"async\" class=\"preload-me lazy-load\" src=\"data:image\/svg+xml,%3Csvg%20xmlns%3D&#39;http%3A%2F%2Fwww.w3.org%2F2000%2Fsvg&#39;%20viewBox%3D&#39;0%200%20280%20200&#39;%2F%3E\" data-src=\"https:\/\/caumas.org\/revista\/wp-content\/uploads\/2017\/03\/0-Imaginen-destacada-Proyecto-Simp\u00e1tico-280x200.jpg\" data-srcset=\"https:\/\/caumas.org\/revista\/wp-content\/uploads\/2017\/03\/0-Imaginen-destacada-Proyecto-Simp\u00e1tico-280x200.jpg 280w, https:\/\/caumas.org\/revista\/wp-content\/uploads\/2017\/03\/0-Imaginen-destacada-Proyecto-Simp\u00e1tico-466x333.jpg 466w\" alt=\"\" title=\"0 Imaginen destacada &#8211; Proyecto Simp\u00e1tico\" width=\"280\" height=\"200\"  \/><\/a><\/p>\n\t\t\t<\/div>\n\n\t\t\n\t\t<div class=\"blog-content wf-td\">\n\t\t\t<h3 class=\"entry-title\"><a href=\"https:\/\/caumas.org\/revista\/presentacion-del-proyecto-simpatico\/\" title=\"Presentaci\u00f3n del Proyecto Simp\u00e1tico\" rel=\"bookmark\">Presentaci\u00f3n del Proyecto Simp\u00e1tico<\/a><\/h3>\n\n\t\t\t\n\t\t<\/div>\n\n\t<\/article>\n\n\n\n\t<article class=\"post post-3121 type-post status-publish format-standard has-post-thumbnail hentry category-noticias-mar-2017 category-noticias tag-noticias-mar-2017 category-91 category-59 description-off\">\n\n\t\t\n\t\t\t<div class=\"blog-media wf-td\">\n\n\t\t\t\t<p><a href=\"https:\/\/caumas.org\/revista\/proyectos-caumas\/\" class=\"alignnone rollover layzr-bg\" ><img loading=\"lazy\" decoding=\"async\" class=\"preload-me lazy-load\" src=\"data:image\/svg+xml,%3Csvg%20xmlns%3D&#39;http%3A%2F%2Fwww.w3.org%2F2000%2Fsvg&#39;%20viewBox%3D&#39;0%200%20280%20200&#39;%2F%3E\" data-src=\"https:\/\/caumas.org\/revista\/wp-content\/uploads\/2017\/03\/0-Imaginen-destacada-CAUMAS-280x200.jpg\" data-srcset=\"https:\/\/caumas.org\/revista\/wp-content\/uploads\/2017\/03\/0-Imaginen-destacada-CAUMAS-280x200.jpg 280w, https:\/\/caumas.org\/revista\/wp-content\/uploads\/2017\/03\/0-Imaginen-destacada-CAUMAS-466x333.jpg 466w\" alt=\"\" title=\"0 Imaginen destacada &#8211; CAUMAS\" width=\"280\" height=\"200\"  \/><\/a><\/p>\n\t\t\t<\/div>\n\n\t\t\n\t\t<div class=\"blog-content wf-td\">\n\t\t\t<h3 class=\"entry-title\"><a href=\"https:\/\/caumas.org\/revista\/proyectos-caumas\/\" title=\"Proyectos CAUMAS\" rel=\"bookmark\">Proyectos CAUMAS<\/a><\/h3>\n\n\t\t\t\n\t\t<\/div>\n\n\t<\/article>\n\n\n\n\t<article class=\"post post-3167 type-post status-publish format-standard has-post-thumbnail hentry category-noticias-mar-2017 category-noticias tag-noticias-mar-2017 category-91 category-59 description-off\">\n\n\t\t\n\t\t\t<div class=\"blog-media wf-td\">\n\n\t\t\t\t<p><a href=\"https:\/\/caumas.org\/revista\/xvi-jornadas-internacionales-sobre-asociaciones-en-los-programas-universitarios-de-mayores\/\" class=\"alignnone rollover layzr-bg\" ><img loading=\"lazy\" decoding=\"async\" class=\"preload-me lazy-load\" src=\"data:image\/svg+xml,%3Csvg%20xmlns%3D&#39;http%3A%2F%2Fwww.w3.org%2F2000%2Fsvg&#39;%20viewBox%3D&#39;0%200%20280%20200&#39;%2F%3E\" data-src=\"https:\/\/caumas.org\/revista\/wp-content\/uploads\/2017\/03\/0-Imaginen-destacada-VI-Encontro-Galego-280x200.jpg\" data-srcset=\"https:\/\/caumas.org\/revista\/wp-content\/uploads\/2017\/03\/0-Imaginen-destacada-VI-Encontro-Galego-280x200.jpg 280w, https:\/\/caumas.org\/revista\/wp-content\/uploads\/2017\/03\/0-Imaginen-destacada-VI-Encontro-Galego-466x333.jpg 466w\" alt=\"\" title=\"0 Imaginen destacada &#8211; VI Encontro Galego\" width=\"280\" height=\"200\"  \/><\/a><\/p>\n\t\t\t<\/div>\n\n\t\t\n\t\t<div class=\"blog-content wf-td\">\n\t\t\t<h3 class=\"entry-title\"><a href=\"https:\/\/caumas.org\/revista\/xvi-jornadas-internacionales-sobre-asociaciones-en-los-programas-universitarios-de-mayores\/\" title=\"XVI Jornadas Internacionales sobre Asociaciones en los Programas Universitarios de Mayores\" rel=\"bookmark\">XVI Jornadas Internacionales sobre Asociaciones en los Programas Universitarios de Mayores<\/a><\/h3>\n\n\t\t\t\n\t\t<\/div>\n\n\t<\/article>\n\n\n\n\t<article class=\"post post-3158 type-post status-publish format-standard has-post-thumbnail hentry category-noticias-mar-2017 category-hablan-las-asociaciones-mar-2017 category-asociaciones category-noticias tag-noticias-mar-2017 category-91 category-94 category-93 category-59 description-off\">\n\n\t\t\n\t\t\t<div class=\"blog-media wf-td\">\n\n\t\t\t\t<p><a href=\"https:\/\/caumas.org\/revista\/hablan-las-asociaciones-aepuma\/\" class=\"alignnone rollover layzr-bg\" ><img loading=\"lazy\" decoding=\"async\" class=\"preload-me lazy-load\" src=\"data:image\/svg+xml,%3Csvg%20xmlns%3D&#39;http%3A%2F%2Fwww.w3.org%2F2000%2Fsvg&#39;%20viewBox%3D&#39;0%200%20280%20200&#39;%2F%3E\" data-src=\"https:\/\/caumas.org\/revista\/wp-content\/uploads\/2017\/03\/0-Imaginen-destacada-UAM-280x200.jpg\" data-srcset=\"https:\/\/caumas.org\/revista\/wp-content\/uploads\/2017\/03\/0-Imaginen-destacada-UAM-280x200.jpg 280w, https:\/\/caumas.org\/revista\/wp-content\/uploads\/2017\/03\/0-Imaginen-destacada-UAM-466x333.jpg 466w\" alt=\"\" title=\"0 Imaginen destacada &#8211; UAM\" width=\"280\" height=\"200\"  \/><\/a><\/p>\n\t\t\t<\/div>\n\n\t\t\n\t\t<div class=\"blog-content wf-td\">\n\t\t\t<h3 class=\"entry-title\"><a href=\"https:\/\/caumas.org\/revista\/hablan-las-asociaciones-aepuma\/\" title=\"Hablan las Asociaciones: AEPUMA\" rel=\"bookmark\">Hablan las Asociaciones: AEPUMA<\/a><\/h3>\n\n\t\t\t\n\t\t<\/div>\n\n\t<\/article>\n\n\n\n\t<article class=\"post post-3199 type-post status-publish format-standard has-post-thumbnail hentry category-opinion-mar-2017 category-opinion category-96 category-57 description-off\">\n\n\t\t\n\t\t\t<div class=\"blog-media wf-td\">\n\n\t\t\t\t<p><a href=\"https:\/\/caumas.org\/revista\/malos-tiempos-para-la-lirica\/\" class=\"alignnone rollover layzr-bg\" ><img loading=\"lazy\" decoding=\"async\" class=\"preload-me lazy-load\" src=\"data:image\/svg+xml,%3Csvg%20xmlns%3D&#39;http%3A%2F%2Fwww.w3.org%2F2000%2Fsvg&#39;%20viewBox%3D&#39;0%200%20280%20200&#39;%2F%3E\" data-src=\"https:\/\/caumas.org\/revista\/wp-content\/uploads\/2017\/03\/0-Imaginen-destacada-Opinion-Ant\u00f3n-Beiras-280x200.jpg\" data-srcset=\"https:\/\/caumas.org\/revista\/wp-content\/uploads\/2017\/03\/0-Imaginen-destacada-Opinion-Ant\u00f3n-Beiras-280x200.jpg 280w, https:\/\/caumas.org\/revista\/wp-content\/uploads\/2017\/03\/0-Imaginen-destacada-Opinion-Ant\u00f3n-Beiras-466x333.jpg 466w\" alt=\"\" title=\"0 Imaginen destacada &#8211; Opinion Ant\u00f3n Beiras\" width=\"280\" height=\"200\"  \/><\/a><\/p>\n\t\t\t<\/div>\n\n\t\t\n\t\t<div class=\"blog-content wf-td\">\n\t\t\t<h3 class=\"entry-title\"><a href=\"https:\/\/caumas.org\/revista\/malos-tiempos-para-la-lirica\/\" title=\"Malos tiempos para la l\u00edrica\" rel=\"bookmark\">Malos tiempos para la l\u00edrica<\/a><\/h3>\n\n\t\t\t\n\t\t<\/div>\n\n\t<\/article>\n\n\n\n\t<article class=\"post post-3194 type-post status-publish format-standard has-post-thumbnail hentry category-editorial-mar-2017 category-editorial category-95 category-55 description-off\">\n\n\t\t\n\t\t\t<div class=\"blog-media wf-td\">\n\n\t\t\t\t<p><a href=\"https:\/\/caumas.org\/revista\/editorial-los-habitos-saludables\/\" class=\"alignnone rollover layzr-bg\" ><img loading=\"lazy\" decoding=\"async\" class=\"preload-me lazy-load\" src=\"data:image\/svg+xml,%3Csvg%20xmlns%3D&#39;http%3A%2F%2Fwww.w3.org%2F2000%2Fsvg&#39;%20viewBox%3D&#39;0%200%20280%20200&#39;%2F%3E\" data-src=\"https:\/\/caumas.org\/revista\/wp-content\/uploads\/2017\/03\/0-Imaginen-destacada-Editorial-Habitos-Saludables-280x200.jpg\" data-srcset=\"https:\/\/caumas.org\/revista\/wp-content\/uploads\/2017\/03\/0-Imaginen-destacada-Editorial-Habitos-Saludables-280x200.jpg 280w, https:\/\/caumas.org\/revista\/wp-content\/uploads\/2017\/03\/0-Imaginen-destacada-Editorial-Habitos-Saludables-466x333.jpg 466w\" alt=\"\" title=\"0 Imaginen destacada &#8211; Editorial Habitos Saludables\" width=\"280\" height=\"200\"  \/><\/a><\/p>\n\t\t\t<\/div>\n\n\t\t\n\t\t<div class=\"blog-content wf-td\">\n\t\t\t<h3 class=\"entry-title\"><a href=\"https:\/\/caumas.org\/revista\/editorial-los-habitos-saludables\/\" title=\"Editorial &#8211; Los h\u00e1bitos saludables\" rel=\"bookmark\">Editorial &#8211; Los h\u00e1bitos saludables<\/a><\/h3>\n\n\t\t\t\n\t\t<\/div>\n\n\t<\/article>\n\n\n\n\t<article class=\"post post-3074 type-post status-publish format-standard has-post-thumbnail hentry category-noticias-mar-2017 category-noticias tag-noticias-mar-2017 category-91 category-59 description-off\">\n\n\t\t\n\t\t\t<div class=\"blog-media wf-td\">\n\n\t\t\t\t<p><a href=\"https:\/\/caumas.org\/revista\/las-energias-del-presente-y-del-futuro-%c2%b7-conferencia-impartida-por-d-mariano-esteban-pineiro\/\" class=\"alignnone rollover layzr-bg\" ><img loading=\"lazy\" decoding=\"async\" class=\"preload-me lazy-load\" src=\"data:image\/svg+xml,%3Csvg%20xmlns%3D&#39;http%3A%2F%2Fwww.w3.org%2F2000%2Fsvg&#39;%20viewBox%3D&#39;0%200%20280%20200&#39;%2F%3E\" data-src=\"https:\/\/caumas.org\/revista\/wp-content\/uploads\/2017\/03\/0-Imagen-destacada-Energias-Renovables-280x200.jpg\" data-srcset=\"https:\/\/caumas.org\/revista\/wp-content\/uploads\/2017\/03\/0-Imagen-destacada-Energias-Renovables-280x200.jpg 280w, https:\/\/caumas.org\/revista\/wp-content\/uploads\/2017\/03\/0-Imagen-destacada-Energias-Renovables-466x333.jpg 466w\" alt=\"\" title=\"0 Imagen destacada &#8211; Energias Renovables\" width=\"280\" height=\"200\"  \/><\/a><\/p>\n\t\t\t<\/div>\n\n\t\t\n\t\t<div class=\"blog-content wf-td\">\n\t\t\t<h3 class=\"entry-title\"><a href=\"https:\/\/caumas.org\/revista\/las-energias-del-presente-y-del-futuro-%c2%b7-conferencia-impartida-por-d-mariano-esteban-pineiro\/\" title=\"Las energ\u00edas del presente y del &#8230; futuro \u00b7 Conferencia impartida por D. Mariano Esteban Pi\u00f1eiro\" rel=\"bookmark\">Las energ\u00edas del presente y del &#8230; futuro \u00b7 Conferencia impartida por D. Mariano Esteban Pi\u00f1eiro<\/a><\/h3>\n\n\t\t\t\n\t\t<\/div>\n\n\t<\/article>\n\n\n\n\t<article class=\"post post-3059 type-post status-publish format-standard has-post-thumbnail hentry category-noticias-mar-2017 category-noticias tag-noticias-mar-2017 category-91 category-59 description-off\">\n\n\t\t\n\t\t\t<div class=\"blog-media wf-td\">\n\n\t\t\t\t<p><a href=\"https:\/\/caumas.org\/revista\/la-asociacion-de-mayores-de-la-universidad-de-la-laguna-gestionara-la-adhesion-de-la-laguna-a-la-red-de-ciudades-amigables-con-personas-mayores\/\" class=\"alignnone rollover layzr-bg\" ><img loading=\"lazy\" decoding=\"async\" class=\"preload-me lazy-load\" src=\"data:image\/svg+xml,%3Csvg%20xmlns%3D&#39;http%3A%2F%2Fwww.w3.org%2F2000%2Fsvg&#39;%20viewBox%3D&#39;0%200%20280%20200&#39;%2F%3E\" data-src=\"https:\/\/caumas.org\/revista\/wp-content\/uploads\/2017\/03\/0-Imagen-destacada-La-Laguna-280x200.jpg\" data-srcset=\"https:\/\/caumas.org\/revista\/wp-content\/uploads\/2017\/03\/0-Imagen-destacada-La-Laguna-280x200.jpg 280w, https:\/\/caumas.org\/revista\/wp-content\/uploads\/2017\/03\/0-Imagen-destacada-La-Laguna-466x333.jpg 466w\" alt=\"\" title=\"0 Imagen destacada &#8211; La Laguna\" width=\"280\" height=\"200\"  \/><\/a><\/p>\n\t\t\t<\/div>\n\n\t\t\n\t\t<div class=\"blog-content wf-td\">\n\t\t\t<h3 class=\"entry-title\"><a href=\"https:\/\/caumas.org\/revista\/la-asociacion-de-mayores-de-la-universidad-de-la-laguna-gestionara-la-adhesion-de-la-laguna-a-la-red-de-ciudades-amigables-con-personas-mayores\/\" title=\"La Asociaci\u00f3n de Mayores de la Universidad de La Laguna gestionar\u00e1 la adhesi\u00f3n de La Laguna a la Red de Ciudades Amigables con Personas Mayores\" rel=\"bookmark\">La Asociaci\u00f3n de Mayores de la Universidad de La Laguna gestionar\u00e1 la adhesi\u00f3n de La Laguna a la Red de Ciudades Amigables con Personas Mayores<\/a><\/h3>\n\n\t\t\t\n\t\t<\/div>\n\n\t<\/article>\n\n\n\n\t<article class=\"post post-3066 type-post status-publish format-standard has-post-thumbnail hentry category-noticias-mar-2017 category-noticias tag-noticias-mar-2017 category-91 category-59 description-off\">\n\n\t\t\n\t\t\t<div class=\"blog-media wf-td\">\n\n\t\t\t\t<p><a href=\"https:\/\/caumas.org\/revista\/bases-del-concurso-del-i-certamen-de-microrrelatos-jose-vicente-marques-marti\/\" class=\"alignnone rollover layzr-bg\" ><img loading=\"lazy\" decoding=\"async\" class=\"preload-me lazy-load\" src=\"data:image\/svg+xml,%3Csvg%20xmlns%3D&#39;http%3A%2F%2Fwww.w3.org%2F2000%2Fsvg&#39;%20viewBox%3D&#39;0%200%20280%20200&#39;%2F%3E\" data-src=\"https:\/\/caumas.org\/revista\/wp-content\/uploads\/2017\/03\/0-Imagen-destacada-Microrrelatos-280x200.jpg\" data-srcset=\"https:\/\/caumas.org\/revista\/wp-content\/uploads\/2017\/03\/0-Imagen-destacada-Microrrelatos-280x200.jpg 280w, https:\/\/caumas.org\/revista\/wp-content\/uploads\/2017\/03\/0-Imagen-destacada-Microrrelatos-466x333.jpg 466w\" alt=\"\" title=\"0 Imagen destacada &#8211; Microrrelatos\" width=\"280\" height=\"200\"  \/><\/a><\/p>\n\t\t\t<\/div>\n\n\t\t\n\t\t<div class=\"blog-content wf-td\">\n\t\t\t<h3 class=\"entry-title\"><a href=\"https:\/\/caumas.org\/revista\/bases-del-concurso-del-i-certamen-de-microrrelatos-jose-vicente-marques-marti\/\" title=\"Bases del concurso del I Certamen de Microrrelatos \u201cJos\u00e9 Vicente Marqu\u00e9s Mart\u00ed\u201d\" rel=\"bookmark\">Bases del concurso del I Certamen de Microrrelatos \u201cJos\u00e9 Vicente Marqu\u00e9s Mart\u00ed\u201d<\/a><\/h3>\n\n\t\t\t\n\t\t<\/div>\n\n\t<\/article>\n\n\n\n\t<article class=\"post post-3083 type-post status-publish format-standard has-post-thumbnail hentry category-noticias-mar-2017 category-noticias tag-noticias-mar-2017 category-91 category-59 description-off\">\n\n\t\t\n\t\t\t<div class=\"blog-media wf-td\">\n\n\t\t\t\t<p><a href=\"https:\/\/caumas.org\/revista\/aluma-programa-de-actividades\/\" class=\"alignnone rollover layzr-bg\" ><img loading=\"lazy\" decoding=\"async\" class=\"preload-me lazy-load\" src=\"data:image\/svg+xml,%3Csvg%20xmlns%3D&#39;http%3A%2F%2Fwww.w3.org%2F2000%2Fsvg&#39;%20viewBox%3D&#39;0%200%20280%20200&#39;%2F%3E\" data-src=\"https:\/\/caumas.org\/revista\/wp-content\/uploads\/2017\/03\/0-Imaginen-destacada-Actividades-Aluma-280x200.jpg\" data-srcset=\"https:\/\/caumas.org\/revista\/wp-content\/uploads\/2017\/03\/0-Imaginen-destacada-Actividades-Aluma-280x200.jpg 280w, https:\/\/caumas.org\/revista\/wp-content\/uploads\/2017\/03\/0-Imaginen-destacada-Actividades-Aluma-466x333.jpg 466w\" alt=\"\" title=\"0 Imaginen destacada &#8211; Actividades Aluma\" width=\"280\" height=\"200\"  \/><\/a><\/p>\n\t\t\t<\/div>\n\n\t\t\n\t\t<div class=\"blog-content wf-td\">\n\t\t\t<h3 class=\"entry-title\"><a href=\"https:\/\/caumas.org\/revista\/aluma-programa-de-actividades\/\" title=\"ALUMA, Programa de Actividades\" rel=\"bookmark\">ALUMA, Programa de Actividades<\/a><\/h3>\n\n\t\t\t\n\t\t<\/div>\n\n\t<\/article>\n\n\n\n\t<article class=\"post post-3148 type-post status-publish format-standard has-post-thumbnail hentry category-noticias-mar-2017 category-noticias tag-noticias-mar-2017 category-91 category-59 description-off\">\n\n\t\t\n\t\t\t<div class=\"blog-media wf-td\">\n\n\t\t\t\t<p><a href=\"https:\/\/caumas.org\/revista\/i-congreso-cientifico-internacional-de-los-proyectos-educativos-para-senior\/\" class=\"alignnone rollover layzr-bg\" ><img loading=\"lazy\" decoding=\"async\" class=\"preload-me lazy-load\" src=\"data:image\/svg+xml,%3Csvg%20xmlns%3D&#39;http%3A%2F%2Fwww.w3.org%2F2000%2Fsvg&#39;%20viewBox%3D&#39;0%200%20280%20200&#39;%2F%3E\" data-src=\"https:\/\/caumas.org\/revista\/wp-content\/uploads\/2017\/03\/0-Imaginen-destacada-I-CONGRESO-Cient\u00edfico-280x200.jpg\" data-srcset=\"https:\/\/caumas.org\/revista\/wp-content\/uploads\/2017\/03\/0-Imaginen-destacada-I-CONGRESO-Cient\u00edfico-280x200.jpg 280w, https:\/\/caumas.org\/revista\/wp-content\/uploads\/2017\/03\/0-Imaginen-destacada-I-CONGRESO-Cient\u00edfico-466x333.jpg 466w\" alt=\"\" title=\"0 Imaginen destacada &#8211; I CONGRESO Cient\u00edfico\" width=\"280\" height=\"200\"  \/><\/a><\/p>\n\t\t\t<\/div>\n\n\t\t\n\t\t<div class=\"blog-content wf-td\">\n\t\t\t<h3 class=\"entry-title\"><a href=\"https:\/\/caumas.org\/revista\/i-congreso-cientifico-internacional-de-los-proyectos-educativos-para-senior\/\" title=\"I Congreso cient\u00edfico internacional de los proyectos educativos para s\u00e9nior\" rel=\"bookmark\">I Congreso cient\u00edfico internacional de los proyectos educativos para s\u00e9nior<\/a><\/h3>\n\n\t\t\t\n\t\t<\/div>\n\n\t<\/article>\n\n\n\n\t<article class=\"post post-3100 type-post status-publish format-standard has-post-thumbnail hentry category-noticias-mar-2017 category-noticias tag-noticias-mar-2017 category-91 category-59 description-off\">\n\n\t\t\n\t\t\t<div class=\"blog-media wf-td\">\n\n\t\t\t\t<p><a href=\"https:\/\/caumas.org\/revista\/actividades-de-la-asociacion-de-alumnos-y-antiguos-alumnos-del-programa-interuniversitario-de-la-experiencia-de-valladolid\/\" class=\"alignnone rollover layzr-bg\" ><img loading=\"lazy\" decoding=\"async\" class=\"preload-me lazy-load\" src=\"data:image\/svg+xml,%3Csvg%20xmlns%3D&#39;http%3A%2F%2Fwww.w3.org%2F2000%2Fsvg&#39;%20viewBox%3D&#39;0%200%20280%20200&#39;%2F%3E\" data-src=\"https:\/\/caumas.org\/revista\/wp-content\/uploads\/2017\/03\/0-Imaginen-destacada-AAAAPIEXA-280x200.jpg\" data-srcset=\"https:\/\/caumas.org\/revista\/wp-content\/uploads\/2017\/03\/0-Imaginen-destacada-AAAAPIEXA-280x200.jpg 280w, https:\/\/caumas.org\/revista\/wp-content\/uploads\/2017\/03\/0-Imaginen-destacada-AAAAPIEXA-466x333.jpg 466w\" alt=\"\" title=\"0 Imaginen destacada &#8211; AAAAPIEXA\" width=\"280\" height=\"200\"  \/><\/a><\/p>\n\t\t\t<\/div>\n\n\t\t\n\t\t<div class=\"blog-content wf-td\">\n\t\t\t<h3 class=\"entry-title\"><a href=\"https:\/\/caumas.org\/revista\/actividades-de-la-asociacion-de-alumnos-y-antiguos-alumnos-del-programa-interuniversitario-de-la-experiencia-de-valladolid\/\" title=\"Actividades de la Asociaci\u00f3n de Alumnos y Antiguos Alumnos del Programa Interuniversitario de la Experiencia de Valladolid\" rel=\"bookmark\">Actividades de la Asociaci\u00f3n de Alumnos y Antiguos Alumnos del Programa Interuniversitario de la Experiencia de Valladolid<\/a><\/h3>\n\n\t\t\t\n\t\t<\/div>\n\n\t<\/article>\n\n<\/div><section class=\"shortcode-teaser frame-fancy frame-on fadeIn animate-element\"><div class=\"shortcode-teaser-img\"><a class=\"layzr-bg rollover\" href=\"http:\/\/universitariosenior.es\/\" target=\"_blank\"><img loading=\"lazy\" decoding=\"async\" class=\"lazy-load\" src=\"data:image\/svg+xml;charset=utf-8,%3Csvg xmlns%3D&#039;http%3A%2F%2Fwww.w3.org%2F2000%2Fsvg&#039; viewBox%3D&#039;0 0 500 533&#039;%2F%3E\" width=\"500\" height=\"533\" data-srcset=\"https:\/\/caumas.org\/revista\/wp-content\/uploads\/2016\/04\/0AnuncioUniSenior.jpg 500w\" data-src=\"https:\/\/caumas.org\/revista\/wp-content\/uploads\/2016\/04\/0AnuncioUniSenior.jpg\" \/><\/a><\/div><div class=\"shortcode-teaser-content text-normal\"><p><\/p>\n<\/div><\/section><div class=\"gap\" style=\"line-height: 15px; height: 15px;\"><\/div><section class=\"shortcode-teaser frame-fancy frame-on\"><div class=\"shortcode-teaser-img\"><a class=\"layzr-bg rollover\" href=\"http:\/\/caumas.org\/biblioteca\/\" target=\"_blank\"><img loading=\"lazy\" decoding=\"async\" class=\"lazy-load\" src=\"data:image\/svg+xml;charset=utf-8,%3Csvg xmlns%3D&#039;http%3A%2F%2Fwww.w3.org%2F2000%2Fsvg&#039; viewBox%3D&#039;0 0 500 476&#039;%2F%3E\" width=\"500\" height=\"476\" data-srcset=\"https:\/\/caumas.org\/revista\/wp-content\/uploads\/2015\/03\/banner-biblioteca.png 500w\" data-src=\"https:\/\/caumas.org\/revista\/wp-content\/uploads\/2015\/03\/banner-biblioteca.png\" \/><\/a><\/div><div class=\"shortcode-teaser-content text-big\"><p style=\"text-align: center;\"><strong>ENTRA AHORA EN LA BIBLIOTECA DE CAUMAS<\/strong><\/p>\n<\/div><\/section><div class=\"gap\" style=\"line-height: 15px; height: 15px;\"><\/div><section class=\"shortcode-teaser frame-fancy frame-on fadeIn animate-element\"><div class=\"shortcode-teaser-img\"><a class=\"layzr-bg rollover\" href=\"http:\/\/canalsenior.es\/caumas\" target=\"_blank\"><img loading=\"lazy\" decoding=\"async\" class=\"lazy-load\" src=\"data:image\/svg+xml;charset=utf-8,%3Csvg xmlns%3D&#039;http%3A%2F%2Fwww.w3.org%2F2000%2Fsvg&#039; viewBox%3D&#039;0 0 500 458&#039;%2F%3E\" width=\"500\" height=\"458\" data-srcset=\"https:\/\/caumas.org\/revista\/wp-content\/uploads\/2015\/03\/Banner-Canal-Senior.png 500w\" data-src=\"https:\/\/caumas.org\/revista\/wp-content\/uploads\/2015\/03\/Banner-Canal-Senior.png\" \/><\/a><\/div><div class=\"shortcode-teaser-content text-normal\"><p style=\"text-align: center;\"><strong>El valor del talento s\u00e9nior<\/strong><\/p>\n<\/div><\/section><div class=\"gap\" style=\"line-height: 15px; height: 15px;\"><\/div><section class=\"shortcode-teaser frame-fancy frame-on\"><div class=\"shortcode-teaser-img\"><a class=\"layzr-bg rollover\" href=\"http:\/\/agoraseniors.com\/tecnologia\/\" target=\"_blank\"><img loading=\"lazy\" decoding=\"async\" class=\"lazy-load\" src=\"data:image\/svg+xml;charset=utf-8,%3Csvg xmlns%3D&#039;http%3A%2F%2Fwww.w3.org%2F2000%2Fsvg&#039; viewBox%3D&#039;0 0 440 346&#039;%2F%3E\" width=\"440\" height=\"346\" data-srcset=\"https:\/\/caumas.org\/revista\/wp-content\/uploads\/2015\/12\/Anuncio-\u00c1gora-Tcnologia.png 440w\" data-src=\"https:\/\/caumas.org\/revista\/wp-content\/uploads\/2015\/12\/Anuncio-\u00c1gora-Tcnologia.png\" \/><\/a><\/div><div class=\"shortcode-teaser-content text-big\"><p style=\"text-align: center;\"><strong>\u00c1gora S\u00e9niors Tecnolog\u00eda<\/strong><\/p>\n<\/div><\/section><div class=\"gap\" style=\"line-height: 15px; height: 15px;\"><\/div><section class=\"shortcode-teaser frame-fancy frame-on fadeIn animate-element\"><div class=\"shortcode-teaser-img\"><a class=\"layzr-bg rollover\" href=\"http:\/\/post55.es\" target=\"_blank\"><img loading=\"lazy\" decoding=\"async\" class=\"lazy-load\" src=\"data:image\/svg+xml;charset=utf-8,%3Csvg xmlns%3D&#039;http%3A%2F%2Fwww.w3.org%2F2000%2Fsvg&#039; viewBox%3D&#039;0 0 500 633&#039;%2F%3E\" width=\"500\" height=\"633\" data-srcset=\"https:\/\/caumas.org\/revista\/wp-content\/uploads\/2016\/04\/0AnuncioPost55.jpg 500w\" data-src=\"https:\/\/caumas.org\/revista\/wp-content\/uploads\/2016\/04\/0AnuncioPost55.jpg\" \/><\/a><\/div><div class=\"shortcode-teaser-content text-normal\"><p><\/p>\n<\/div><\/section><div class=\"gap\" style=\"line-height: 15px; height: 15px;\"><\/div><section class=\"shortcode-teaser frame-fancy frame-on\"><div class=\"layzr-bg shortcode-teaser-img\"><img loading=\"lazy\" decoding=\"async\" class=\"lazy-load\" src=\"data:image\/svg+xml;charset=utf-8,%3Csvg xmlns%3D&#039;http%3A%2F%2Fwww.w3.org%2F2000%2Fsvg&#039; viewBox%3D&#039;0 0 300 100&#039;%2F%3E\" width=\"300\" height=\"100\" data-srcset=\"https:\/\/caumas.org\/revista\/wp-content\/uploads\/2015\/08\/Revistas.png 300w\" data-src=\"https:\/\/caumas.org\/revista\/wp-content\/uploads\/2015\/08\/Revistas.png\" \/><\/div><div class=\"shortcode-teaser-content text-big\"><p>Suscr\u00edbete a la revista y te avisaremos cuando tengamos novedades.<\/p>\n<p>[mc4wp_form]<\/p>\n<\/div><\/section><div class=\"gap\" style=\"line-height: 15px; height: 15px;\"><\/div><section class=\"shortcode-teaser frame-fancy frame-on\"><div class=\"shortcode-teaser-content text-big\"><h4 style=\"text-align: left;\">Selecciona tu idioma:<\/h4>\n<p style=\"text-align: center;\"><div id=\"google_language_translator\" class=\"default-language-es\"><\/div>\n<\/div><\/section>[\/vc_column][\/vc_row]<\/p>\n","protected":false},"excerpt":{"rendered":"<p>[vc_row][vc_column width=&#8221;3\/4&#8243;][vc_row_inner][vc_column_inner width=&#8221;2\/3&#8243;][vc_column_text css=&#8221;.vc_custom_1474358293674{margin-bottom: 0px !important;border-bottom-width: 0px !important;padding-bottom: 0px !important;}&#8221;] Editorial [\/vc_column_text][vc_column_text css_animation=&#8221;fadeIn&#8221;] La calidad de vida en las personas mayores se encuentra directamente relacionada con la asociaci\u00f3n entre el bienestar psicol\u00f3gico, estado de salud percibida y h\u00e1bitos saludables. Se denominan h\u00e1bitos saludables a la capacidad para mantenerse en bajo riesgo de enfermar, con un&hellip;<\/p>\n","protected":false},"author":1,"featured_media":9714,"comment_status":"closed","ping_status":"closed","sticky":false,"template":"","format":"standard","meta":{"footnotes":""},"categories":[295],"tags":[],"class_list":["post-3197","post","type-post","status-publish","format-standard","has-post-thumbnail","hentry","category-1-revistas-anteriores","category-295","description-off"],"_links":{"self":[{"href":"https:\/\/caumas.org\/revista\/wp-json\/wp\/v2\/posts\/3197","targetHints":{"allow":["GET"]}}],"collection":[{"href":"https:\/\/caumas.org\/revista\/wp-json\/wp\/v2\/posts"}],"about":[{"href":"https:\/\/caumas.org\/revista\/wp-json\/wp\/v2\/types\/post"}],"author":[{"embeddable":true,"href":"https:\/\/caumas.org\/revista\/wp-json\/wp\/v2\/users\/1"}],"replies":[{"embeddable":true,"href":"https:\/\/caumas.org\/revista\/wp-json\/wp\/v2\/comments?post=3197"}],"version-history":[{"count":4,"href":"https:\/\/caumas.org\/revista\/wp-json\/wp\/v2\/posts\/3197\/revisions"}],"predecessor-version":[{"id":3236,"href":"https:\/\/caumas.org\/revista\/wp-json\/wp\/v2\/posts\/3197\/revisions\/3236"}],"wp:featuredmedia":[{"embeddable":true,"href":"https:\/\/caumas.org\/revista\/wp-json\/wp\/v2\/media\/9714"}],"wp:attachment":[{"href":"https:\/\/caumas.org\/revista\/wp-json\/wp\/v2\/media?parent=3197"}],"wp:term":[{"taxonomy":"category","embeddable":true,"href":"https:\/\/caumas.org\/revista\/wp-json\/wp\/v2\/categories?post=3197"},{"taxonomy":"post_tag","embeddable":true,"href":"https:\/\/caumas.org\/revista\/wp-json\/wp\/v2\/tags?post=3197"}],"curies":[{"name":"wp","href":"https:\/\/api.w.org\/{rel}","templated":true}]}}