{"id":3199,"date":"2017-03-31T10:01:52","date_gmt":"2017-03-31T10:01:52","guid":{"rendered":"http:\/\/caumas.org\/revista\/?p=3199"},"modified":"2017-03-31T10:04:16","modified_gmt":"2017-03-31T10:04:16","slug":"malos-tiempos-para-la-lirica","status":"publish","type":"post","link":"https:\/\/caumas.org\/revista\/malos-tiempos-para-la-lirica\/","title":{"rendered":"Malos tiempos para la l\u00edrica"},"content":{"rendered":"<p>[vc_row][vc_column][vc_row_inner][vc_column_inner][vc_column_text]<\/p>\n<h1>Malos tiempos para la l\u00edrica<\/h1>\n<p><strong>D. Ant\u00f3n Beiras Cal \u00b7 Economista. Auditor. Abogado tributarista<\/strong>[\/vc_column_text][\/vc_column_inner][\/vc_row_inner][\/vc_column][\/vc_row][vc_row][vc_column][vc_empty_space][vc_row_inner][vc_column_inner][vc_column_text]<\/p>\n<p style=\"text-align: justify;\">\u00daltimamente ha sido noticia que la Seguridad Social impuso fuertes multas a intelectuales jubilados y pensionistas por percibir en derechos de autor o colaboraciones espor\u00e1dicas en la prensa, m\u00e1s del salario m\u00ednimo interprofesional. Adem\u00e1s, pod\u00edan incluso perder el derecho a percibir su pensi\u00f3n.<\/p>\n<p style=\"text-align: justify;\">No se entiende como en un pa\u00eds con una pir\u00e1mide poblacional invertida, que compromete las pensiones de jubilaci\u00f3n, se endurece el tratamiento fiscal de los planes de pensiones o se impide a los jubilados complementar sus menguantes pensiones de jubilaci\u00f3n con ingresos espor\u00e1dicos.<\/p>\n<p style=\"text-align: justify;\">Nuestros abuelos empezaban a trabajar a los 12 a\u00f1os y no se jubilaban. Nuestros padres se licenciaban a los 23 y trabajaron hasta la edad de jubilaci\u00f3n. Nuestros hijos, con suerte, comienzan a trabajar a los 30.<br \/>\nLa reducci\u00f3n de las cotizaciones al fondo de pensiones es estructural en las sociedades occidentales y no depende de la tasa de paro de la coyuntura, que s\u00f3lo agrava ese efecto. Al igual que el incremento de la esperanza de vida, superior al incremento de las cotizaciones. En nuestra sociedad envejecida solo hay 2 cotizantes activos por cada pensionista. Y las proyecciones a 15 o 20 a\u00f1os nos hablan de m\u00e1s jubilados que pensionista dentro de 30 a\u00f1os. En definitiva se desincentiva con una err\u00f3nea pol\u00edtica fiscal los sistemas coadyuvantes con la pensiones p\u00fablicas.<\/p>\n<p style=\"text-align: justify;\">Keynes gustaba del ejemplo del Junker, el avi\u00f3n de pasaje alem\u00e1n de entre guerras, para explicar la econom\u00eda a sus alumnos. Seg\u00fan \u00e9l, ese trimotor de h\u00e9lice dispon\u00eda de un motor principal en el morro: la iniciativa privada. Dispon\u00eda de un motor secundario en un ala: la pol\u00edtica monetaria. Y dispon\u00eda de otro motor secundario en otra ala: la pol\u00edtica fiscal. Cuando los mercados se deprimen y la econom\u00eda entra en recesi\u00f3n, cae la demanda y la inversi\u00f3n, el motor principal en el morro pierde fuelle. Entonces el capit\u00e1n act\u00faa sobre el motor de la pol\u00edtica monetaria y le manda gasolina: imprime moneda fiduciaria; satura la econom\u00eda de billetes. Como consecuencia de ello cae el precio del dinero. Las dos consecuencias son, frente a los inversores, animarles a desprenderse de una commodity \u2013la liquidez- que se deval\u00faa. Y frente a la producci\u00f3n, incrementa la demanda como consecuencia del incremento de las exportaciones, que se ven abaratadas por la devaluaci\u00f3n de la moneda. El motor fiscal tambi\u00e9n recibe combustible: el gasto publico se estimula por encima de los impuestos tirando de la demanda p\u00fablica. La ca\u00edda del inter\u00e9s favorece la emisi\u00f3n de deuda p\u00fablica, que es suscrita por los ahorradores que no encuentra rentabilidad en sus inversiones privadas. As\u00ed, con deuda, se financia un presupuesto antic\u00edclico, con mayor gasto p\u00fablico que ingresos. Ese gasto p\u00fablico tira de la demanda, que a su vez tira de la inversi\u00f3n, que tira de los precios y termina por reactivar la econom\u00eda recesiva por la aton\u00eda de la demanda privada.<\/p>\n<p style=\"text-align: justify;\"><style type=\"text\/css\" data-type=\"the7_shortcodes-inline-css\">.shortcode-single-image-wrap.shortcode-single-image-564dc8470d26ea0c550f62992ea59a4f.enable-bg-rollover .rollover i,\n.shortcode-single-image-wrap.shortcode-single-image-564dc8470d26ea0c550f62992ea59a4f.enable-bg-rollover .rollover-video i {\n  background: ;\n  background: -webkit-linear-gradient();\n  background: linear-gradient();\n}\n.shortcode-single-image-wrap.shortcode-single-image-564dc8470d26ea0c550f62992ea59a4f .rollover-icon {\n  font-size: 32px;\n  color: #ffffff;\n  min-width: 44px;\n  min-height: 44px;\n  line-height: 44px;\n  border-radius: 100px;\n  border-style: solid;\n  border-width: 0px;\n}\n.dt-icon-bg-on.shortcode-single-image-wrap.shortcode-single-image-564dc8470d26ea0c550f62992ea59a4f .rollover-icon {\n  background: rgba(255,255,255,0.3);\n  box-shadow: none;\n}\n<\/style><div class=\"shortcode-single-image-wrap shortcode-single-image-564dc8470d26ea0c550f62992ea59a4f alignleft fadeInLeft animate-element  enable-bg-rollover dt-icon-bg-off\" style=\"margin-top:10px; margin-bottom:0px; margin-left:0px; margin-right:10px;\"><div class=\"shortcode-single-image\"><div class=\"fancy-media-wrap\" style=\"\"><a class=\"layzr-bg rollover rollover-zoom dt-pswp-item pswp-image\" href=\"https:\/\/caumas.org\/revista\/wp-content\/uploads\/2017\/03\/OPINION.fw_.png\" title=\"\" data-dt-img-description=\"\" data-large_image_width=\"0\" data-large_image_height = \"0\"  style=\"\"><img decoding=\"async\" class=\"lazy-load\" src=\"data:image\/svg+xml;charset=utf-8,%3Csvg xmlns%3D&#039;http%3A%2F%2Fwww.w3.org%2F2000%2Fsvg&#039; viewBox%3D&#039;0 0 0 0&#039;%2F%3E\" dt-data-location=\"https:\/\/caumas.org\/revista\/wp-content\/uploads\/2017\/03\/OPINION.fw_.png\" data-srcset=\"https:\/\/caumas.org\/revista\/wp-content\/uploads\/2017\/03\/OPINION.fw_.png 0w\" data-src=\"https:\/\/caumas.org\/revista\/wp-content\/uploads\/2017\/03\/OPINION.fw_.png\" \/><\/a><\/div><\/div><\/div><div class=\"gap\" style=\"line-height: 20px; height: 20px;\"><\/div>\n<p style=\"text-align: justify;\">Pero lo que dijo Keynes es lo contrario de lo que hacemos aqu\u00ed: El motor monetario, porque lo hemos mandado a Frankfurt y ya no es soberano nuestro. Y la pol\u00edtica monetaria se dicta al gusto de Alemania, que quiere precios bajos para sus exportaciones y no pol\u00edtica expansivas que empujen los precios a la inflaci\u00f3n. Y el motor fiscal porque la ideolog\u00eda de la caverna neol\u00edtica de los economistas prekeynesianos de Bruselas y Madrid, no sabe usarlo.<\/p>\n<p style=\"text-align: justify;\">Un ejemplo: los expertos le dijimos hasta la saciedad a los ministros Montoro y Wert que no incrementaran el IVA sobre el cine al 21%. Porque la elasticidad sobre el consumo de dicha medida presentaba una segunda derivada negativa. Es decir, la primera derivada ser\u00eda positiva, pero decreciente, indicativo de una curva de consumo c\u00f3ncava1 . No nos hicieron caso, el IVA subi\u00f3, la salas de cine se vaciaron y la recaudaci\u00f3n se desplom\u00f3 por debajo de la que recaudaba el tipo reducido. Hoy no se sabe a ciencia cierta si el ministro Montoro sabe calcular una derivada primera. Pero hay unanimidad cient\u00edfica en que desconoce el c\u00e1lculo de la segunda.<\/p>\n<p style=\"text-align: justify;\">Pues no contentos con el desastre del IVA cultural, ahora le toca el turno al IRPF y a la seguridad social de los escritores, fil\u00f3sofos, poetas y dem\u00e1s intelectuales: La Seguridad Social y Hacienda han cruzado sus datos para detectar a los intelectuales jubilados que, tras cotizar 40 a\u00f1os, cobran una pensi\u00f3n pero perciben en concepto de derechos de autor, o por conferencias, o por colaboraciones con la prensa escrita, m\u00e1s del salario m\u00ednimo interprofesional (+\/- 9.000 \u20ac\/a\u00f1o). Es decir, el binomio creaci\u00f3n y jubilaci\u00f3n ha sido declarado incompatible y fraudulento.<br \/>\nEn la prensa escrita han saltado los casos de la maestra jubilada de Ossa de Montiel sancionada con 23.000\u20ac por haber cobrado 91 euros al mes durante dos a\u00f1os por dar clases de manualidades a ni\u00f1os. O el del periodista jubilado tras 40 a\u00f1os de cotizaci\u00f3n, Javier Reverte, quien ahora publica novelas y libros de viaje: le han impuesto una multa de 121.637,13 euros, sus percepciones de cuatro a\u00f1os m\u00e1s sus intereses. En declaraciones al Diario de Le\u00f3n, el Premio Cervantes, Jos\u00e9 Manuel Caballero Bonald dec\u00eda que dejar\u00e1 de escribir tras recibir la multa. El tambi\u00e9n Premio Cervantes Antonio Ramoneda tambi\u00e9n se lo piensa, mientras arremete contra la Ley \u201cdestructiva de la cultura\u201d.<\/p>\n<p style=\"text-align: justify;\">Esta circunstancia, in\u00e9dita en Alemania, Austria, Francia, Reino Unido, Polonia o Suiza, trae causa de la calificaci\u00f3n fiscal como rendimientos del trabajo de los derechos de autor. En si misma no es err\u00f3nea esta calificaci\u00f3n fiscal. Pero su encaje con la Ley de reforma de las pensiones 27\/2011 produce estos efectos absurdos: la calificaci\u00f3n fiscal como rendimiento del trabajo se asimila a efectos laborales como un contrato laboral en activo y su percepci\u00f3n, a un fraude al sistema p\u00fablico de pensiones. Este efecto absurdo alcanza la pura aberraci\u00f3n frente a los herederos: Los derechos de autor de los herederos del Sr. Javier Reverte, se califican como rendimientos del capital mobiliario. Por ello, si el se\u00f1or Javier Reverte tuviera un heredero jubilado, \u00e9ste tendr\u00eda plena compatibilidad entre su propia pensi\u00f3n y los rendimientos satisfechos por la editorial de su antecesor.<\/p>\n<p style=\"text-align: justify;\">Convendr\u00e1n ustedes en que la norma es aberrante, que nos gobiernan muy malos pilotos y que el Junker del se\u00f1or Keynes lleva el motor fiscal incendiado, a la par que el principal sigue sin carburar como es debido y por ello la cabina solicit\u00f3 por radio a la torre prioridad absoluta para aterrizar de emergencia. Afortunadamente, pues con Trichet fue todo lo contrario, el Sr. Mario Draghi est\u00e1 estimulando al m\u00e1ximo el motor monetario de Keynes con su \u2018expansi\u00f3n cuantitativa\u2019.<\/p>\n<p style=\"text-align: justify;\">Pero m\u00e1s all\u00e1 de la sinraz\u00f3n en la que se ha instalado nuestro legislador, hay una cosa a mi juicio igual de grave. Lo dec\u00edan los afectados en una carta a la Ministra F\u00e1tima B\u00e1\u00f1ez fechada en noviembre, que incluso firmaron Forges y Juan Goytisolo, tambi\u00e9n afectados por la medida: \u201cM\u00e1s all\u00e1 de las consecuencias que puede suponer esta normativa en el plano personal de cada autor, nos preocupa el da\u00f1o que se produce al privar a toda una sociedad de las aportaciones que puedan realizar nuestro creadores en una etapa de su vida en la que el grado de madurez, experiencia y sabidur\u00eda deber\u00edan ser cuidadas y no rechazadas por obsoletas\u201d.<\/p>\n<p style=\"text-align: justify;\">Es verdad. Los intelectuales son referentes morales de su tiempo. Arrojan luz a su alrededor. Nos abroncan cuando nos conformamos. Nos estimulan para esforzarnos, nos ense\u00f1an, nos educan y nos divierten. Una sociedad que fagocita as\u00ed a su cultura tiene alg\u00fan problema m\u00e1s que (s\u00f3lo) con sus impuestos. Malos tiempos para la l\u00edrica\u2026<\/p>\n<p style=\"text-align: justify;\"><strong>Ant\u00f3n Beiras Cal<\/strong><br \/>\n<strong>Economista. Auditor. Abogado tributarista.<\/strong><\/p>\n<p>[\/vc_column_text][\/vc_column_inner][\/vc_row_inner][\/vc_column][\/vc_row]<\/p>\n","protected":false},"excerpt":{"rendered":"<p>[vc_row][vc_column][vc_row_inner][vc_column_inner][vc_column_text] Malos tiempos para la l\u00edrica D. Ant\u00f3n Beiras Cal \u00b7 Economista. Auditor. Abogado tributarista[\/vc_column_text][\/vc_column_inner][\/vc_row_inner][\/vc_column][\/vc_row][vc_row][vc_column][vc_empty_space][vc_row_inner][vc_column_inner][vc_column_text] \u00daltimamente ha sido noticia que la Seguridad Social impuso fuertes multas a intelectuales jubilados y pensionistas por percibir en derechos de autor o colaboraciones espor\u00e1dicas en la prensa, m\u00e1s del salario m\u00ednimo interprofesional. Adem\u00e1s, pod\u00edan incluso perder el derecho a&hellip;<\/p>\n","protected":false},"author":1,"featured_media":3201,"comment_status":"closed","ping_status":"closed","sticky":false,"template":"","format":"standard","meta":{"footnotes":""},"categories":[96,57],"tags":[],"class_list":["post-3199","post","type-post","status-publish","format-standard","has-post-thumbnail","hentry","category-opinion-mar-2017","category-opinion","category-96","category-57","description-off"],"_links":{"self":[{"href":"https:\/\/caumas.org\/revista\/wp-json\/wp\/v2\/posts\/3199","targetHints":{"allow":["GET"]}}],"collection":[{"href":"https:\/\/caumas.org\/revista\/wp-json\/wp\/v2\/posts"}],"about":[{"href":"https:\/\/caumas.org\/revista\/wp-json\/wp\/v2\/types\/post"}],"author":[{"embeddable":true,"href":"https:\/\/caumas.org\/revista\/wp-json\/wp\/v2\/users\/1"}],"replies":[{"embeddable":true,"href":"https:\/\/caumas.org\/revista\/wp-json\/wp\/v2\/comments?post=3199"}],"version-history":[{"count":4,"href":"https:\/\/caumas.org\/revista\/wp-json\/wp\/v2\/posts\/3199\/revisions"}],"predecessor-version":[{"id":3205,"href":"https:\/\/caumas.org\/revista\/wp-json\/wp\/v2\/posts\/3199\/revisions\/3205"}],"wp:featuredmedia":[{"embeddable":true,"href":"https:\/\/caumas.org\/revista\/wp-json\/wp\/v2\/media\/3201"}],"wp:attachment":[{"href":"https:\/\/caumas.org\/revista\/wp-json\/wp\/v2\/media?parent=3199"}],"wp:term":[{"taxonomy":"category","embeddable":true,"href":"https:\/\/caumas.org\/revista\/wp-json\/wp\/v2\/categories?post=3199"},{"taxonomy":"post_tag","embeddable":true,"href":"https:\/\/caumas.org\/revista\/wp-json\/wp\/v2\/tags?post=3199"}],"curies":[{"name":"wp","href":"https:\/\/api.w.org\/{rel}","templated":true}]}}