{"id":3842,"date":"2018-03-21T11:36:16","date_gmt":"2018-03-21T11:36:16","guid":{"rendered":"http:\/\/caumas.org\/revista\/?p=3842"},"modified":"2018-03-21T11:37:38","modified_gmt":"2018-03-21T11:37:38","slug":"xvii-jornadas-sobre-asociacionismo-de-los-programas-universitarios-de-mayores","status":"publish","type":"post","link":"https:\/\/caumas.org\/revista\/xvii-jornadas-sobre-asociacionismo-de-los-programas-universitarios-de-mayores\/","title":{"rendered":"XVII Jornadas sobre Asociacionismo de los Programas Universitarios de Mayores"},"content":{"rendered":"<p>[vc_row full_width_row=&#8221;true&#8221;][vc_column][vc_single_image image=&#8221;3845&#8243; img_size=&#8221;full&#8221; css_animation=&#8221;fadeInDown&#8221;][\/vc_column][\/vc_row][vc_row][vc_column][vc_column_text]ANTECEDENTES<\/p>\n<p>Las jornadas sobre Asociacionismo de los Programas Universitarios de Mayores son encuentros anuales entre Asociaciones Universitarias de\u00a0Mayores vinculadas a Universidades p\u00fablicas y privadas de la UE.<\/p>\n<p>Desde el a\u00f1o 2001 y convocadas por la Confederaci\u00f3n Estatal de Asociaciones y Federaciones de los Programas Universitarios de Mayores (CAUMAS) http:\/\/caumas.org\/congresos-jornadas\/ se celebran estas jornadas, de intercambio de experiencias e informaci\u00f3n, abiertas a todos los alumnos mayores de las distintas universidades europeas con Programas Universitarios de Mayores (P.U.M.).<\/p>\n<p>La organizaci\u00f3n recae anualmente en una Asociaci\u00f3n miembro de CAUMAS que realiza el trabajo de anfitriona con el respaldo de su Universidad. Este a\u00f1o 2018 ha correspondido a la Asociaci\u00f3n de Mayores de la Universidad de la Experiencia de Zaragoza(AMUEZ) http:\/\/www.amuez.es\/<\/p>\n<p><strong>ORGANIZACI\u00d3N<\/strong><\/p>\n<p>Comit\u00e9 Acad\u00e9mico:<\/p>\n<ul style=\"list-style-type: square;\">\n<li>D. Agust\u00edn Ubieto Arteta promotor y director de la UEZ del 2001 al 2014.<\/li>\n<li>D. Francisco Ser\u00f3n Arbeloa Vicerrector de Prospectiva, Sostenibilidad e Infraestructuras de la Universidad de Zaragoza (Unizar)<\/li>\n<li>D. Felipe P\u00e9triz Calvo profesor del Dpto. de Matem\u00e1tica Aplicada en Escuela de Ingenier\u00eda y Arquitectura (Unizar)<\/li>\n<li>D. Pedro C. Marijuan investigador senior del Instituto Aragon\u00e9s de Ciencias de la Salud (IACS)<\/li>\n<li>D: Chaime Marcuello Servos profesor dpto. Psicolog\u00eda y Sociolog\u00eda en la F. de Ciencias Sociales y del Trabajo (Unizar)<\/li>\n<li>D. Jos\u00e9 Antonio Rojo Mart\u00ednez profesor en el Dpto. de Ciencia y Tecnolog\u00eda de Materiales y Fluidos en la Escuela de Ingenier\u00eda y Arquitectura (Unizar)<\/li>\n<\/ul>\n<p><strong>Comit\u00e9 Organizador<\/strong><\/p>\n<ul style=\"list-style-type: square;\">\n<li>Coordinador: Juli\u00e1n Romeo Garc\u00eda<\/li>\n<li>Log\u00edstica: Asunci\u00f3n S\u00e1nchez Abad<\/li>\n<li>Comunicaciones: Fabiola Pi\u00f1ol<\/li>\n<li>Relaci\u00f3n Universidades: Mar\u00eda Dolores Abad<\/li>\n<li>Relaci\u00f3n con administraci\u00f3n auton\u00f3mica: Jos\u00e9 M\u00aa Galdo Grac\u00eda<\/li>\n<li>Relaci\u00f3n con administraci\u00f3n local: N\u00e9lida Ot\u00edn Zamora<\/li>\n<li>Temas Acad\u00e9micos: Fernando Navarro y Juli\u00e1n Romeo<\/li>\n<\/ul>\n<p><strong>DESARROLLO<\/strong><\/p>\n<p>Nuestro logo un autorretrato de Goya y su frase <em><strong>aun aprendo<\/strong> <\/em>representa la voluntad de desarrollo personal de este genio aragon\u00e9s con el que nos sentimos identificados los alumnos de la UEZ.<\/p>\n<p>El lema de estas jornadas:<\/p>\n<p>\u201cLas Universidades del siglo XXI. Los programas de mayores en la nueva sociedad\u201d<\/p>\n<p>Es una invitaci\u00f3n a todas las Asociaciones con programas universitarios de mayores de las Universidades p\u00fablicas y privadas europeas, as\u00ed como responsables e instituciones relacionadas con los mismos, a participar y debatir sobre c\u00f3mo ser\u00e1n los P.U.M. en esta nueva sociedad del conocimiento y su encaje en las universidades del siglo XXI.<\/p>\n<p>Las Jornadas se celebrar\u00e1n los d\u00edas 12; 13; y 14 de septiembre de 2018 en el Paraninfo y la Facultad de Educaci\u00f3n de la Universidad de Zaragoza.<\/p>\n<p>El mi\u00e9rcoles 12 de septiembre a las 17:00 horas tendr\u00e1 lugar la inauguraci\u00f3n de las Jornadas en el Paraninfo con la presencia de las autoridades auton\u00f3micas, locales, acad\u00e9micas y del Instituto de Mayores y Servicios Sociales<\/p>\n<p>En la jornada del 13 jueves se desarrollar\u00e1 el tema \u201cLas Universidades del siglo XXI\u201d, y el viernes 14 se dedicar\u00e1 a \u201cLos programas de mayores en la nueva sociedad\u201d<\/p>\n<p style=\"text-align: center;\"><a class=\"dt-single-image\" href=\"https:\/\/caumas.org\/revista\/wp-content\/uploads\/2018\/03\/Pie-Noticia-AMUEZ.jpg\" data-dt-img-description=\"\"><img fetchpriority=\"high\" decoding=\"async\" class=\"alignnone size-large wp-image-3843\" src=\"https:\/\/caumas.org\/revista\/wp-content\/uploads\/2018\/03\/Pie-Noticia-AMUEZ-1024x161.jpg\" alt=\"\" width=\"1024\" height=\"161\" srcset=\"https:\/\/caumas.org\/revista\/wp-content\/uploads\/2018\/03\/Pie-Noticia-AMUEZ-1024x161.jpg 1024w, https:\/\/caumas.org\/revista\/wp-content\/uploads\/2018\/03\/Pie-Noticia-AMUEZ-300x47.jpg 300w, https:\/\/caumas.org\/revista\/wp-content\/uploads\/2018\/03\/Pie-Noticia-AMUEZ-768x121.jpg 768w, https:\/\/caumas.org\/revista\/wp-content\/uploads\/2018\/03\/Pie-Noticia-AMUEZ.jpg 1343w\" sizes=\"(max-width: 1024px) 100vw, 1024px\" \/><\/a><\/p>\n<p>[\/vc_column_text][\/vc_column][\/vc_row]<\/p>\n","protected":false},"excerpt":{"rendered":"<p>[vc_row full_width_row=&#8221;true&#8221;][vc_column][vc_single_image image=&#8221;3845&#8243; img_size=&#8221;full&#8221; css_animation=&#8221;fadeInDown&#8221;][\/vc_column][\/vc_row][vc_row][vc_column][vc_column_text]ANTECEDENTES Las jornadas sobre Asociacionismo de los Programas Universitarios de Mayores son encuentros anuales entre Asociaciones Universitarias de\u00a0Mayores vinculadas a Universidades p\u00fablicas y privadas de la UE. Desde el a\u00f1o 2001 y convocadas por la Confederaci\u00f3n Estatal de Asociaciones y Federaciones de los Programas Universitarios de Mayores (CAUMAS) http:\/\/caumas.org\/congresos-jornadas\/ se celebran&hellip;<\/p>\n","protected":false},"author":1,"featured_media":3846,"comment_status":"closed","ping_status":"closed","sticky":false,"template":"","format":"standard","meta":{"footnotes":""},"categories":[123,59],"tags":[],"class_list":["post-3842","post","type-post","status-publish","format-standard","has-post-thumbnail","hentry","category-22-noticias-mar-2018","category-noticias","category-123","category-59","description-off"],"_links":{"self":[{"href":"https:\/\/caumas.org\/revista\/wp-json\/wp\/v2\/posts\/3842","targetHints":{"allow":["GET"]}}],"collection":[{"href":"https:\/\/caumas.org\/revista\/wp-json\/wp\/v2\/posts"}],"about":[{"href":"https:\/\/caumas.org\/revista\/wp-json\/wp\/v2\/types\/post"}],"author":[{"embeddable":true,"href":"https:\/\/caumas.org\/revista\/wp-json\/wp\/v2\/users\/1"}],"replies":[{"embeddable":true,"href":"https:\/\/caumas.org\/revista\/wp-json\/wp\/v2\/comments?post=3842"}],"version-history":[{"count":4,"href":"https:\/\/caumas.org\/revista\/wp-json\/wp\/v2\/posts\/3842\/revisions"}],"predecessor-version":[{"id":3849,"href":"https:\/\/caumas.org\/revista\/wp-json\/wp\/v2\/posts\/3842\/revisions\/3849"}],"wp:featuredmedia":[{"embeddable":true,"href":"https:\/\/caumas.org\/revista\/wp-json\/wp\/v2\/media\/3846"}],"wp:attachment":[{"href":"https:\/\/caumas.org\/revista\/wp-json\/wp\/v2\/media?parent=3842"}],"wp:term":[{"taxonomy":"category","embeddable":true,"href":"https:\/\/caumas.org\/revista\/wp-json\/wp\/v2\/categories?post=3842"},{"taxonomy":"post_tag","embeddable":true,"href":"https:\/\/caumas.org\/revista\/wp-json\/wp\/v2\/tags?post=3842"}],"curies":[{"name":"wp","href":"https:\/\/api.w.org\/{rel}","templated":true}]}}