{"id":3975,"date":"2018-06-19T16:39:03","date_gmt":"2018-06-19T16:39:03","guid":{"rendered":"http:\/\/caumas.org\/revista\/?page_id=3975"},"modified":"2025-07-02T17:40:50","modified_gmt":"2025-07-02T17:40:50","slug":"revista-junio-2018","status":"publish","type":"post","link":"https:\/\/caumas.org\/revista\/revista-junio-2018\/","title":{"rendered":"Revista Junio 2018"},"content":{"rendered":"<p>[vc_row][vc_column width=&#8221;3\/4&#8243;][vc_row_inner][vc_column_inner width=&#8221;2\/3&#8243;][vc_column_text css=&#8221;.vc_custom_1529421755165{margin-bottom: 0px !important;border-bottom-width: 0px !important;padding-bottom: 0px !important;}&#8221;]<\/p>\n<h4 style=\"text-align: justify;\"><strong><span style=\"color: #000000;\">Editorial \u00b7<em> La Universidad del siglo XXI<\/em><\/span><\/strong><\/h4>\n<p>[\/vc_column_text]<div class=\"hr-thin style-line\" style=\"width: 100%;border-color: #696969;border-top-width: 1px;\"><\/div>[vc_column_text css_animation=&#8221;fadeIn&#8221;]<\/p>\n<p style=\"text-align: justify;\">La Universidad, cuyo objetivo es formar ciudadanos con mentalidad abierta, esp\u00edritu cr\u00edtico, conciencia \u00e9tica y compromiso c\u00edvico, debe adaptarse a los cambios que est\u00e1n surgiendo en la sociedad a la que pertenece, integr\u00e1ndose en ella con actuaciones y acciones para asumir los retos y desaf\u00edos que la sociedad del siglo XXI le plantea y avanzar hacia una sociedad m\u00e1s justa, equitativa y sostenible durante las pr\u00f3ximas d\u00e9cadas. <div class=\"gap\" style=\"line-height: 16px; height: 16px;\"><\/div>\n<p style=\"text-align: justify;\">Dentro de esos cambios y adaptaciones figuran los Programas Universitarios de Mayores (PUM), necesitados de una identidad propia, unos criterios comunes y una aplicaci\u00f3n correspondiente a las demandas de las personas mayores. Ahora est\u00e1n carentes de una exigencia acad\u00e9mica, de una continuidad y finalidad determinadas. Es necesario un debate entre los organismos e instituciones responsables, en el que intervengan los alumnos representados, para actuar sobre las inquietudes y las necesidades de los estudiantes s\u00e9nior en la nueva sociedad del siglo XXI.<\/p>\n<p style=\"text-align: right;\"><a href=\"https:\/\/caumas.org\/revista\/editorial-la-universidad-del-siglo-xxi\/\">Leer m\u00e1s &gt;&gt;<\/a><\/p>\n<p>[\/vc_column_text]<div class=\"gap\" style=\"line-height: 5px; height: 5px;\"><\/div>[\/vc_column_inner][vc_column_inner width=&#8221;1\/3&#8243;][vc_column_text css=&#8221;.vc_custom_1474358427836{margin-bottom: 0px !important;border-bottom-width: 0px !important;padding-bottom: 0px !important;}&#8221;]<\/p>\n<h4 style=\"text-align: justify;\"><strong><span style=\"color: #000000;\">Revistas para descargar:<\/span><\/strong><\/h4>\n<p>[\/vc_column_text]<div class=\"hr-thin style-line\" style=\"width: 100%;border-color: #696969;border-top-width: 1px;\"><\/div><div class=\"dt-shortcode with-isotope\"><div class=\"wf-container dt-blog-shortcode loading-effect-fall-perspective iso-grid description-under-image content-align-left\" data-padding=\"20px\" data-cur-page=\"1\" data-posts-per-page=\"-1\" data-width=\"135px\" data-columns=\"1\">\n<div class=\"wf-cell\" data-post-id=\"4171\" data-date=\"2018-06-21T15:15:19+00:00\" data-name=\"Revista n\u00ba23 \u00b7 junio 2018\">\n\t<article class=\"post post-4171 type-post status-publish format-standard has-post-thumbnail hentry category-23-revista-pdf-jun-2018 category-revistas category-revistas-pdf category-131 category-62 category-18 description-off\">\n\n\t\t\n\t\t\t<div class=\"blog-media wf-td\">\n\n\t\t\t\t<p><a href=\"https:\/\/caumas.org\/revista\/revista-no23-%c2%b7-junio-2018\/\" class=\"alignnone rollover layzr-bg\" ><img decoding=\"async\" class=\"preload-me iso-lazy-load\" src=\"data:image\/svg+xml,%3Csvg%20xmlns%3D&#39;http%3A%2F%2Fwww.w3.org%2F2000%2Fsvg&#39;%20viewBox%3D&#39;0%200%20203%20210&#39;%2F%3E\" data-src=\"https:\/\/caumas.org\/revista\/wp-content\/uploads\/2018\/06\/Portadas-Revista-23-203x210.png\" data-srcset=\"https:\/\/caumas.org\/revista\/wp-content\/uploads\/2018\/06\/Portadas-Revista-23-203x210.png 203w, https:\/\/caumas.org\/revista\/wp-content\/uploads\/2018\/06\/Portadas-Revista-23-406x420.png 406w\" alt=\"\" title=\"Portadas Revista 23\" width=\"203\" height=\"210\"  \/><\/a><\/p>\n\t\t\t<\/div>\n\n\t\t\n\t\t<div class=\"blog-content wf-td\">\n\t\t\t<h3 class=\"entry-title\"><a href=\"https:\/\/caumas.org\/revista\/revista-no23-%c2%b7-junio-2018\/\" title=\"Revista n\u00ba23 \u00b7 junio 2018\" rel=\"bookmark\">Revista n\u00ba23 \u00b7 junio 2018<\/a><\/h3>\n\n\t\t\t<p>[vc_row][vc_column width=&#8221;1\/4&#8243;][vc_column_text] [\/vc_column_text][\/vc_column][vc_column width=&#8221;3\/4&#8243;][vc_column_text] [\/vc_column_text][\/vc_column][\/vc_row]<\/p>\n\n\t\t<\/div>\n\n\t<\/article>\n\n<\/div><\/div><\/div><div class=\"gap\" style=\"line-height: 5px; height: 5px;\"><\/div>[\/vc_column_inner][\/vc_row_inner][vc_row_inner][vc_column_inner width=&#8221;1\/3&#8243;]<div class=\"gap\" style=\"line-height: 10px; height: 10px;\"><\/div>[vc_column_text css=&#8221;.vc_custom_1521971876507{margin-bottom: 5px !important;border-bottom-width: 5px !important;padding-bottom: 5px !important;background-color: #ffbf8b !important;}&#8221;]<\/p>\n<h3 style=\"text-align: justify;\"><img decoding=\"async\" class=\"alignnone wp-image-509\" src=\"https:\/\/caumas.org\/revista\/wp-content\/uploads\/2015\/04\/Entrevistas-Triangulo.png\" alt=\"Entrevistas-Triangulo\" width=\"23\" height=\"23\" srcset=\"https:\/\/caumas.org\/revista\/wp-content\/uploads\/2015\/04\/Entrevistas-Triangulo.png 208w, https:\/\/caumas.org\/revista\/wp-content\/uploads\/2015\/04\/Entrevistas-Triangulo-150x150.png 150w\" sizes=\"(max-width: 23px) 100vw, 23px\" \/>\u00a0\u00a0<span style=\"color: #ffffff;\">EDITORIAL<\/span><\/h3>\n<p>[\/vc_column_text]<div class=\"hr-thin style-line\" style=\"width: 100%;border-color: #f4f4f4;border-top-width: 1px;\"><\/div><div class=\"dt-blog-shortcode slider-wrapper  owl-carousel dt-owl-carousel-init arrows-light enable-mobile-arrows description-under-image\" data-padding-side=\"20\" data-autoslide=\"true\" data-delay=\"6000\" data-loop=\"false\" data-arrows=\"true\">\n\n\t<article class=\"post post-4018 type-post status-publish format-standard has-post-thumbnail hentry category-23-editorial-jun-2018 category-editorial category-128 category-55 description-off\">\n\n\t\t\n\t\t\t<div class=\"blog-media wf-td\">\n\n\t\t\t\t<p><a href=\"https:\/\/caumas.org\/revista\/editorial-la-universidad-del-siglo-xxi\/\" class=\"alignnone rollover layzr-bg\" ><img fetchpriority=\"high\" decoding=\"async\" class=\"preload-me lazy-load\" src=\"data:image\/svg+xml,%3Csvg%20xmlns%3D&#39;http%3A%2F%2Fwww.w3.org%2F2000%2Fsvg&#39;%20viewBox%3D&#39;0%200%20280%20200&#39;%2F%3E\" data-src=\"https:\/\/caumas.org\/revista\/wp-content\/uploads\/2018\/06\/EDITORIAL01.Imagenes.Destacadas-280x200.jpg\" data-srcset=\"https:\/\/caumas.org\/revista\/wp-content\/uploads\/2018\/06\/EDITORIAL01.Imagenes.Destacadas-280x200.jpg 280w, https:\/\/caumas.org\/revista\/wp-content\/uploads\/2018\/06\/EDITORIAL01.Imagenes.Destacadas-466x333.jpg 466w\" alt=\"\" title=\"EDITORIAL01.Imagenes.Destacadas\" width=\"280\" height=\"200\"  \/><\/a><\/p>\n\t\t\t<\/div>\n\n\t\t\n\t\t<div class=\"blog-content wf-td\">\n\t\t\t<h3 class=\"entry-title\"><a href=\"https:\/\/caumas.org\/revista\/editorial-la-universidad-del-siglo-xxi\/\" title=\"Editorial &#8211; La Universidad del siglo XXI\" rel=\"bookmark\">Editorial &#8211; La Universidad del siglo XXI<\/a><\/h3>\n\n\t\t\t\n\t\t<\/div>\n\n\t<\/article>\n\n<\/div><div class=\"gap\" style=\"line-height: 10px; height: 10px;\"><\/div>[\/vc_column_inner][vc_column_inner width=&#8221;1\/3&#8243;]<div class=\"gap\" style=\"line-height: 10px; height: 10px;\"><\/div>[vc_column_text css=&#8221;.vc_custom_1474409737416{margin-bottom: 5px !important;border-bottom-width: 5px !important;padding-bottom: 5px !important;background-color: #50b6db !important;}&#8221;]<\/p>\n<h3 style=\"text-align: justify;\"><img loading=\"lazy\" decoding=\"async\" class=\"alignnone wp-image-514\" src=\"https:\/\/caumas.org\/revista\/wp-content\/uploads\/2015\/04\/Colaboraciones-Triangulo.png\" alt=\"Colaboraciones-Triangulo\" width=\"23\" height=\"23\" srcset=\"https:\/\/caumas.org\/revista\/wp-content\/uploads\/2015\/04\/Colaboraciones-Triangulo.png 208w, https:\/\/caumas.org\/revista\/wp-content\/uploads\/2015\/04\/Colaboraciones-Triangulo-150x150.png 150w\" sizes=\"(max-width: 23px) 100vw, 23px\" \/>\u00a0<span style=\"color: #ffffff;\">Colaboraciones<\/span><\/h3>\n<p>[\/vc_column_text]<div class=\"hr-thin style-line\" style=\"width: 100%;border-color: #f4f4f4;border-top-width: 1px;\"><\/div><div class=\"dt-blog-shortcode slider-wrapper  owl-carousel dt-owl-carousel-init arrows-light enable-mobile-arrows description-under-image\" data-padding-side=\"20\" data-autoslide=\"true\" data-delay=\"6000\" data-loop=\"false\" data-arrows=\"true\">\n\n\t<article class=\"post post-4006 type-post status-publish format-standard has-post-thumbnail hentry category-colaboraciones-jun-2018 category-colaboraciones category-127 category-58 description-off\">\n\n\t\t\n\t\t\t<div class=\"blog-media wf-td\">\n\n\t\t\t\t<p><a href=\"https:\/\/caumas.org\/revista\/alfabetizacion-digital-y-envejecimiento-activo-online\/\" class=\"alignnone rollover layzr-bg\" ><img loading=\"lazy\" decoding=\"async\" class=\"preload-me lazy-load\" src=\"data:image\/svg+xml,%3Csvg%20xmlns%3D&#39;http%3A%2F%2Fwww.w3.org%2F2000%2Fsvg&#39;%20viewBox%3D&#39;0%200%20280%20200&#39;%2F%3E\" data-src=\"https:\/\/caumas.org\/revista\/wp-content\/uploads\/2018\/06\/COLABORACIONES.01.Imagenes.Destacadas.02-280x200.jpg\" data-srcset=\"https:\/\/caumas.org\/revista\/wp-content\/uploads\/2018\/06\/COLABORACIONES.01.Imagenes.Destacadas.02-280x200.jpg 280w, https:\/\/caumas.org\/revista\/wp-content\/uploads\/2018\/06\/COLABORACIONES.01.Imagenes.Destacadas.02-466x333.jpg 466w\" alt=\"\" title=\"COLABORACIONES.01.Imagenes.Destacadas.02\" width=\"280\" height=\"200\"  \/><\/a><\/p>\n\t\t\t<\/div>\n\n\t\t\n\t\t<div class=\"blog-content wf-td\">\n\t\t\t<h3 class=\"entry-title\"><a href=\"https:\/\/caumas.org\/revista\/alfabetizacion-digital-y-envejecimiento-activo-online\/\" title=\"Alfabetizaci\u00f3n digital y envejecimiento activo online\" rel=\"bookmark\">Alfabetizaci\u00f3n digital y envejecimiento activo online<\/a><\/h3>\n\n\t\t\t\n\t\t<\/div>\n\n\t<\/article>\n\n<\/div><div class=\"gap\" style=\"line-height: 10px; height: 10px;\"><\/div>[\/vc_column_inner][vc_column_inner width=&#8221;1\/3&#8243;]<div class=\"gap\" style=\"line-height: 10px; height: 10px;\"><\/div>[vc_column_text css=&#8221;.vc_custom_1529607468871{margin-bottom: 5px !important;border-bottom-width: 5px !important;padding-bottom: 5px !important;background-color: #ffbf8b !important;}&#8221;]<\/p>\n<h3 style=\"text-align: justify;\"><img decoding=\"async\" class=\"alignnone wp-image-509\" src=\"https:\/\/caumas.org\/revista\/wp-content\/uploads\/2015\/04\/Entrevistas-Triangulo.png\" alt=\"Entrevistas-Triangulo\" width=\"23\" height=\"23\" srcset=\"https:\/\/caumas.org\/revista\/wp-content\/uploads\/2015\/04\/Entrevistas-Triangulo.png 208w, https:\/\/caumas.org\/revista\/wp-content\/uploads\/2015\/04\/Entrevistas-Triangulo-150x150.png 150w\" sizes=\"(max-width: 23px) 100vw, 23px\" \/>\u00a0\u00a0<span style=\"color: #ffffff;\">ENTREVISTA<\/span><\/h3>\n<p>[\/vc_column_text]<div class=\"hr-thin style-line\" style=\"width: 100%;border-color: #f4f4f4;border-top-width: 1px;\"><\/div><div class=\"dt-blog-shortcode slider-wrapper  owl-carousel dt-owl-carousel-init arrows-light enable-mobile-arrows description-under-image\" data-padding-side=\"20\" data-autoslide=\"true\" data-delay=\"6000\" data-loop=\"false\" data-arrows=\"true\">\n\n\t<article class=\"post post-4026 type-post status-publish format-standard has-post-thumbnail hentry category-23-entrevista-jun-2018 category-entrevista category-130 category-56 description-off\">\n\n\t\t\n\t\t\t<div class=\"blog-media wf-td\">\n\n\t\t\t\t<p><a href=\"https:\/\/caumas.org\/revista\/entrevista-a-d-francisco-jose-seron-arbeloa\/\" class=\"alignnone rollover layzr-bg\" ><img loading=\"lazy\" decoding=\"async\" class=\"preload-me lazy-load\" src=\"data:image\/svg+xml,%3Csvg%20xmlns%3D&#39;http%3A%2F%2Fwww.w3.org%2F2000%2Fsvg&#39;%20viewBox%3D&#39;0%200%20280%20200&#39;%2F%3E\" data-src=\"https:\/\/caumas.org\/revista\/wp-content\/uploads\/2018\/06\/ENTREVISTA.01.Imagen.destacada-280x200.jpg\" data-srcset=\"https:\/\/caumas.org\/revista\/wp-content\/uploads\/2018\/06\/ENTREVISTA.01.Imagen.destacada-280x200.jpg 280w, https:\/\/caumas.org\/revista\/wp-content\/uploads\/2018\/06\/ENTREVISTA.01.Imagen.destacada-466x333.jpg 466w\" alt=\"\" title=\"ENTREVISTA.01.Imagen.destacada\" width=\"280\" height=\"200\"  \/><\/a><\/p>\n\t\t\t<\/div>\n\n\t\t\n\t\t<div class=\"blog-content wf-td\">\n\t\t\t<h3 class=\"entry-title\"><a href=\"https:\/\/caumas.org\/revista\/entrevista-a-d-francisco-jose-seron-arbeloa\/\" title=\"Entrevista a D. Francisco Jos\u00e9 Ser\u00f3n Arbeloa\" rel=\"bookmark\">Entrevista a D. Francisco Jos\u00e9 Ser\u00f3n Arbeloa<\/a><\/h3>\n\n\t\t\t\n\t\t<\/div>\n\n\t<\/article>\n\n<\/div><div class=\"gap\" style=\"line-height: 10px; height: 10px;\"><\/div>[\/vc_column_inner][\/vc_row_inner][vc_row_inner][vc_column_inner]<div class=\"gap\" style=\"line-height: 10px; height: 10px;\"><\/div>[vc_column_text css=&#8221;.vc_custom_1474409630819{margin-bottom: 5px !important;border-bottom-width: 5px !important;padding-bottom: 5px !important;background-color: #e65a3a !important;}&#8221;]<\/p>\n<h3 style=\"text-align: justify;\"><img loading=\"lazy\" decoding=\"async\" class=\"alignnone wp-image-515\" src=\"https:\/\/caumas.org\/revista\/wp-content\/uploads\/2015\/04\/Noticias-Triangulo.png\" alt=\"Noticias-Triangulo\" width=\"23\" height=\"23\" srcset=\"https:\/\/caumas.org\/revista\/wp-content\/uploads\/2015\/04\/Noticias-Triangulo.png 208w, https:\/\/caumas.org\/revista\/wp-content\/uploads\/2015\/04\/Noticias-Triangulo-150x150.png 150w\" sizes=\"(max-width: 23px) 100vw, 23px\" \/>\u00a0<span style=\"color: #ffffff;\">Noticias<\/span><\/h3>\n<p>[\/vc_column_text]<div class=\"hr-thin style-line\" style=\"width: 100%;border-color: #f4f4f4;border-top-width: 1px;\"><\/div><div class=\"dt-shortcode with-isotope\"><div class=\"wf-container dt-blog-shortcode loading-effect-fade-in iso-grid description-under-image content-align-left\" data-padding=\"20px\" data-cur-page=\"1\" data-posts-per-page=\"-1\" data-width=\"135px\" data-columns=\"3\">\n<div class=\"wf-cell\" data-post-id=\"4056\" data-date=\"2018-06-20T16:49:37+00:00\" data-name=\"Discurso de D. Enrique Poz\u00f3n para la presentaci\u00f3n del Libro Blanco de CAUMAS\">\n\t<article class=\"post post-4056 type-post status-publish format-standard has-post-thumbnail hentry category-23-noticias-jun-2018 category-noticias category-129 category-59 description-off\">\n\n\t\t\n\t\t\t<div class=\"blog-media wf-td\">\n\n\t\t\t\t<p><a href=\"https:\/\/caumas.org\/revista\/discurso-de-d-enrique-pozon-para-la-presentacion-del-libro-blanco-de-caumas\/\" class=\"alignnone rollover layzr-bg\" ><img loading=\"lazy\" decoding=\"async\" class=\"preload-me iso-lazy-load\" src=\"data:image\/svg+xml,%3Csvg%20xmlns%3D&#39;http%3A%2F%2Fwww.w3.org%2F2000%2Fsvg&#39;%20viewBox%3D&#39;0%200%20203%20135&#39;%2F%3E\" data-src=\"https:\/\/caumas.org\/revista\/wp-content\/uploads\/2018\/06\/NOTICIAS.06.ImagenDestacada-203x135.jpg\" data-srcset=\"https:\/\/caumas.org\/revista\/wp-content\/uploads\/2018\/06\/NOTICIAS.06.ImagenDestacada-203x135.jpg 203w, https:\/\/caumas.org\/revista\/wp-content\/uploads\/2018\/06\/NOTICIAS.06.ImagenDestacada-406x270.jpg 406w\" alt=\"\" title=\"NOTICIAS.06.ImagenDestacada\" width=\"203\" height=\"135\"  \/><\/a><\/p>\n\t\t\t<\/div>\n\n\t\t\n\t\t<div class=\"blog-content wf-td\">\n\t\t\t<h3 class=\"entry-title\"><a href=\"https:\/\/caumas.org\/revista\/discurso-de-d-enrique-pozon-para-la-presentacion-del-libro-blanco-de-caumas\/\" title=\"Discurso de D. Enrique Poz\u00f3n para la presentaci\u00f3n del Libro Blanco de CAUMAS\" rel=\"bookmark\">Discurso de D. Enrique Poz\u00f3n para la presentaci\u00f3n del Libro Blanco de CAUMAS<\/a><\/h3>\n\n\t\t\t\n\t\t<\/div>\n\n\t<\/article>\n\n<\/div>\n<div class=\"wf-cell\" data-post-id=\"4067\" data-date=\"2018-06-20T17:16:59+00:00\" data-name=\"Discurso presentaci\u00f3n Libro Blanco de CAUMAS de la Presidenta de CAUMAS, Marina Troncoso\">\n\t<article class=\"post post-4067 type-post status-publish format-standard has-post-thumbnail hentry category-23-noticias-jun-2018 category-noticias category-129 category-59 description-off\">\n\n\t\t\n\t\t\t<div class=\"blog-media wf-td\">\n\n\t\t\t\t<p><a href=\"https:\/\/caumas.org\/revista\/discurso-presentacion-libro-blanco-de-caumas-de-la-presidenta-de-caumas-marina-troncoso\/\" class=\"alignnone rollover layzr-bg\" ><img loading=\"lazy\" decoding=\"async\" class=\"preload-me iso-lazy-load\" src=\"data:image\/svg+xml,%3Csvg%20xmlns%3D&#39;http%3A%2F%2Fwww.w3.org%2F2000%2Fsvg&#39;%20viewBox%3D&#39;0%200%20203%20135&#39;%2F%3E\" data-src=\"https:\/\/caumas.org\/revista\/wp-content\/uploads\/2018\/06\/NOTICIAS.07.ImagenDestacada-203x135.jpg\" data-srcset=\"https:\/\/caumas.org\/revista\/wp-content\/uploads\/2018\/06\/NOTICIAS.07.ImagenDestacada-203x135.jpg 203w, https:\/\/caumas.org\/revista\/wp-content\/uploads\/2018\/06\/NOTICIAS.07.ImagenDestacada-406x270.jpg 406w\" alt=\"\" title=\"NOTICIAS.07.ImagenDestacada\" width=\"203\" height=\"135\"  \/><\/a><\/p>\n\t\t\t<\/div>\n\n\t\t\n\t\t<div class=\"blog-content wf-td\">\n\t\t\t<h3 class=\"entry-title\"><a href=\"https:\/\/caumas.org\/revista\/discurso-presentacion-libro-blanco-de-caumas-de-la-presidenta-de-caumas-marina-troncoso\/\" title=\"Discurso presentaci\u00f3n Libro Blanco de CAUMAS de la Presidenta de CAUMAS, Marina Troncoso\" rel=\"bookmark\">Discurso presentaci\u00f3n Libro Blanco de CAUMAS de la Presidenta de CAUMAS, Marina Troncoso<\/a><\/h3>\n\n\t\t\t\n\t\t<\/div>\n\n\t<\/article>\n\n<\/div>\n<div class=\"wf-cell\" data-post-id=\"4146\" data-date=\"2018-06-21T11:28:40+00:00\" data-name=\"Cr\u00f3nica de la Salida a San Cibrao de Las y Ribadavia\">\n\t<article class=\"post post-4146 type-post status-publish format-standard has-post-thumbnail hentry category-23-noticias-jun-2018 category-noticias category-129 category-59 description-off\">\n\n\t\t\n\t\t\t<div class=\"blog-media wf-td\">\n\n\t\t\t\t<p><a href=\"https:\/\/caumas.org\/revista\/cronica-de-la-salida-a-san-cibrao-de-las-y-ribadavia\/\" class=\"alignnone rollover layzr-bg\" ><img loading=\"lazy\" decoding=\"async\" class=\"preload-me iso-lazy-load\" src=\"data:image\/svg+xml,%3Csvg%20xmlns%3D&#39;http%3A%2F%2Fwww.w3.org%2F2000%2Fsvg&#39;%20viewBox%3D&#39;0%200%20203%20135&#39;%2F%3E\" data-src=\"https:\/\/caumas.org\/revista\/wp-content\/uploads\/2018\/06\/NOTICIAS.18.Imagen.Destacada-203x135.jpg\" data-srcset=\"https:\/\/caumas.org\/revista\/wp-content\/uploads\/2018\/06\/NOTICIAS.18.Imagen.Destacada-203x135.jpg 203w, https:\/\/caumas.org\/revista\/wp-content\/uploads\/2018\/06\/NOTICIAS.18.Imagen.Destacada-406x270.jpg 406w\" alt=\"\" title=\"NOTICIAS.18.Imagen.Destacada\" width=\"203\" height=\"135\"  \/><\/a><\/p>\n\t\t\t<\/div>\n\n\t\t\n\t\t<div class=\"blog-content wf-td\">\n\t\t\t<h3 class=\"entry-title\"><a href=\"https:\/\/caumas.org\/revista\/cronica-de-la-salida-a-san-cibrao-de-las-y-ribadavia\/\" title=\"Cr\u00f3nica de la Salida a San Cibrao de Las y Ribadavia\" rel=\"bookmark\">Cr\u00f3nica de la Salida a San Cibrao de Las y Ribadavia<\/a><\/h3>\n\n\t\t\t\n\t\t<\/div>\n\n\t<\/article>\n\n<\/div>\n<div class=\"wf-cell\" data-post-id=\"4133\" data-date=\"2018-06-21T11:15:05+00:00\" data-name=\"Carteles ALUMA\">\n\t<article class=\"post post-4133 type-post status-publish format-standard has-post-thumbnail hentry category-23-noticias-jun-2018 category-noticias category-129 category-59 description-off\">\n\n\t\t\n\t\t\t<div class=\"blog-media wf-td\">\n\n\t\t\t\t<p><a href=\"https:\/\/caumas.org\/revista\/carteles-aluma\/\" class=\"alignnone rollover layzr-bg\" ><img loading=\"lazy\" decoding=\"async\" class=\"preload-me iso-lazy-load\" src=\"data:image\/svg+xml,%3Csvg%20xmlns%3D&#39;http%3A%2F%2Fwww.w3.org%2F2000%2Fsvg&#39;%20viewBox%3D&#39;0%200%20203%20135&#39;%2F%3E\" data-src=\"https:\/\/caumas.org\/revista\/wp-content\/uploads\/2018\/06\/NOTICIAS.16.Imagen.Destacada-203x135.jpg\" data-srcset=\"https:\/\/caumas.org\/revista\/wp-content\/uploads\/2018\/06\/NOTICIAS.16.Imagen.Destacada-203x135.jpg 203w, https:\/\/caumas.org\/revista\/wp-content\/uploads\/2018\/06\/NOTICIAS.16.Imagen.Destacada-406x270.jpg 406w\" alt=\"\" title=\"NOTICIAS.16.Imagen.Destacada\" width=\"203\" height=\"135\"  \/><\/a><\/p>\n\t\t\t<\/div>\n\n\t\t\n\t\t<div class=\"blog-content wf-td\">\n\t\t\t<h3 class=\"entry-title\"><a href=\"https:\/\/caumas.org\/revista\/carteles-aluma\/\" title=\"Carteles ALUMA\" rel=\"bookmark\">Carteles ALUMA<\/a><\/h3>\n\n\t\t\t\n\t\t<\/div>\n\n\t<\/article>\n\n<\/div>\n<div class=\"wf-cell\" data-post-id=\"4126\" data-date=\"2018-06-21T11:10:05+00:00\" data-name=\"Jornadas Interuniversitarias en B\u00e9lgica con la Universidad de Mayores de Lovaina la Nueva\">\n\t<article class=\"post post-4126 type-post status-publish format-standard has-post-thumbnail hentry category-23-noticias-jun-2018 category-noticias category-129 category-59 description-off\">\n\n\t\t\n\t\t\t<div class=\"blog-media wf-td\">\n\n\t\t\t\t<p><a href=\"https:\/\/caumas.org\/revista\/jornadas-interuniversitarias-en-belgica-con-la-universidad-de-mayores-de-lovaina-la-nueva\/\" class=\"alignnone rollover layzr-bg\" ><img loading=\"lazy\" decoding=\"async\" class=\"preload-me iso-lazy-load\" src=\"data:image\/svg+xml,%3Csvg%20xmlns%3D&#39;http%3A%2F%2Fwww.w3.org%2F2000%2Fsvg&#39;%20viewBox%3D&#39;0%200%20203%20135&#39;%2F%3E\" data-src=\"https:\/\/caumas.org\/revista\/wp-content\/uploads\/2018\/06\/NOTICIAS.13.Imagen.Destacada-203x135.jpg\" data-srcset=\"https:\/\/caumas.org\/revista\/wp-content\/uploads\/2018\/06\/NOTICIAS.13.Imagen.Destacada-203x135.jpg 203w, https:\/\/caumas.org\/revista\/wp-content\/uploads\/2018\/06\/NOTICIAS.13.Imagen.Destacada-406x270.jpg 406w\" alt=\"\" title=\"NOTICIAS.13.Imagen.Destacada\" width=\"203\" height=\"135\"  \/><\/a><\/p>\n\t\t\t<\/div>\n\n\t\t\n\t\t<div class=\"blog-content wf-td\">\n\t\t\t<h3 class=\"entry-title\"><a href=\"https:\/\/caumas.org\/revista\/jornadas-interuniversitarias-en-belgica-con-la-universidad-de-mayores-de-lovaina-la-nueva\/\" title=\"Jornadas Interuniversitarias en B\u00e9lgica con la Universidad de Mayores de Lovaina la Nueva\" rel=\"bookmark\">Jornadas Interuniversitarias en B\u00e9lgica con la Universidad de Mayores de Lovaina la Nueva<\/a><\/h3>\n\n\t\t\t\n\t\t<\/div>\n\n\t<\/article>\n\n<\/div>\n<div class=\"wf-cell\" data-post-id=\"4071\" data-date=\"2018-06-20T17:25:51+00:00\" data-name=\"IX Seminario AEPUM\">\n\t<article class=\"post post-4071 type-post status-publish format-standard has-post-thumbnail hentry category-23-noticias-jun-2018 category-noticias category-129 category-59 description-off\">\n\n\t\t\n\t\t\t<div class=\"blog-media wf-td\">\n\n\t\t\t\t<p><a href=\"https:\/\/caumas.org\/revista\/ix-seminario-aepum\/\" class=\"alignnone rollover layzr-bg\" ><img loading=\"lazy\" decoding=\"async\" class=\"preload-me iso-lazy-load\" src=\"data:image\/svg+xml,%3Csvg%20xmlns%3D&#39;http%3A%2F%2Fwww.w3.org%2F2000%2Fsvg&#39;%20viewBox%3D&#39;0%200%20203%20135&#39;%2F%3E\" data-src=\"https:\/\/caumas.org\/revista\/wp-content\/uploads\/2018\/06\/NOTICIAS.08.ImagenDestacada-203x135.jpg\" data-srcset=\"https:\/\/caumas.org\/revista\/wp-content\/uploads\/2018\/06\/NOTICIAS.08.ImagenDestacada-203x135.jpg 203w, https:\/\/caumas.org\/revista\/wp-content\/uploads\/2018\/06\/NOTICIAS.08.ImagenDestacada-406x270.jpg 406w\" alt=\"\" title=\"NOTICIAS.08.ImagenDestacada\" width=\"203\" height=\"135\"  \/><\/a><\/p>\n\t\t\t<\/div>\n\n\t\t\n\t\t<div class=\"blog-content wf-td\">\n\t\t\t<h3 class=\"entry-title\"><a href=\"https:\/\/caumas.org\/revista\/ix-seminario-aepum\/\" title=\"IX Seminario AEPUM\" rel=\"bookmark\">IX Seminario AEPUM<\/a><\/h3>\n\n\t\t\t\n\t\t<\/div>\n\n\t<\/article>\n\n<\/div>\n<div class=\"wf-cell\" data-post-id=\"4097\" data-date=\"2018-06-21T10:47:38+00:00\" data-name=\"Jornadas Interuniversitarias de la Asociaci\u00f3n AUMA de la Universidad de Oviedo con la Asociaci\u00f3n de Alumnos ALUMA de Granada\">\n\t<article class=\"post post-4097 type-post status-publish format-standard has-post-thumbnail hentry category-23-noticias-jun-2018 category-noticias category-129 category-59 description-off\">\n\n\t\t\n\t\t\t<div class=\"blog-media wf-td\">\n\n\t\t\t\t<p><a href=\"https:\/\/caumas.org\/revista\/jornadas-interuniversitarias-de-la-asociacion-auma-de-la-universidad-de-oviedo-con-la-asociacion-de-alumnos-aluma-de-granada\/\" class=\"alignnone rollover layzr-bg\" ><img loading=\"lazy\" decoding=\"async\" class=\"preload-me iso-lazy-load\" src=\"data:image\/svg+xml,%3Csvg%20xmlns%3D&#39;http%3A%2F%2Fwww.w3.org%2F2000%2Fsvg&#39;%20viewBox%3D&#39;0%200%20203%20135&#39;%2F%3E\" data-src=\"https:\/\/caumas.org\/revista\/wp-content\/uploads\/2018\/06\/NOTICIAS.12.Imagen.Destacada-203x135.jpg\" data-srcset=\"https:\/\/caumas.org\/revista\/wp-content\/uploads\/2018\/06\/NOTICIAS.12.Imagen.Destacada-203x135.jpg 203w, https:\/\/caumas.org\/revista\/wp-content\/uploads\/2018\/06\/NOTICIAS.12.Imagen.Destacada-406x270.jpg 406w\" alt=\"\" title=\"NOTICIAS.12.Imagen.Destacada\" width=\"203\" height=\"135\"  \/><\/a><\/p>\n\t\t\t<\/div>\n\n\t\t\n\t\t<div class=\"blog-content wf-td\">\n\t\t\t<h3 class=\"entry-title\"><a href=\"https:\/\/caumas.org\/revista\/jornadas-interuniversitarias-de-la-asociacion-auma-de-la-universidad-de-oviedo-con-la-asociacion-de-alumnos-aluma-de-granada\/\" title=\"Jornadas Interuniversitarias de la Asociaci\u00f3n AUMA de la Universidad de Oviedo con la Asociaci\u00f3n de Alumnos ALUMA de Granada\" rel=\"bookmark\">Jornadas Interuniversitarias de la Asociaci\u00f3n AUMA de la Universidad de Oviedo con la Asociaci\u00f3n de Alumnos ALUMA de Granada<\/a><\/h3>\n\n\t\t\t\n\t\t<\/div>\n\n\t<\/article>\n\n<\/div>\n<div class=\"wf-cell\" data-post-id=\"4160\" data-date=\"2018-06-21T14:47:57+00:00\" data-name=\"Cr\u00f3nica de la visita al Museo Arqueol\u00f3gico Nacional, de Madrid, salas de Egipto y Nubia\">\n\t<article class=\"post post-4160 type-post status-publish format-standard has-post-thumbnail hentry category-23-noticias-jun-2018 category-noticias category-129 category-59 description-off\">\n\n\t\t\n\t\t\t<div class=\"blog-media wf-td\">\n\n\t\t\t\t<p><a href=\"https:\/\/caumas.org\/revista\/cronica-de-la-visita-al-museo-arqueologico-nacional-de-madrid-salas-de-egipto-y-nubia\/\" class=\"alignnone rollover layzr-bg\" ><img loading=\"lazy\" decoding=\"async\" class=\"preload-me iso-lazy-load\" src=\"data:image\/svg+xml,%3Csvg%20xmlns%3D&#39;http%3A%2F%2Fwww.w3.org%2F2000%2Fsvg&#39;%20viewBox%3D&#39;0%200%20203%20135&#39;%2F%3E\" data-src=\"https:\/\/caumas.org\/revista\/wp-content\/uploads\/2018\/06\/NOTICIAS.20.Imagen.Destacada-203x135.jpg\" data-srcset=\"https:\/\/caumas.org\/revista\/wp-content\/uploads\/2018\/06\/NOTICIAS.20.Imagen.Destacada-203x135.jpg 203w, https:\/\/caumas.org\/revista\/wp-content\/uploads\/2018\/06\/NOTICIAS.20.Imagen.Destacada-406x270.jpg 406w\" alt=\"\" title=\"NOTICIAS.20.Imagen.Destacada\" width=\"203\" height=\"135\"  \/><\/a><\/p>\n\t\t\t<\/div>\n\n\t\t\n\t\t<div class=\"blog-content wf-td\">\n\t\t\t<h3 class=\"entry-title\"><a href=\"https:\/\/caumas.org\/revista\/cronica-de-la-visita-al-museo-arqueologico-nacional-de-madrid-salas-de-egipto-y-nubia\/\" title=\"Cr\u00f3nica de la visita al Museo Arqueol\u00f3gico Nacional, de Madrid, salas de Egipto y Nubia\" rel=\"bookmark\">Cr\u00f3nica de la visita al Museo Arqueol\u00f3gico Nacional, de Madrid, salas de Egipto y Nubia<\/a><\/h3>\n\n\t\t\t\n\t\t<\/div>\n\n\t<\/article>\n\n<\/div>\n<div class=\"wf-cell\" data-post-id=\"3985\" data-date=\"2018-06-17T16:23:30+00:00\" data-name=\"Nuevo s\u00edmbolo gr\u00e1fico de personas mayores\">\n\t<article class=\"post post-3985 type-post status-publish format-standard has-post-thumbnail hentry category-23-noticias-jun-2018 category-noticias category-129 category-59 description-off\">\n\n\t\t\n\t\t\t<div class=\"blog-media wf-td\">\n\n\t\t\t\t<p><a href=\"https:\/\/caumas.org\/revista\/nuevo-simbolo-grafico-de-personas-mayores\/\" class=\"alignnone rollover layzr-bg\" ><img loading=\"lazy\" decoding=\"async\" class=\"preload-me iso-lazy-load\" src=\"data:image\/svg+xml,%3Csvg%20xmlns%3D&#39;http%3A%2F%2Fwww.w3.org%2F2000%2Fsvg&#39;%20viewBox%3D&#39;0%200%20203%20135&#39;%2F%3E\" data-src=\"https:\/\/caumas.org\/revista\/wp-content\/uploads\/2018\/06\/NOTICIAS-02.IMAGEN.DESTACADA-203x135.jpg\" data-srcset=\"https:\/\/caumas.org\/revista\/wp-content\/uploads\/2018\/06\/NOTICIAS-02.IMAGEN.DESTACADA-203x135.jpg 203w, https:\/\/caumas.org\/revista\/wp-content\/uploads\/2018\/06\/NOTICIAS-02.IMAGEN.DESTACADA-406x270.jpg 406w\" alt=\"\" title=\"NOTICIAS 02.IMAGEN.DESTACADA\" width=\"203\" height=\"135\"  \/><\/a><\/p>\n\t\t\t<\/div>\n\n\t\t\n\t\t<div class=\"blog-content wf-td\">\n\t\t\t<h3 class=\"entry-title\"><a href=\"https:\/\/caumas.org\/revista\/nuevo-simbolo-grafico-de-personas-mayores\/\" title=\"Nuevo s\u00edmbolo gr\u00e1fico de personas mayores\" rel=\"bookmark\">Nuevo s\u00edmbolo gr\u00e1fico de personas mayores<\/a><\/h3>\n\n\t\t\t\n\t\t<\/div>\n\n\t<\/article>\n\n<\/div>\n<div class=\"wf-cell\" data-post-id=\"4117\" data-date=\"2018-06-21T10:54:38+00:00\" data-name=\"Tarde de Gala en Comillas - AUDEMAC\">\n\t<article class=\"post post-4117 type-post status-publish format-standard has-post-thumbnail hentry category-23-noticias-jun-2018 category-noticias category-129 category-59 description-off\">\n\n\t\t\n\t\t\t<div class=\"blog-media wf-td\">\n\n\t\t\t\t<p><a href=\"https:\/\/caumas.org\/revista\/tarde-de-gala-en-comillas-audemac\/\" class=\"alignnone rollover layzr-bg\" ><img loading=\"lazy\" decoding=\"async\" class=\"preload-me iso-lazy-load\" src=\"data:image\/svg+xml,%3Csvg%20xmlns%3D&#39;http%3A%2F%2Fwww.w3.org%2F2000%2Fsvg&#39;%20viewBox%3D&#39;0%200%20203%20135&#39;%2F%3E\" data-src=\"https:\/\/caumas.org\/revista\/wp-content\/uploads\/2018\/06\/NOTICIAS.13.Imagen.Destacada-203x135.jpg\" data-srcset=\"https:\/\/caumas.org\/revista\/wp-content\/uploads\/2018\/06\/NOTICIAS.13.Imagen.Destacada-203x135.jpg 203w, https:\/\/caumas.org\/revista\/wp-content\/uploads\/2018\/06\/NOTICIAS.13.Imagen.Destacada-406x270.jpg 406w\" alt=\"\" title=\"NOTICIAS.13.Imagen.Destacada\" width=\"203\" height=\"135\"  \/><\/a><\/p>\n\t\t\t<\/div>\n\n\t\t\n\t\t<div class=\"blog-content wf-td\">\n\t\t\t<h3 class=\"entry-title\"><a href=\"https:\/\/caumas.org\/revista\/tarde-de-gala-en-comillas-audemac\/\" title=\"Tarde de Gala en Comillas &#8211; AUDEMAC\" rel=\"bookmark\">Tarde de Gala en Comillas &#8211; AUDEMAC<\/a><\/h3>\n\n\t\t\t\n\t\t<\/div>\n\n\t<\/article>\n\n<\/div>\n<div class=\"wf-cell\" data-post-id=\"4141\" data-date=\"2018-06-21T11:23:48+00:00\" data-name=\"Viaje cultural a Burgos y su esplendor\">\n\t<article class=\"post post-4141 type-post status-publish format-standard has-post-thumbnail hentry category-23-noticias-jun-2018 category-noticias category-129 category-59 description-off\">\n\n\t\t\n\t\t\t<div class=\"blog-media wf-td\">\n\n\t\t\t\t<p><a href=\"https:\/\/caumas.org\/revista\/viaje-cultural-a-burgos-y-su-esplendor\/\" class=\"alignnone rollover layzr-bg\" ><img loading=\"lazy\" decoding=\"async\" class=\"preload-me iso-lazy-load\" src=\"data:image\/svg+xml,%3Csvg%20xmlns%3D&#39;http%3A%2F%2Fwww.w3.org%2F2000%2Fsvg&#39;%20viewBox%3D&#39;0%200%20203%20135&#39;%2F%3E\" data-src=\"https:\/\/caumas.org\/revista\/wp-content\/uploads\/2018\/06\/NOTICIAS.17.Imagen.Destacada-203x135.jpg\" data-srcset=\"https:\/\/caumas.org\/revista\/wp-content\/uploads\/2018\/06\/NOTICIAS.17.Imagen.Destacada-203x135.jpg 203w, https:\/\/caumas.org\/revista\/wp-content\/uploads\/2018\/06\/NOTICIAS.17.Imagen.Destacada-406x270.jpg 406w\" alt=\"\" title=\"NOTICIAS.17.Imagen.Destacada\" width=\"203\" height=\"135\"  \/><\/a><\/p>\n\t\t\t<\/div>\n\n\t\t\n\t\t<div class=\"blog-content wf-td\">\n\t\t\t<h3 class=\"entry-title\"><a href=\"https:\/\/caumas.org\/revista\/viaje-cultural-a-burgos-y-su-esplendor\/\" title=\"Viaje cultural a Burgos y su esplendor\" rel=\"bookmark\">Viaje cultural a Burgos y su esplendor<\/a><\/h3>\n\n\t\t\t\n\t\t<\/div>\n\n\t<\/article>\n\n<\/div>\n<div class=\"wf-cell\" data-post-id=\"4153\" data-date=\"2018-06-21T11:51:37+00:00\" data-name=\"Visita a Padr\u00f3n, Casa de Rosal\u00eda, Fundaci\u00f3n Camilo Jos\u00e9 Cela y Pazo de Faramello\">\n\t<article class=\"post post-4153 type-post status-publish format-standard has-post-thumbnail hentry category-23-noticias-jun-2018 category-noticias category-129 category-59 description-off\">\n\n\t\t\n\t\t\t<div class=\"blog-media wf-td\">\n\n\t\t\t\t<p><a href=\"https:\/\/caumas.org\/revista\/visita-a-padron-casa-de-rosalia-fundacion-camilo-jose-cela-y-pazo-de-faramello\/\" class=\"alignnone rollover layzr-bg\" ><img loading=\"lazy\" decoding=\"async\" class=\"preload-me iso-lazy-load\" src=\"data:image\/svg+xml,%3Csvg%20xmlns%3D&#39;http%3A%2F%2Fwww.w3.org%2F2000%2Fsvg&#39;%20viewBox%3D&#39;0%200%20203%20135&#39;%2F%3E\" data-src=\"https:\/\/caumas.org\/revista\/wp-content\/uploads\/2018\/06\/NOTICIAS.19.Imagen.Destacada-203x135.jpg\" data-srcset=\"https:\/\/caumas.org\/revista\/wp-content\/uploads\/2018\/06\/NOTICIAS.19.Imagen.Destacada-203x135.jpg 203w, https:\/\/caumas.org\/revista\/wp-content\/uploads\/2018\/06\/NOTICIAS.19.Imagen.Destacada-406x270.jpg 406w\" alt=\"\" title=\"NOTICIAS.19.Imagen.Destacada\" width=\"203\" height=\"135\"  \/><\/a><\/p>\n\t\t\t<\/div>\n\n\t\t\n\t\t<div class=\"blog-content wf-td\">\n\t\t\t<h3 class=\"entry-title\"><a href=\"https:\/\/caumas.org\/revista\/visita-a-padron-casa-de-rosalia-fundacion-camilo-jose-cela-y-pazo-de-faramello\/\" title=\"Visita a Padr\u00f3n, Casa de Rosal\u00eda, Fundaci\u00f3n Camilo Jos\u00e9 Cela y Pazo de Faramello\" rel=\"bookmark\">Visita a Padr\u00f3n, Casa de Rosal\u00eda, Fundaci\u00f3n Camilo Jos\u00e9 Cela y Pazo de Faramello<\/a><\/h3>\n\n\t\t\t\n\t\t<\/div>\n\n\t<\/article>\n\n<\/div>\n<div class=\"wf-cell\" data-post-id=\"4046\" data-date=\"2018-06-20T16:10:53+00:00\" data-name=\"Proyecto CAUMAS 2018 - 2022\">\n\t<article class=\"post post-4046 type-post status-publish format-standard has-post-thumbnail hentry category-23-noticias-jun-2018 category-noticias category-129 category-59 description-off\">\n\n\t\t\n\t\t\t<div class=\"blog-media wf-td\">\n\n\t\t\t\t<p><a href=\"https:\/\/caumas.org\/revista\/proyecto-caumas-2018-2022\/\" class=\"alignnone rollover layzr-bg\" ><img loading=\"lazy\" decoding=\"async\" class=\"preload-me iso-lazy-load\" src=\"data:image\/svg+xml,%3Csvg%20xmlns%3D&#39;http%3A%2F%2Fwww.w3.org%2F2000%2Fsvg&#39;%20viewBox%3D&#39;0%200%20203%20135&#39;%2F%3E\" data-src=\"https:\/\/caumas.org\/revista\/wp-content\/uploads\/2018\/06\/NOTICIASCAUMAS.Imagen.Destacada-203x135.jpg\" data-srcset=\"https:\/\/caumas.org\/revista\/wp-content\/uploads\/2018\/06\/NOTICIASCAUMAS.Imagen.Destacada-203x135.jpg 203w, https:\/\/caumas.org\/revista\/wp-content\/uploads\/2018\/06\/NOTICIASCAUMAS.Imagen.Destacada-406x270.jpg 406w\" alt=\"\" title=\"NOTICIASCAUMAS.Imagen.Destacada\" width=\"203\" height=\"135\"  \/><\/a><\/p>\n\t\t\t<\/div>\n\n\t\t\n\t\t<div class=\"blog-content wf-td\">\n\t\t\t<h3 class=\"entry-title\"><a href=\"https:\/\/caumas.org\/revista\/proyecto-caumas-2018-2022\/\" title=\"Proyecto CAUMAS 2018 &#8211; 2022\" rel=\"bookmark\">Proyecto CAUMAS 2018 &#8211; 2022<\/a><\/h3>\n\n\t\t\t\n\t\t<\/div>\n\n\t<\/article>\n\n<\/div>\n<div class=\"wf-cell\" data-post-id=\"4032\" data-date=\"2018-06-19T17:53:51+00:00\" data-name=\"XVII Jornadas Internacionales sobre Asociacionismo en los Programas Universitarios de Mayores\">\n\t<article class=\"post post-4032 type-post status-publish format-standard has-post-thumbnail hentry category-23-noticias-jun-2018 category-noticias category-129 category-59 description-off\">\n\n\t\t\n\t\t\t<div class=\"blog-media wf-td\">\n\n\t\t\t\t<p><a href=\"https:\/\/caumas.org\/revista\/xvii-jornadas-internacionales-sobre-asociacionismo-en-los-programas-universitarios-de-mayores-2\/\" class=\"alignnone rollover layzr-bg\" ><img loading=\"lazy\" decoding=\"async\" class=\"preload-me iso-lazy-load\" src=\"data:image\/svg+xml,%3Csvg%20xmlns%3D&#39;http%3A%2F%2Fwww.w3.org%2F2000%2Fsvg&#39;%20viewBox%3D&#39;0%200%20203%20135&#39;%2F%3E\" data-src=\"https:\/\/caumas.org\/revista\/wp-content\/uploads\/2018\/06\/NOTICIAS.03.Imagen.destacada-203x135.jpg\" data-srcset=\"https:\/\/caumas.org\/revista\/wp-content\/uploads\/2018\/06\/NOTICIAS.03.Imagen.destacada-203x135.jpg 203w, https:\/\/caumas.org\/revista\/wp-content\/uploads\/2018\/06\/NOTICIAS.03.Imagen.destacada-406x270.jpg 406w\" alt=\"\" title=\"NOTICIAS.03.Imagen.destacada\" width=\"203\" height=\"135\"  \/><\/a><\/p>\n\t\t\t<\/div>\n\n\t\t\n\t\t<div class=\"blog-content wf-td\">\n\t\t\t<h3 class=\"entry-title\"><a href=\"https:\/\/caumas.org\/revista\/xvii-jornadas-internacionales-sobre-asociacionismo-en-los-programas-universitarios-de-mayores-2\/\" title=\"XVII Jornadas Internacionales sobre Asociacionismo en los Programas Universitarios de Mayores\" rel=\"bookmark\">XVII Jornadas Internacionales sobre Asociacionismo en los Programas Universitarios de Mayores<\/a><\/h3>\n\n\t\t\t\n\t\t<\/div>\n\n\t<\/article>\n\n<\/div>\n<div class=\"wf-cell\" data-post-id=\"3976\" data-date=\"2018-06-17T13:29:15+00:00\" data-name=\"Firma del protocolo IMSERSO-CAUMAS\">\n\t<article class=\"post post-3976 type-post status-publish format-standard has-post-thumbnail hentry category-23-noticias-jun-2018 category-noticias category-129 category-59 description-off\">\n\n\t\t\n\t\t\t<div class=\"blog-media wf-td\">\n\n\t\t\t\t<p><a href=\"https:\/\/caumas.org\/revista\/firma-del-protocolo-imserso-caumas\/\" class=\"alignnone rollover layzr-bg\" ><img loading=\"lazy\" decoding=\"async\" class=\"preload-me iso-lazy-load\" src=\"data:image\/svg+xml,%3Csvg%20xmlns%3D&#39;http%3A%2F%2Fwww.w3.org%2F2000%2Fsvg&#39;%20viewBox%3D&#39;0%200%20203%20135&#39;%2F%3E\" data-src=\"https:\/\/caumas.org\/revista\/wp-content\/uploads\/2018\/06\/NOTICIAS-01.IMAGEN.DESTACADA-203x135.jpg\" data-srcset=\"https:\/\/caumas.org\/revista\/wp-content\/uploads\/2018\/06\/NOTICIAS-01.IMAGEN.DESTACADA-203x135.jpg 203w, https:\/\/caumas.org\/revista\/wp-content\/uploads\/2018\/06\/NOTICIAS-01.IMAGEN.DESTACADA-406x270.jpg 406w\" alt=\"\" title=\"NOTICIAS 01.IMAGEN.DESTACADA\" width=\"203\" height=\"135\"  \/><\/a><\/p>\n\t\t\t<\/div>\n\n\t\t\n\t\t<div class=\"blog-content wf-td\">\n\t\t\t<h3 class=\"entry-title\"><a href=\"https:\/\/caumas.org\/revista\/firma-del-protocolo-imserso-caumas\/\" title=\"Firma del protocolo IMSERSO-CAUMAS\" rel=\"bookmark\">Firma del protocolo IMSERSO-CAUMAS<\/a><\/h3>\n\n\t\t\t\n\t\t<\/div>\n\n\t<\/article>\n\n<\/div>\n<div class=\"wf-cell\" data-post-id=\"4079\" data-date=\"2018-06-20T17:55:21+00:00\" data-name=\"III Encuentro Nacional de Coros S\u00e9nior Universitarios en Castilla y Le\u00f3n 2018\">\n\t<article class=\"post post-4079 type-post status-publish format-standard has-post-thumbnail hentry category-23-noticias-jun-2018 category-noticias category-129 category-59 description-off\">\n\n\t\t\n\t\t\t<div class=\"blog-media wf-td\">\n\n\t\t\t\t<p><a href=\"https:\/\/caumas.org\/revista\/iii-encuentro-nacional-de-coros-senior-universitarios-en-castilla-y-leon-2018\/\" class=\"alignnone rollover layzr-bg\" ><img loading=\"lazy\" decoding=\"async\" class=\"preload-me iso-lazy-load\" src=\"data:image\/svg+xml,%3Csvg%20xmlns%3D&#39;http%3A%2F%2Fwww.w3.org%2F2000%2Fsvg&#39;%20viewBox%3D&#39;0%200%20203%20135&#39;%2F%3E\" data-src=\"https:\/\/caumas.org\/revista\/wp-content\/uploads\/2018\/06\/NOTICIAS.10.ImagenDestacada-203x135.jpg\" data-srcset=\"https:\/\/caumas.org\/revista\/wp-content\/uploads\/2018\/06\/NOTICIAS.10.ImagenDestacada-203x135.jpg 203w, https:\/\/caumas.org\/revista\/wp-content\/uploads\/2018\/06\/NOTICIAS.10.ImagenDestacada-406x270.jpg 406w\" alt=\"\" title=\"NOTICIAS.10.ImagenDestacada\" width=\"203\" height=\"135\"  \/><\/a><\/p>\n\t\t\t<\/div>\n\n\t\t\n\t\t<div class=\"blog-content wf-td\">\n\t\t\t<h3 class=\"entry-title\"><a href=\"https:\/\/caumas.org\/revista\/iii-encuentro-nacional-de-coros-senior-universitarios-en-castilla-y-leon-2018\/\" title=\"III Encuentro Nacional de Coros S\u00e9nior Universitarios en Castilla y Le\u00f3n 2018\" rel=\"bookmark\">III Encuentro Nacional de Coros S\u00e9nior Universitarios en Castilla y Le\u00f3n 2018<\/a><\/h3>\n\n\t\t\t\n\t\t<\/div>\n\n\t<\/article>\n\n<\/div><\/div><\/div><div class=\"gap\" style=\"line-height: 10px; height: 10px;\"><\/div>[\/vc_column_inner][\/vc_row_inner][\/vc_column][vc_column width=&#8221;1\/4&#8243;][vc_column_text css=&#8221;.vc_custom_1474358447373{margin-bottom: 0px !important;border-bottom-width: 0px !important;padding-bottom: 0px !important;}&#8221;]<\/p>\n<h4 style=\"text-align: justify;\"><strong><span style=\"color: #000000;\">En este n\u00famero:<\/span><\/strong><\/h4>\n<p>[\/vc_column_text]<div class=\"hr-thin style-line\" style=\"width: 100%;border-color: #696969;border-top-width: 1px;\"><\/div><div class=\"dt-blog-shortcode slider-wrapper  owl-carousel dt-owl-carousel-init arrows-light enable-mobile-arrows description-under-image\" data-padding-side=\"20\" data-autoslide=\"true\" data-delay=\"6000\" data-loop=\"false\" data-arrows=\"true\">\n\n\t<article class=\"post post-4079 type-post status-publish format-standard has-post-thumbnail hentry category-23-noticias-jun-2018 category-noticias category-129 category-59 description-off\">\n\n\t\t\n\t\t\t<div class=\"blog-media wf-td\">\n\n\t\t\t\t<p><a href=\"https:\/\/caumas.org\/revista\/iii-encuentro-nacional-de-coros-senior-universitarios-en-castilla-y-leon-2018\/\" class=\"alignnone rollover layzr-bg\" ><img loading=\"lazy\" decoding=\"async\" class=\"preload-me lazy-load\" src=\"data:image\/svg+xml,%3Csvg%20xmlns%3D&#39;http%3A%2F%2Fwww.w3.org%2F2000%2Fsvg&#39;%20viewBox%3D&#39;0%200%20280%20200&#39;%2F%3E\" data-src=\"https:\/\/caumas.org\/revista\/wp-content\/uploads\/2018\/06\/NOTICIAS.10.ImagenDestacada-280x200.jpg\" data-srcset=\"https:\/\/caumas.org\/revista\/wp-content\/uploads\/2018\/06\/NOTICIAS.10.ImagenDestacada-280x200.jpg 280w, https:\/\/caumas.org\/revista\/wp-content\/uploads\/2018\/06\/NOTICIAS.10.ImagenDestacada-466x333.jpg 466w\" alt=\"\" title=\"NOTICIAS.10.ImagenDestacada\" width=\"280\" height=\"200\"  \/><\/a><\/p>\n\t\t\t<\/div>\n\n\t\t\n\t\t<div class=\"blog-content wf-td\">\n\t\t\t<h3 class=\"entry-title\"><a href=\"https:\/\/caumas.org\/revista\/iii-encuentro-nacional-de-coros-senior-universitarios-en-castilla-y-leon-2018\/\" title=\"III Encuentro Nacional de Coros S\u00e9nior Universitarios en Castilla y Le\u00f3n 2018\" rel=\"bookmark\">III Encuentro Nacional de Coros S\u00e9nior Universitarios en Castilla y Le\u00f3n 2018<\/a><\/h3>\n\n\t\t\t\n\t\t<\/div>\n\n\t<\/article>\n\n\n\n\t<article class=\"post post-4032 type-post status-publish format-standard has-post-thumbnail hentry category-23-noticias-jun-2018 category-noticias category-129 category-59 description-off\">\n\n\t\t\n\t\t\t<div class=\"blog-media wf-td\">\n\n\t\t\t\t<p><a href=\"https:\/\/caumas.org\/revista\/xvii-jornadas-internacionales-sobre-asociacionismo-en-los-programas-universitarios-de-mayores-2\/\" class=\"alignnone rollover layzr-bg\" ><img loading=\"lazy\" decoding=\"async\" class=\"preload-me lazy-load\" src=\"data:image\/svg+xml,%3Csvg%20xmlns%3D&#39;http%3A%2F%2Fwww.w3.org%2F2000%2Fsvg&#39;%20viewBox%3D&#39;0%200%20280%20200&#39;%2F%3E\" data-src=\"https:\/\/caumas.org\/revista\/wp-content\/uploads\/2018\/06\/NOTICIAS.03.Imagen.destacada-280x200.jpg\" data-srcset=\"https:\/\/caumas.org\/revista\/wp-content\/uploads\/2018\/06\/NOTICIAS.03.Imagen.destacada-280x200.jpg 280w, https:\/\/caumas.org\/revista\/wp-content\/uploads\/2018\/06\/NOTICIAS.03.Imagen.destacada-466x333.jpg 466w\" alt=\"\" title=\"NOTICIAS.03.Imagen.destacada\" width=\"280\" height=\"200\"  \/><\/a><\/p>\n\t\t\t<\/div>\n\n\t\t\n\t\t<div class=\"blog-content wf-td\">\n\t\t\t<h3 class=\"entry-title\"><a href=\"https:\/\/caumas.org\/revista\/xvii-jornadas-internacionales-sobre-asociacionismo-en-los-programas-universitarios-de-mayores-2\/\" title=\"XVII Jornadas Internacionales sobre Asociacionismo en los Programas Universitarios de Mayores\" rel=\"bookmark\">XVII Jornadas Internacionales sobre Asociacionismo en los Programas Universitarios de Mayores<\/a><\/h3>\n\n\t\t\t\n\t\t<\/div>\n\n\t<\/article>\n\n\n\n\t<article class=\"post post-4126 type-post status-publish format-standard has-post-thumbnail hentry category-23-noticias-jun-2018 category-noticias category-129 category-59 description-off\">\n\n\t\t\n\t\t\t<div class=\"blog-media wf-td\">\n\n\t\t\t\t<p><a href=\"https:\/\/caumas.org\/revista\/jornadas-interuniversitarias-en-belgica-con-la-universidad-de-mayores-de-lovaina-la-nueva\/\" class=\"alignnone rollover layzr-bg\" ><img loading=\"lazy\" decoding=\"async\" class=\"preload-me lazy-load\" src=\"data:image\/svg+xml,%3Csvg%20xmlns%3D&#39;http%3A%2F%2Fwww.w3.org%2F2000%2Fsvg&#39;%20viewBox%3D&#39;0%200%20280%20200&#39;%2F%3E\" data-src=\"https:\/\/caumas.org\/revista\/wp-content\/uploads\/2018\/06\/NOTICIAS.13.Imagen.Destacada-280x200.jpg\" data-srcset=\"https:\/\/caumas.org\/revista\/wp-content\/uploads\/2018\/06\/NOTICIAS.13.Imagen.Destacada-280x200.jpg 280w, https:\/\/caumas.org\/revista\/wp-content\/uploads\/2018\/06\/NOTICIAS.13.Imagen.Destacada-466x333.jpg 466w\" alt=\"\" title=\"NOTICIAS.13.Imagen.Destacada\" width=\"280\" height=\"200\"  \/><\/a><\/p>\n\t\t\t<\/div>\n\n\t\t\n\t\t<div class=\"blog-content wf-td\">\n\t\t\t<h3 class=\"entry-title\"><a href=\"https:\/\/caumas.org\/revista\/jornadas-interuniversitarias-en-belgica-con-la-universidad-de-mayores-de-lovaina-la-nueva\/\" title=\"Jornadas Interuniversitarias en B\u00e9lgica con la Universidad de Mayores de Lovaina la Nueva\" rel=\"bookmark\">Jornadas Interuniversitarias en B\u00e9lgica con la Universidad de Mayores de Lovaina la Nueva<\/a><\/h3>\n\n\t\t\t\n\t\t<\/div>\n\n\t<\/article>\n\n\n\n\t<article class=\"post post-4006 type-post status-publish format-standard has-post-thumbnail hentry category-colaboraciones-jun-2018 category-colaboraciones category-127 category-58 description-off\">\n\n\t\t\n\t\t\t<div class=\"blog-media wf-td\">\n\n\t\t\t\t<p><a href=\"https:\/\/caumas.org\/revista\/alfabetizacion-digital-y-envejecimiento-activo-online\/\" class=\"alignnone rollover layzr-bg\" ><img loading=\"lazy\" decoding=\"async\" class=\"preload-me lazy-load\" src=\"data:image\/svg+xml,%3Csvg%20xmlns%3D&#39;http%3A%2F%2Fwww.w3.org%2F2000%2Fsvg&#39;%20viewBox%3D&#39;0%200%20280%20200&#39;%2F%3E\" data-src=\"https:\/\/caumas.org\/revista\/wp-content\/uploads\/2018\/06\/COLABORACIONES.01.Imagenes.Destacadas.02-280x200.jpg\" data-srcset=\"https:\/\/caumas.org\/revista\/wp-content\/uploads\/2018\/06\/COLABORACIONES.01.Imagenes.Destacadas.02-280x200.jpg 280w, https:\/\/caumas.org\/revista\/wp-content\/uploads\/2018\/06\/COLABORACIONES.01.Imagenes.Destacadas.02-466x333.jpg 466w\" alt=\"\" title=\"COLABORACIONES.01.Imagenes.Destacadas.02\" width=\"280\" height=\"200\"  \/><\/a><\/p>\n\t\t\t<\/div>\n\n\t\t\n\t\t<div class=\"blog-content wf-td\">\n\t\t\t<h3 class=\"entry-title\"><a href=\"https:\/\/caumas.org\/revista\/alfabetizacion-digital-y-envejecimiento-activo-online\/\" title=\"Alfabetizaci\u00f3n digital y envejecimiento activo online\" rel=\"bookmark\">Alfabetizaci\u00f3n digital y envejecimiento activo online<\/a><\/h3>\n\n\t\t\t\n\t\t<\/div>\n\n\t<\/article>\n\n\n\n\t<article class=\"post post-4141 type-post status-publish format-standard has-post-thumbnail hentry category-23-noticias-jun-2018 category-noticias category-129 category-59 description-off\">\n\n\t\t\n\t\t\t<div class=\"blog-media wf-td\">\n\n\t\t\t\t<p><a href=\"https:\/\/caumas.org\/revista\/viaje-cultural-a-burgos-y-su-esplendor\/\" class=\"alignnone rollover layzr-bg\" ><img loading=\"lazy\" decoding=\"async\" class=\"preload-me lazy-load\" src=\"data:image\/svg+xml,%3Csvg%20xmlns%3D&#39;http%3A%2F%2Fwww.w3.org%2F2000%2Fsvg&#39;%20viewBox%3D&#39;0%200%20280%20200&#39;%2F%3E\" data-src=\"https:\/\/caumas.org\/revista\/wp-content\/uploads\/2018\/06\/NOTICIAS.17.Imagen.Destacada-280x200.jpg\" data-srcset=\"https:\/\/caumas.org\/revista\/wp-content\/uploads\/2018\/06\/NOTICIAS.17.Imagen.Destacada-280x200.jpg 280w, https:\/\/caumas.org\/revista\/wp-content\/uploads\/2018\/06\/NOTICIAS.17.Imagen.Destacada-466x333.jpg 466w\" alt=\"\" title=\"NOTICIAS.17.Imagen.Destacada\" width=\"280\" height=\"200\"  \/><\/a><\/p>\n\t\t\t<\/div>\n\n\t\t\n\t\t<div class=\"blog-content wf-td\">\n\t\t\t<h3 class=\"entry-title\"><a href=\"https:\/\/caumas.org\/revista\/viaje-cultural-a-burgos-y-su-esplendor\/\" title=\"Viaje cultural a Burgos y su esplendor\" rel=\"bookmark\">Viaje cultural a Burgos y su esplendor<\/a><\/h3>\n\n\t\t\t\n\t\t<\/div>\n\n\t<\/article>\n\n\n\n\t<article class=\"post post-3985 type-post status-publish format-standard has-post-thumbnail hentry category-23-noticias-jun-2018 category-noticias category-129 category-59 description-off\">\n\n\t\t\n\t\t\t<div class=\"blog-media wf-td\">\n\n\t\t\t\t<p><a href=\"https:\/\/caumas.org\/revista\/nuevo-simbolo-grafico-de-personas-mayores\/\" class=\"alignnone rollover layzr-bg\" ><img loading=\"lazy\" decoding=\"async\" class=\"preload-me lazy-load\" src=\"data:image\/svg+xml,%3Csvg%20xmlns%3D&#39;http%3A%2F%2Fwww.w3.org%2F2000%2Fsvg&#39;%20viewBox%3D&#39;0%200%20280%20200&#39;%2F%3E\" data-src=\"https:\/\/caumas.org\/revista\/wp-content\/uploads\/2018\/06\/NOTICIAS-02.IMAGEN.DESTACADA-280x200.jpg\" data-srcset=\"https:\/\/caumas.org\/revista\/wp-content\/uploads\/2018\/06\/NOTICIAS-02.IMAGEN.DESTACADA-280x200.jpg 280w, https:\/\/caumas.org\/revista\/wp-content\/uploads\/2018\/06\/NOTICIAS-02.IMAGEN.DESTACADA-466x333.jpg 466w\" alt=\"\" title=\"NOTICIAS 02.IMAGEN.DESTACADA\" width=\"280\" height=\"200\"  \/><\/a><\/p>\n\t\t\t<\/div>\n\n\t\t\n\t\t<div class=\"blog-content wf-td\">\n\t\t\t<h3 class=\"entry-title\"><a href=\"https:\/\/caumas.org\/revista\/nuevo-simbolo-grafico-de-personas-mayores\/\" title=\"Nuevo s\u00edmbolo gr\u00e1fico de personas mayores\" rel=\"bookmark\">Nuevo s\u00edmbolo gr\u00e1fico de personas mayores<\/a><\/h3>\n\n\t\t\t\n\t\t<\/div>\n\n\t<\/article>\n\n\n\n\t<article class=\"post post-4160 type-post status-publish format-standard has-post-thumbnail hentry category-23-noticias-jun-2018 category-noticias category-129 category-59 description-off\">\n\n\t\t\n\t\t\t<div class=\"blog-media wf-td\">\n\n\t\t\t\t<p><a href=\"https:\/\/caumas.org\/revista\/cronica-de-la-visita-al-museo-arqueologico-nacional-de-madrid-salas-de-egipto-y-nubia\/\" class=\"alignnone rollover layzr-bg\" ><img loading=\"lazy\" decoding=\"async\" class=\"preload-me lazy-load\" src=\"data:image\/svg+xml,%3Csvg%20xmlns%3D&#39;http%3A%2F%2Fwww.w3.org%2F2000%2Fsvg&#39;%20viewBox%3D&#39;0%200%20280%20200&#39;%2F%3E\" data-src=\"https:\/\/caumas.org\/revista\/wp-content\/uploads\/2018\/06\/NOTICIAS.20.Imagen.Destacada-280x200.jpg\" data-srcset=\"https:\/\/caumas.org\/revista\/wp-content\/uploads\/2018\/06\/NOTICIAS.20.Imagen.Destacada-280x200.jpg 280w, https:\/\/caumas.org\/revista\/wp-content\/uploads\/2018\/06\/NOTICIAS.20.Imagen.Destacada-466x333.jpg 466w\" alt=\"\" title=\"NOTICIAS.20.Imagen.Destacada\" width=\"280\" height=\"200\"  \/><\/a><\/p>\n\t\t\t<\/div>\n\n\t\t\n\t\t<div class=\"blog-content wf-td\">\n\t\t\t<h3 class=\"entry-title\"><a href=\"https:\/\/caumas.org\/revista\/cronica-de-la-visita-al-museo-arqueologico-nacional-de-madrid-salas-de-egipto-y-nubia\/\" title=\"Cr\u00f3nica de la visita al Museo Arqueol\u00f3gico Nacional, de Madrid, salas de Egipto y Nubia\" rel=\"bookmark\">Cr\u00f3nica de la visita al Museo Arqueol\u00f3gico Nacional, de Madrid, salas de Egipto y Nubia<\/a><\/h3>\n\n\t\t\t\n\t\t<\/div>\n\n\t<\/article>\n\n\n\n\t<article class=\"post post-4117 type-post status-publish format-standard has-post-thumbnail hentry category-23-noticias-jun-2018 category-noticias category-129 category-59 description-off\">\n\n\t\t\n\t\t\t<div class=\"blog-media wf-td\">\n\n\t\t\t\t<p><a href=\"https:\/\/caumas.org\/revista\/tarde-de-gala-en-comillas-audemac\/\" class=\"alignnone rollover layzr-bg\" ><img loading=\"lazy\" decoding=\"async\" class=\"preload-me lazy-load\" src=\"data:image\/svg+xml,%3Csvg%20xmlns%3D&#39;http%3A%2F%2Fwww.w3.org%2F2000%2Fsvg&#39;%20viewBox%3D&#39;0%200%20280%20200&#39;%2F%3E\" data-src=\"https:\/\/caumas.org\/revista\/wp-content\/uploads\/2018\/06\/NOTICIAS.13.Imagen.Destacada-280x200.jpg\" data-srcset=\"https:\/\/caumas.org\/revista\/wp-content\/uploads\/2018\/06\/NOTICIAS.13.Imagen.Destacada-280x200.jpg 280w, https:\/\/caumas.org\/revista\/wp-content\/uploads\/2018\/06\/NOTICIAS.13.Imagen.Destacada-466x333.jpg 466w\" alt=\"\" title=\"NOTICIAS.13.Imagen.Destacada\" width=\"280\" height=\"200\"  \/><\/a><\/p>\n\t\t\t<\/div>\n\n\t\t\n\t\t<div class=\"blog-content wf-td\">\n\t\t\t<h3 class=\"entry-title\"><a href=\"https:\/\/caumas.org\/revista\/tarde-de-gala-en-comillas-audemac\/\" title=\"Tarde de Gala en Comillas &#8211; AUDEMAC\" rel=\"bookmark\">Tarde de Gala en Comillas &#8211; AUDEMAC<\/a><\/h3>\n\n\t\t\t\n\t\t<\/div>\n\n\t<\/article>\n\n\n\n\t<article class=\"post post-4146 type-post status-publish format-standard has-post-thumbnail hentry category-23-noticias-jun-2018 category-noticias category-129 category-59 description-off\">\n\n\t\t\n\t\t\t<div class=\"blog-media wf-td\">\n\n\t\t\t\t<p><a href=\"https:\/\/caumas.org\/revista\/cronica-de-la-salida-a-san-cibrao-de-las-y-ribadavia\/\" class=\"alignnone rollover layzr-bg\" ><img loading=\"lazy\" decoding=\"async\" class=\"preload-me lazy-load\" src=\"data:image\/svg+xml,%3Csvg%20xmlns%3D&#39;http%3A%2F%2Fwww.w3.org%2F2000%2Fsvg&#39;%20viewBox%3D&#39;0%200%20280%20200&#39;%2F%3E\" data-src=\"https:\/\/caumas.org\/revista\/wp-content\/uploads\/2018\/06\/NOTICIAS.18.Imagen.Destacada-280x200.jpg\" data-srcset=\"https:\/\/caumas.org\/revista\/wp-content\/uploads\/2018\/06\/NOTICIAS.18.Imagen.Destacada-280x200.jpg 280w, https:\/\/caumas.org\/revista\/wp-content\/uploads\/2018\/06\/NOTICIAS.18.Imagen.Destacada-466x333.jpg 466w\" alt=\"\" title=\"NOTICIAS.18.Imagen.Destacada\" width=\"280\" height=\"200\"  \/><\/a><\/p>\n\t\t\t<\/div>\n\n\t\t\n\t\t<div class=\"blog-content wf-td\">\n\t\t\t<h3 class=\"entry-title\"><a href=\"https:\/\/caumas.org\/revista\/cronica-de-la-salida-a-san-cibrao-de-las-y-ribadavia\/\" title=\"Cr\u00f3nica de la Salida a San Cibrao de Las y Ribadavia\" rel=\"bookmark\">Cr\u00f3nica de la Salida a San Cibrao de Las y Ribadavia<\/a><\/h3>\n\n\t\t\t\n\t\t<\/div>\n\n\t<\/article>\n\n\n\n\t<article class=\"post post-4071 type-post status-publish format-standard has-post-thumbnail hentry category-23-noticias-jun-2018 category-noticias category-129 category-59 description-off\">\n\n\t\t\n\t\t\t<div class=\"blog-media wf-td\">\n\n\t\t\t\t<p><a href=\"https:\/\/caumas.org\/revista\/ix-seminario-aepum\/\" class=\"alignnone rollover layzr-bg\" ><img loading=\"lazy\" decoding=\"async\" class=\"preload-me lazy-load\" src=\"data:image\/svg+xml,%3Csvg%20xmlns%3D&#39;http%3A%2F%2Fwww.w3.org%2F2000%2Fsvg&#39;%20viewBox%3D&#39;0%200%20280%20200&#39;%2F%3E\" data-src=\"https:\/\/caumas.org\/revista\/wp-content\/uploads\/2018\/06\/NOTICIAS.08.ImagenDestacada-280x200.jpg\" data-srcset=\"https:\/\/caumas.org\/revista\/wp-content\/uploads\/2018\/06\/NOTICIAS.08.ImagenDestacada-280x200.jpg 280w, https:\/\/caumas.org\/revista\/wp-content\/uploads\/2018\/06\/NOTICIAS.08.ImagenDestacada-466x333.jpg 466w\" alt=\"\" title=\"NOTICIAS.08.ImagenDestacada\" width=\"280\" height=\"200\"  \/><\/a><\/p>\n\t\t\t<\/div>\n\n\t\t\n\t\t<div class=\"blog-content wf-td\">\n\t\t\t<h3 class=\"entry-title\"><a href=\"https:\/\/caumas.org\/revista\/ix-seminario-aepum\/\" title=\"IX Seminario AEPUM\" rel=\"bookmark\">IX Seminario AEPUM<\/a><\/h3>\n\n\t\t\t\n\t\t<\/div>\n\n\t<\/article>\n\n\n\n\t<article class=\"post post-3976 type-post status-publish format-standard has-post-thumbnail hentry category-23-noticias-jun-2018 category-noticias category-129 category-59 description-off\">\n\n\t\t\n\t\t\t<div class=\"blog-media wf-td\">\n\n\t\t\t\t<p><a href=\"https:\/\/caumas.org\/revista\/firma-del-protocolo-imserso-caumas\/\" class=\"alignnone rollover layzr-bg\" ><img loading=\"lazy\" decoding=\"async\" class=\"preload-me lazy-load\" src=\"data:image\/svg+xml,%3Csvg%20xmlns%3D&#39;http%3A%2F%2Fwww.w3.org%2F2000%2Fsvg&#39;%20viewBox%3D&#39;0%200%20280%20200&#39;%2F%3E\" data-src=\"https:\/\/caumas.org\/revista\/wp-content\/uploads\/2018\/06\/NOTICIAS-01.IMAGEN.DESTACADA-280x200.jpg\" data-srcset=\"https:\/\/caumas.org\/revista\/wp-content\/uploads\/2018\/06\/NOTICIAS-01.IMAGEN.DESTACADA-280x200.jpg 280w, https:\/\/caumas.org\/revista\/wp-content\/uploads\/2018\/06\/NOTICIAS-01.IMAGEN.DESTACADA-466x333.jpg 466w\" alt=\"\" title=\"NOTICIAS 01.IMAGEN.DESTACADA\" width=\"280\" height=\"200\"  \/><\/a><\/p>\n\t\t\t<\/div>\n\n\t\t\n\t\t<div class=\"blog-content wf-td\">\n\t\t\t<h3 class=\"entry-title\"><a href=\"https:\/\/caumas.org\/revista\/firma-del-protocolo-imserso-caumas\/\" title=\"Firma del protocolo IMSERSO-CAUMAS\" rel=\"bookmark\">Firma del protocolo IMSERSO-CAUMAS<\/a><\/h3>\n\n\t\t\t\n\t\t<\/div>\n\n\t<\/article>\n\n\n\n\t<article class=\"post post-4153 type-post status-publish format-standard has-post-thumbnail hentry category-23-noticias-jun-2018 category-noticias category-129 category-59 description-off\">\n\n\t\t\n\t\t\t<div class=\"blog-media wf-td\">\n\n\t\t\t\t<p><a href=\"https:\/\/caumas.org\/revista\/visita-a-padron-casa-de-rosalia-fundacion-camilo-jose-cela-y-pazo-de-faramello\/\" class=\"alignnone rollover layzr-bg\" ><img loading=\"lazy\" decoding=\"async\" class=\"preload-me lazy-load\" src=\"data:image\/svg+xml,%3Csvg%20xmlns%3D&#39;http%3A%2F%2Fwww.w3.org%2F2000%2Fsvg&#39;%20viewBox%3D&#39;0%200%20280%20200&#39;%2F%3E\" data-src=\"https:\/\/caumas.org\/revista\/wp-content\/uploads\/2018\/06\/NOTICIAS.19.Imagen.Destacada-280x200.jpg\" data-srcset=\"https:\/\/caumas.org\/revista\/wp-content\/uploads\/2018\/06\/NOTICIAS.19.Imagen.Destacada-280x200.jpg 280w, https:\/\/caumas.org\/revista\/wp-content\/uploads\/2018\/06\/NOTICIAS.19.Imagen.Destacada-466x333.jpg 466w\" alt=\"\" title=\"NOTICIAS.19.Imagen.Destacada\" width=\"280\" height=\"200\"  \/><\/a><\/p>\n\t\t\t<\/div>\n\n\t\t\n\t\t<div class=\"blog-content wf-td\">\n\t\t\t<h3 class=\"entry-title\"><a href=\"https:\/\/caumas.org\/revista\/visita-a-padron-casa-de-rosalia-fundacion-camilo-jose-cela-y-pazo-de-faramello\/\" title=\"Visita a Padr\u00f3n, Casa de Rosal\u00eda, Fundaci\u00f3n Camilo Jos\u00e9 Cela y Pazo de Faramello\" rel=\"bookmark\">Visita a Padr\u00f3n, Casa de Rosal\u00eda, Fundaci\u00f3n Camilo Jos\u00e9 Cela y Pazo de Faramello<\/a><\/h3>\n\n\t\t\t\n\t\t<\/div>\n\n\t<\/article>\n\n\n\n\t<article class=\"post post-4133 type-post status-publish format-standard has-post-thumbnail hentry category-23-noticias-jun-2018 category-noticias category-129 category-59 description-off\">\n\n\t\t\n\t\t\t<div class=\"blog-media wf-td\">\n\n\t\t\t\t<p><a href=\"https:\/\/caumas.org\/revista\/carteles-aluma\/\" class=\"alignnone rollover layzr-bg\" ><img loading=\"lazy\" decoding=\"async\" class=\"preload-me lazy-load\" src=\"data:image\/svg+xml,%3Csvg%20xmlns%3D&#39;http%3A%2F%2Fwww.w3.org%2F2000%2Fsvg&#39;%20viewBox%3D&#39;0%200%20280%20200&#39;%2F%3E\" data-src=\"https:\/\/caumas.org\/revista\/wp-content\/uploads\/2018\/06\/NOTICIAS.16.Imagen.Destacada-280x200.jpg\" data-srcset=\"https:\/\/caumas.org\/revista\/wp-content\/uploads\/2018\/06\/NOTICIAS.16.Imagen.Destacada-280x200.jpg 280w, https:\/\/caumas.org\/revista\/wp-content\/uploads\/2018\/06\/NOTICIAS.16.Imagen.Destacada-466x333.jpg 466w\" alt=\"\" title=\"NOTICIAS.16.Imagen.Destacada\" width=\"280\" height=\"200\"  \/><\/a><\/p>\n\t\t\t<\/div>\n\n\t\t\n\t\t<div class=\"blog-content wf-td\">\n\t\t\t<h3 class=\"entry-title\"><a href=\"https:\/\/caumas.org\/revista\/carteles-aluma\/\" title=\"Carteles ALUMA\" rel=\"bookmark\">Carteles ALUMA<\/a><\/h3>\n\n\t\t\t\n\t\t<\/div>\n\n\t<\/article>\n\n\n\n\t<article class=\"post post-4067 type-post status-publish format-standard has-post-thumbnail hentry category-23-noticias-jun-2018 category-noticias category-129 category-59 description-off\">\n\n\t\t\n\t\t\t<div class=\"blog-media wf-td\">\n\n\t\t\t\t<p><a href=\"https:\/\/caumas.org\/revista\/discurso-presentacion-libro-blanco-de-caumas-de-la-presidenta-de-caumas-marina-troncoso\/\" class=\"alignnone rollover layzr-bg\" ><img loading=\"lazy\" decoding=\"async\" class=\"preload-me lazy-load\" src=\"data:image\/svg+xml,%3Csvg%20xmlns%3D&#39;http%3A%2F%2Fwww.w3.org%2F2000%2Fsvg&#39;%20viewBox%3D&#39;0%200%20280%20200&#39;%2F%3E\" data-src=\"https:\/\/caumas.org\/revista\/wp-content\/uploads\/2018\/06\/NOTICIAS.07.ImagenDestacada-280x200.jpg\" data-srcset=\"https:\/\/caumas.org\/revista\/wp-content\/uploads\/2018\/06\/NOTICIAS.07.ImagenDestacada-280x200.jpg 280w, https:\/\/caumas.org\/revista\/wp-content\/uploads\/2018\/06\/NOTICIAS.07.ImagenDestacada-466x333.jpg 466w\" alt=\"\" title=\"NOTICIAS.07.ImagenDestacada\" width=\"280\" height=\"200\"  \/><\/a><\/p>\n\t\t\t<\/div>\n\n\t\t\n\t\t<div class=\"blog-content wf-td\">\n\t\t\t<h3 class=\"entry-title\"><a href=\"https:\/\/caumas.org\/revista\/discurso-presentacion-libro-blanco-de-caumas-de-la-presidenta-de-caumas-marina-troncoso\/\" title=\"Discurso presentaci\u00f3n Libro Blanco de CAUMAS de la Presidenta de CAUMAS, Marina Troncoso\" rel=\"bookmark\">Discurso presentaci\u00f3n Libro Blanco de CAUMAS de la Presidenta de CAUMAS, Marina Troncoso<\/a><\/h3>\n\n\t\t\t\n\t\t<\/div>\n\n\t<\/article>\n\n\n\n\t<article class=\"post post-4097 type-post status-publish format-standard has-post-thumbnail hentry category-23-noticias-jun-2018 category-noticias category-129 category-59 description-off\">\n\n\t\t\n\t\t\t<div class=\"blog-media wf-td\">\n\n\t\t\t\t<p><a href=\"https:\/\/caumas.org\/revista\/jornadas-interuniversitarias-de-la-asociacion-auma-de-la-universidad-de-oviedo-con-la-asociacion-de-alumnos-aluma-de-granada\/\" class=\"alignnone rollover layzr-bg\" ><img loading=\"lazy\" decoding=\"async\" class=\"preload-me lazy-load\" src=\"data:image\/svg+xml,%3Csvg%20xmlns%3D&#39;http%3A%2F%2Fwww.w3.org%2F2000%2Fsvg&#39;%20viewBox%3D&#39;0%200%20280%20200&#39;%2F%3E\" data-src=\"https:\/\/caumas.org\/revista\/wp-content\/uploads\/2018\/06\/NOTICIAS.12.Imagen.Destacada-280x200.jpg\" data-srcset=\"https:\/\/caumas.org\/revista\/wp-content\/uploads\/2018\/06\/NOTICIAS.12.Imagen.Destacada-280x200.jpg 280w, https:\/\/caumas.org\/revista\/wp-content\/uploads\/2018\/06\/NOTICIAS.12.Imagen.Destacada-466x333.jpg 466w\" alt=\"\" title=\"NOTICIAS.12.Imagen.Destacada\" width=\"280\" height=\"200\"  \/><\/a><\/p>\n\t\t\t<\/div>\n\n\t\t\n\t\t<div class=\"blog-content wf-td\">\n\t\t\t<h3 class=\"entry-title\"><a href=\"https:\/\/caumas.org\/revista\/jornadas-interuniversitarias-de-la-asociacion-auma-de-la-universidad-de-oviedo-con-la-asociacion-de-alumnos-aluma-de-granada\/\" title=\"Jornadas Interuniversitarias de la Asociaci\u00f3n AUMA de la Universidad de Oviedo con la Asociaci\u00f3n de Alumnos ALUMA de Granada\" rel=\"bookmark\">Jornadas Interuniversitarias de la Asociaci\u00f3n AUMA de la Universidad de Oviedo con la Asociaci\u00f3n de Alumnos ALUMA de Granada<\/a><\/h3>\n\n\t\t\t\n\t\t<\/div>\n\n\t<\/article>\n\n\n\n\t<article class=\"post post-4056 type-post status-publish format-standard has-post-thumbnail hentry category-23-noticias-jun-2018 category-noticias category-129 category-59 description-off\">\n\n\t\t\n\t\t\t<div class=\"blog-media wf-td\">\n\n\t\t\t\t<p><a href=\"https:\/\/caumas.org\/revista\/discurso-de-d-enrique-pozon-para-la-presentacion-del-libro-blanco-de-caumas\/\" class=\"alignnone rollover layzr-bg\" ><img loading=\"lazy\" decoding=\"async\" class=\"preload-me lazy-load\" src=\"data:image\/svg+xml,%3Csvg%20xmlns%3D&#39;http%3A%2F%2Fwww.w3.org%2F2000%2Fsvg&#39;%20viewBox%3D&#39;0%200%20280%20200&#39;%2F%3E\" data-src=\"https:\/\/caumas.org\/revista\/wp-content\/uploads\/2018\/06\/NOTICIAS.06.ImagenDestacada-280x200.jpg\" data-srcset=\"https:\/\/caumas.org\/revista\/wp-content\/uploads\/2018\/06\/NOTICIAS.06.ImagenDestacada-280x200.jpg 280w, https:\/\/caumas.org\/revista\/wp-content\/uploads\/2018\/06\/NOTICIAS.06.ImagenDestacada-466x333.jpg 466w\" alt=\"\" title=\"NOTICIAS.06.ImagenDestacada\" width=\"280\" height=\"200\"  \/><\/a><\/p>\n\t\t\t<\/div>\n\n\t\t\n\t\t<div class=\"blog-content wf-td\">\n\t\t\t<h3 class=\"entry-title\"><a href=\"https:\/\/caumas.org\/revista\/discurso-de-d-enrique-pozon-para-la-presentacion-del-libro-blanco-de-caumas\/\" title=\"Discurso de D. Enrique Poz\u00f3n para la presentaci\u00f3n del Libro Blanco de CAUMAS\" rel=\"bookmark\">Discurso de D. Enrique Poz\u00f3n para la presentaci\u00f3n del Libro Blanco de CAUMAS<\/a><\/h3>\n\n\t\t\t\n\t\t<\/div>\n\n\t<\/article>\n\n\n\n\t<article class=\"post post-4046 type-post status-publish format-standard has-post-thumbnail hentry category-23-noticias-jun-2018 category-noticias category-129 category-59 description-off\">\n\n\t\t\n\t\t\t<div class=\"blog-media wf-td\">\n\n\t\t\t\t<p><a href=\"https:\/\/caumas.org\/revista\/proyecto-caumas-2018-2022\/\" class=\"alignnone rollover layzr-bg\" ><img loading=\"lazy\" decoding=\"async\" class=\"preload-me lazy-load\" src=\"data:image\/svg+xml,%3Csvg%20xmlns%3D&#39;http%3A%2F%2Fwww.w3.org%2F2000%2Fsvg&#39;%20viewBox%3D&#39;0%200%20280%20200&#39;%2F%3E\" data-src=\"https:\/\/caumas.org\/revista\/wp-content\/uploads\/2018\/06\/NOTICIASCAUMAS.Imagen.Destacada-280x200.jpg\" data-srcset=\"https:\/\/caumas.org\/revista\/wp-content\/uploads\/2018\/06\/NOTICIASCAUMAS.Imagen.Destacada-280x200.jpg 280w, https:\/\/caumas.org\/revista\/wp-content\/uploads\/2018\/06\/NOTICIASCAUMAS.Imagen.Destacada-466x333.jpg 466w\" alt=\"\" title=\"NOTICIASCAUMAS.Imagen.Destacada\" width=\"280\" height=\"200\"  \/><\/a><\/p>\n\t\t\t<\/div>\n\n\t\t\n\t\t<div class=\"blog-content wf-td\">\n\t\t\t<h3 class=\"entry-title\"><a href=\"https:\/\/caumas.org\/revista\/proyecto-caumas-2018-2022\/\" title=\"Proyecto CAUMAS 2018 &#8211; 2022\" rel=\"bookmark\">Proyecto CAUMAS 2018 &#8211; 2022<\/a><\/h3>\n\n\t\t\t\n\t\t<\/div>\n\n\t<\/article>\n\n<\/div><section class=\"shortcode-teaser frame-fancy frame-on fadeIn animate-element\"><div class=\"shortcode-teaser-img\"><a class=\"layzr-bg rollover\" href=\"http:\/\/universitariosenior.es\/\" target=\"_blank\"><img loading=\"lazy\" decoding=\"async\" class=\"lazy-load\" src=\"data:image\/svg+xml;charset=utf-8,%3Csvg xmlns%3D&#039;http%3A%2F%2Fwww.w3.org%2F2000%2Fsvg&#039; viewBox%3D&#039;0 0 500 533&#039;%2F%3E\" width=\"500\" height=\"533\" data-srcset=\"https:\/\/caumas.org\/revista\/wp-content\/uploads\/2016\/04\/0AnuncioUniSenior.jpg 500w\" data-src=\"https:\/\/caumas.org\/revista\/wp-content\/uploads\/2016\/04\/0AnuncioUniSenior.jpg\" \/><\/a><\/div><div class=\"shortcode-teaser-content text-normal\"><p><\/p>\n<\/div><\/section><div class=\"gap\" style=\"line-height: 15px; height: 15px;\"><\/div><section class=\"shortcode-teaser frame-fancy frame-on\"><div class=\"shortcode-teaser-img\"><a class=\"layzr-bg rollover\" href=\"http:\/\/caumas.org\/biblioteca\/\" target=\"_blank\"><img loading=\"lazy\" decoding=\"async\" class=\"lazy-load\" src=\"data:image\/svg+xml;charset=utf-8,%3Csvg xmlns%3D&#039;http%3A%2F%2Fwww.w3.org%2F2000%2Fsvg&#039; viewBox%3D&#039;0 0 500 476&#039;%2F%3E\" width=\"500\" height=\"476\" data-srcset=\"https:\/\/caumas.org\/revista\/wp-content\/uploads\/2015\/03\/banner-biblioteca.png 500w\" data-src=\"https:\/\/caumas.org\/revista\/wp-content\/uploads\/2015\/03\/banner-biblioteca.png\" \/><\/a><\/div><div class=\"shortcode-teaser-content text-big\"><p style=\"text-align: center;\"><strong>ENTRA AHORA EN LA BIBLIOTECA DE CAUMAS<\/strong><\/p>\n<\/div><\/section><div class=\"gap\" style=\"line-height: 15px; height: 15px;\"><\/div><section class=\"shortcode-teaser frame-fancy frame-on fadeIn animate-element\"><div class=\"shortcode-teaser-img\"><a class=\"layzr-bg rollover\" href=\"http:\/\/canalsenior.es\/caumas\" target=\"_blank\"><img loading=\"lazy\" decoding=\"async\" class=\"lazy-load\" src=\"data:image\/svg+xml;charset=utf-8,%3Csvg xmlns%3D&#039;http%3A%2F%2Fwww.w3.org%2F2000%2Fsvg&#039; viewBox%3D&#039;0 0 500 458&#039;%2F%3E\" width=\"500\" height=\"458\" data-srcset=\"https:\/\/caumas.org\/revista\/wp-content\/uploads\/2015\/03\/Banner-Canal-Senior.png 500w\" data-src=\"https:\/\/caumas.org\/revista\/wp-content\/uploads\/2015\/03\/Banner-Canal-Senior.png\" \/><\/a><\/div><div class=\"shortcode-teaser-content text-normal\"><p style=\"text-align: center;\"><strong>El valor del talento s\u00e9nior<\/strong><\/p>\n<\/div><\/section><div class=\"gap\" style=\"line-height: 15px; height: 15px;\"><\/div><section class=\"shortcode-teaser frame-fancy frame-on\"><div class=\"shortcode-teaser-img\"><a class=\"layzr-bg rollover\" href=\"http:\/\/agoraseniors.com\/tecnologia\/\" target=\"_blank\"><img loading=\"lazy\" decoding=\"async\" class=\"lazy-load\" src=\"data:image\/svg+xml;charset=utf-8,%3Csvg xmlns%3D&#039;http%3A%2F%2Fwww.w3.org%2F2000%2Fsvg&#039; viewBox%3D&#039;0 0 440 346&#039;%2F%3E\" width=\"440\" height=\"346\" data-srcset=\"https:\/\/caumas.org\/revista\/wp-content\/uploads\/2015\/12\/Anuncio-\u00c1gora-Tcnologia.png 440w\" data-src=\"https:\/\/caumas.org\/revista\/wp-content\/uploads\/2015\/12\/Anuncio-\u00c1gora-Tcnologia.png\" \/><\/a><\/div><div class=\"shortcode-teaser-content text-big\"><p style=\"text-align: center;\"><strong>\u00c1gora S\u00e9niors Tecnolog\u00eda<\/strong><\/p>\n<\/div><\/section><div class=\"gap\" style=\"line-height: 15px; height: 15px;\"><\/div><section class=\"shortcode-teaser frame-fancy frame-on fadeIn animate-element\"><div class=\"shortcode-teaser-img\"><a class=\"layzr-bg rollover\" href=\"http:\/\/post55.es\" target=\"_blank\"><img loading=\"lazy\" decoding=\"async\" class=\"lazy-load\" src=\"data:image\/svg+xml;charset=utf-8,%3Csvg xmlns%3D&#039;http%3A%2F%2Fwww.w3.org%2F2000%2Fsvg&#039; viewBox%3D&#039;0 0 500 633&#039;%2F%3E\" width=\"500\" height=\"633\" data-srcset=\"https:\/\/caumas.org\/revista\/wp-content\/uploads\/2016\/04\/0AnuncioPost55.jpg 500w\" data-src=\"https:\/\/caumas.org\/revista\/wp-content\/uploads\/2016\/04\/0AnuncioPost55.jpg\" \/><\/a><\/div><div class=\"shortcode-teaser-content text-normal\"><p><\/p>\n<\/div><\/section><div class=\"gap\" style=\"line-height: 15px; height: 15px;\"><\/div><div class=\"gap\" style=\"line-height: 15px; height: 15px;\"><\/div><section class=\"shortcode-teaser frame-fancy frame-on\"><div class=\"shortcode-teaser-content text-big\"><h4 style=\"text-align: left;\">Selecciona tu idioma:<\/h4>\n<p style=\"text-align: center;\"><div id=\"google_language_translator\" class=\"default-language-es\"><\/div>\n<\/div><\/section>[\/vc_column][\/vc_row]<\/p>\n","protected":false},"excerpt":{"rendered":"<p>[vc_row][vc_column width=&#8221;3\/4&#8243;][vc_row_inner][vc_column_inner width=&#8221;2\/3&#8243;][vc_column_text css=&#8221;.vc_custom_1529421755165{margin-bottom: 0px !important;border-bottom-width: 0px !important;padding-bottom: 0px !important;}&#8221;] Editorial \u00b7 La Universidad del siglo XXI [\/vc_column_text][vc_column_text css_animation=&#8221;fadeIn&#8221;] La Universidad, cuyo objetivo es formar ciudadanos con mentalidad abierta, esp\u00edritu cr\u00edtico, conciencia \u00e9tica y compromiso c\u00edvico, debe adaptarse a los cambios que est\u00e1n surgiendo en la sociedad a la que pertenece, integr\u00e1ndose en ella con&hellip;<\/p>\n","protected":false},"author":1,"featured_media":9718,"comment_status":"closed","ping_status":"closed","sticky":false,"template":"","format":"standard","meta":{"footnotes":""},"categories":[295],"tags":[],"class_list":["post-3975","post","type-post","status-publish","format-standard","has-post-thumbnail","hentry","category-1-revistas-anteriores","category-295","description-off"],"_links":{"self":[{"href":"https:\/\/caumas.org\/revista\/wp-json\/wp\/v2\/posts\/3975","targetHints":{"allow":["GET"]}}],"collection":[{"href":"https:\/\/caumas.org\/revista\/wp-json\/wp\/v2\/posts"}],"about":[{"href":"https:\/\/caumas.org\/revista\/wp-json\/wp\/v2\/types\/post"}],"author":[{"embeddable":true,"href":"https:\/\/caumas.org\/revista\/wp-json\/wp\/v2\/users\/1"}],"replies":[{"embeddable":true,"href":"https:\/\/caumas.org\/revista\/wp-json\/wp\/v2\/comments?post=3975"}],"version-history":[{"count":5,"href":"https:\/\/caumas.org\/revista\/wp-json\/wp\/v2\/posts\/3975\/revisions"}],"predecessor-version":[{"id":4190,"href":"https:\/\/caumas.org\/revista\/wp-json\/wp\/v2\/posts\/3975\/revisions\/4190"}],"wp:featuredmedia":[{"embeddable":true,"href":"https:\/\/caumas.org\/revista\/wp-json\/wp\/v2\/media\/9718"}],"wp:attachment":[{"href":"https:\/\/caumas.org\/revista\/wp-json\/wp\/v2\/media?parent=3975"}],"wp:term":[{"taxonomy":"category","embeddable":true,"href":"https:\/\/caumas.org\/revista\/wp-json\/wp\/v2\/categories?post=3975"},{"taxonomy":"post_tag","embeddable":true,"href":"https:\/\/caumas.org\/revista\/wp-json\/wp\/v2\/tags?post=3975"}],"curies":[{"name":"wp","href":"https:\/\/api.w.org\/{rel}","templated":true}]}}