{"id":4006,"date":"2018-06-19T15:11:22","date_gmt":"2018-06-19T15:11:22","guid":{"rendered":"http:\/\/caumas.org\/revista\/?p=4006"},"modified":"2018-06-19T15:11:22","modified_gmt":"2018-06-19T15:11:22","slug":"alfabetizacion-digital-y-envejecimiento-activo-online","status":"publish","type":"post","link":"https:\/\/caumas.org\/revista\/alfabetizacion-digital-y-envejecimiento-activo-online\/","title":{"rendered":"Alfabetizaci\u00f3n digital y envejecimiento activo online"},"content":{"rendered":"<p>[vc_row][vc_column][vc_column_text]<\/p>\n<h2 style=\"text-align: left;\">Completamos el art\u00edculo \u201cAlfabetizaci\u00f3n digital y envejecimiento activo online (I)\u201d, con la segunda parte, que D. Enrique Poz\u00f3n Lobato dej\u00f3 preparado para su publicaci\u00f3n.<\/h2>\n<p>[\/vc_column_text]<div class=\"gap\" style=\"line-height: 30px; height: 30px;\"><\/div>[vc_row_inner][vc_column_inner width=&#8221;1\/6&#8243;][vc_single_image image=&#8221;340&#8243; img_size=&#8221;full&#8221; alignment=&#8221;center&#8221; style=&#8221;vc_box_rounded&#8221; css_animation=&#8221;fadeInLeft&#8221;][\/vc_column_inner][vc_column_inner width=&#8221;5\/6&#8243;][vc_column_text]<strong>D. ENRIQUE POZ\u00d3N LOBATO.<br \/>\n<\/strong>Catedr\u00e1tico (jubilado)<br \/>\nDoctor en Ciencias de la Educaci\u00f3n.\u00a0Doctor en Derecho. Doctor en Ciencias de la Educaci\u00f3n. Doctor en Veterinaria. Acad\u00e9mico Correspondiente de la Real Academia de C\u00f3rdoba de Ciencias, Bellas Letras y Nobles Artes.[\/vc_column_text][\/vc_column_inner][\/vc_row_inner][\/vc_column][\/vc_row][vc_row][vc_column][vc_empty_space][vc_column_text]<\/p>\n<div style=\"text-align: justify;\">La UNESCO en sus diferentes conferencias internacionales sobre la educaci\u00f3n de\u00a0 todos los pa\u00edses. En su quinta conferencia, cap\u00edtulo 7 confirmaba que las tecnolog\u00edas de la informaci\u00f3n y la comunicaci\u00f3n\u00a0 son un instrumento poderoso para las personas mayores porque incrementa su poder y le da acceso a la informaci\u00f3n, el bien m\u00e1s preciado en este siglo XXI. Y profundiza en la necesidad de una educaci\u00f3n permanente, una formaci\u00f3n que se debe realizar durante toda la vida y ya no solo durante la infancia y juventud. De ah\u00ed que la educaci\u00f3n permanente sea una de las grandes apuestas del\u00a0 siglo XXI. Pero tambi\u00e9n es necesario que las personas mayores adquieran la competencia digital, tan importante en nuestros d\u00edas, para que puedan tener una mejor calidad de vida y ser ciudadanos aut\u00f3nomos. No olvidemos que las TIC nos facilitan muchas de las tareas cotidianas de la vida y est\u00e1n presentes en todos los \u00e1mbitos, en las administraciones p\u00fablicas, en las educativas, en la empresa privada y en el \u00e1mbito personal.<div class=\"gap\" style=\"line-height: 16px; height: 16px;\"><\/div><\/div>\n<div style=\"text-align: justify;\"><\/div>\n<div style=\"text-align: justify;\">Actualmente se est\u00e1n dando pasos en direcci\u00f3n correcta ya que cada vez son m\u00e1s numerosos los avances\u00a0 en la participaci\u00f3n de las personas mayores en la sociedad, con programas para la creatividad: congresos, jornadas, universidades de la experiencia,\u00a0 aplicaci\u00f3n de las nuevas tecnolog\u00edas de la informaci\u00f3n y comunicaciones \u2013 TIC &#8211; proponiendo y desarrollando grandes posibilidades para\u00a0 los mayores.<div class=\"gap\" style=\"line-height: 16px; height: 16px;\"><\/div><\/div>\n<div style=\"text-align: justify;\"><\/div>\n<div style=\"text-align: justify;\"><strong>EL ENVEJECIMIENTO POBLACIONAL Y\u00a0 EL DESARROLLO DE LAS TIC<div class=\"gap\" style=\"line-height: 16px; height: 16px;\"><\/div><\/strong><\/div>\n<div style=\"text-align: justify;\"><\/div>\n<div style=\"text-align: justify;\">Desde una \u00f3ptica demogr\u00e1fica, la situaci\u00f3n actual y el escenario de los pr\u00f3ximos a\u00f1os est\u00e1n marcados por un envejecimiento poblacional En este sentido la poblaci\u00f3n espa\u00f1ola es la segunda que m\u00e1s envejece a nivel mundial Paralelamente durante las dos \u00faltimas d\u00e9cadas, se ha producido un desarrollo de la tecnolog\u00eda que no tiene precedentes en la historia. Las formas de socializaci\u00f3n han cambiado de manera acelerada, en parte, debido al avance de las Tecnolog\u00edas de la Informaci\u00f3n y la Comunicaci\u00f3n.<div class=\"gap\" style=\"line-height: 16px; height: 16px;\"><\/div><\/div>\n<div style=\"text-align: justify;\"><\/div>\n<div style=\"text-align: justify;\">Hace a\u00f1os, las personas solo nos comunic\u00e1bamos a trav\u00e9s de tel\u00e9fonos, cartas o cara a cara. Hoy d\u00eda comunicarse de esta forma parece impensable y todo ello gracias a las tecnolog\u00edas que tenemos a nuestro alcance que ofrecen grandes oportunidades y beneficios como instrumento de participaci\u00f3n activa a trav\u00e9s de la red. Facilita la interacci\u00f3n de las personas mayores con las entidades p\u00fablicas y privadas, el ocio y las relaciones sociales, as\u00ed como la mejora de la calidad de vida, la autonom\u00eda y su seguridad incluyendo aspectos de vida independiente, tecnolog\u00edas asistenciales, salud electr\u00f3nica, servicios de emergencia, localizaci\u00f3n, etc.<div class=\"gap\" style=\"line-height: 16px; height: 16px;\"><\/div><\/div>\n<div><\/div>\n<div style=\"text-align: center;\"><a class=\"dt-single-image\" href=\"https:\/\/caumas.org\/revista\/wp-content\/uploads\/2018\/06\/COLABORACIONES.01.01.jpg\" data-dt-img-description=\"\"><img fetchpriority=\"high\" decoding=\"async\" class=\"alignnone size-large wp-image-4010\" src=\"https:\/\/caumas.org\/revista\/wp-content\/uploads\/2018\/06\/COLABORACIONES.01.01-1024x418.jpg\" alt=\"\" width=\"1024\" height=\"418\" srcset=\"https:\/\/caumas.org\/revista\/wp-content\/uploads\/2018\/06\/COLABORACIONES.01.01-1024x418.jpg 1024w, https:\/\/caumas.org\/revista\/wp-content\/uploads\/2018\/06\/COLABORACIONES.01.01-300x122.jpg 300w, https:\/\/caumas.org\/revista\/wp-content\/uploads\/2018\/06\/COLABORACIONES.01.01-768x313.jpg 768w, https:\/\/caumas.org\/revista\/wp-content\/uploads\/2018\/06\/COLABORACIONES.01.01.jpg 1128w\" sizes=\"(max-width: 1024px) 100vw, 1024px\" \/><\/a><\/div>\n<div style=\"text-align: justify;\"><strong><div class=\"gap\" style=\"line-height: 16px; height: 16px;\"><\/div>INCLUSI\u00d3N SOCIAL DE LAS PERSONAS MAYORES<div class=\"gap\" style=\"line-height: 16px; height: 16px;\"><\/div><\/strong><\/div>\n<div style=\"text-align: justify;\"><\/div>\n<div style=\"text-align: justify;\">La Uni\u00f3n Europea define la inclusi\u00f3n social de la siguiente manera: proceso que garantiza que aquellos que est\u00e1n en riesgo de exclusi\u00f3n social obtienen las oportunidades y los recursos necesarios para participar de manera plena en la vida econ\u00f3mica, social y cultural y que pueden gozar de un estilo de vida que se considera normal en la sociedad en que viven. Eso garantiza que tengan m\u00e1s participaci\u00f3n en las decisiones que afectan a sus vidas y en el acceso a sus derechos fundamentales. As\u00ed, debemos favorecer siempre la inclusi\u00f3n social y digital de las personas mayores que se encuentran m\u00e1s excluidos del sistema.<div class=\"gap\" style=\"line-height: 16px; height: 16px;\"><\/div><\/div>\n<div style=\"text-align: justify;\"><\/div>\n<div style=\"text-align: justify;\"><strong>EL ANALFABETISMO DIGITAL DE LAS PERSONAS MAYORES<div class=\"gap\" style=\"line-height: 16px; height: 16px;\"><\/div><\/strong><\/div>\n<div style=\"text-align: justify;\"><\/div>\n<div style=\"text-align: justify;\">El analfabetismo digital es el nivel de desconocimiento de las nuevas tecnolog\u00edas que impide que las personas mayores puedan acceder a ellas. Cabe mencionar que la poblaci\u00f3n que es considerada analfabeta digital oscila entre los 55 o m\u00e1s a\u00f1os de edad, ya que sus principales fuentes de informaci\u00f3n seg\u00fan antes indicamos, es a trav\u00e9s de medios impresos y medios de comunicaci\u00f3n como la radio, televisi\u00f3n y telefon\u00eda fija, y s\u00ed requieren hacer uso de las nuevas tecnolog\u00edas, se apoyan en los considerados nativos digitales, es decir en personas que por su edad nacieron en la etapa digital. Sin embargo, existen excepciones pues hay personas mayores que cuentan con las capacidades y habilidades para interactuar con ellas.<div class=\"gap\" style=\"line-height: 16px; height: 16px;\"><\/div><\/div>\n<div style=\"text-align: justify;\"><\/div>\n<div style=\"text-align: justify;\"><strong>MARIDAJE TIC \u2013 PERSONAS MAYORES<div class=\"gap\" style=\"line-height: 16px; height: 16px;\"><\/div><\/strong><\/div>\n<div style=\"text-align: justify;\"><\/div>\n<div style=\"text-align: justify;\">Los datos apuntan a que no hay un buen maridaje del colectivo de las personas mayores y las TIC. Prueba de ello son los datos referidos a la penetraci\u00f3n de la tecnolog\u00eda en el citado colectivo. Veamos, por ejemplo, lo que ocurre con 3 elementos paradigm\u00e1ticos de la tecnolog\u00eda actual: el ordenador, el tel\u00e9fono m\u00f3vil e Internet. Se observan marcadas diferencias entre los grupos de 15 a 64 a\u00f1os y m\u00e1s de 64 a\u00f1os en el empleo del ordenador y de Internet; sin embargo, no se observa una diferencia tan marcada en el empleo del tel\u00e9fono m\u00f3vil.<div class=\"gap\" style=\"line-height: 16px; height: 16px;\"><\/div><\/div>\n<div style=\"text-align: justify;\"><\/div>\n<div><a class=\"dt-single-image\" href=\"https:\/\/caumas.org\/revista\/wp-content\/uploads\/2018\/06\/COLABORACIONES.01.02.jpg\" data-dt-img-description=\"\"><img decoding=\"async\" class=\"alignnone size-large wp-image-4011\" src=\"https:\/\/caumas.org\/revista\/wp-content\/uploads\/2018\/06\/COLABORACIONES.01.02-1024x417.jpg\" alt=\"\" width=\"1024\" height=\"417\" srcset=\"https:\/\/caumas.org\/revista\/wp-content\/uploads\/2018\/06\/COLABORACIONES.01.02-1024x417.jpg 1024w, https:\/\/caumas.org\/revista\/wp-content\/uploads\/2018\/06\/COLABORACIONES.01.02-300x122.jpg 300w, https:\/\/caumas.org\/revista\/wp-content\/uploads\/2018\/06\/COLABORACIONES.01.02-768x313.jpg 768w, https:\/\/caumas.org\/revista\/wp-content\/uploads\/2018\/06\/COLABORACIONES.01.02.jpg 1361w\" sizes=\"(max-width: 1024px) 100vw, 1024px\" \/><\/a><\/div>\n<div style=\"text-align: justify;\"><strong><div class=\"gap\" style=\"line-height: 16px; height: 16px;\"><\/div>BRECHA DIGITAL SECUNDARIA<div class=\"gap\" style=\"line-height: 16px; height: 16px;\"><\/div><\/strong><\/div>\n<div style=\"text-align: justify;\"><\/div>\n<div style=\"text-align: justify;\">En este contexto nos surge el interrogante de si estos avances tecnol\u00f3gicos est\u00e1n llegando de la misma manera a todas las personas. Podemos afirmar que no es as\u00ed. En este sentido existen dos tipos de brecha digital: la primaria y secundaria. La primaria hace referencia a esa desigualdad en cuanto al acceso a las nuevas tecnolog\u00edas entre ricos y pobres; en cambio, la brecha secundaria hace alusi\u00f3n a la desigualdad de competencias y habilidades del acceso a las mismas, existente entre las personas mayores y las generaciones nuevas que durante su vida han estado m\u00e1s pr\u00f3ximas al mundo de la tecnolog\u00eda.<div class=\"gap\" style=\"line-height: 16px; height: 16px;\"><\/div><\/div>\n<div style=\"text-align: justify;\"><\/div>\n<div style=\"text-align: justify;\"><strong>TECNOLOG\u00cdA\u00a0 NO SEGREGADORA SINO INTEGRADORA<div class=\"gap\" style=\"line-height: 16px; height: 16px;\"><\/div><\/strong><\/div>\n<div style=\"text-align: justify;\"><\/div>\n<div style=\"text-align: justify;\">Es necesario disminuir las diferencias para que todas las personas participen de ellas. Las nuevas tecnolog\u00edas de la informaci\u00f3n y comunicaci\u00f3n nos ofrecen grandes oportunidades para todos los colectivos de la sociedad, independientemente de la edad que tengan, pero para ello es necesario conocer las necesidades, intereses, inquietudes y posibles limitaciones de todos los ciudadanos para acercarlas a las mismas. En definitiva, nos encontramos en los proleg\u00f3menos de un uso masivo de la tecnolog\u00eda, una tecnolog\u00eda integradora y no segregadora para las personas mayores. Se trata pues de un instrumento m\u00e1s de la sociedad, que contribuir\u00e1 a abordar los retos que acompa\u00f1an al envejecimiento: la prevenci\u00f3n de la dependencia, el envejecimiento activo, la vida en el hogar, etc.<div class=\"gap\" style=\"line-height: 16px; height: 16px;\"><\/div><\/div>\n<div style=\"text-align: justify;\"><\/div>\n<div style=\"text-align: justify;\"><strong>CONSECUCI\u00d3N DE LA COMPETENCIA DIGITAL<div class=\"gap\" style=\"line-height: 16px; height: 16px;\"><\/div><\/strong><\/div>\n<div style=\"text-align: justify;\"><\/div>\n<div style=\"text-align: justify;\">Si queremos que las TIC lleguen a las personas mayores,\u00a0 y conseguir su alfabetizaci\u00f3n digital,\u00a0 tenemos que tener en cuenta los contextos sociales y culturales de las mismas, ya que no basta con ense\u00f1ar a navegar por Internet, a enviar correos electr\u00f3nicos o subir fotos en redes sociales. Se\u00a0 debe ense\u00f1ar a construir y elaborar conocimientos y a utilizar las TIC de un modo responsable teniendo en cuenta los conocimientos previos de las personas mayores; el lugar donde viven: si poseen los recursos para poder acceder a dicha tecnolog\u00eda; su lengua materna; el lugar de procedencia; la importancia de que las organizaciones\u00a0 internacionales y las propias de cada pa\u00eds a\u00fanen esfuerzos para favorecer el acceso a las TIC a toda la poblaci\u00f3n, etc. Sin tener en cuenta las caracter\u00edsticas de las personas es imposible lograr un verdadero acceso a ellas. Otra cuesti\u00f3n importante que hay que destacar es la educaci\u00f3n a distancia, como ya hemos nombrado, ya que en los \u00faltimos a\u00f1os se ha incrementado el n\u00famero de personas mayores que acceden a la formaci\u00f3n por medio de entornos virtuales. Estas personas acuden a clases virtualmente, pero muchas de ellas no tienen un verdadero acceso a la red, ya que no tienen la competencia digital adquirida.<div class=\"gap\" style=\"line-height: 16px; height: 16px;\"><\/div><\/div>\n<div style=\"text-align: justify;\"><\/div>\n<div style=\"text-align: justify;\">\u201cNo tener conocimiento de estas nuevas tecnolog\u00edas puede significar,\u00a0 una barrera importante para las personas mayores. Las sit\u00faa como personas no integradas en la sociedad de la informaci\u00f3n y de la comunicaci\u00f3n, y por tanto en situaci\u00f3n de aislamiento social\u201d<div class=\"gap\" style=\"line-height: 16px; height: 16px;\"><\/div><\/div>\n<div><\/div>\n<h2>VENTAJAS DE INTEGRAR A LAS PERSONAS MAYORES EN LAS NUEVAS TECNOLOG\u00cdAS<div class=\"gap\" style=\"line-height: 16px; height: 16px;\"><\/div><\/h2>\n<p>Matizando las consideraciones expuestas podemos decir que las ventajas de integrar a las personas mayores en las nuevas tecnolog\u00edas son muchas y muy importantes:<div class=\"gap\" style=\"line-height: 16px; height: 16px;\"><\/div>\n<p style=\"text-align: center;\"><a class=\"dt-single-image\" href=\"https:\/\/caumas.org\/revista\/wp-content\/uploads\/2018\/06\/COLABORACIONES.01.03.jpg\" data-dt-img-description=\"\"><img decoding=\"async\" class=\"alignnone size-large wp-image-4012\" src=\"https:\/\/caumas.org\/revista\/wp-content\/uploads\/2018\/06\/COLABORACIONES.01.03-485x1024.jpg\" alt=\"\" width=\"485\" height=\"1024\" srcset=\"https:\/\/caumas.org\/revista\/wp-content\/uploads\/2018\/06\/COLABORACIONES.01.03-485x1024.jpg 485w, https:\/\/caumas.org\/revista\/wp-content\/uploads\/2018\/06\/COLABORACIONES.01.03-142x300.jpg 142w, https:\/\/caumas.org\/revista\/wp-content\/uploads\/2018\/06\/COLABORACIONES.01.03.jpg 674w\" sizes=\"(max-width: 485px) 100vw, 485px\" \/><\/a><\/p>\n<p>[\/vc_column_text][\/vc_column][\/vc_row]<\/p>\n","protected":false},"excerpt":{"rendered":"<p>[vc_row][vc_column][vc_column_text] Completamos el art\u00edculo \u201cAlfabetizaci\u00f3n digital y envejecimiento activo online (I)\u201d, con la segunda parte, que D. Enrique Poz\u00f3n Lobato dej\u00f3 preparado para su publicaci\u00f3n. [\/vc_column_text][vc_row_inner][vc_column_inner width=&#8221;1\/6&#8243;][vc_single_image image=&#8221;340&#8243; img_size=&#8221;full&#8221; alignment=&#8221;center&#8221; style=&#8221;vc_box_rounded&#8221; css_animation=&#8221;fadeInLeft&#8221;][\/vc_column_inner][vc_column_inner width=&#8221;5\/6&#8243;][vc_column_text]D. ENRIQUE POZ\u00d3N LOBATO. Catedr\u00e1tico (jubilado) Doctor en Ciencias de la Educaci\u00f3n.\u00a0Doctor en Derecho. Doctor en Ciencias de la Educaci\u00f3n. Doctor en Veterinaria.&hellip;<\/p>\n","protected":false},"author":1,"featured_media":4015,"comment_status":"closed","ping_status":"closed","sticky":false,"template":"","format":"standard","meta":{"footnotes":""},"categories":[127,58],"tags":[],"class_list":["post-4006","post","type-post","status-publish","format-standard","has-post-thumbnail","hentry","category-colaboraciones-jun-2018","category-colaboraciones","category-127","category-58","description-off"],"_links":{"self":[{"href":"https:\/\/caumas.org\/revista\/wp-json\/wp\/v2\/posts\/4006","targetHints":{"allow":["GET"]}}],"collection":[{"href":"https:\/\/caumas.org\/revista\/wp-json\/wp\/v2\/posts"}],"about":[{"href":"https:\/\/caumas.org\/revista\/wp-json\/wp\/v2\/types\/post"}],"author":[{"embeddable":true,"href":"https:\/\/caumas.org\/revista\/wp-json\/wp\/v2\/users\/1"}],"replies":[{"embeddable":true,"href":"https:\/\/caumas.org\/revista\/wp-json\/wp\/v2\/comments?post=4006"}],"version-history":[{"count":5,"href":"https:\/\/caumas.org\/revista\/wp-json\/wp\/v2\/posts\/4006\/revisions"}],"predecessor-version":[{"id":4016,"href":"https:\/\/caumas.org\/revista\/wp-json\/wp\/v2\/posts\/4006\/revisions\/4016"}],"wp:featuredmedia":[{"embeddable":true,"href":"https:\/\/caumas.org\/revista\/wp-json\/wp\/v2\/media\/4015"}],"wp:attachment":[{"href":"https:\/\/caumas.org\/revista\/wp-json\/wp\/v2\/media?parent=4006"}],"wp:term":[{"taxonomy":"category","embeddable":true,"href":"https:\/\/caumas.org\/revista\/wp-json\/wp\/v2\/categories?post=4006"},{"taxonomy":"post_tag","embeddable":true,"href":"https:\/\/caumas.org\/revista\/wp-json\/wp\/v2\/tags?post=4006"}],"curies":[{"name":"wp","href":"https:\/\/api.w.org\/{rel}","templated":true}]}}