{"id":4372,"date":"2019-01-10T17:39:59","date_gmt":"2019-01-10T17:39:59","guid":{"rendered":"http:\/\/caumas.org\/revista\/?p=4372"},"modified":"2019-01-10T18:01:59","modified_gmt":"2019-01-10T18:01:59","slug":"entrevista-a-dna-agustina-garcia-elez","status":"publish","type":"post","link":"https:\/\/caumas.org\/revista\/entrevista-a-dna-agustina-garcia-elez\/","title":{"rendered":"Entrevista a D\u00f1a. Agustina Garc\u00eda \u00c9lez"},"content":{"rendered":"<p>[vc_row][vc_column][vc_column_text]<\/p>\n<h2>Entrevista a D\u00f1a. Agustina Garc\u00eda \u00c9lez<\/h2>\n<p>[\/vc_column_text]<div class=\"hr-thin style-line\" style=\"width: 100%;border-top-width: 1px;\"><\/div><div class=\"gap\" style=\"line-height: 10px; height: 10px;\"><\/div>[vc_row_inner][vc_column_inner]<section class=\"shortcode-action-box table shortcode-action-bg plain-bg\"><div class=\"\"><p style=\"text-align: justify;\"><style type=\"text\/css\" data-type=\"the7_shortcodes-inline-css\">.shortcode-single-image-wrap.shortcode-single-image-52ee3ea8f63ca43d445f49b98b9ffb1b.enable-bg-rollover .rollover i,\n.shortcode-single-image-wrap.shortcode-single-image-52ee3ea8f63ca43d445f49b98b9ffb1b.enable-bg-rollover .rollover-video i {\n  background: ;\n  background: -webkit-linear-gradient();\n  background: linear-gradient();\n}\n.shortcode-single-image-wrap.shortcode-single-image-52ee3ea8f63ca43d445f49b98b9ffb1b .rollover-icon {\n  font-size: 32px;\n  color: #ffffff;\n  min-width: 44px;\n  min-height: 44px;\n  line-height: 44px;\n  border-radius: 100px;\n  border-style: solid;\n  border-width: 0px;\n}\n.dt-icon-bg-on.shortcode-single-image-wrap.shortcode-single-image-52ee3ea8f63ca43d445f49b98b9ffb1b .rollover-icon {\n  background: rgba(255,255,255,0.3);\n  box-shadow: none;\n}\n<\/style><div class=\"shortcode-single-image-wrap shortcode-single-image-52ee3ea8f63ca43d445f49b98b9ffb1b alignleft fadeInLeft animate-element  enable-bg-rollover dt-icon-bg-off\" style=\"margin-top:10px; margin-bottom:0px; margin-left:0px; margin-right:10px; width:150px;\"><div class=\"shortcode-single-image\"><div class=\"fancy-media-wrap  layzr-bg\" style=\"\"><img decoding=\"async\" class=\"lazy-load\" src=\"data:image\/svg+xml;charset=utf-8,%3Csvg xmlns%3D&#039;http%3A%2F%2Fwww.w3.org%2F2000%2Fsvg&#039; viewBox%3D&#039;0 0 150 0&#039;%2F%3E\" width=\"150\" dt-data-location=\"https:\/\/caumas.org\/revista\/wp-content\/uploads\/2019\/01\/Entrevistada150.jpg\" data-srcset=\"https:\/\/caumas.org\/revista\/wp-content\/uploads\/2019\/01\/Entrevistada150.jpg 150w\" data-src=\"https:\/\/caumas.org\/revista\/wp-content\/uploads\/2019\/01\/Entrevistada150.jpg\" \/><\/div><\/div><\/div>\n<p style=\"text-align: justify;\">Entrevista a <strong>D\u00f1a. Agustina Garc\u00eda \u00c9lez<\/strong>, (Talavera de la Reina, Toledo, 1980). Consejera de Fomento de Castilla-La Mancha. Licenciada en Ciencias Econ\u00f3micas por la Universidad Aut\u00f3noma de Madrid (UAM) y diplomada en Ciencias Empresariales por el Centro de Estudios Universitarios (CEU) de Talavera de la Reina. De 2015 a marzo de 2017 fue diputada regional del Grupo Parlamentario Socialista en las Cortes de Castilla-La Mancha y anteriormente concejal del Ayuntamiento de Talavera de la Reina<\/p>\n<\/div><\/section>[\/vc_column_inner][\/vc_row_inner][\/vc_column][\/vc_row][vc_row][vc_column]<div class=\"gap\" style=\"line-height: 30px; height: 30px;\"><\/div>[vc_column_text]<\/p>\n<blockquote>\n<p style=\"text-align: justify;\">Muchas gracias por concedernos su atenci\u00f3n y aceptar responder a las preguntas de CAUMAS: (Confederaci\u00f3n Estatal de Asociaciones y Federaciones de Alumnos de los Programas Universitarios de Mayores).<\/p>\n<p style=\"text-align: justify;\"><strong>Una de las Funciones y Competencias de la Consejer\u00eda de Fomento que usted dirige es la \u201cSociedad de la informaci\u00f3n y las telecomunicaciones\u201d \u00bfC\u00f3mo afronta el desarrollo de infraestructuras de procesamiento de datos de alta velocidad en su Consejer\u00eda? <\/strong><\/p>\n<\/blockquote>\n<p>[\/vc_column_text]<div class=\"gap\" style=\"line-height: 10px; height: 10px;\"><\/div>[vc_row_inner][vc_column_inner][vc_column_text]<style type=\"text\/css\" data-type=\"the7_shortcodes-inline-css\">.shortcode-single-image-wrap.shortcode-single-image-953e279fdc4e09d52bafa8d235b7935d.enable-bg-rollover .rollover i,\n.shortcode-single-image-wrap.shortcode-single-image-953e279fdc4e09d52bafa8d235b7935d.enable-bg-rollover .rollover-video i {\n  background: ;\n  background: -webkit-linear-gradient();\n  background: linear-gradient();\n}\n.shortcode-single-image-wrap.shortcode-single-image-953e279fdc4e09d52bafa8d235b7935d .rollover-icon {\n  font-size: 32px;\n  color: #ffffff;\n  min-width: 44px;\n  min-height: 44px;\n  line-height: 44px;\n  border-radius: 100px;\n  border-style: solid;\n  border-width: 0px;\n}\n.dt-icon-bg-on.shortcode-single-image-wrap.shortcode-single-image-953e279fdc4e09d52bafa8d235b7935d .rollover-icon {\n  background: rgba(255,255,255,0.3);\n  box-shadow: none;\n}\n<\/style><div class=\"shortcode-single-image-wrap shortcode-single-image-953e279fdc4e09d52bafa8d235b7935d alignleft fadeInLeft animate-element  enable-bg-rollover dt-icon-bg-off\" style=\"margin-top:10px; margin-bottom:0px; margin-left:0px; margin-right:10px; width:60px;\"><div class=\"shortcode-single-image\"><div class=\"fancy-media-wrap  layzr-bg\" style=\"\"><img decoding=\"async\" class=\"lazy-load\" src=\"data:image\/svg+xml;charset=utf-8,%3Csvg xmlns%3D&#039;http%3A%2F%2Fwww.w3.org%2F2000%2Fsvg&#039; viewBox%3D&#039;0 0 60 0&#039;%2F%3E\" width=\"60\" dt-data-location=\"https:\/\/caumas.org\/revista\/wp-content\/uploads\/2019\/01\/Entrevistada150.jpg\" data-srcset=\"https:\/\/caumas.org\/revista\/wp-content\/uploads\/2019\/01\/Entrevistada150.jpg 60w\" data-src=\"https:\/\/caumas.org\/revista\/wp-content\/uploads\/2019\/01\/Entrevistada150.jpg\" \/><\/div><\/div><\/div>\n<p style=\"text-align: justify;\">Preguntado as\u00ed parece algo lejano, estratosf\u00e9rico\u2026 (risas); pero, a d\u00eda de hoy tenemos claro c\u00f3mo afrontarlo. El primer paso son las infraestructuras de comunicaci\u00f3n dotando de una cobertura 4G al 100 por 100 de las localidades de la regi\u00f3n, pero realizando este despliegue con la construcci\u00f3n de antenas dotadas de una torre de calidad, una alimentaci\u00f3n el\u00e9ctrica potente y una conexi\u00f3n de fibra \u00f3ptica, de tal manera que adem\u00e1s de otra de 4G estemos construyendo las torres donde instalar r\u00e1pidamente el futuro 5G. En paralelo, estamos incentivando el despliegue de fibra \u00f3ptica base fundamental para la ultra-alta velocidad y que ya est\u00e1 al alcance del 70 por ciento de los castellano-manchegos.<\/p>\n<p>[\/vc_column_text][\/vc_column_inner][\/vc_row_inner]<div class=\"gap\" style=\"line-height: 10px; height: 10px;\"><\/div>[\/vc_column][\/vc_row][vc_row][vc_column]<div class=\"gap\" style=\"line-height: 30px; height: 30px;\"><\/div>[vc_column_text]<\/p>\n<blockquote>\n<p style=\"text-align: justify;\"><strong>\u00bfUtilizan el Fondo Europeo de Desarrollo Regional de la UE para su financiaci\u00f3n? <\/strong><\/p>\n<\/blockquote>\n<p>[\/vc_column_text]<div class=\"gap\" style=\"line-height: 10px; height: 10px;\"><\/div>[vc_row_inner][vc_column_inner][vc_column_text]<style type=\"text\/css\" data-type=\"the7_shortcodes-inline-css\">.shortcode-single-image-wrap.shortcode-single-image-953e279fdc4e09d52bafa8d235b7935d.enable-bg-rollover .rollover i,\n.shortcode-single-image-wrap.shortcode-single-image-953e279fdc4e09d52bafa8d235b7935d.enable-bg-rollover .rollover-video i {\n  background: ;\n  background: -webkit-linear-gradient();\n  background: linear-gradient();\n}\n.shortcode-single-image-wrap.shortcode-single-image-953e279fdc4e09d52bafa8d235b7935d .rollover-icon {\n  font-size: 32px;\n  color: #ffffff;\n  min-width: 44px;\n  min-height: 44px;\n  line-height: 44px;\n  border-radius: 100px;\n  border-style: solid;\n  border-width: 0px;\n}\n.dt-icon-bg-on.shortcode-single-image-wrap.shortcode-single-image-953e279fdc4e09d52bafa8d235b7935d .rollover-icon {\n  background: rgba(255,255,255,0.3);\n  box-shadow: none;\n}\n<\/style><div class=\"shortcode-single-image-wrap shortcode-single-image-953e279fdc4e09d52bafa8d235b7935d alignleft fadeInLeft animate-element  enable-bg-rollover dt-icon-bg-off\" style=\"margin-top:10px; margin-bottom:0px; margin-left:0px; margin-right:10px; width:60px;\"><div class=\"shortcode-single-image\"><div class=\"fancy-media-wrap  layzr-bg\" style=\"\"><img decoding=\"async\" class=\"lazy-load\" src=\"data:image\/svg+xml;charset=utf-8,%3Csvg xmlns%3D&#039;http%3A%2F%2Fwww.w3.org%2F2000%2Fsvg&#039; viewBox%3D&#039;0 0 60 0&#039;%2F%3E\" width=\"60\" dt-data-location=\"https:\/\/caumas.org\/revista\/wp-content\/uploads\/2019\/01\/Entrevistada150.jpg\" data-srcset=\"https:\/\/caumas.org\/revista\/wp-content\/uploads\/2019\/01\/Entrevistada150.jpg 60w\" data-src=\"https:\/\/caumas.org\/revista\/wp-content\/uploads\/2019\/01\/Entrevistada150.jpg\" \/><\/div><\/div><\/div>\n<p style=\"text-align: justify;\">Desde luego es parte fundamental, ya que ayuda a poner al Gobierno regional medidas tan potentes como son el despliegue de banda ancha y la implantaci\u00f3n de la administraci\u00f3n electr\u00f3nica. De hecho, disponemos de Fondos FEDER a trav\u00e9s de dos objetivos; el primero es fomentar el despliegue y adopci\u00f3n de redes y servicios para garantizar la conectividad digital; y el segundo objetivo que nos da acceso a dicho fondo es el refuerzo de las aplicaciones de las tecnolog\u00edas de la informaci\u00f3n y de la comunicaci\u00f3n para la administraci\u00f3n electr\u00f3nica, el aprendizaje electr\u00f3nico y la inclusi\u00f3n electr\u00f3nica.<\/p>\n<p>[\/vc_column_text][\/vc_column_inner][\/vc_row_inner]<div class=\"gap\" style=\"line-height: 10px; height: 10px;\"><\/div>[\/vc_column][\/vc_row][vc_row][vc_column][vc_single_image image=&#8221;4380&#8243; img_size=&#8221;full&#8221; alignment=&#8221;center&#8221; css_animation=&#8221;fadeInDown&#8221; image_hovers=&#8221;false&#8221;][\/vc_column][\/vc_row][vc_row][vc_column]<div class=\"gap\" style=\"line-height: 30px; height: 30px;\"><\/div>[vc_column_text]<\/p>\n<blockquote>\n<p style=\"text-align: justify;\"><strong>\u00bfQu\u00e9 porcentaje del territorio de Castilla-La Mancha tiene cobertura de Internet? <\/strong><\/p>\n<\/blockquote>\n<p>[\/vc_column_text]<div class=\"gap\" style=\"line-height: 10px; height: 10px;\"><\/div>[vc_row_inner][vc_column_inner][vc_column_text]<style type=\"text\/css\" data-type=\"the7_shortcodes-inline-css\">.shortcode-single-image-wrap.shortcode-single-image-953e279fdc4e09d52bafa8d235b7935d.enable-bg-rollover .rollover i,\n.shortcode-single-image-wrap.shortcode-single-image-953e279fdc4e09d52bafa8d235b7935d.enable-bg-rollover .rollover-video i {\n  background: ;\n  background: -webkit-linear-gradient();\n  background: linear-gradient();\n}\n.shortcode-single-image-wrap.shortcode-single-image-953e279fdc4e09d52bafa8d235b7935d .rollover-icon {\n  font-size: 32px;\n  color: #ffffff;\n  min-width: 44px;\n  min-height: 44px;\n  line-height: 44px;\n  border-radius: 100px;\n  border-style: solid;\n  border-width: 0px;\n}\n.dt-icon-bg-on.shortcode-single-image-wrap.shortcode-single-image-953e279fdc4e09d52bafa8d235b7935d .rollover-icon {\n  background: rgba(255,255,255,0.3);\n  box-shadow: none;\n}\n<\/style><div class=\"shortcode-single-image-wrap shortcode-single-image-953e279fdc4e09d52bafa8d235b7935d alignleft fadeInLeft animate-element  enable-bg-rollover dt-icon-bg-off\" style=\"margin-top:10px; margin-bottom:0px; margin-left:0px; margin-right:10px; width:60px;\"><div class=\"shortcode-single-image\"><div class=\"fancy-media-wrap  layzr-bg\" style=\"\"><img decoding=\"async\" class=\"lazy-load\" src=\"data:image\/svg+xml;charset=utf-8,%3Csvg xmlns%3D&#039;http%3A%2F%2Fwww.w3.org%2F2000%2Fsvg&#039; viewBox%3D&#039;0 0 60 0&#039;%2F%3E\" width=\"60\" dt-data-location=\"https:\/\/caumas.org\/revista\/wp-content\/uploads\/2019\/01\/Entrevistada150.jpg\" data-srcset=\"https:\/\/caumas.org\/revista\/wp-content\/uploads\/2019\/01\/Entrevistada150.jpg 60w\" data-src=\"https:\/\/caumas.org\/revista\/wp-content\/uploads\/2019\/01\/Entrevistada150.jpg\" \/><\/div><\/div><\/div>\n<p style=\"text-align: justify;\">Esta es una de esas preguntas con la que una se queda pensando antes de contestar, buscando aquella respuesta global que evidencie el trabajo que venimos realizando y la finalidad de otorgar igualdad y justicia a todos los territorios de la comunidad, desde las grandes urbes a las pedan\u00edas con 50 o menos habitantes. Una respuesta diplom\u00e1tica ser\u00eda decir que llegamos ya al 100 por 100 de territorio, porque all\u00ed donde no llega la conexi\u00f3n v\u00eda terrestre como son la fibra \u00f3ptica o el 4G, est\u00e1 la conexi\u00f3n sat\u00e9lite para conectar desde cualquier sitio. Pero, para el Gobierno regional que quiere una cobertura m\u00f3vil para todos los castellano-manchegos a\u00fan queda un poquito, ya que el 99 por ciento de los habitantes de Castilla-La Mancha tienen cobertura 4G o 3G, donde el 95 por ciento es mediante 4G y los 4 puntos de diferencia son mediante 3G. Tambi\u00e9n me gustar\u00eda a\u00f1adir que en 2019 llegaremos al 99,5 por ciento, algo inimaginable hace unos a\u00f1os en una regi\u00f3n tan grande (80.000 kil\u00f3metros cuadrados) y con una densidad de poblaci\u00f3n tan baja y con n\u00facleos tan diseminados; pero para este Gobierno es imprescindible la comunicaci\u00f3n a trav\u00e9s de las nuevas tecnolog\u00edas para el desarrollo de toda la regi\u00f3n, adem\u00e1s de considerarlo como una de las armas principales y reales para luchar contra la despoblaci\u00f3n.<\/p>\n<p>[\/vc_column_text][\/vc_column_inner][\/vc_row_inner]<div class=\"gap\" style=\"line-height: 10px; height: 10px;\"><\/div>[\/vc_column][\/vc_row][vc_row][vc_column]<div class=\"gap\" style=\"line-height: 30px; height: 30px;\"><\/div>[vc_column_text]<\/p>\n<blockquote>\n<p style=\"text-align: justify;\"><strong>\u00bfCu\u00e1ntos puntos de inclusi\u00f3n digital est\u00e1n en funcionamiento en su comunidad aut\u00f3noma? <\/strong><\/p>\n<\/blockquote>\n<p>[\/vc_column_text]<div class=\"gap\" style=\"line-height: 10px; height: 10px;\"><\/div>[vc_row_inner][vc_column_inner][vc_column_text]<style type=\"text\/css\" data-type=\"the7_shortcodes-inline-css\">.shortcode-single-image-wrap.shortcode-single-image-953e279fdc4e09d52bafa8d235b7935d.enable-bg-rollover .rollover i,\n.shortcode-single-image-wrap.shortcode-single-image-953e279fdc4e09d52bafa8d235b7935d.enable-bg-rollover .rollover-video i {\n  background: ;\n  background: -webkit-linear-gradient();\n  background: linear-gradient();\n}\n.shortcode-single-image-wrap.shortcode-single-image-953e279fdc4e09d52bafa8d235b7935d .rollover-icon {\n  font-size: 32px;\n  color: #ffffff;\n  min-width: 44px;\n  min-height: 44px;\n  line-height: 44px;\n  border-radius: 100px;\n  border-style: solid;\n  border-width: 0px;\n}\n.dt-icon-bg-on.shortcode-single-image-wrap.shortcode-single-image-953e279fdc4e09d52bafa8d235b7935d .rollover-icon {\n  background: rgba(255,255,255,0.3);\n  box-shadow: none;\n}\n<\/style><div class=\"shortcode-single-image-wrap shortcode-single-image-953e279fdc4e09d52bafa8d235b7935d alignleft fadeInLeft animate-element  enable-bg-rollover dt-icon-bg-off\" style=\"margin-top:10px; margin-bottom:0px; margin-left:0px; margin-right:10px; width:60px;\"><div class=\"shortcode-single-image\"><div class=\"fancy-media-wrap  layzr-bg\" style=\"\"><img decoding=\"async\" class=\"lazy-load\" src=\"data:image\/svg+xml;charset=utf-8,%3Csvg xmlns%3D&#039;http%3A%2F%2Fwww.w3.org%2F2000%2Fsvg&#039; viewBox%3D&#039;0 0 60 0&#039;%2F%3E\" width=\"60\" dt-data-location=\"https:\/\/caumas.org\/revista\/wp-content\/uploads\/2019\/01\/Entrevistada150.jpg\" data-srcset=\"https:\/\/caumas.org\/revista\/wp-content\/uploads\/2019\/01\/Entrevistada150.jpg 60w\" data-src=\"https:\/\/caumas.org\/revista\/wp-content\/uploads\/2019\/01\/Entrevistada150.jpg\" \/><\/div><\/div><\/div>\n<p style=\"text-align: justify;\">Actualmente los Puntos de Inclusi\u00f3n Digital (PID) est\u00e1n en pleno despliegue en Castilla-La Mancha y vamos a pasar de 470 centros de Internet, o telecentros como se conocen en otras regiones, a m\u00e1s de 1.200 Puntos de Inclusi\u00f3n Digital que esperamos que en la primavera de 2019 est\u00e9n a pleno rendimiento. Esta es una de las medidas m\u00e1s importantes para la eliminaci\u00f3n de la brecha digital, tras el despliegue de la banda ancha, ya que da igualdad a todos los vecinos de una localidad ofreciendo una conexi\u00f3n gratuita a los servicios digitales, como es la administraci\u00f3n electr\u00f3nica, mediante la cual se pueden realizar tr\u00e1mites con la administraci\u00f3n regional viva donde viva.<\/p>\n<p>[\/vc_column_text][\/vc_column_inner][\/vc_row_inner]<div class=\"gap\" style=\"line-height: 10px; height: 10px;\"><\/div>[\/vc_column][\/vc_row][vc_row][vc_column][vc_single_image image=&#8221;4381&#8243; img_size=&#8221;full&#8221; alignment=&#8221;center&#8221; css_animation=&#8221;fadeInDown&#8221; image_hovers=&#8221;false&#8221;][\/vc_column][\/vc_row][vc_row][vc_column]<div class=\"gap\" style=\"line-height: 30px; height: 30px;\"><\/div>[vc_column_text]<\/p>\n<blockquote>\n<p style=\"text-align: justify;\"><strong>\u00bfC\u00f3mo responde la ciudadan\u00eda a la implantaci\u00f3n de la relaci\u00f3n con la administraci\u00f3n electr\u00f3nicamente? <\/strong><\/p>\n<\/blockquote>\n<p>[\/vc_column_text]<div class=\"gap\" style=\"line-height: 10px; height: 10px;\"><\/div>[vc_row_inner][vc_column_inner][vc_column_text]<style type=\"text\/css\" data-type=\"the7_shortcodes-inline-css\">.shortcode-single-image-wrap.shortcode-single-image-953e279fdc4e09d52bafa8d235b7935d.enable-bg-rollover .rollover i,\n.shortcode-single-image-wrap.shortcode-single-image-953e279fdc4e09d52bafa8d235b7935d.enable-bg-rollover .rollover-video i {\n  background: ;\n  background: -webkit-linear-gradient();\n  background: linear-gradient();\n}\n.shortcode-single-image-wrap.shortcode-single-image-953e279fdc4e09d52bafa8d235b7935d .rollover-icon {\n  font-size: 32px;\n  color: #ffffff;\n  min-width: 44px;\n  min-height: 44px;\n  line-height: 44px;\n  border-radius: 100px;\n  border-style: solid;\n  border-width: 0px;\n}\n.dt-icon-bg-on.shortcode-single-image-wrap.shortcode-single-image-953e279fdc4e09d52bafa8d235b7935d .rollover-icon {\n  background: rgba(255,255,255,0.3);\n  box-shadow: none;\n}\n<\/style><div class=\"shortcode-single-image-wrap shortcode-single-image-953e279fdc4e09d52bafa8d235b7935d alignleft fadeInLeft animate-element  enable-bg-rollover dt-icon-bg-off\" style=\"margin-top:10px; margin-bottom:0px; margin-left:0px; margin-right:10px; width:60px;\"><div class=\"shortcode-single-image\"><div class=\"fancy-media-wrap  layzr-bg\" style=\"\"><img decoding=\"async\" class=\"lazy-load\" src=\"data:image\/svg+xml;charset=utf-8,%3Csvg xmlns%3D&#039;http%3A%2F%2Fwww.w3.org%2F2000%2Fsvg&#039; viewBox%3D&#039;0 0 60 0&#039;%2F%3E\" width=\"60\" dt-data-location=\"https:\/\/caumas.org\/revista\/wp-content\/uploads\/2019\/01\/Entrevistada150.jpg\" data-srcset=\"https:\/\/caumas.org\/revista\/wp-content\/uploads\/2019\/01\/Entrevistada150.jpg 60w\" data-src=\"https:\/\/caumas.org\/revista\/wp-content\/uploads\/2019\/01\/Entrevistada150.jpg\" \/><\/div><\/div><\/div>\n<p style=\"text-align: justify;\">La verdad es que va \u2018por barrios\u2019. Tenemos un p\u00fablico m\u00e1s joven o urbanita que usa la administraci\u00f3n electr\u00f3nica desde el primer d\u00eda y que incluso nos demanda m\u00e1s servicios digitales. Pero, por otro lado, tenemos a usuarios que por edad o porque a\u00fan no tienen experiencia en el uso de los servicios digitales, servicios de cualquier tipo, les cuesta m\u00e1s acercarse a la administraci\u00f3n electr\u00f3nica. Pero ah\u00ed estamos intentando pon\u00e9rselo m\u00e1s f\u00e1cil con nuevas funcionalidades como es el sistema Cl@ve con el que prescindimos del certificado digital y gracias a una contrase\u00f1a pueden identificarse o firma una solicitud; o con los cursos presenciales, a trav\u00e9s de nuestro centro de apoyo tecnol\u00f3gico BILIB, en peque\u00f1as localidades a lo ancho y largo de toda la regi\u00f3n. Estos cursos de los que hablamos se han incrementado en m\u00e1s del 80 por ciento respecto a la legislatura anterior.<\/p>\n<p>[\/vc_column_text][\/vc_column_inner][\/vc_row_inner]<div class=\"gap\" style=\"line-height: 10px; height: 10px;\"><\/div>[\/vc_column][\/vc_row][vc_row][vc_column]<div class=\"gap\" style=\"line-height: 30px; height: 30px;\"><\/div>[vc_column_text]<\/p>\n<blockquote>\n<p style=\"text-align: justify;\"><strong>\u00bfQu\u00e9 diferencias encuentra entre la adaptaci\u00f3n e integraci\u00f3n digital de la poblaci\u00f3n urbana y la rural? <\/strong><\/p>\n<\/blockquote>\n<p>[\/vc_column_text]<div class=\"gap\" style=\"line-height: 10px; height: 10px;\"><\/div>[vc_row_inner][vc_column_inner][vc_column_text]<style type=\"text\/css\" data-type=\"the7_shortcodes-inline-css\">.shortcode-single-image-wrap.shortcode-single-image-953e279fdc4e09d52bafa8d235b7935d.enable-bg-rollover .rollover i,\n.shortcode-single-image-wrap.shortcode-single-image-953e279fdc4e09d52bafa8d235b7935d.enable-bg-rollover .rollover-video i {\n  background: ;\n  background: -webkit-linear-gradient();\n  background: linear-gradient();\n}\n.shortcode-single-image-wrap.shortcode-single-image-953e279fdc4e09d52bafa8d235b7935d .rollover-icon {\n  font-size: 32px;\n  color: #ffffff;\n  min-width: 44px;\n  min-height: 44px;\n  line-height: 44px;\n  border-radius: 100px;\n  border-style: solid;\n  border-width: 0px;\n}\n.dt-icon-bg-on.shortcode-single-image-wrap.shortcode-single-image-953e279fdc4e09d52bafa8d235b7935d .rollover-icon {\n  background: rgba(255,255,255,0.3);\n  box-shadow: none;\n}\n<\/style><div class=\"shortcode-single-image-wrap shortcode-single-image-953e279fdc4e09d52bafa8d235b7935d alignleft fadeInLeft animate-element  enable-bg-rollover dt-icon-bg-off\" style=\"margin-top:10px; margin-bottom:0px; margin-left:0px; margin-right:10px; width:60px;\"><div class=\"shortcode-single-image\"><div class=\"fancy-media-wrap  layzr-bg\" style=\"\"><img decoding=\"async\" class=\"lazy-load\" src=\"data:image\/svg+xml;charset=utf-8,%3Csvg xmlns%3D&#039;http%3A%2F%2Fwww.w3.org%2F2000%2Fsvg&#039; viewBox%3D&#039;0 0 60 0&#039;%2F%3E\" width=\"60\" dt-data-location=\"https:\/\/caumas.org\/revista\/wp-content\/uploads\/2019\/01\/Entrevistada150.jpg\" data-srcset=\"https:\/\/caumas.org\/revista\/wp-content\/uploads\/2019\/01\/Entrevistada150.jpg 60w\" data-src=\"https:\/\/caumas.org\/revista\/wp-content\/uploads\/2019\/01\/Entrevistada150.jpg\" \/><\/div><\/div><\/div>\n<p style=\"text-align: justify;\">Yo creo que es cuesti\u00f3n de confianza. Tal y como explicaba antes, la experiencia es lo que hace que los ciudadanos lo integren antes en su vida cotidiana, porque las aplicaciones que son intuitivas lo son tanto para los usuarios de zonas urbanas como rurales. De la misma manera que las aplicaciones o servicios que no son f\u00e1ciles de usar son aparcadas tanto por los usuarios de las poblaciones urbanos como de las m\u00e1s rurales.<\/p>\n<p>[\/vc_column_text][\/vc_column_inner][\/vc_row_inner]<div class=\"gap\" style=\"line-height: 10px; height: 10px;\"><\/div>[\/vc_column][\/vc_row][vc_row][vc_column]<div class=\"gap\" style=\"line-height: 30px; height: 30px;\"><\/div>[vc_column_text]<\/p>\n<blockquote>\n<p style=\"text-align: justify;\"><strong>\u00bfY la diferencia de implicaci\u00f3n y resultados entre la poblaci\u00f3n joven y la que supera los 60 a\u00f1os? <\/strong><\/p>\n<\/blockquote>\n<p>[\/vc_column_text]<div class=\"gap\" style=\"line-height: 10px; height: 10px;\"><\/div>[vc_row_inner][vc_column_inner][vc_column_text]<style type=\"text\/css\" data-type=\"the7_shortcodes-inline-css\">.shortcode-single-image-wrap.shortcode-single-image-953e279fdc4e09d52bafa8d235b7935d.enable-bg-rollover .rollover i,\n.shortcode-single-image-wrap.shortcode-single-image-953e279fdc4e09d52bafa8d235b7935d.enable-bg-rollover .rollover-video i {\n  background: ;\n  background: -webkit-linear-gradient();\n  background: linear-gradient();\n}\n.shortcode-single-image-wrap.shortcode-single-image-953e279fdc4e09d52bafa8d235b7935d .rollover-icon {\n  font-size: 32px;\n  color: #ffffff;\n  min-width: 44px;\n  min-height: 44px;\n  line-height: 44px;\n  border-radius: 100px;\n  border-style: solid;\n  border-width: 0px;\n}\n.dt-icon-bg-on.shortcode-single-image-wrap.shortcode-single-image-953e279fdc4e09d52bafa8d235b7935d .rollover-icon {\n  background: rgba(255,255,255,0.3);\n  box-shadow: none;\n}\n<\/style><div class=\"shortcode-single-image-wrap shortcode-single-image-953e279fdc4e09d52bafa8d235b7935d alignleft fadeInLeft animate-element  enable-bg-rollover dt-icon-bg-off\" style=\"margin-top:10px; margin-bottom:0px; margin-left:0px; margin-right:10px; width:60px;\"><div class=\"shortcode-single-image\"><div class=\"fancy-media-wrap  layzr-bg\" style=\"\"><img decoding=\"async\" class=\"lazy-load\" src=\"data:image\/svg+xml;charset=utf-8,%3Csvg xmlns%3D&#039;http%3A%2F%2Fwww.w3.org%2F2000%2Fsvg&#039; viewBox%3D&#039;0 0 60 0&#039;%2F%3E\" width=\"60\" dt-data-location=\"https:\/\/caumas.org\/revista\/wp-content\/uploads\/2019\/01\/Entrevistada150.jpg\" data-srcset=\"https:\/\/caumas.org\/revista\/wp-content\/uploads\/2019\/01\/Entrevistada150.jpg 60w\" data-src=\"https:\/\/caumas.org\/revista\/wp-content\/uploads\/2019\/01\/Entrevistada150.jpg\" \/><\/div><\/div><\/div>\n<p style=\"text-align: justify;\">Con los m\u00e1s mayores hay que vencer dos barreras; la primera es que hay que convencerles de que esto no es cuesti\u00f3n de los j\u00f3venes y que tambi\u00e9n lo pueden usar ellos con facilidad. Y la segunda barrera es mostrarles la multitud de servicios digitales que le son de mucha ayuda en su d\u00eda a d\u00eda. Por eso, aunque la formaci\u00f3n online empieza a ser un canal importante de formaci\u00f3n seguimos apostando y creciendo en la formaci\u00f3n presencial, porque creemos que es la mejor manera de romper estas barreras de inicio. Una vez que las hemos vencido, los mayores, llevados por la mejor inversi\u00f3n de su tiempo de ocio y la curiosidad y las ganas de aprender, se convierten, posteriormente, en unos de los usuarios m\u00e1s habituales de ciertos servicios.<\/p>\n<p>[\/vc_column_text][\/vc_column_inner][\/vc_row_inner]<div class=\"gap\" style=\"line-height: 10px; height: 10px;\"><\/div>[\/vc_column][\/vc_row][vc_row][vc_column]<div class=\"gap\" style=\"line-height: 30px; height: 30px;\"><\/div>[vc_column_text]<\/p>\n<blockquote>\n<p style=\"text-align: justify;\"><strong>\u00bfQu\u00e9 planes tiene su Consejer\u00eda para una mayor participaci\u00f3n de la sociedad en la utilizaci\u00f3n de las TICs? <\/strong><\/p>\n<\/blockquote>\n<p>[\/vc_column_text]<div class=\"gap\" style=\"line-height: 10px; height: 10px;\"><\/div>[vc_row_inner][vc_column_inner][vc_column_text]<style type=\"text\/css\" data-type=\"the7_shortcodes-inline-css\">.shortcode-single-image-wrap.shortcode-single-image-953e279fdc4e09d52bafa8d235b7935d.enable-bg-rollover .rollover i,\n.shortcode-single-image-wrap.shortcode-single-image-953e279fdc4e09d52bafa8d235b7935d.enable-bg-rollover .rollover-video i {\n  background: ;\n  background: -webkit-linear-gradient();\n  background: linear-gradient();\n}\n.shortcode-single-image-wrap.shortcode-single-image-953e279fdc4e09d52bafa8d235b7935d .rollover-icon {\n  font-size: 32px;\n  color: #ffffff;\n  min-width: 44px;\n  min-height: 44px;\n  line-height: 44px;\n  border-radius: 100px;\n  border-style: solid;\n  border-width: 0px;\n}\n.dt-icon-bg-on.shortcode-single-image-wrap.shortcode-single-image-953e279fdc4e09d52bafa8d235b7935d .rollover-icon {\n  background: rgba(255,255,255,0.3);\n  box-shadow: none;\n}\n<\/style><div class=\"shortcode-single-image-wrap shortcode-single-image-953e279fdc4e09d52bafa8d235b7935d alignleft fadeInLeft animate-element  enable-bg-rollover dt-icon-bg-off\" style=\"margin-top:10px; margin-bottom:0px; margin-left:0px; margin-right:10px; width:60px;\"><div class=\"shortcode-single-image\"><div class=\"fancy-media-wrap  layzr-bg\" style=\"\"><img decoding=\"async\" class=\"lazy-load\" src=\"data:image\/svg+xml;charset=utf-8,%3Csvg xmlns%3D&#039;http%3A%2F%2Fwww.w3.org%2F2000%2Fsvg&#039; viewBox%3D&#039;0 0 60 0&#039;%2F%3E\" width=\"60\" dt-data-location=\"https:\/\/caumas.org\/revista\/wp-content\/uploads\/2019\/01\/Entrevistada150.jpg\" data-srcset=\"https:\/\/caumas.org\/revista\/wp-content\/uploads\/2019\/01\/Entrevistada150.jpg 60w\" data-src=\"https:\/\/caumas.org\/revista\/wp-content\/uploads\/2019\/01\/Entrevistada150.jpg\" \/><\/div><\/div><\/div>\n<p style=\"text-align: justify;\">Evidentemente, la primera est\u00e1 siendo dotar a todas las localidades de la regi\u00f3n de las infraestructuras necesarias para que dispongan de una conexi\u00f3n a Internet de calidad, porque sin ella es imposible su uso. Una vez que ya estamos llegando con estas infraestructuras a m\u00e1s del 99 por ciento de los ciudadanos, desde la Consejer\u00eda de Fomento estamos trabajando en tres l\u00edneas, principalmente, una es poner todos los servicios de la Junta de Comunidades de Castilla-La Mancha a disposici\u00f3n de los vecinos a trav\u00e9s de Internet mediante la administraci\u00f3n electr\u00f3nica. Eso s\u00ed, buscando de forma continua mejoras en su uso, para que sea f\u00e1cil e intuitiva, de la misma manera que lo son los servicios de esas grandes compa\u00f1\u00edas que todos tenemos en la cabeza.<\/p>\n<p style=\"text-align: justify;\">Por otro lado, tambi\u00e9n estamos centrados tanto en la divulgaci\u00f3n de los principales servicios que ofrecen las nuevas tecnolog\u00edas como en la formaci\u00f3n para que las personas menos digitalizadas adquieran las capacidades m\u00ednimas para empezar a manejarse en el mundo digital.<\/p>\n<p style=\"text-align: justify;\">Por \u00faltimo, la creaci\u00f3n de la red de Punto de Inclusi\u00f3n Digital que aspiramos a que se convierta en uno de los puntos de referencia para el acceso a la administraci\u00f3n digital, a la formaci\u00f3n en habilidades digitales y a los servicios digitales, en general, que se ofrecen a trav\u00e9s de Internet. Todo de forma gratuita para cualquier vecino en cualquier localidad de nuestra regi\u00f3n.<\/p>\n<p>[\/vc_column_text][\/vc_column_inner][\/vc_row_inner]<div class=\"gap\" style=\"line-height: 10px; height: 10px;\"><\/div>[\/vc_column][\/vc_row][vc_row][vc_column]<div class=\"gap\" style=\"line-height: 30px; height: 30px;\"><\/div>[vc_column_text]<\/p>\n<blockquote>\n<p style=\"text-align: justify;\"><strong>Desde Caumas ofrecemos informaci\u00f3n y formaci\u00f3n a trav\u00e9s de nuestra plataforma digital que, a gracias al convenio de colaboraci\u00f3n firmado con su Consejer\u00eda, ponemos a su disposici\u00f3n; dentro de las tem\u00e1ticas que ofrecemos \u00bfCu\u00e1l le parece m\u00e1s innovadora? <\/strong><\/p>\n<\/blockquote>\n<p>[\/vc_column_text]<div class=\"gap\" style=\"line-height: 10px; height: 10px;\"><\/div>[vc_row_inner][vc_column_inner][vc_column_text]<style type=\"text\/css\" data-type=\"the7_shortcodes-inline-css\">.shortcode-single-image-wrap.shortcode-single-image-953e279fdc4e09d52bafa8d235b7935d.enable-bg-rollover .rollover i,\n.shortcode-single-image-wrap.shortcode-single-image-953e279fdc4e09d52bafa8d235b7935d.enable-bg-rollover .rollover-video i {\n  background: ;\n  background: -webkit-linear-gradient();\n  background: linear-gradient();\n}\n.shortcode-single-image-wrap.shortcode-single-image-953e279fdc4e09d52bafa8d235b7935d .rollover-icon {\n  font-size: 32px;\n  color: #ffffff;\n  min-width: 44px;\n  min-height: 44px;\n  line-height: 44px;\n  border-radius: 100px;\n  border-style: solid;\n  border-width: 0px;\n}\n.dt-icon-bg-on.shortcode-single-image-wrap.shortcode-single-image-953e279fdc4e09d52bafa8d235b7935d .rollover-icon {\n  background: rgba(255,255,255,0.3);\n  box-shadow: none;\n}\n<\/style><div class=\"shortcode-single-image-wrap shortcode-single-image-953e279fdc4e09d52bafa8d235b7935d alignleft fadeInLeft animate-element  enable-bg-rollover dt-icon-bg-off\" style=\"margin-top:10px; margin-bottom:0px; margin-left:0px; margin-right:10px; width:60px;\"><div class=\"shortcode-single-image\"><div class=\"fancy-media-wrap  layzr-bg\" style=\"\"><img decoding=\"async\" class=\"lazy-load\" src=\"data:image\/svg+xml;charset=utf-8,%3Csvg xmlns%3D&#039;http%3A%2F%2Fwww.w3.org%2F2000%2Fsvg&#039; viewBox%3D&#039;0 0 60 0&#039;%2F%3E\" width=\"60\" dt-data-location=\"https:\/\/caumas.org\/revista\/wp-content\/uploads\/2019\/01\/Entrevistada150.jpg\" data-srcset=\"https:\/\/caumas.org\/revista\/wp-content\/uploads\/2019\/01\/Entrevistada150.jpg 60w\" data-src=\"https:\/\/caumas.org\/revista\/wp-content\/uploads\/2019\/01\/Entrevistada150.jpg\" \/><\/div><\/div><\/div>\n<p style=\"text-align: justify;\">Me ha parecido muy interesante c\u00f3mo realiz\u00e1is las actividades en vivo, donde integr\u00e1is tanto la actividad en el centro, en directo, como los internautas que se quieran conectar dando la posibilidad de que cualquiera, est\u00e9 donde est\u00e9, pueda disfrutar del evento como si estuviera all\u00ed, sin necesidad de desplazarse. Pero lo que m\u00e1s me ha llamado la atenci\u00f3n es la actualidad de los temas que propon\u00e9is e incluso lo avanzado de algunos temas como, por ejemplo, explicar con ejemplos pr\u00e1cticos del d\u00eda a d\u00eda el Internet de las cosas.<\/p>\n<p>[\/vc_column_text][\/vc_column_inner][\/vc_row_inner]<div class=\"gap\" style=\"line-height: 10px; height: 10px;\"><\/div>[\/vc_column][\/vc_row][vc_row][vc_column]<div class=\"gap\" style=\"line-height: 30px; height: 30px;\"><\/div>[vc_column_text]<\/p>\n<blockquote>\n<p style=\"text-align: justify;\"><strong>Las mejoras de la sociedad deben ser fruto de la colaboraci\u00f3n de todos los agentes sociales, \u00bfcolaboran con la Universidad en la oferta de formaci\u00f3n a trav\u00e9s de las TICs? <\/strong><\/p>\n<\/blockquote>\n<p>[\/vc_column_text]<div class=\"gap\" style=\"line-height: 10px; height: 10px;\"><\/div>[vc_row_inner][vc_column_inner][vc_column_text]<style type=\"text\/css\" data-type=\"the7_shortcodes-inline-css\">.shortcode-single-image-wrap.shortcode-single-image-953e279fdc4e09d52bafa8d235b7935d.enable-bg-rollover .rollover i,\n.shortcode-single-image-wrap.shortcode-single-image-953e279fdc4e09d52bafa8d235b7935d.enable-bg-rollover .rollover-video i {\n  background: ;\n  background: -webkit-linear-gradient();\n  background: linear-gradient();\n}\n.shortcode-single-image-wrap.shortcode-single-image-953e279fdc4e09d52bafa8d235b7935d .rollover-icon {\n  font-size: 32px;\n  color: #ffffff;\n  min-width: 44px;\n  min-height: 44px;\n  line-height: 44px;\n  border-radius: 100px;\n  border-style: solid;\n  border-width: 0px;\n}\n.dt-icon-bg-on.shortcode-single-image-wrap.shortcode-single-image-953e279fdc4e09d52bafa8d235b7935d .rollover-icon {\n  background: rgba(255,255,255,0.3);\n  box-shadow: none;\n}\n<\/style><div class=\"shortcode-single-image-wrap shortcode-single-image-953e279fdc4e09d52bafa8d235b7935d alignleft fadeInLeft animate-element  enable-bg-rollover dt-icon-bg-off\" style=\"margin-top:10px; margin-bottom:0px; margin-left:0px; margin-right:10px; width:60px;\"><div class=\"shortcode-single-image\"><div class=\"fancy-media-wrap  layzr-bg\" style=\"\"><img decoding=\"async\" class=\"lazy-load\" src=\"data:image\/svg+xml;charset=utf-8,%3Csvg xmlns%3D&#039;http%3A%2F%2Fwww.w3.org%2F2000%2Fsvg&#039; viewBox%3D&#039;0 0 60 0&#039;%2F%3E\" width=\"60\" dt-data-location=\"https:\/\/caumas.org\/revista\/wp-content\/uploads\/2019\/01\/Entrevistada150.jpg\" data-srcset=\"https:\/\/caumas.org\/revista\/wp-content\/uploads\/2019\/01\/Entrevistada150.jpg 60w\" data-src=\"https:\/\/caumas.org\/revista\/wp-content\/uploads\/2019\/01\/Entrevistada150.jpg\" \/><\/div><\/div><\/div>\n<p style=\"text-align: justify;\">M\u00e1s que en la formaci\u00f3n a trav\u00e9s de las TICs, la colaboraci\u00f3n entre la Consejer\u00eda de Fomento y la Universidad de Castilla-La Mancha ahora mismo est\u00e1 centrada en el desarrollo de nuevas tecnolog\u00edas que podamos aplicar a la gesti\u00f3n de la administraci\u00f3n digital como puede ser la Inteligencia Artificial o un piloto de desarrollo de 5G en el entorno m\u00e1s rural donde podamos ser punteros en sistemas de teleasistencia. En la Universidad de Castilla-La Mancha tenemos dos Escuelas de Inform\u00e1tica, en Ciudad Real y Albacete, y una Escuela Polit\u00e9cnica con Telecomunicaciones en Cuenca con un gran reconocimiento en el sector, por lo que tenemos que intentar retener ese talento en nuestra regi\u00f3n con proyectos de investigaci\u00f3n conjuntos.<\/p>\n<p>[\/vc_column_text][\/vc_column_inner][\/vc_row_inner]<div class=\"gap\" style=\"line-height: 10px; height: 10px;\"><\/div>[\/vc_column][\/vc_row][vc_row][vc_column][vc_single_image image=&#8221;4382&#8243; img_size=&#8221;full&#8221; alignment=&#8221;center&#8221; css_animation=&#8221;fadeInDown&#8221; image_hovers=&#8221;false&#8221;][\/vc_column][\/vc_row][vc_row][vc_column]<div class=\"gap\" style=\"line-height: 30px; height: 30px;\"><\/div>[vc_column_text]<\/p>\n<blockquote>\n<p style=\"text-align: justify;\"><strong>\u00bfCu\u00e1l es el proyecto que le gustar\u00eda llevar a cabo en su etapa como consejera de Fomento? <\/strong><\/p>\n<\/blockquote>\n<p>[\/vc_column_text]<div class=\"gap\" style=\"line-height: 10px; height: 10px;\"><\/div>[vc_row_inner][vc_column_inner][vc_column_text]<style type=\"text\/css\" data-type=\"the7_shortcodes-inline-css\">.shortcode-single-image-wrap.shortcode-single-image-953e279fdc4e09d52bafa8d235b7935d.enable-bg-rollover .rollover i,\n.shortcode-single-image-wrap.shortcode-single-image-953e279fdc4e09d52bafa8d235b7935d.enable-bg-rollover .rollover-video i {\n  background: ;\n  background: -webkit-linear-gradient();\n  background: linear-gradient();\n}\n.shortcode-single-image-wrap.shortcode-single-image-953e279fdc4e09d52bafa8d235b7935d .rollover-icon {\n  font-size: 32px;\n  color: #ffffff;\n  min-width: 44px;\n  min-height: 44px;\n  line-height: 44px;\n  border-radius: 100px;\n  border-style: solid;\n  border-width: 0px;\n}\n.dt-icon-bg-on.shortcode-single-image-wrap.shortcode-single-image-953e279fdc4e09d52bafa8d235b7935d .rollover-icon {\n  background: rgba(255,255,255,0.3);\n  box-shadow: none;\n}\n<\/style><div class=\"shortcode-single-image-wrap shortcode-single-image-953e279fdc4e09d52bafa8d235b7935d alignleft fadeInLeft animate-element  enable-bg-rollover dt-icon-bg-off\" style=\"margin-top:10px; margin-bottom:0px; margin-left:0px; margin-right:10px; width:60px;\"><div class=\"shortcode-single-image\"><div class=\"fancy-media-wrap  layzr-bg\" style=\"\"><img decoding=\"async\" class=\"lazy-load\" src=\"data:image\/svg+xml;charset=utf-8,%3Csvg xmlns%3D&#039;http%3A%2F%2Fwww.w3.org%2F2000%2Fsvg&#039; viewBox%3D&#039;0 0 60 0&#039;%2F%3E\" width=\"60\" dt-data-location=\"https:\/\/caumas.org\/revista\/wp-content\/uploads\/2019\/01\/Entrevistada150.jpg\" data-srcset=\"https:\/\/caumas.org\/revista\/wp-content\/uploads\/2019\/01\/Entrevistada150.jpg 60w\" data-src=\"https:\/\/caumas.org\/revista\/wp-content\/uploads\/2019\/01\/Entrevistada150.jpg\" \/><\/div><\/div><\/div>\n<p style=\"text-align: justify;\">Conseguir dotar de cobertura e Internet de calidad al 100 por 100 de las localidades y zonas empresariales de nuestra regi\u00f3n si me preguntas por proyectos tecnol\u00f3gicos; los primeros para que todas las personas est\u00e9n conectadas a los bienes y servicios que ofrece la sociedad y los segundos para que tambi\u00e9n puedan estar conectados a un solo click al escaparate mundial, y para que sean competitivos y competentes para crear efecto llamada a otras empresas y favorecer la creaci\u00f3n de empleo.<\/p>\n<p>[\/vc_column_text][\/vc_column_inner][\/vc_row_inner]<div class=\"gap\" style=\"line-height: 10px; height: 10px;\"><\/div>[\/vc_column][\/vc_row][vc_row][vc_column]<div class=\"gap\" style=\"line-height: 30px; height: 30px;\"><\/div>[vc_column_text]<\/p>\n<blockquote>\n<p style=\"text-align: justify;\"><strong>\u00bfCu\u00e1l ha sido hasta el momento -pues es usted muy joven todav\u00eda y tendr\u00e1 muchas m\u00e1s oportunidades- su mayor satisfacci\u00f3n como consejera? <\/strong><\/p>\n<\/blockquote>\n<p>[\/vc_column_text]<div class=\"gap\" style=\"line-height: 10px; height: 10px;\"><\/div>[vc_row_inner][vc_column_inner][vc_column_text]<style type=\"text\/css\" data-type=\"the7_shortcodes-inline-css\">.shortcode-single-image-wrap.shortcode-single-image-953e279fdc4e09d52bafa8d235b7935d.enable-bg-rollover .rollover i,\n.shortcode-single-image-wrap.shortcode-single-image-953e279fdc4e09d52bafa8d235b7935d.enable-bg-rollover .rollover-video i {\n  background: ;\n  background: -webkit-linear-gradient();\n  background: linear-gradient();\n}\n.shortcode-single-image-wrap.shortcode-single-image-953e279fdc4e09d52bafa8d235b7935d .rollover-icon {\n  font-size: 32px;\n  color: #ffffff;\n  min-width: 44px;\n  min-height: 44px;\n  line-height: 44px;\n  border-radius: 100px;\n  border-style: solid;\n  border-width: 0px;\n}\n.dt-icon-bg-on.shortcode-single-image-wrap.shortcode-single-image-953e279fdc4e09d52bafa8d235b7935d .rollover-icon {\n  background: rgba(255,255,255,0.3);\n  box-shadow: none;\n}\n<\/style><div class=\"shortcode-single-image-wrap shortcode-single-image-953e279fdc4e09d52bafa8d235b7935d alignleft fadeInLeft animate-element  enable-bg-rollover dt-icon-bg-off\" style=\"margin-top:10px; margin-bottom:0px; margin-left:0px; margin-right:10px; width:60px;\"><div class=\"shortcode-single-image\"><div class=\"fancy-media-wrap  layzr-bg\" style=\"\"><img decoding=\"async\" class=\"lazy-load\" src=\"data:image\/svg+xml;charset=utf-8,%3Csvg xmlns%3D&#039;http%3A%2F%2Fwww.w3.org%2F2000%2Fsvg&#039; viewBox%3D&#039;0 0 60 0&#039;%2F%3E\" width=\"60\" dt-data-location=\"https:\/\/caumas.org\/revista\/wp-content\/uploads\/2019\/01\/Entrevistada150.jpg\" data-srcset=\"https:\/\/caumas.org\/revista\/wp-content\/uploads\/2019\/01\/Entrevistada150.jpg 60w\" data-src=\"https:\/\/caumas.org\/revista\/wp-content\/uploads\/2019\/01\/Entrevistada150.jpg\" \/><\/div><\/div><\/div>\n<p style=\"text-align: justify;\">Durante el tiempo que llevo al frente de la Consejer\u00eda de Fomento la satisfacci\u00f3n la siento cada vez que visito una localidad y compruebo que con la instalaci\u00f3n de una antena de 4G, con un nuevo sistema de depuraci\u00f3n o de potabilizaci\u00f3n para el agua o con el acondicionamiento de una carretera o traves\u00eda hemos mejorado la calidad de vida o mejorado las circunstancias de las personas; y as\u00ed me lo transmiten y as\u00ed me lo hacen sentir. Este optimismo, esperanza y agradecimiento solo es el motor que nos impulsa a seguir trabajando, a seguir tomando las decisiones desde el despacho, siempre de la mano del presidente Emiliano Garc\u00eda-Page, en esta misma direcci\u00f3n; pero tambi\u00e9n a pie de calle, pateando cada rinc\u00f3n de esta inmensa regi\u00f3n para conocer de primera mano las necesidades y aplicar la soluci\u00f3n m\u00e1s indicada para el mejor devenir de esas personas y comprobar que esas decisiones que se toman con una firma son evidentes y palpables.<\/p>\n<p>[\/vc_column_text][\/vc_column_inner][\/vc_row_inner]<div class=\"gap\" style=\"line-height: 10px; height: 10px;\"><\/div>[\/vc_column][\/vc_row][vc_row][vc_column]<div class=\"gap\" style=\"line-height: 30px; height: 30px;\"><\/div>[vc_column_text]<\/p>\n<blockquote>\n<p style=\"text-align: justify;\"><strong>Muchas gracias y para finalizar, por favor, responda a la pregunta que se nos ha quedado en el teclado y le gustar\u00eda que le hubi\u00e9semos formulado<\/strong><\/p>\n<\/blockquote>\n<p>[\/vc_column_text]<div class=\"gap\" style=\"line-height: 10px; height: 10px;\"><\/div>[vc_row_inner][vc_column_inner][vc_column_text]<style type=\"text\/css\" data-type=\"the7_shortcodes-inline-css\">.shortcode-single-image-wrap.shortcode-single-image-953e279fdc4e09d52bafa8d235b7935d.enable-bg-rollover .rollover i,\n.shortcode-single-image-wrap.shortcode-single-image-953e279fdc4e09d52bafa8d235b7935d.enable-bg-rollover .rollover-video i {\n  background: ;\n  background: -webkit-linear-gradient();\n  background: linear-gradient();\n}\n.shortcode-single-image-wrap.shortcode-single-image-953e279fdc4e09d52bafa8d235b7935d .rollover-icon {\n  font-size: 32px;\n  color: #ffffff;\n  min-width: 44px;\n  min-height: 44px;\n  line-height: 44px;\n  border-radius: 100px;\n  border-style: solid;\n  border-width: 0px;\n}\n.dt-icon-bg-on.shortcode-single-image-wrap.shortcode-single-image-953e279fdc4e09d52bafa8d235b7935d .rollover-icon {\n  background: rgba(255,255,255,0.3);\n  box-shadow: none;\n}\n<\/style><div class=\"shortcode-single-image-wrap shortcode-single-image-953e279fdc4e09d52bafa8d235b7935d alignleft fadeInLeft animate-element  enable-bg-rollover dt-icon-bg-off\" style=\"margin-top:10px; margin-bottom:0px; margin-left:0px; margin-right:10px; width:60px;\"><div class=\"shortcode-single-image\"><div class=\"fancy-media-wrap  layzr-bg\" style=\"\"><img decoding=\"async\" class=\"lazy-load\" src=\"data:image\/svg+xml;charset=utf-8,%3Csvg xmlns%3D&#039;http%3A%2F%2Fwww.w3.org%2F2000%2Fsvg&#039; viewBox%3D&#039;0 0 60 0&#039;%2F%3E\" width=\"60\" dt-data-location=\"https:\/\/caumas.org\/revista\/wp-content\/uploads\/2019\/01\/Entrevistada150.jpg\" data-srcset=\"https:\/\/caumas.org\/revista\/wp-content\/uploads\/2019\/01\/Entrevistada150.jpg 60w\" data-src=\"https:\/\/caumas.org\/revista\/wp-content\/uploads\/2019\/01\/Entrevistada150.jpg\" \/><\/div><\/div><\/div>\n<p style=\"text-align: justify;\">Yo estoy acostumbrada a ser la que responde y la que trata de trasladar a la ciudadan\u00eda la gesti\u00f3n de este Gobierno regional a trav\u00e9s de los medios de comunicaci\u00f3n, el trabajo de preguntar os le dejo a vosotros (risas). Solo puedo agradeceros el que me hay\u00e1is abierto vuestro medio para hablaros de Telecomunicaciones y Nuevas Tecnolog\u00edas, una de esas cinco patas sobre las que se soporta la Consejer\u00eda de Fomento. En resumen, solo puedo a\u00f1adir que seguiremos dej\u00e1ndonos la piel para seguir avanzando, dotando de las mejores comunicaciones a los ciudadanos y ciudadanas, persiguiendo los objetivos que ha mencionado anteriormente en esta entrevista: justicia, igualdad y asentamiento de la poblaci\u00f3n.<\/p>\n<p>[\/vc_column_text][\/vc_column_inner][\/vc_row_inner]<div class=\"gap\" style=\"line-height: 10px; height: 10px;\"><\/div>[\/vc_column][\/vc_row][vc_row][vc_column]<div class=\"gap\" style=\"line-height: 30px; height: 30px;\"><\/div>[vc_column_text]<\/p>\n<p style=\"text-align: justify;\"><strong>Entrevista realizada por:<br \/>\n<\/strong>Marina Troncoso<\/p>\n<p style=\"text-align: justify;\">Directora de la Revista Digital S\u00e9niors Universitarios<br \/>\nDiciembre de 2018<\/p>\n<p>[\/vc_column_text][\/vc_column][\/vc_row]<\/p>\n","protected":false},"excerpt":{"rendered":"<p>[vc_row][vc_column][vc_column_text] Entrevista a D\u00f1a. Agustina Garc\u00eda \u00c9lez [\/vc_column_text][vc_row_inner][vc_column_inner][\/vc_column_inner][\/vc_row_inner][\/vc_column][\/vc_row][vc_row][vc_column][vc_column_text] Muchas gracias por concedernos su atenci\u00f3n y aceptar responder a las preguntas de CAUMAS: (Confederaci\u00f3n Estatal de Asociaciones y Federaciones de Alumnos de los Programas Universitarios de Mayores). Una de las Funciones y Competencias de la Consejer\u00eda de Fomento que usted dirige es la \u201cSociedad de la&hellip;<\/p>\n","protected":false},"author":1,"featured_media":4378,"comment_status":"closed","ping_status":"closed","sticky":false,"template":"","format":"standard","meta":{"footnotes":""},"categories":[141,56],"tags":[],"class_list":["post-4372","post","type-post","status-publish","format-standard","has-post-thumbnail","hentry","category-25-entrevista-dic-2018","category-entrevista","category-141","category-56","description-off"],"_links":{"self":[{"href":"https:\/\/caumas.org\/revista\/wp-json\/wp\/v2\/posts\/4372","targetHints":{"allow":["GET"]}}],"collection":[{"href":"https:\/\/caumas.org\/revista\/wp-json\/wp\/v2\/posts"}],"about":[{"href":"https:\/\/caumas.org\/revista\/wp-json\/wp\/v2\/types\/post"}],"author":[{"embeddable":true,"href":"https:\/\/caumas.org\/revista\/wp-json\/wp\/v2\/users\/1"}],"replies":[{"embeddable":true,"href":"https:\/\/caumas.org\/revista\/wp-json\/wp\/v2\/comments?post=4372"}],"version-history":[{"count":5,"href":"https:\/\/caumas.org\/revista\/wp-json\/wp\/v2\/posts\/4372\/revisions"}],"predecessor-version":[{"id":4375,"href":"https:\/\/caumas.org\/revista\/wp-json\/wp\/v2\/posts\/4372\/revisions\/4375"}],"wp:featuredmedia":[{"embeddable":true,"href":"https:\/\/caumas.org\/revista\/wp-json\/wp\/v2\/media\/4378"}],"wp:attachment":[{"href":"https:\/\/caumas.org\/revista\/wp-json\/wp\/v2\/media?parent=4372"}],"wp:term":[{"taxonomy":"category","embeddable":true,"href":"https:\/\/caumas.org\/revista\/wp-json\/wp\/v2\/categories?post=4372"},{"taxonomy":"post_tag","embeddable":true,"href":"https:\/\/caumas.org\/revista\/wp-json\/wp\/v2\/tags?post=4372"}],"curies":[{"name":"wp","href":"https:\/\/api.w.org\/{rel}","templated":true}]}}