{"id":4406,"date":"2019-01-10T18:58:39","date_gmt":"2019-01-10T18:58:39","guid":{"rendered":"http:\/\/caumas.org\/revista\/?p=4406"},"modified":"2019-01-10T18:58:39","modified_gmt":"2019-01-10T18:58:39","slug":"participacion-de-caumas-en-el-congreso-internacional-de-sociologia-de-valdepenas","status":"publish","type":"post","link":"https:\/\/caumas.org\/revista\/participacion-de-caumas-en-el-congreso-internacional-de-sociologia-de-valdepenas\/","title":{"rendered":"Participaci\u00f3n de CAUMAS en el Congreso Internacional de Sociolog\u00eda de Valdepe\u00f1as"},"content":{"rendered":"<p>[vc_row full_width_row=&#8221;true&#8221;][vc_column][vc_single_image image=&#8221;4407&#8243; img_size=&#8221;full&#8221; alignment=&#8221;center&#8221; css_animation=&#8221;fadeInDown&#8221; css=&#8221;.vc_custom_1547146540760{margin-bottom: 0px !important;border-bottom-width: 0px !important;padding-bottom: 0px !important;}&#8221;][vc_empty_space height=&#8221;16px&#8221;][vc_row_inner][vc_column_inner][vc_column_text]<\/p>\n<p style=\"text-align: justify;\">Con el t\u00edtulo de <em><strong>\u201cInseguridades y Desigualdades en Sociedades Complejas\u201d<\/strong><\/em>, se celebr\u00f3, los d\u00edas 9, 10 y 11 de noviembre, el XXIII Congreso Internacional de Sociolog\u00eda en Castilla la Mancha, auspiciado por la Asociaci\u00f3n Castellano-Manchega de Sociolog\u00eda, ACMS.<\/p>\n<p style=\"text-align: justify;\">Como novedad, este a\u00f1o se dedic\u00f3 una de las numerosas mesas de debate, la n\u00famero 6, al tema de <em><strong>\u201cMayores y envejecimiento. Nuevas alternativas sociales\u201d<\/strong><\/em> en donde se intercambiaron diversas opiniones y proyectos a nivel sociol\u00f3gico, con intervenciones de expertos nacionales e internacionales.<\/p>\n<p style=\"text-align: justify;\">A la invitaci\u00f3n de participar en esta mesa de debate, la Junta Directiva de CAUMAS acept\u00f3 encantada por ser un buen marco en donde exponer la problem\u00e1tica del envejecimiento en la actualidad, de la etapa de la vejez y la reivindicaci\u00f3n del derecho a la formaci\u00f3n continua a lo largo de la vida, adem\u00e1s, de no perder la oportunidad de poder dar a conocer en un foro internacional la <em>\u201cNueva Asignatura para el siglo XXI\u201d<\/em> en la que se basa el<em> \u201cLibro Blanco\u201d<\/em> de CAUMAS, editado este mismo a\u00f1o y con la autor\u00eda del profesor D. Enrique Poz\u00f3n Lobato.<\/p>\n<p style=\"text-align: justify;\">La ponencia de CAUMAS fue expuesta por nuestra vicepresidenta primera, D\u00f1a. Elisa Nuez Pati\u00f1o, atendiendo, posteriormente, en un peque\u00f1o coloquio, a todas las preguntas que tan amablemente hizo el p\u00fablico presente, una vez concluida su participaci\u00f3n.<\/p>\n<p style=\"text-align: justify;\">Adem\u00e1s de la exposici\u00f3n de la mencionada ponencia, la estancia se aprovech\u00f3 para contactar con otros participantes, en busca de futuras colaboraciones y, al mismo tiempo, aprender de otras mesas los diversos temas que en ellas se expon\u00edan: Pobreza y desigualdad, inmigraci\u00f3n y cambios sociales, desigualdad y violencia en la mujer, pol\u00edtica, relaciones internacionales en el mundo actual, la educaci\u00f3n ciudadana, innovaci\u00f3n docente y un largo etc. Grandes temas sociol\u00f3gicos en los que no pod\u00edan faltar los mayores del siglo XXI y su problem\u00e1tica.<\/p>\n<p style=\"text-align: justify;\">Deseamos resaltar el trato, tan especial, a la representante de CAUMAS, recibido de los representantes de la organizaci\u00f3n del Congreso, estando rodeada en todo momento por un ambiente muy amistoso, intelectual y con grandes y valientes criterios expuestos por profesores y profesoras de las universidades de Marruecos, Italia, Alemania, M\u00e9xico, El Salvador, Colombia, Portugal, Argentina, Espa\u00f1a, etc.<\/p>\n<p style=\"text-align: justify;\">Esta ha sido una gran experiencia para CAUMAS, y nos sentimos animados a volver el pr\u00f3ximo a\u00f1o y a seguir colaborando y utilizando este Congreso Internacional de Sociolog\u00eda de Valdepe\u00f1as como un gran escaparate que nos permita mostrar las reivindicaciones de nuestro colectivo, siendo este, los usuarios de los Programas Universitarios de Mayores en Espa\u00f1a.<\/p>\n<p style=\"text-align: justify;\"><a class=\"dt-single-image\" href=\"https:\/\/caumas.org\/revista\/wp-content\/uploads\/2019\/01\/Congreso-LARES.jpg\" data-dt-img-description=\"\"><img fetchpriority=\"high\" decoding=\"async\" class=\"wp-image-4408 aligncenter\" src=\"https:\/\/caumas.org\/revista\/wp-content\/uploads\/2019\/01\/Congreso-LARES-1024x768.jpg\" alt=\"\" width=\"735\" height=\"551\" srcset=\"https:\/\/caumas.org\/revista\/wp-content\/uploads\/2019\/01\/Congreso-LARES-1024x768.jpg 1024w, https:\/\/caumas.org\/revista\/wp-content\/uploads\/2019\/01\/Congreso-LARES-300x225.jpg 300w, https:\/\/caumas.org\/revista\/wp-content\/uploads\/2019\/01\/Congreso-LARES-768x576.jpg 768w, https:\/\/caumas.org\/revista\/wp-content\/uploads\/2019\/01\/Congreso-LARES.jpg 1080w\" sizes=\"(max-width: 735px) 100vw, 735px\" \/><\/a><\/p>\n<p style=\"text-align: justify;\">Desde estas l\u00edneas felicitamos a la organizaci\u00f3n, tanto al Comit\u00e9 Cient\u00edfico y Acad\u00e9mico, como al personal de apoyo que tan bien supieron cumplir con su trabajo.<\/p>\n<p style=\"text-align: right;\"><strong>Elisa Nuez Pati\u00f1o, Vicepresidenta 1\u00aa de CAUMAS<\/strong><\/p>\n<p>[\/vc_column_text][\/vc_column_inner][\/vc_row_inner][\/vc_column][\/vc_row]<\/p>\n","protected":false},"excerpt":{"rendered":"<p>[vc_row full_width_row=&#8221;true&#8221;][vc_column][vc_single_image image=&#8221;4407&#8243; img_size=&#8221;full&#8221; alignment=&#8221;center&#8221; css_animation=&#8221;fadeInDown&#8221; css=&#8221;.vc_custom_1547146540760{margin-bottom: 0px !important;border-bottom-width: 0px !important;padding-bottom: 0px !important;}&#8221;][vc_empty_space height=&#8221;16px&#8221;][vc_row_inner][vc_column_inner][vc_column_text] Con el t\u00edtulo de \u201cInseguridades y Desigualdades en Sociedades Complejas\u201d, se celebr\u00f3, los d\u00edas 9, 10 y 11 de noviembre, el XXIII Congreso Internacional de Sociolog\u00eda en Castilla la Mancha, auspiciado por la Asociaci\u00f3n Castellano-Manchega de Sociolog\u00eda, ACMS. Como novedad, este&hellip;<\/p>\n","protected":false},"author":1,"featured_media":4409,"comment_status":"closed","ping_status":"closed","sticky":false,"template":"","format":"standard","meta":{"footnotes":""},"categories":[142,59],"tags":[],"class_list":["post-4406","post","type-post","status-publish","format-standard","has-post-thumbnail","hentry","category-25-noticias-dic-2018","category-noticias","category-142","category-59","description-off"],"_links":{"self":[{"href":"https:\/\/caumas.org\/revista\/wp-json\/wp\/v2\/posts\/4406","targetHints":{"allow":["GET"]}}],"collection":[{"href":"https:\/\/caumas.org\/revista\/wp-json\/wp\/v2\/posts"}],"about":[{"href":"https:\/\/caumas.org\/revista\/wp-json\/wp\/v2\/types\/post"}],"author":[{"embeddable":true,"href":"https:\/\/caumas.org\/revista\/wp-json\/wp\/v2\/users\/1"}],"replies":[{"embeddable":true,"href":"https:\/\/caumas.org\/revista\/wp-json\/wp\/v2\/comments?post=4406"}],"version-history":[{"count":1,"href":"https:\/\/caumas.org\/revista\/wp-json\/wp\/v2\/posts\/4406\/revisions"}],"predecessor-version":[{"id":4410,"href":"https:\/\/caumas.org\/revista\/wp-json\/wp\/v2\/posts\/4406\/revisions\/4410"}],"wp:featuredmedia":[{"embeddable":true,"href":"https:\/\/caumas.org\/revista\/wp-json\/wp\/v2\/media\/4409"}],"wp:attachment":[{"href":"https:\/\/caumas.org\/revista\/wp-json\/wp\/v2\/media?parent=4406"}],"wp:term":[{"taxonomy":"category","embeddable":true,"href":"https:\/\/caumas.org\/revista\/wp-json\/wp\/v2\/categories?post=4406"},{"taxonomy":"post_tag","embeddable":true,"href":"https:\/\/caumas.org\/revista\/wp-json\/wp\/v2\/tags?post=4406"}],"curies":[{"name":"wp","href":"https:\/\/api.w.org\/{rel}","templated":true}]}}