{"id":4662,"date":"2019-06-15T07:23:58","date_gmt":"2019-06-15T07:23:58","guid":{"rendered":"http:\/\/caumas.org\/revista\/?p=4662"},"modified":"2019-06-15T07:27:56","modified_gmt":"2019-06-15T07:27:56","slug":"entrevista-a-d-manuel-martinez-domene","status":"publish","type":"post","link":"https:\/\/caumas.org\/revista\/entrevista-a-d-manuel-martinez-domene\/","title":{"rendered":"Entrevista a D. Manuel Mart\u00ednez Domene"},"content":{"rendered":"<p>[vc_row][vc_column][vc_column_text]<\/p>\n<h2>Entrevista a D. Manuel Mart\u00ednez Domene<\/h2>\n<p>[\/vc_column_text]<div class=\"hr-thin style-line\" style=\"width: 100%;border-top-width: 1px;\"><\/div><div class=\"gap\" style=\"line-height: 10px; height: 10px;\"><\/div>[vc_row_inner][vc_column_inner]<section class=\"shortcode-action-box table shortcode-action-bg plain-bg\"><div class=\"\"><p style=\"text-align: justify;\"><style type=\"text\/css\" data-type=\"the7_shortcodes-inline-css\">.shortcode-single-image-wrap.shortcode-single-image-34df46f240d28db54d5deaf9b92c6f46.enable-bg-rollover .rollover i,\n.shortcode-single-image-wrap.shortcode-single-image-34df46f240d28db54d5deaf9b92c6f46.enable-bg-rollover .rollover-video i {\n  background: ;\n  background: -webkit-linear-gradient();\n  background: linear-gradient();\n}\n.shortcode-single-image-wrap.shortcode-single-image-34df46f240d28db54d5deaf9b92c6f46 .rollover-icon {\n  font-size: 32px;\n  color: #ffffff;\n  min-width: 44px;\n  min-height: 44px;\n  line-height: 44px;\n  border-radius: 100px;\n  border-style: solid;\n  border-width: 0px;\n}\n.dt-icon-bg-on.shortcode-single-image-wrap.shortcode-single-image-34df46f240d28db54d5deaf9b92c6f46 .rollover-icon {\n  background: rgba(255,255,255,0.3);\n  box-shadow: none;\n}\n<\/style><div class=\"shortcode-single-image-wrap shortcode-single-image-34df46f240d28db54d5deaf9b92c6f46 alignleft fadeInLeft animate-element  enable-bg-rollover dt-icon-bg-off\" style=\"margin-top:10px; margin-bottom:0px; margin-left:0px; margin-right:10px; width:150px;\"><div class=\"shortcode-single-image\"><div class=\"fancy-media-wrap  layzr-bg\" style=\"\"><img decoding=\"async\" class=\"lazy-load\" src=\"data:image\/svg+xml;charset=utf-8,%3Csvg xmlns%3D&#039;http%3A%2F%2Fwww.w3.org%2F2000%2Fsvg&#039; viewBox%3D&#039;0 0 150 0&#039;%2F%3E\" width=\"150\" dt-data-location=\"https:\/\/caumas.org\/revista\/wp-content\/uploads\/2019\/06\/ENTREVISTA-A-Manuel-Mart\u00ednez-Domene.jpg\" data-srcset=\"https:\/\/caumas.org\/revista\/wp-content\/uploads\/2019\/06\/ENTREVISTA-A-Manuel-Mart\u00ednez-Domene.jpg 150w\" data-src=\"https:\/\/caumas.org\/revista\/wp-content\/uploads\/2019\/06\/ENTREVISTA-A-Manuel-Mart\u00ednez-Domene.jpg\" \/><\/div><\/div><\/div>\n<p style=\"text-align: justify;\">Entrevista a <strong>D. Manuel Mart\u00ednez Domene<\/strong> (Ser\u00f3n, Almer\u00eda, 1961), nombrado Director General del Instituto de Mayores y Servicios Sociales (Imserso) el 18 de enero de 2019.<br \/>\nDiplomado en Trabajo Social por la Universidad de Granada, D. Manuel Mart\u00ednez Domene, tiene un m\u00e1ster en Gerencia de Servicios Sociales por la Universidad Complutense de Madrid y es experto en Direcci\u00f3n y Gesti\u00f3n de Centros de Servicios Sociales por la Universidad de M\u00e1laga. Fue viceconsejero de la Consejer\u00eda de Igualdad y Pol\u00edticas Sociales de la Junta de Andaluc\u00eda.<\/p>\n<\/div><\/section>[\/vc_column_inner][\/vc_row_inner][\/vc_column][\/vc_row][vc_row][vc_column]<div class=\"gap\" style=\"line-height: 10px; height: 10px;\"><\/div>[vc_column_text]<\/p>\n<blockquote>\n<p style=\"text-align: justify;\">Muchas gracias por atender nuestra solicitud y responder a las preguntas sobre cuestiones de gran inter\u00e9s para los alumnos universitarios seniors, colectivo por el que est\u00e1 formado y al que representa CAUMAS. En el momento de hacer esta entrevista lleva usted cinco meses en el cargo, poco tiempo, aunque suficiente para hacer una valoraci\u00f3n, desde nuestra perspectiva, muy positiva de su gesti\u00f3n, y nos gustar\u00eda saber <strong>\u00bfCu\u00e1l ha sido su primera impresi\u00f3n sobre la Instituci\u00f3n al llegar al Imserso y asumir la Direcci\u00f3n General?\u00a0<\/strong><\/p>\n<\/blockquote>\n<p>[\/vc_column_text][vc_column_text]<\/p>\n<p style=\"text-align: justify;\"><style type=\"text\/css\" data-type=\"the7_shortcodes-inline-css\">.shortcode-single-image-wrap.shortcode-single-image-25b947009def7d429e47c814a98a765a.enable-bg-rollover .rollover i,\n.shortcode-single-image-wrap.shortcode-single-image-25b947009def7d429e47c814a98a765a.enable-bg-rollover .rollover-video i {\n  background: ;\n  background: -webkit-linear-gradient();\n  background: linear-gradient();\n}\n.shortcode-single-image-wrap.shortcode-single-image-25b947009def7d429e47c814a98a765a .rollover-icon {\n  font-size: 32px;\n  color: #ffffff;\n  min-width: 44px;\n  min-height: 44px;\n  line-height: 44px;\n  border-radius: 100px;\n  border-style: solid;\n  border-width: 0px;\n}\n.dt-icon-bg-on.shortcode-single-image-wrap.shortcode-single-image-25b947009def7d429e47c814a98a765a .rollover-icon {\n  background: rgba(255,255,255,0.3);\n  box-shadow: none;\n}\n<\/style><div class=\"shortcode-single-image-wrap shortcode-single-image-25b947009def7d429e47c814a98a765a alignleft fadeInLeft animate-element  enable-bg-rollover dt-icon-bg-off\" style=\"margin-top:10px; margin-bottom:0px; margin-left:0px; margin-right:10px; width:60px;\"><div class=\"shortcode-single-image\"><div class=\"fancy-media-wrap  layzr-bg\" style=\"\"><img decoding=\"async\" class=\"lazy-load\" src=\"data:image\/svg+xml;charset=utf-8,%3Csvg xmlns%3D&#039;http%3A%2F%2Fwww.w3.org%2F2000%2Fsvg&#039; viewBox%3D&#039;0 0 60 0&#039;%2F%3E\" width=\"60\" dt-data-location=\"https:\/\/caumas.org\/revista\/wp-content\/uploads\/2019\/06\/ENTREVISTA-A-Manuel-Mart\u00ednez-Domene.jpg\" data-srcset=\"https:\/\/caumas.org\/revista\/wp-content\/uploads\/2019\/06\/ENTREVISTA-A-Manuel-Mart\u00ednez-Domene.jpg 60w\" data-src=\"https:\/\/caumas.org\/revista\/wp-content\/uploads\/2019\/06\/ENTREVISTA-A-Manuel-Mart\u00ednez-Domene.jpg\" \/><\/div><\/div><\/div>\n<p style=\"text-align: justify;\">Felicitar, en primer lugar, a la CONFEDERACI\u00d3N ESTATAL DE ASOCIACIONES Y FEDERACIONES DE ALUMNOS Y EXALUMNOS DE LOS PROGRAMAS UNIVERSITARIOS DE MAYORES (CAUMAS) por el magn\u00edfico trabajo desarrollado estos a\u00f1os fruto de una visi\u00f3n adecuada sobre el papel de la formaci\u00f3n universitaria y las personas mayores en la sociedad.<\/p>\n<p style=\"text-align: justify;\">Indicar que asumir la Direcci\u00f3n General del Imserso ha sido una gran satisfacci\u00f3n personal y profesional. Como saben el Imserso \u2013 que ha cumplido 40 a\u00f1os de existencia el pasado mes de noviembre de 2018- es la Entidad Gestora de la Seguridad Social que dentro de la Secretar\u00eda de Estado de Servicios Sociales gestiona las competencias propias del Sistema para la Autonom\u00eda y Atenci\u00f3n a la Dependencia y las Pensiones No Contributivas (PNC) entre otros temas de relevancia.<\/p>\n<p style=\"text-align: justify;\">Generalmente se identifica al Imserso con los programas de turismo social y termalismo de las personas mayores. Ambos programas, sin duda, son importantes. Pero el Imserso, de siempre, es y ha sido tambi\u00e9n un organismo impulsor de la innovaci\u00f3n y la cohesi\u00f3n social.<\/p>\n<p style=\"text-align: justify;\">Ejemplo de estas actividades son los Centros de Referencia Estatal como, de m\u00faltiples finalidades, tales como la atenci\u00f3n a personas con Da\u00f1o Cerebral, Alzheimer y otras demencias, Enfermedades Raras, Trastornos Mentales, o en situaci\u00f3n de dependencia. Y ello sin olvidar tampoco el Centro de Referencia Estatal de Autonom\u00eda personal y Ayudas T\u00e9cnicas (CEAPAT)<\/p>\n<p style=\"text-align: justify;\">Igualmente, el Imserso trabaja en la Estrategia Nacional de Personas Mayores para un Envejecimiento Activo y para su Buen Trato, el Plan Nacional de Alzheimer presentado ya en el mes de abril en Consejo de Ministros por la Ministra Mar\u00eda Luisa Carcedo, o el programa de ciudades amigables que ahora se quiere extender a Am\u00e9rica Latina.<\/p>\n<p style=\"text-align: justify;\">De la misma manera destacar la futura Estrategia Nacional contra la Soledad que ser\u00e1 uno de las tareas m\u00e1s importantes de trabajo para este organismo durante los pr\u00f3ximos meses. Una estrategia cuyos principales ejes ser\u00e1n la discapacidad, la perspectiva de g\u00e9nero y el entorno rural.<\/p>\n<p style=\"text-align: justify;\">Todo ello con la permanente colaboraci\u00f3n y empuje de todo el movimiento asociativo por medio del Consejo Estatal de Personas Mayores.<\/p>\n<p style=\"text-align: justify;\">En definitiva, creo que hay mucho trabajo por delante para todos los profesionales del Imserso.<\/p>\n<p>[\/vc_column_text][\/vc_column][\/vc_row][vc_row][vc_column]<div class=\"gap\" style=\"line-height: 10px; height: 10px;\"><\/div>[vc_column_text]<\/p>\n<blockquote>\n<p style=\"text-align: justify;\"><strong>Entre las l\u00edneas de actuaci\u00f3n propuestas en el ESTRATEGIA NACIONAL DE ENVEJECIMIENTO ACTIVO Y PARA SU BUEN TRATO 2018- 2021, est\u00e1 asumir que el desarrollo individual se prolonga a lo largo de todo el ciclo de vida de las personas, lo que conlleva una repercusi\u00f3n social. \u00bfSe han instaurado nuevas pol\u00edticas econ\u00f3micas que contemplen todo el ciclo vital y faciliten las relaciones humanas, reserve tiempo para los cuidados personales, la solidaridad y las relaciones sociales lo que mejorar\u00e1 la econom\u00eda y la seguridad de las personas mayores, como dice la Estrategia?<br \/>\n<\/strong><\/p>\n<\/blockquote>\n<p>[\/vc_column_text][vc_column_text]<style type=\"text\/css\" data-type=\"the7_shortcodes-inline-css\">.shortcode-single-image-wrap.shortcode-single-image-25b947009def7d429e47c814a98a765a.enable-bg-rollover .rollover i,\n.shortcode-single-image-wrap.shortcode-single-image-25b947009def7d429e47c814a98a765a.enable-bg-rollover .rollover-video i {\n  background: ;\n  background: -webkit-linear-gradient();\n  background: linear-gradient();\n}\n.shortcode-single-image-wrap.shortcode-single-image-25b947009def7d429e47c814a98a765a .rollover-icon {\n  font-size: 32px;\n  color: #ffffff;\n  min-width: 44px;\n  min-height: 44px;\n  line-height: 44px;\n  border-radius: 100px;\n  border-style: solid;\n  border-width: 0px;\n}\n.dt-icon-bg-on.shortcode-single-image-wrap.shortcode-single-image-25b947009def7d429e47c814a98a765a .rollover-icon {\n  background: rgba(255,255,255,0.3);\n  box-shadow: none;\n}\n<\/style><div class=\"shortcode-single-image-wrap shortcode-single-image-25b947009def7d429e47c814a98a765a alignleft fadeInLeft animate-element  enable-bg-rollover dt-icon-bg-off\" style=\"margin-top:10px; margin-bottom:0px; margin-left:0px; margin-right:10px; width:60px;\"><div class=\"shortcode-single-image\"><div class=\"fancy-media-wrap  layzr-bg\" style=\"\"><img decoding=\"async\" class=\"lazy-load\" src=\"data:image\/svg+xml;charset=utf-8,%3Csvg xmlns%3D&#039;http%3A%2F%2Fwww.w3.org%2F2000%2Fsvg&#039; viewBox%3D&#039;0 0 60 0&#039;%2F%3E\" width=\"60\" dt-data-location=\"https:\/\/caumas.org\/revista\/wp-content\/uploads\/2019\/06\/ENTREVISTA-A-Manuel-Mart\u00ednez-Domene.jpg\" data-srcset=\"https:\/\/caumas.org\/revista\/wp-content\/uploads\/2019\/06\/ENTREVISTA-A-Manuel-Mart\u00ednez-Domene.jpg 60w\" data-src=\"https:\/\/caumas.org\/revista\/wp-content\/uploads\/2019\/06\/ENTREVISTA-A-Manuel-Mart\u00ednez-Domene.jpg\" \/><\/div><\/div><\/div>\n<p style=\"text-align: justify;\">El Consejo Estatal de Personas Mayores ha elaborado un documento para la ESTRATEGIA NACIONAL DE ENVEJECIMIENTO ACTIVO Y PARA SU BUEN TRATO, de acuerdo con las recomendaciones y principios de la Uni\u00f3n Europea y otros organismos internacionales. El Consejo Estatal lo aprob\u00f3 en una sesi\u00f3n extraordinaria celebrada a finales de noviembre de 2017. En estos momentos se encuentra en sus \u00faltimas fases de tramitaci\u00f3n.<\/p>\n<p style=\"text-align: justify;\">Tiene cuatro l\u00edneas de actuaci\u00f3n que creo sintetizan lo que debe ser un envejecimiento activo.<\/p>\n<ul>\n<li style=\"text-align: justify;\">Hay que mejorar el trabajo de las personas mayores.<\/li>\n<li style=\"text-align: justify;\">Promover su participaci\u00f3n en la sociedad.<\/li>\n<li style=\"text-align: justify;\">Facilitar una vida independiente, saludable y en entornos adecuados y seguros.<\/li>\n<li style=\"text-align: justify;\">Y asegurar el buen trato, la no discriminaci\u00f3n, la igualdad de oportunidades y la atenci\u00f3n a las situaciones de mayor vulnerabilidad.<\/li>\n<\/ul>\n<p>Sin duda alguna va a contribuir a mejorar los cuidados personales, la solidaridad y las relaciones sociales de las personas mayores.[\/vc_column_text][\/vc_column][\/vc_row][vc_row][vc_column]<div class=\"gap\" style=\"line-height: 10px; height: 10px;\"><\/div>[vc_column_text]<\/p>\n<blockquote>\n<p style=\"text-align: justify;\"><strong>\u00bfC\u00f3mo se fomenta, desarrolla y difunde, desde el Imserso, un concepto de las personas mayores ajustado a los derechos que les corresponden como parte integrante de la ciudadan\u00eda, sin discriminaciones ni desigualdades de trato?<br \/>\n<\/strong><\/p>\n<\/blockquote>\n<p>[\/vc_column_text][vc_column_text]<style type=\"text\/css\" data-type=\"the7_shortcodes-inline-css\">.shortcode-single-image-wrap.shortcode-single-image-25b947009def7d429e47c814a98a765a.enable-bg-rollover .rollover i,\n.shortcode-single-image-wrap.shortcode-single-image-25b947009def7d429e47c814a98a765a.enable-bg-rollover .rollover-video i {\n  background: ;\n  background: -webkit-linear-gradient();\n  background: linear-gradient();\n}\n.shortcode-single-image-wrap.shortcode-single-image-25b947009def7d429e47c814a98a765a .rollover-icon {\n  font-size: 32px;\n  color: #ffffff;\n  min-width: 44px;\n  min-height: 44px;\n  line-height: 44px;\n  border-radius: 100px;\n  border-style: solid;\n  border-width: 0px;\n}\n.dt-icon-bg-on.shortcode-single-image-wrap.shortcode-single-image-25b947009def7d429e47c814a98a765a .rollover-icon {\n  background: rgba(255,255,255,0.3);\n  box-shadow: none;\n}\n<\/style><div class=\"shortcode-single-image-wrap shortcode-single-image-25b947009def7d429e47c814a98a765a alignleft fadeInLeft animate-element  enable-bg-rollover dt-icon-bg-off\" style=\"margin-top:10px; margin-bottom:0px; margin-left:0px; margin-right:10px; width:60px;\"><div class=\"shortcode-single-image\"><div class=\"fancy-media-wrap  layzr-bg\" style=\"\"><img decoding=\"async\" class=\"lazy-load\" src=\"data:image\/svg+xml;charset=utf-8,%3Csvg xmlns%3D&#039;http%3A%2F%2Fwww.w3.org%2F2000%2Fsvg&#039; viewBox%3D&#039;0 0 60 0&#039;%2F%3E\" width=\"60\" dt-data-location=\"https:\/\/caumas.org\/revista\/wp-content\/uploads\/2019\/06\/ENTREVISTA-A-Manuel-Mart\u00ednez-Domene.jpg\" data-srcset=\"https:\/\/caumas.org\/revista\/wp-content\/uploads\/2019\/06\/ENTREVISTA-A-Manuel-Mart\u00ednez-Domene.jpg 60w\" data-src=\"https:\/\/caumas.org\/revista\/wp-content\/uploads\/2019\/06\/ENTREVISTA-A-Manuel-Mart\u00ednez-Domene.jpg\" \/><\/div><\/div><\/div>\n<p style=\"text-align: justify;\">Este Gobierno, as\u00ed como la sociedad espa\u00f1ola en su conjunto, aprecian y respetan a la gente mayor, a quienes consideramos depositarios de valores como la experiencia, la solidaridad y el apoyo familiar a hijos y nietos. Nosotros estamos convencidos de que las personas mayores han de intervenir plenamente en actividades sociales, pol\u00edticas, culturales, c\u00edvicas y de voluntariado para hacerse valer y fomentar sus valores, sin ning\u00fan tipo de discriminaci\u00f3n.<\/p>\n<p style=\"text-align: justify;\">Analizando el perfil de nuestras personas mayores, se puede observar que cada vez son hombres y mujeres m\u00e1s formados e informados, muchos de ellos con amplia experiencia laboral y redes sociales cada vez m\u00e1s amplias. La propia existencia y actividades realizadas por CAUMAS es un claro ejemplo de ello. Ser\u00e1n progresivamente un grupo mucho m\u00e1s presente en la sociedad y con mayor influencia pol\u00edtica.<\/p>\n<p style=\"text-align: justify;\">La sociedad espa\u00f1ola tiene que contemplar a las personas mayores como una parte imprescindible que la integra, al igual que los ni\u00f1os, los j\u00f3venes u otro grupo de poblaci\u00f3n. Deben disfrutar de los mismos derechos y formar parte activa de la sociedad.<br \/>\nLa participaci\u00f3n en el movimiento asociativo, partidos pol\u00edticos, movimiento vecinal, sindicatos, por poner algunos ejemplos, y el voluntariado deben ser ejes fundamentales del envejecimiento activo.<\/p>\n<p style=\"text-align: justify;\">Por otro lado, la defensa y la protecci\u00f3n jur\u00eddica de las personas mayores es una cuesti\u00f3n de enorme trascendencia. Sin el pleno ejercicio de los derechos, la persona mayor se encuentra perjudicada. Una persona mayor con independencia de su edad debe tener garantizados el ejercicio de todos sus derechos. Son derechos personales que acompa\u00f1an a la persona durante toda su vida y que debemos protegerlos.<\/p>\n<p>[\/vc_column_text][\/vc_column][\/vc_row][vc_row][vc_column]<div class=\"gap\" style=\"line-height: 10px; height: 10px;\"><\/div>[vc_column_text]<\/p>\n<blockquote>\n<p style=\"text-align: justify;\"><strong>La participaci\u00f3n de las personas mayores en la planificaci\u00f3n y desarrollo en la toma de decisiones para un envejecimiento activo es fundamental, \u00bfCu\u00e1les son los canales del Imserso para la participaci\u00f3n de las personas mayores en la planificaci\u00f3n y desarrollo de iniciativas que les afectan directamente?<br \/>\n<\/strong><\/p>\n<\/blockquote>\n<p>[\/vc_column_text][vc_column_text]<style type=\"text\/css\" data-type=\"the7_shortcodes-inline-css\">.shortcode-single-image-wrap.shortcode-single-image-25b947009def7d429e47c814a98a765a.enable-bg-rollover .rollover i,\n.shortcode-single-image-wrap.shortcode-single-image-25b947009def7d429e47c814a98a765a.enable-bg-rollover .rollover-video i {\n  background: ;\n  background: -webkit-linear-gradient();\n  background: linear-gradient();\n}\n.shortcode-single-image-wrap.shortcode-single-image-25b947009def7d429e47c814a98a765a .rollover-icon {\n  font-size: 32px;\n  color: #ffffff;\n  min-width: 44px;\n  min-height: 44px;\n  line-height: 44px;\n  border-radius: 100px;\n  border-style: solid;\n  border-width: 0px;\n}\n.dt-icon-bg-on.shortcode-single-image-wrap.shortcode-single-image-25b947009def7d429e47c814a98a765a .rollover-icon {\n  background: rgba(255,255,255,0.3);\n  box-shadow: none;\n}\n<\/style><div class=\"shortcode-single-image-wrap shortcode-single-image-25b947009def7d429e47c814a98a765a alignleft fadeInLeft animate-element  enable-bg-rollover dt-icon-bg-off\" style=\"margin-top:10px; margin-bottom:0px; margin-left:0px; margin-right:10px; width:60px;\"><div class=\"shortcode-single-image\"><div class=\"fancy-media-wrap  layzr-bg\" style=\"\"><img decoding=\"async\" class=\"lazy-load\" src=\"data:image\/svg+xml;charset=utf-8,%3Csvg xmlns%3D&#039;http%3A%2F%2Fwww.w3.org%2F2000%2Fsvg&#039; viewBox%3D&#039;0 0 60 0&#039;%2F%3E\" width=\"60\" dt-data-location=\"https:\/\/caumas.org\/revista\/wp-content\/uploads\/2019\/06\/ENTREVISTA-A-Manuel-Mart\u00ednez-Domene.jpg\" data-srcset=\"https:\/\/caumas.org\/revista\/wp-content\/uploads\/2019\/06\/ENTREVISTA-A-Manuel-Mart\u00ednez-Domene.jpg 60w\" data-src=\"https:\/\/caumas.org\/revista\/wp-content\/uploads\/2019\/06\/ENTREVISTA-A-Manuel-Mart\u00ednez-Domene.jpg\" \/><\/div><\/div><\/div>\n<p style=\"text-align: justify;\">No cabe duda de que uno delos principales y m\u00e1s importantes canales de participaci\u00f3n, relativos s las personas mayores en nuestro pa\u00eds, se encuentra focalizado en el Consejo Estatal de Personas Mayores, como \u00f3rgano colegiado de car\u00e1cter asesor y consultivo adscrito al Ministerio de Sanidad, Consumo y Bienestar Social, a trav\u00e9s de la Secretar\u00eda de Estado de Servicios Sociales.<\/p>\n<p style=\"text-align: justify;\">Este Consejo tiene como finalidad institucionalizar la colaboraci\u00f3n y participaci\u00f3n de las personas mayores en la definici\u00f3n, aplicaci\u00f3n y seguimiento de las pol\u00edticas de atenci\u00f3n, inserci\u00f3n social y calidad de vida dirigidas a este sector de poblaci\u00f3n.<\/p>\n<p style=\"text-align: justify;\">En el desarrollo de sus funciones, participa en la elaboraci\u00f3n y desarrollo de los servicios correspondientes a la situaci\u00f3n de dependencia y de los distintos planes estatales relacionados con las personas mayores. Por ejemplo, como hemos comentado con anterioridad, particip\u00f3 activamente en la elaboraci\u00f3n del documento para la Estrategia Nacional de Personas Mayores para un Envejecimiento Activo y para su Buen Trato.<\/p>\n<p style=\"text-align: justify;\">En relaci\u00f3n a su composici\u00f3n, aglutina a los principales colectivos y actores relacionados con las personas mayores, y las pol\u00edticas de envejecimiento activo y saludable. De esta manera, forman parte del mismo, adem\u00e1s de los representantes de la Administraci\u00f3n, 25 representantes de las Confederaciones, Federaciones o Asociaciones de mayores, tanto de \u00e1mbito estatal, como no estatal; 19 personas en representaci\u00f3n de los Consejos Auton\u00f3micos de Personas Mayores o de \u00f3rganos que realicen funciones similares, de cada una de las Comunidades Aut\u00f3nomas y de las Ciudades Aut\u00f3nomas de Ceuta y Melilla; y una persona en representaci\u00f3n del Consejo General de la Ciudadan\u00eda Espa\u00f1ola en el Exterior.<\/p>\n<p style=\"text-align: justify;\">Por medio de este Consejo, y otros medios de participaci\u00f3n de \u00e1mbito auton\u00f3mico y local, las personas mayores opinan e intervienen directamente en sus asuntos de inter\u00e9s.<\/p>\n<p style=\"text-align: justify;\">Desde mi punto de vista, la participaci\u00f3n de las personas mayores a trav\u00e9s de sus asociaciones y organizaciones en el desarrollo de pol\u00edticas de envejecimiento activo es significativo en la actualidad y debe incrementarse. En el Imserso trabajamos en ello.<\/p>\n<p>[\/vc_column_text][\/vc_column][\/vc_row][vc_row][vc_column]<div class=\"gap\" style=\"line-height: 10px; height: 10px;\"><\/div>[vc_column_text]<\/p>\n<blockquote>\n<p style=\"text-align: justify;\"><strong>Lo m\u00e1s p\u00fablico, notorio y conocido del Imserso por su acci\u00f3n-reacci\u00f3n-pr\u00e1ctica, adem\u00e1s obtener resultados inmediatos -aunque ya sabemos que hay much\u00edsimas m\u00e1s actividades en trabajos sociales- son \u201clos viajes del Imserso\u201d; desde CAUMAS hemos solicitado la incorporaci\u00f3n de un nuevo concepto dentro de esos viajes denominados: \u201cviajes de intercambio entre los alumnos universitarios mayores\u201d que, consideramos, nos corresponden como el gran colectivo de mayores que somos. Uno de los objetivos que ha motivado la firma de un Protocolo de Colaboraci\u00f3n Imserso-CAUMAS, para desarrollar proyectos de inter\u00e9s com\u00fan, ha sido incluir estos viajes dentro de la oferta del Imserso, por favor, \u00bfpuede informarnos en qu\u00e9 punto est\u00e1 el proyecto de movilidad de alumnos universitarios mayores?<br \/>\n<\/strong><\/p>\n<\/blockquote>\n<p>[\/vc_column_text][vc_column_text]<style type=\"text\/css\" data-type=\"the7_shortcodes-inline-css\">.shortcode-single-image-wrap.shortcode-single-image-25b947009def7d429e47c814a98a765a.enable-bg-rollover .rollover i,\n.shortcode-single-image-wrap.shortcode-single-image-25b947009def7d429e47c814a98a765a.enable-bg-rollover .rollover-video i {\n  background: ;\n  background: -webkit-linear-gradient();\n  background: linear-gradient();\n}\n.shortcode-single-image-wrap.shortcode-single-image-25b947009def7d429e47c814a98a765a .rollover-icon {\n  font-size: 32px;\n  color: #ffffff;\n  min-width: 44px;\n  min-height: 44px;\n  line-height: 44px;\n  border-radius: 100px;\n  border-style: solid;\n  border-width: 0px;\n}\n.dt-icon-bg-on.shortcode-single-image-wrap.shortcode-single-image-25b947009def7d429e47c814a98a765a .rollover-icon {\n  background: rgba(255,255,255,0.3);\n  box-shadow: none;\n}\n<\/style><div class=\"shortcode-single-image-wrap shortcode-single-image-25b947009def7d429e47c814a98a765a alignleft fadeInLeft animate-element  enable-bg-rollover dt-icon-bg-off\" style=\"margin-top:10px; margin-bottom:0px; margin-left:0px; margin-right:10px; width:60px;\"><div class=\"shortcode-single-image\"><div class=\"fancy-media-wrap  layzr-bg\" style=\"\"><img decoding=\"async\" class=\"lazy-load\" src=\"data:image\/svg+xml;charset=utf-8,%3Csvg xmlns%3D&#039;http%3A%2F%2Fwww.w3.org%2F2000%2Fsvg&#039; viewBox%3D&#039;0 0 60 0&#039;%2F%3E\" width=\"60\" dt-data-location=\"https:\/\/caumas.org\/revista\/wp-content\/uploads\/2019\/06\/ENTREVISTA-A-Manuel-Mart\u00ednez-Domene.jpg\" data-srcset=\"https:\/\/caumas.org\/revista\/wp-content\/uploads\/2019\/06\/ENTREVISTA-A-Manuel-Mart\u00ednez-Domene.jpg 60w\" data-src=\"https:\/\/caumas.org\/revista\/wp-content\/uploads\/2019\/06\/ENTREVISTA-A-Manuel-Mart\u00ednez-Domene.jpg\" \/><\/div><\/div><\/div>\n<p style=\"text-align: justify;\">Creemos que es una propuesta muy interesante y que encaja con la realidad actual de la personas mayores. Un dato interesante, en los pr\u00f3ximos diez a\u00f1os se van a jubilar cientos de miles de espa\u00f1olas y espa\u00f1oles con estudios universitarios.<\/p>\n<p style=\"text-align: justify;\">Desde una perspectiva sociocultural el perfil medio de las personas mayores ha cambiado sustancialmente. Antes ten\u00edamos un tipo de perfil propio de sociedades tradicionales y con fuerte componente agrario e industrial. Durante los pr\u00f3ximos a\u00f1os el arquetipo ser\u00e1 el de una persona mayor con estudios medios o superiores que ha trabajado durante un buen n\u00famero de a\u00f1os en el sector servicios. Este hecho ser\u00e1 m\u00e1s resaltable en las mujeres ocasionado por su mayor educaci\u00f3n e incorporaci\u00f3n masiva al mercado de trabajo los \u00faltimos decenios.<\/p>\n<p style=\"text-align: justify;\">En este sentido, tenemos que colaborar estrechamente con las asociaciones de mayores universitarios, las Universidades que realizan programas de formaci\u00f3n universitaria para mayores (PUM) y el Imserso en el desarrollo de \u201cviajes de intercambio entre los alumnos universitarios mayores\u201d.<\/p>\n<p style=\"text-align: justify;\">De la misma manera, debemos reflejar con acciones concretas el compromiso del Imserso con CAUMAS en el fomento de un envejecimiento activo a trav\u00e9s del conocimiento y la formaci\u00f3n a lo largo de la vida.<\/p>\n<p style=\"text-align: justify;\">El protocolo de colaboraci\u00f3n antes mencionado debe ser completado con proyectos que persigan el beneficio del colectivo de los mayores universitarios y que se extienda a todas las personas mayores que quieran seguir aprendiendo. En este sentido el papel de las nuevas TIC, ser\u00e1 clave.<\/p>\n<p>[\/vc_column_text][\/vc_column][\/vc_row][vc_row][vc_column]<div class=\"gap\" style=\"line-height: 10px; height: 10px;\"><\/div>[vc_column_text]<\/p>\n<blockquote>\n<p style=\"text-align: justify;\"><strong>Existen estudios, con rigor cient\u00edfico, que eval\u00faan el impacto econ\u00f3mico positivo que el envejecimiento activo tiene en la sociedad, como el ahorro en sanidad, en dependencia, en alimentaci\u00f3n y en otros \u00e1mbitos sociales, \u00bfse valora en el Imserso la posibilidad de invertir ese beneficio econ\u00f3mico en proyectos para mejorar la calidad de vida de los mayores?<br \/>\n<\/strong><\/p>\n<\/blockquote>\n<p>[\/vc_column_text][vc_column_text]<style type=\"text\/css\" data-type=\"the7_shortcodes-inline-css\">.shortcode-single-image-wrap.shortcode-single-image-25b947009def7d429e47c814a98a765a.enable-bg-rollover .rollover i,\n.shortcode-single-image-wrap.shortcode-single-image-25b947009def7d429e47c814a98a765a.enable-bg-rollover .rollover-video i {\n  background: ;\n  background: -webkit-linear-gradient();\n  background: linear-gradient();\n}\n.shortcode-single-image-wrap.shortcode-single-image-25b947009def7d429e47c814a98a765a .rollover-icon {\n  font-size: 32px;\n  color: #ffffff;\n  min-width: 44px;\n  min-height: 44px;\n  line-height: 44px;\n  border-radius: 100px;\n  border-style: solid;\n  border-width: 0px;\n}\n.dt-icon-bg-on.shortcode-single-image-wrap.shortcode-single-image-25b947009def7d429e47c814a98a765a .rollover-icon {\n  background: rgba(255,255,255,0.3);\n  box-shadow: none;\n}\n<\/style><div class=\"shortcode-single-image-wrap shortcode-single-image-25b947009def7d429e47c814a98a765a alignleft fadeInLeft animate-element  enable-bg-rollover dt-icon-bg-off\" style=\"margin-top:10px; margin-bottom:0px; margin-left:0px; margin-right:10px; width:60px;\"><div class=\"shortcode-single-image\"><div class=\"fancy-media-wrap  layzr-bg\" style=\"\"><img decoding=\"async\" class=\"lazy-load\" src=\"data:image\/svg+xml;charset=utf-8,%3Csvg xmlns%3D&#039;http%3A%2F%2Fwww.w3.org%2F2000%2Fsvg&#039; viewBox%3D&#039;0 0 60 0&#039;%2F%3E\" width=\"60\" dt-data-location=\"https:\/\/caumas.org\/revista\/wp-content\/uploads\/2019\/06\/ENTREVISTA-A-Manuel-Mart\u00ednez-Domene.jpg\" data-srcset=\"https:\/\/caumas.org\/revista\/wp-content\/uploads\/2019\/06\/ENTREVISTA-A-Manuel-Mart\u00ednez-Domene.jpg 60w\" data-src=\"https:\/\/caumas.org\/revista\/wp-content\/uploads\/2019\/06\/ENTREVISTA-A-Manuel-Mart\u00ednez-Domene.jpg\" \/><\/div><\/div><\/div>\n<p style=\"text-align: justify;\">Creo que es una cuesti\u00f3n de suma importancia que involucra al conjunto del Gobierno de Espa\u00f1a.<\/p>\n<p style=\"text-align: justify;\">Pero debemos tener claro que para mantener y mejorar la calidad de vida de las personas mayores debemos poner los recursos econ\u00f3micos adecuados procedentes de los Presupuestos Generales del Estado.<\/p>\n<p style=\"text-align: justify;\">Lo que est\u00e1 claro que un envejecimiento activo unido a una atenci\u00f3n social y sanitaria coordinada, y unos servicios de ayuda a domicilio centrados en la persona puede ahorrar miles de millones de euros en cuestiones como la atenci\u00f3n a las personas que tienen necesidades m\u00e9dicas de alto nivel; por menor n\u00famero de ingresos hospitalarios; y por el descenso en el tiempo que los pacientes se encuentran hospitalizados.<\/p>\n<p style=\"text-align: justify;\">Es l\u00f3gico invertir ese beneficio econ\u00f3mico en proyectos para mejorar la calidad de vida de los mayores.<\/p>\n<p style=\"text-align: justify;\">No obstante, quisiera comentar que aunque estamos hablando de las personas mayores, la protecci\u00f3n social debe extenderse a toda la sociedad y, especialmente, a colectivos particularmente desprotegidos. Por ejemplo, las personas con discapacidad, menores, migrantes, refugiados, mujeres maltratadas, personas con problem\u00e1tica social derivada de enfermedad mental y familias con problem\u00e1tica social y riesgo de exclusi\u00f3n social. Un sistema p\u00fablico de Servicios Sociales consolidado es clave para esta tarea.<\/p>\n<p>[\/vc_column_text][\/vc_column][\/vc_row][vc_row][vc_column]<div class=\"gap\" style=\"line-height: 10px; height: 10px;\"><\/div>[vc_column_text]<\/p>\n<blockquote>\n<p style=\"text-align: justify;\"><strong>Las previsiones sobre el cambio demogr\u00e1fico prev\u00e9n que, en Espa\u00f1a, en el a\u00f1o 2050, las personas mayores de 65 a\u00f1os representar\u00e1n m\u00e1s del 30% del total de la poblaci\u00f3n. Los octogenarios llegar\u00e1n a superar la cifra de cuatro millones. \u00bfC\u00f3mo se prepara para estas previsiones el Imserso?<br \/>\n<\/strong><\/p>\n<\/blockquote>\n<p>[\/vc_column_text][vc_column_text]<style type=\"text\/css\" data-type=\"the7_shortcodes-inline-css\">.shortcode-single-image-wrap.shortcode-single-image-25b947009def7d429e47c814a98a765a.enable-bg-rollover .rollover i,\n.shortcode-single-image-wrap.shortcode-single-image-25b947009def7d429e47c814a98a765a.enable-bg-rollover .rollover-video i {\n  background: ;\n  background: -webkit-linear-gradient();\n  background: linear-gradient();\n}\n.shortcode-single-image-wrap.shortcode-single-image-25b947009def7d429e47c814a98a765a .rollover-icon {\n  font-size: 32px;\n  color: #ffffff;\n  min-width: 44px;\n  min-height: 44px;\n  line-height: 44px;\n  border-radius: 100px;\n  border-style: solid;\n  border-width: 0px;\n}\n.dt-icon-bg-on.shortcode-single-image-wrap.shortcode-single-image-25b947009def7d429e47c814a98a765a .rollover-icon {\n  background: rgba(255,255,255,0.3);\n  box-shadow: none;\n}\n<\/style><div class=\"shortcode-single-image-wrap shortcode-single-image-25b947009def7d429e47c814a98a765a alignleft fadeInLeft animate-element  enable-bg-rollover dt-icon-bg-off\" style=\"margin-top:10px; margin-bottom:0px; margin-left:0px; margin-right:10px; width:60px;\"><div class=\"shortcode-single-image\"><div class=\"fancy-media-wrap  layzr-bg\" style=\"\"><img decoding=\"async\" class=\"lazy-load\" src=\"data:image\/svg+xml;charset=utf-8,%3Csvg xmlns%3D&#039;http%3A%2F%2Fwww.w3.org%2F2000%2Fsvg&#039; viewBox%3D&#039;0 0 60 0&#039;%2F%3E\" width=\"60\" dt-data-location=\"https:\/\/caumas.org\/revista\/wp-content\/uploads\/2019\/06\/ENTREVISTA-A-Manuel-Mart\u00ednez-Domene.jpg\" data-srcset=\"https:\/\/caumas.org\/revista\/wp-content\/uploads\/2019\/06\/ENTREVISTA-A-Manuel-Mart\u00ednez-Domene.jpg 60w\" data-src=\"https:\/\/caumas.org\/revista\/wp-content\/uploads\/2019\/06\/ENTREVISTA-A-Manuel-Mart\u00ednez-Domene.jpg\" \/><\/div><\/div><\/div>\n<p style=\"text-align: justify;\">Las proyecciones de poblaci\u00f3n del Instituto Nacional de Estad\u00edstica para el a\u00f1o 2031 indican un fuerte incremento de las personas mayores de 65 a\u00f1os en Espa\u00f1a debido al efecto \u201cbaby boom\u201d que se inici\u00f3 a finales de los a\u00f1os cincuenta del siglo pasado. En concreto, para esta fecha \u2013de la que tan solo nos separan doce a\u00f1os- estima su n\u00famero en 11.721.000 personas. Tres millones (un 34,72%) m\u00e1s que en la actualidad. Su peso en la sociedad espa\u00f1ola va a ser fundamental.<\/p>\n<p style=\"text-align: justify;\">El porcentaje de poblaci\u00f3n de 65 a\u00f1os y m\u00e1s, que en 2018 se sit\u00faa casi en el 19% del total de la poblaci\u00f3n, 8\u20197 millones de personas, pasar\u00eda a ser del 25,6% en 2031. Uno de cada cuatro espa\u00f1oles.<\/p>\n<p style=\"text-align: justify;\">Debido tambi\u00e9n al incremento de la esperanza de vida el aumento del n\u00famero de personas mayores de 80 a\u00f1os ser\u00e1 tambi\u00e9n muy relevante. Seg\u00fan el INE para el a\u00f1o 2030, pasaremos de 2.790.000 personas de ochenta a\u00f1os y m\u00e1s en la actualidad, a cerca de tres millones y medio. Casi 860.000 personas m\u00e1s, lo que supone un 30,75% de incremento. Posiblemente el n\u00famero de centenarios ronde las cien mil personas.<\/p>\n<p style=\"text-align: justify;\">Por este motivo es muy importante tener un Sistema para la Autonom\u00eda y Atenci\u00f3n a la Dependencia (SAAD), que atienda de manera digna, adecuada y suficiente a las personas en situaci\u00f3n de dependencia, as\u00ed como a sus familias y personas cuidadoras. Es necesario dedicar los recursos econ\u00f3micos adecuados al Sistema para que no haya personas con derecho fuera del Sistema como ocurre en la actualidad.<\/p>\n<p>[\/vc_column_text][\/vc_column][\/vc_row][vc_row][vc_column]<div class=\"gap\" style=\"line-height: 10px; height: 10px;\"><\/div>[vc_column_text]<\/p>\n<blockquote>\n<p style=\"text-align: justify;\"><strong>El Imserso, desde el 2011, a trav\u00e9s de un Acuerdo de Colaboraci\u00f3n con la OMS, es el organismo encargado en Espa\u00f1a de promocionar y apoyar la creaci\u00f3n de una Red Espa\u00f1ola de Ciudades Amigables con las Personas Mayores, \u00bfva avanzando este proyecto en las ciudades espa\u00f1olas?<br \/>\n<\/strong><\/p>\n<\/blockquote>\n<p>[\/vc_column_text][vc_column_text]<style type=\"text\/css\" data-type=\"the7_shortcodes-inline-css\">.shortcode-single-image-wrap.shortcode-single-image-25b947009def7d429e47c814a98a765a.enable-bg-rollover .rollover i,\n.shortcode-single-image-wrap.shortcode-single-image-25b947009def7d429e47c814a98a765a.enable-bg-rollover .rollover-video i {\n  background: ;\n  background: -webkit-linear-gradient();\n  background: linear-gradient();\n}\n.shortcode-single-image-wrap.shortcode-single-image-25b947009def7d429e47c814a98a765a .rollover-icon {\n  font-size: 32px;\n  color: #ffffff;\n  min-width: 44px;\n  min-height: 44px;\n  line-height: 44px;\n  border-radius: 100px;\n  border-style: solid;\n  border-width: 0px;\n}\n.dt-icon-bg-on.shortcode-single-image-wrap.shortcode-single-image-25b947009def7d429e47c814a98a765a .rollover-icon {\n  background: rgba(255,255,255,0.3);\n  box-shadow: none;\n}\n<\/style><div class=\"shortcode-single-image-wrap shortcode-single-image-25b947009def7d429e47c814a98a765a alignleft fadeInLeft animate-element  enable-bg-rollover dt-icon-bg-off\" style=\"margin-top:10px; margin-bottom:0px; margin-left:0px; margin-right:10px; width:60px;\"><div class=\"shortcode-single-image\"><div class=\"fancy-media-wrap  layzr-bg\" style=\"\"><img decoding=\"async\" class=\"lazy-load\" src=\"data:image\/svg+xml;charset=utf-8,%3Csvg xmlns%3D&#039;http%3A%2F%2Fwww.w3.org%2F2000%2Fsvg&#039; viewBox%3D&#039;0 0 60 0&#039;%2F%3E\" width=\"60\" dt-data-location=\"https:\/\/caumas.org\/revista\/wp-content\/uploads\/2019\/06\/ENTREVISTA-A-Manuel-Mart\u00ednez-Domene.jpg\" data-srcset=\"https:\/\/caumas.org\/revista\/wp-content\/uploads\/2019\/06\/ENTREVISTA-A-Manuel-Mart\u00ednez-Domene.jpg 60w\" data-src=\"https:\/\/caumas.org\/revista\/wp-content\/uploads\/2019\/06\/ENTREVISTA-A-Manuel-Mart\u00ednez-Domene.jpg\" \/><\/div><\/div><\/div>\n<p style=\"text-align: justify;\">Efectivamente, en 2011 con el Gobierno Socialista de Rodr\u00edguez Zapatero, la entonces Directora General del Imserso, Purificaci\u00f3n Causapi\u00e9 firm\u00f3 un acuerdo de colaboraci\u00f3n con la OMS en virtud del cual el Imserso es el organismo encargado de promocionar y apoyar la Red de Ciudades y Comunidades Amigables con las Personas Mayores en nuestro pa\u00eds y mantener el contacto para la coordinaci\u00f3n con la OMS en el marco de este proyecto.<\/p>\n<p style=\"text-align: justify;\">Esta labor se ha llevado a trav\u00e9s de dos l\u00edneas de actuaci\u00f3n principalmente: por una parte, a trav\u00e9s dela difusi\u00f3n, impulso, asesoramiento y formaci\u00f3n para facilitar la adhesi\u00f3n de los ayuntamientos espa\u00f1oles a la Red. Y en segundo lugar, mediante la generaci\u00f3n de una Red de Ciudades y Comunidades Amigables con las Personas Mayores en Espa\u00f1a para facilitar el intercambio de conocimiento, experiencias y buenas pr\u00e1cticas entre los ayuntamientos en el marco del Proyecto.<\/p>\n<p style=\"text-align: justify;\">Este trabajo ha tenido un impacto positivo en la implantaci\u00f3n de la Red en Espa\u00f1a, y actualmente somos el segundo pa\u00eds despu\u00e9s de EEUU con m\u00e1s municipios adheridos a la Red. En este momento la Red mundial cuenta ya con m\u00e1s de 800 miembros amigables con las personas mayores en 40 pa\u00edses, y en nuestro pa\u00eds con 170 ayuntamientos que ya forman parte y est\u00e1n trabajando para ser amigables con las personas mayores.<\/p>\n<p style=\"text-align: justify;\">El Imserso tiene un compromiso con la OMS y con la Red para seguir avanzando, aumentar el n\u00famero de municipios en la Red, consolid\u00e1ndola en nuestro pa\u00eds, y trabajando para que esta implantaci\u00f3n sea de calidad.<\/p>\n<p style=\"text-align: justify;\">En este punto, sin duda cabe destacar la celebraci\u00f3n de una Conferencia hispana de ciudades y comunidades amigables con las personas mayores, donde participar\u00e1n ciudades de Latinoam\u00e9rica, adem\u00e1s de las ciudades de nuestra red nacional. Esta Conferencia se ha marcado como objetivos compartir pr\u00e1cticas innovadoras en la creaci\u00f3n de ciudades y comunidades amigables con las personas mayores; fomentar el trabajo en red y la colaboraci\u00f3n entre municipios; e identificar qu\u00e9 informaci\u00f3n se necesita a nivel local para crear entornos amigables prestando especial atenci\u00f3n a la medici\u00f3n del impacto y la mejor manera de recopilar y compartir esta informaci\u00f3n.<\/p>\n<p>[\/vc_column_text][\/vc_column][\/vc_row][vc_row][vc_column]<div class=\"gap\" style=\"line-height: 10px; height: 10px;\"><\/div>[vc_column_text]<\/p>\n<blockquote>\n<p style=\"text-align: justify;\"><strong>Seg\u00fan su gran experiencia en pol\u00edticas sociales \u00bfCu\u00e1les son los retos m\u00e1s inmediatos a los que se enfrenta el Imserso desde su punto de vista?<br \/>\n<\/strong><\/p>\n<\/blockquote>\n<p>[\/vc_column_text][vc_column_text]<style type=\"text\/css\" data-type=\"the7_shortcodes-inline-css\">.shortcode-single-image-wrap.shortcode-single-image-25b947009def7d429e47c814a98a765a.enable-bg-rollover .rollover i,\n.shortcode-single-image-wrap.shortcode-single-image-25b947009def7d429e47c814a98a765a.enable-bg-rollover .rollover-video i {\n  background: ;\n  background: -webkit-linear-gradient();\n  background: linear-gradient();\n}\n.shortcode-single-image-wrap.shortcode-single-image-25b947009def7d429e47c814a98a765a .rollover-icon {\n  font-size: 32px;\n  color: #ffffff;\n  min-width: 44px;\n  min-height: 44px;\n  line-height: 44px;\n  border-radius: 100px;\n  border-style: solid;\n  border-width: 0px;\n}\n.dt-icon-bg-on.shortcode-single-image-wrap.shortcode-single-image-25b947009def7d429e47c814a98a765a .rollover-icon {\n  background: rgba(255,255,255,0.3);\n  box-shadow: none;\n}\n<\/style><div class=\"shortcode-single-image-wrap shortcode-single-image-25b947009def7d429e47c814a98a765a alignleft fadeInLeft animate-element  enable-bg-rollover dt-icon-bg-off\" style=\"margin-top:10px; margin-bottom:0px; margin-left:0px; margin-right:10px; width:60px;\"><div class=\"shortcode-single-image\"><div class=\"fancy-media-wrap  layzr-bg\" style=\"\"><img decoding=\"async\" class=\"lazy-load\" src=\"data:image\/svg+xml;charset=utf-8,%3Csvg xmlns%3D&#039;http%3A%2F%2Fwww.w3.org%2F2000%2Fsvg&#039; viewBox%3D&#039;0 0 60 0&#039;%2F%3E\" width=\"60\" dt-data-location=\"https:\/\/caumas.org\/revista\/wp-content\/uploads\/2019\/06\/ENTREVISTA-A-Manuel-Mart\u00ednez-Domene.jpg\" data-srcset=\"https:\/\/caumas.org\/revista\/wp-content\/uploads\/2019\/06\/ENTREVISTA-A-Manuel-Mart\u00ednez-Domene.jpg 60w\" data-src=\"https:\/\/caumas.org\/revista\/wp-content\/uploads\/2019\/06\/ENTREVISTA-A-Manuel-Mart\u00ednez-Domene.jpg\" \/><\/div><\/div><\/div>\n<p style=\"text-align: justify;\">En este momento uno de los objetivos estrat\u00e9gicos del Ministerio de Sanidad, Consumo y Bienestar Social en materia de Servicios Sociales consiste en la recuperaci\u00f3n y promoci\u00f3n del Sistema de Autonom\u00eda y Atenci\u00f3n a la Dependencia, tan vapuleado los \u00faltimos a\u00f1os con recortes significativos por parte del anterior gobierno.<\/p>\n<p style=\"text-align: justify;\">Dado el contexto demogr\u00e1fico, ya explicado, la garant\u00eda del derecho a la promoci\u00f3n de la autonom\u00eda personal y la atenci\u00f3n a las personas en situaci\u00f3n de dependencia es una prioridad absoluta para el Gobierno de Espa\u00f1a.<\/p>\n<p style=\"text-align: justify;\">Un Sistema que cuenta a fecha de hoy, a pesar de tanta traba sufrida, con m\u00e1s de un mill\u00f3n de personas beneficiarias. Atender a todas las personas que lo necesitan debe ser un reto para toda la sociedad espa\u00f1ola y, especialmente, para las Administraciones P\u00fablicas.<\/p>\n<p style=\"text-align: justify;\">Tenemos que trabajar en recuperar el nivel acordado del Sistema de Atenci\u00f3n a la Dependencia e incrementar el nivel m\u00ednimo.<\/p>\n<p style=\"text-align: justify;\">En el proyecto de Presupuestos Generales del Estado de 2019, finalmente no aprobado, el programa Autonom\u00eda Personal y Atenci\u00f3n a la Dependencia alcanzaba en 2019 la cifra de 2.232 millones de euros, un 59,3 por ciento m\u00e1s que en 2018.<\/p>\n<p style=\"text-align: justify;\">Esto se materializaba, en primer lugar, en el incremento en un 31,7 por ciento del Nivel M\u00ednimo alcanz\u00e1ndose en 2019 los 1.723 millones de euros.<\/p>\n<p style=\"text-align: justify;\">Esta mayor dotaci\u00f3n, 415 millones de euros, ten\u00eda por objeto, por un lado, atender al crecimiento de los beneficiarios y, por otro, consignar cantidades que posibiliten la financiaci\u00f3n de una nueva prestaci\u00f3n de teleasistencia avanzada, a incorporar al cat\u00e1logo de prestaciones de la Ley.<\/p>\n<p style=\"text-align: justify;\">Todo ello, en un contexto de incremento significativo de las cantidades asociadas a cada grado por m\u00ednimo garantizado. Adicionalmente, en 2019 y dentro del Sistema para la Autonom\u00eda y Atenci\u00f3n a la Dependencia, se recupera la financiaci\u00f3n por el presupuesto del Estado del nivel acordado, dot\u00e1ndose 100 millones de euros.<\/p>\n<p style=\"text-align: justify;\">Lo que si hemos conseguido en el mes de abril es volver a implantar otra vez la cotizaci\u00f3n a la Seguridad Social de los cuidadores no profesionales de las personas en situaci\u00f3n de dependencia, eliminada por el Partido Popular en 2012. A fecha de hoy, el n\u00famero de personas cuidadoras no profesionales que han suscrito este convenio especial se sit\u00faa ya en torno a las 28.000.<\/p>\n<p style=\"text-align: justify;\">Creo que durante los pr\u00f3ximos meses las propuestas descritas de recuperaci\u00f3n y ampliaci\u00f3n del Sistema podr\u00e1n ser realidad.<\/p>\n<p style=\"text-align: justify;\">Tenemos claro que debemos trabajar por el Sistema de la Dependencia pero tambi\u00e9n en conseguir un Sistema de Servicios Sociales universal y de derecho subjetivo en Espa\u00f1a en el que todos los ciudadanos, entre ellos las personas mayores, tengan cubiertas sus necesidades sociales al margen de su lugar de residencia. En este sentido, no es normal que en un mismo pa\u00eds haya comunidades aut\u00f3nomas con tasas de pobreza superiores al treinta por ciento y otras en que se sit\u00faa en torno al diez por ciento.<\/p>\n<p>[\/vc_column_text][\/vc_column][\/vc_row][vc_row][vc_column]<div class=\"gap\" style=\"line-height: 10px; height: 10px;\"><\/div>[vc_column_text]<\/p>\n<blockquote>\n<p style=\"text-align: justify;\"><strong>Muchas gracias por su atenci\u00f3n, quedamos a su entera disposici\u00f3n para colaborar por una sociedad m\u00e1s justa con los mayores; reiteramos nuestros mejores deseos en su responsabilidad como director general del Imserso?<br \/>\n<\/strong><\/p>\n<\/blockquote>\n<p>[\/vc_column_text][vc_column_text]<style type=\"text\/css\" data-type=\"the7_shortcodes-inline-css\">.shortcode-single-image-wrap.shortcode-single-image-25b947009def7d429e47c814a98a765a.enable-bg-rollover .rollover i,\n.shortcode-single-image-wrap.shortcode-single-image-25b947009def7d429e47c814a98a765a.enable-bg-rollover .rollover-video i {\n  background: ;\n  background: -webkit-linear-gradient();\n  background: linear-gradient();\n}\n.shortcode-single-image-wrap.shortcode-single-image-25b947009def7d429e47c814a98a765a .rollover-icon {\n  font-size: 32px;\n  color: #ffffff;\n  min-width: 44px;\n  min-height: 44px;\n  line-height: 44px;\n  border-radius: 100px;\n  border-style: solid;\n  border-width: 0px;\n}\n.dt-icon-bg-on.shortcode-single-image-wrap.shortcode-single-image-25b947009def7d429e47c814a98a765a .rollover-icon {\n  background: rgba(255,255,255,0.3);\n  box-shadow: none;\n}\n<\/style><div class=\"shortcode-single-image-wrap shortcode-single-image-25b947009def7d429e47c814a98a765a alignleft fadeInLeft animate-element  enable-bg-rollover dt-icon-bg-off\" style=\"margin-top:10px; margin-bottom:0px; margin-left:0px; margin-right:10px; width:60px;\"><div class=\"shortcode-single-image\"><div class=\"fancy-media-wrap  layzr-bg\" style=\"\"><img decoding=\"async\" class=\"lazy-load\" src=\"data:image\/svg+xml;charset=utf-8,%3Csvg xmlns%3D&#039;http%3A%2F%2Fwww.w3.org%2F2000%2Fsvg&#039; viewBox%3D&#039;0 0 60 0&#039;%2F%3E\" width=\"60\" dt-data-location=\"https:\/\/caumas.org\/revista\/wp-content\/uploads\/2019\/06\/ENTREVISTA-A-Manuel-Mart\u00ednez-Domene.jpg\" data-srcset=\"https:\/\/caumas.org\/revista\/wp-content\/uploads\/2019\/06\/ENTREVISTA-A-Manuel-Mart\u00ednez-Domene.jpg 60w\" data-src=\"https:\/\/caumas.org\/revista\/wp-content\/uploads\/2019\/06\/ENTREVISTA-A-Manuel-Mart\u00ednez-Domene.jpg\" \/><\/div><\/div><\/div>\n<p style=\"text-align: justify;\">Muchas gracias a ustedes por realizar esta entrevista que aborda cuestiones claves en las pol\u00edticas sociales dirigidas a las personas mayores.<\/p>\n<p>[\/vc_column_text][\/vc_column][\/vc_row][vc_row][vc_column]<div class=\"gap\" style=\"line-height: 30px; height: 30px;\"><\/div>[vc_column_text]<\/p>\n<p style=\"text-align: justify;\"><strong>Entrevista realizada por:<br \/>\n<\/strong>Marina Troncoso<\/p>\n<p style=\"text-align: justify;\">Directora de la Revista Digital S\u00e9niors Universitarios<br \/>\nJunio de 2018<\/p>\n<p>[\/vc_column_text][\/vc_column][\/vc_row]<\/p>\n","protected":false},"excerpt":{"rendered":"<p>[vc_row][vc_column][vc_column_text] Entrevista a D. Manuel Mart\u00ednez Domene [\/vc_column_text][vc_row_inner][vc_column_inner][\/vc_column_inner][\/vc_row_inner][\/vc_column][\/vc_row][vc_row][vc_column][vc_column_text] Muchas gracias por atender nuestra solicitud y responder a las preguntas sobre cuestiones de gran inter\u00e9s para los alumnos universitarios seniors, colectivo por el que est\u00e1 formado y al que representa CAUMAS. En el momento de hacer esta entrevista lleva usted cinco meses en el cargo, poco&hellip;<\/p>\n","protected":false},"author":1,"featured_media":4667,"comment_status":"closed","ping_status":"closed","sticky":false,"template":"","format":"standard","meta":{"footnotes":""},"categories":[154,56],"tags":[],"class_list":["post-4662","post","type-post","status-publish","format-standard","has-post-thumbnail","hentry","category-27-entrevista-jun-2019","category-entrevista","category-154","category-56","description-off"],"_links":{"self":[{"href":"https:\/\/caumas.org\/revista\/wp-json\/wp\/v2\/posts\/4662","targetHints":{"allow":["GET"]}}],"collection":[{"href":"https:\/\/caumas.org\/revista\/wp-json\/wp\/v2\/posts"}],"about":[{"href":"https:\/\/caumas.org\/revista\/wp-json\/wp\/v2\/types\/post"}],"author":[{"embeddable":true,"href":"https:\/\/caumas.org\/revista\/wp-json\/wp\/v2\/users\/1"}],"replies":[{"embeddable":true,"href":"https:\/\/caumas.org\/revista\/wp-json\/wp\/v2\/comments?post=4662"}],"version-history":[{"count":4,"href":"https:\/\/caumas.org\/revista\/wp-json\/wp\/v2\/posts\/4662\/revisions"}],"predecessor-version":[{"id":4668,"href":"https:\/\/caumas.org\/revista\/wp-json\/wp\/v2\/posts\/4662\/revisions\/4668"}],"wp:featuredmedia":[{"embeddable":true,"href":"https:\/\/caumas.org\/revista\/wp-json\/wp\/v2\/media\/4667"}],"wp:attachment":[{"href":"https:\/\/caumas.org\/revista\/wp-json\/wp\/v2\/media?parent=4662"}],"wp:term":[{"taxonomy":"category","embeddable":true,"href":"https:\/\/caumas.org\/revista\/wp-json\/wp\/v2\/categories?post=4662"},{"taxonomy":"post_tag","embeddable":true,"href":"https:\/\/caumas.org\/revista\/wp-json\/wp\/v2\/tags?post=4662"}],"curies":[{"name":"wp","href":"https:\/\/api.w.org\/{rel}","templated":true}]}}