{"id":4846,"date":"2019-10-12T10:56:15","date_gmt":"2019-10-12T10:56:15","guid":{"rendered":"http:\/\/caumas.org\/revista\/?p=4846"},"modified":"2019-10-13T21:47:10","modified_gmt":"2019-10-13T21:47:10","slug":"editorial-presencia-de-los-mayores-en-la-sociedad-del-siglo-xxi","status":"publish","type":"post","link":"https:\/\/caumas.org\/revista\/editorial-presencia-de-los-mayores-en-la-sociedad-del-siglo-xxi\/","title":{"rendered":"Editorial &#8211; Presencia de los mayores en la sociedad del siglo XXI"},"content":{"rendered":"<p>[vc_row][vc_column][vc_column_text]<\/p>\n<h1 style=\"text-align: justify;\">Presencia de los mayores en la sociedad del siglo XXI<div class=\"gap\" style=\"line-height: 16px; height: 16px;\"><\/div><\/h1>\n<p style=\"text-align: justify;\">Entre la sociedad civil y las instituciones, cada d\u00eda el vac\u00edo es mayor, y las personas mayores no est\u00e1n suficientemente representadas; a esto se a\u00f1ade la falta de participaci\u00f3n de la sociedad en general en la Res p\u00fablica, debido a la democracia representativa, a la que se le ha concedido un lugar primordial despu\u00e9s de la II Guerra Mundial y que, a nosotros (los adultos mayores actuales espa\u00f1oles), nos lleg\u00f3 en 1975, modernizando con la Constituci\u00f3n nuestro sistema democr\u00e1tico. En estos momentos de crisis -no solo econ\u00f3mica, tambi\u00e9n de valores \u00e9ticos- nos preguntamos: \u00bfQu\u00e9 hacer para salir de la crisis con las dificultades actuales? Es tiempo de reaccionar ante la crisis actual y de construir una democracia de participaci\u00f3n, m\u00e1s madura; para lo cual hay que dar paso y espacio participativo a las Personas Mayores con formaci\u00f3n, experiencia profesional y mucho talento. Los adultos mayores deben \u201cestar activos\u201d y presentes en la toma de decisiones, para colaborar en la b\u00fasqueda de soluciones y respuesta a muchos interrogantes que, en estos momentos, invaden a nuestra sociedad.<\/p>\n<p style=\"text-align: justify;\">El t\u00e9rmino \u201cactividad\u201d aplicado al envejecimiento, ha ido evolucionando. En Estados Unidos, en los a\u00f1os 80 del pasado siglo, surgi\u00f3 con la forma de \u201cenvejecimiento productivo\u201d, considerando cualquier actividad realizada por una persona mayor, produciendo bienes y\/o servicios y desarrollando la capacidad para producirlos, tanto si es remunerado econ\u00f3micamente o no.<\/p>\n<p style=\"text-align: justify;\">El concepto europeo de envejecimiento activo se ha centrado en un n\u00famero mayor de actividades distintas a aquellas asociadas a la producci\u00f3n, resaltando la participaci\u00f3n y la inclusi\u00f3n de las personas mayores como ciudadanos de pleno derecho. \u201cSe ha a\u00f1adido a\u00f1os a la vida y ahora debemos a\u00f1adir vida a los a\u00f1os\u201d.<\/p>\n<p style=\"text-align: justify;\">Seg\u00fan palabras de D. Enrique Poz\u00f3n Lobato: las personas mayores est\u00e1n catalogadas como una categor\u00eda independiente, separada como grupo. Y, a la que la sociedad le administra su bienestar y diversi\u00f3n, actuando como cuidadores. Los mayores est\u00e1n m\u00e1s tutelados que respetados, m\u00e1s dirigidos que orientados, recibiendo trato de favor que les hace perder autonom\u00eda, aportaci\u00f3n, responsabilidad, exigencias, obligaciones y compromisos.<\/p>\n<p style=\"text-align: justify;\">Esta situaci\u00f3n conduce a que las personas mayores no tengan su parcela en los diversos espacios sociales, como en el marco de la cultura contempor\u00e1nea o en la participaci\u00f3n de toma de decisiones; y en CAUMAS trabajamos para que los programas universitarios de mayores ayuden a romper esta tendencia, iniciando un nuevo proceso en el siglo XXI, con una formaci\u00f3n a lo largo de toda la vida, que ponga en valor el talento, el conocimiento y la experiencia de los mayores adultos.<\/p>\n<p style=\"text-align: justify;\"><em>La verdadera sabidur\u00eda no lo otorga un t\u00edtulo, sino lo que haces con lo que has aprendido a lo largo de la vida.<\/em><\/p>\n<p style=\"text-align: right;\"><strong>Septiembre 2019<\/strong><\/p>\n<p>[\/vc_column_text][\/vc_column][\/vc_row]<\/p>\n","protected":false},"excerpt":{"rendered":"<p>[vc_row][vc_column][vc_column_text] Presencia de los mayores en la sociedad del siglo XXI Entre la sociedad civil y las instituciones, cada d\u00eda el vac\u00edo es mayor, y las personas mayores no est\u00e1n suficientemente representadas; a esto se a\u00f1ade la falta de participaci\u00f3n de la sociedad en general en la Res p\u00fablica, debido a la democracia representativa, a&hellip;<\/p>\n","protected":false},"author":1,"featured_media":4847,"comment_status":"closed","ping_status":"closed","sticky":false,"template":"","format":"standard","meta":{"footnotes":""},"categories":[160,55],"tags":[],"class_list":["post-4846","post","type-post","status-publish","format-standard","has-post-thumbnail","hentry","category-28-editorial-sep-2019","category-editorial","category-160","category-55","description-off"],"_links":{"self":[{"href":"https:\/\/caumas.org\/revista\/wp-json\/wp\/v2\/posts\/4846","targetHints":{"allow":["GET"]}}],"collection":[{"href":"https:\/\/caumas.org\/revista\/wp-json\/wp\/v2\/posts"}],"about":[{"href":"https:\/\/caumas.org\/revista\/wp-json\/wp\/v2\/types\/post"}],"author":[{"embeddable":true,"href":"https:\/\/caumas.org\/revista\/wp-json\/wp\/v2\/users\/1"}],"replies":[{"embeddable":true,"href":"https:\/\/caumas.org\/revista\/wp-json\/wp\/v2\/comments?post=4846"}],"version-history":[{"count":5,"href":"https:\/\/caumas.org\/revista\/wp-json\/wp\/v2\/posts\/4846\/revisions"}],"predecessor-version":[{"id":5041,"href":"https:\/\/caumas.org\/revista\/wp-json\/wp\/v2\/posts\/4846\/revisions\/5041"}],"wp:featuredmedia":[{"embeddable":true,"href":"https:\/\/caumas.org\/revista\/wp-json\/wp\/v2\/media\/4847"}],"wp:attachment":[{"href":"https:\/\/caumas.org\/revista\/wp-json\/wp\/v2\/media?parent=4846"}],"wp:term":[{"taxonomy":"category","embeddable":true,"href":"https:\/\/caumas.org\/revista\/wp-json\/wp\/v2\/categories?post=4846"},{"taxonomy":"post_tag","embeddable":true,"href":"https:\/\/caumas.org\/revista\/wp-json\/wp\/v2\/tags?post=4846"}],"curies":[{"name":"wp","href":"https:\/\/api.w.org\/{rel}","templated":true}]}}