{"id":4980,"date":"2019-10-13T18:15:39","date_gmt":"2019-10-13T18:15:39","guid":{"rendered":"http:\/\/caumas.org\/revista\/?p=4980"},"modified":"2019-10-13T18:17:41","modified_gmt":"2019-10-13T18:17:41","slug":"audemac-%c2%b7-coronas-de-laurel","status":"publish","type":"post","link":"https:\/\/caumas.org\/revista\/audemac-%c2%b7-coronas-de-laurel\/","title":{"rendered":"AUDEMAC \u00b7 CORONAS DE LAUREL"},"content":{"rendered":"<p>[vc_row full_width_row=&#8221;true&#8221;][vc_column][vc_single_image image=&#8221;4981&#8243; img_size=&#8221;full&#8221; alignment=&#8221;center&#8221; css_animation=&#8221;fadeInDown&#8221; css=&#8221;.vc_custom_1570990132557{margin-bottom: 0px !important;border-bottom-width: 0px !important;padding-bottom: 0px !important;}&#8221;][vc_empty_space height=&#8221;16px&#8221;][vc_column_text]<\/p>\n<blockquote>\n<p style=\"text-align: justify;\">El nuevo curso ha comenzado y en el acto de bienvenida todos, desde la Vicerrectora y el Director de UMA hasta el \u00faltimo alumno, han acogido a los nuevos incorporados con la calidez de siempre. En su primer contacto con el presidente de AUDEMAC- Comillas, Bruce Taylor, han recibido la Minigu\u00eda A \/Z para facilitarles sus primeros pasos por Comillas y han quedado sorprendidos por el amplio programa de actividades propuesto por la Asociaci\u00f3n. Y es que la Junta Directiva, ha vuelto como es habitual con las pilas cargadas; trabaja duro, incluso en vacaciones, para dise\u00f1ar el futuro y que \u00e9ste se convierta cada a\u00f1o en realidad. Lo consiguen. Coronas de laurel para ellos.<\/p>\n<\/blockquote>\n<p>[\/vc_column_text][vc_column_text]<\/p>\n<p style=\"text-align: justify;\"><span style=\"color: #d93a1c;\"><strong>Apoyando a Socios y Colaboradores<\/strong><\/span><\/p>\n<p style=\"text-align: justify;\">El tiempo corre y corre y apenas deja paladear el presente. En un r\u00e1pido recuento del \u00faltimo mes del curso que acab\u00f3 en mayo, hemos contabilizado algunos \u00e9xitos de grupos o personas ligadas a <strong>AUDEMAC-Comillas<\/strong> que nos gustar\u00eda compartir con vosotros. Veamos: una antigua alumna, <strong>Conchita Mira<\/strong>, publicaba su segunda novela, la primera fue hace casi dos a\u00f1os y empez\u00f3 a escribirla animada por haber ganado el primer premio en el Concurso Literario AUDEMAC. Sinti\u00e9ndonos con el orgullo de descubridores de talentos, organizamos en la universidad un acto para celebrar el lanzamiento en librer\u00edas de \u201cSirena Perdida\u201d en el que intervinieron, adem\u00e1s de Bruce, la profesora de Literatura y creadora de la Tertulia Literaria Nieves Algaba, autora del Pr\u00f3logo, la editora y la propia autora, por supuesto. Conchita permaneci\u00f3 \u00a1dos horas firmando dedicatorias! Quien no pudo asistir a la presentaci\u00f3n, ha tenido ocasi\u00f3n de recoger su ejemplar en la Feria del Libro, donde tambi\u00e9n estuvo Conchita Mira. Enhorabuena.<\/p>\n<p style=\"text-align: justify;\">Otro padrinazgo ha consistido en la presentaci\u00f3n de la profesora de Historia de la M\u00fasica y excelente pianista <strong>Patrizia Prati<\/strong> en las \u201cNoches del Olivar\u201d. El Olivar de Castillejo es una finca en un lugar c\u00e9ntrico de Madrid, antigua residencia familiar, con olivos centenarios y arbolado donde se celebran en los anocheceres de verano conciertos al aire libre. El Olivar convertido en Fundaci\u00f3n que apoya a los j\u00f3venes valores de la m\u00fasica cl\u00e1sica, invit\u00f3 para la inauguraci\u00f3n de la temporada a nuestra querida Patrizia. Y all\u00e1 fuimos para arroparla y disfrutar de su talento musical, gran cantidad de socios de AUDEMAC-Comillas y el Presidente que hizo de maestro de ceremonias. Fue una velada maravillosa. Gracias Patrizia.<\/p>\n<p><span style=\"color: #d93a1c;\"><strong><a class=\"dt-single-image\" href=\"https:\/\/caumas.org\/revista\/wp-content\/uploads\/2019\/10\/AUDEMAC-01.jpg\" data-dt-img-description=\"\"><img fetchpriority=\"high\" decoding=\"async\" class=\"alignnone size-full wp-image-4983 aligncenter\" src=\"https:\/\/caumas.org\/revista\/wp-content\/uploads\/2019\/10\/AUDEMAC-01.jpg\" alt=\"\" width=\"590\" height=\"351\" srcset=\"https:\/\/caumas.org\/revista\/wp-content\/uploads\/2019\/10\/AUDEMAC-01.jpg 590w, https:\/\/caumas.org\/revista\/wp-content\/uploads\/2019\/10\/AUDEMAC-01-300x178.jpg 300w\" sizes=\"(max-width: 590px) 100vw, 590px\" \/><\/a><\/strong><\/span><\/p>\n<p style=\"text-align: justify;\"><span style=\"color: #d93a1c;\"><strong>N<\/strong><\/span><span style=\"color: #d93a1c;\"><strong>os Sentimos Orgullosos<\/strong><\/span><\/p>\n<p style=\"text-align: justify;\">Y hablando de m\u00fasica\u2026 el coro \u201c<strong>Acordes Mayores<\/strong>\u201d que nos represent\u00f3 en un encuentro de coros en Valladolid, as\u00ed como en conciertos en distintos puntos de la capital, nos acompa\u00f1a siempre. Bueno, siempre, desde hace dos a\u00f1os en que naci\u00f3 por iniciativa de un alumno y actual director, <strong>Javier Calvo<\/strong>. \u201cAcordes Mayores\u201d, dec\u00eda, es nuestra voz en todos los acontecimientos importantes de la universidad; tanto en la Acogida a los nuevos alumnos, como en la despedida de la Graduaci\u00f3n, pasando por otros m\u00e1s \u00edntimos como la Misa In Memorian de los alumnos fallecidos y el D\u00eda del Antiguo Alumno. A finales de mayo tuvimos la ocasi\u00f3n de asistir a su primer concierto en Comillas. Un programa de m\u00fasica sacra y popular interpretada en varios idiomas. Literalmente el Aula Magna se vino abajo encendida en aplausos y v\u00edtores por su virtuosismo, empaste de voces, musicalidad. \u00a1Que felices nos hace escucharlos!<\/p>\n<p style=\"text-align: justify;\">No ha sido \u00e9sta la \u00fanica ocasi\u00f3n en que el triunfo se adue\u00f1\u00f3 del mismo espacio. Con un d\u00eda de diferencia y como trabajo de fin de curso, el grupo teatral <strong>\u201cMayores Entre Comillas\u201d<\/strong> fue el protagonista del \u00e9xito con la obra \u201cDona Rosita La Soltera\u201d de Federico Garc\u00eda Lorca, precisamente en el a\u00f1o dedicado al autor. Resulta sorprendente, como en un espacio abierto, sin decorado \u2013solo algunos peque\u00f1os detalles que perfilan el ambiente- se consigue que el p\u00fablico entre totalmente en situaci\u00f3n. Se debe claro, a una muy inteligente direcci\u00f3n de la profesora Celia Ruiz y al elenco de entusiastas actores y actrices, que viven de tal modo su personaje que trasciende las candilejas y el texto es seguido con m\u00e1ximo inter\u00e9s y \u201cloco entusiasmo\u201d a la hora de valorarlo. Se lo merecen.<\/p>\n<p style=\"text-align: justify;\"><span style=\"color: #d93a1c;\"><strong>Y ya que estamos en el Aula Magna\u2026<\/strong><\/span><\/p>\n<p style=\"text-align: justify;\">En esta ocasi\u00f3n es el marco donde se celebra la Graduaci\u00f3n de 5\u00ba curso de Comillas-UMA. Como es tradici\u00f3n el sitial de honor es ocupado por la Vicerrectora, el Director de UMA, el Padrino de la promoci\u00f3n y como novedad un alumno. Por vez primera en la historia de Comillas-UMA la Lecci\u00f3n Magistral ser\u00e1 impartida por uno de los Licenciados. Se trata de <strong>Pedro Cardel\u00fas<\/strong> que empez\u00f3 su intervenci\u00f3n citando a Churchill y su genial definici\u00f3n del \u00e9xito \u201cfracasar y fracasar sin perder el aliento\u201d para continuar deleitando con poes\u00edas a varias voces. Al final toda el Aula se puso en pi\u00e9 para darle una merecida ovaci\u00f3n. Ser original tambi\u00e9n es valorado.<\/p>\n<p style=\"text-align: justify;\"><span style=\"color: #d93a1c;\"><strong>Esta Noche Salimos<\/strong><\/span><\/p>\n<p style=\"text-align: justify;\">La cena de Fin de Curso siempre se celebra en un sitio guay en un ambiente de glamour, elegancia y nervios para algunos, ya que en el trascurso de esta se dan a conocer los ganadores de los Premios Literarios AUDEMAC, que levantan gran expectaci\u00f3n y numerosa participaci\u00f3n. Este a\u00f1o el g\u00e9nero propuesto era micro-relato y poes\u00eda. Con Bruce Taylor de incansable animador de la velada, el Jurado dio su veredicto: Primer y Segundo Premio en Poes\u00eda <strong>Mercedes Lobo<\/strong> y <strong>Pedro Cardel\u00fas<\/strong>. En narrativa <strong>Fernando Soto<\/strong> y <strong>Covadonga Martinez<\/strong>. Cada uno ley\u00f3 su trabajo glosado por un miembro del jurado: \u00c1ngelo Valastro, Nieves Algaba, Conchita Mira y Jos\u00e9 Ram\u00f3n Martinez. Brindamos con ellos por este \u00e9xito y los venideros, que los habr\u00e1, seguro.<\/p>\n<p><a class=\"dt-single-image\" href=\"https:\/\/caumas.org\/revista\/wp-content\/uploads\/2019\/10\/AUDEMAC-02.jpg\" data-dt-img-description=\"\"><img decoding=\"async\" class=\"alignnone size-full wp-image-4984 aligncenter\" src=\"https:\/\/caumas.org\/revista\/wp-content\/uploads\/2019\/10\/AUDEMAC-02.jpg\" alt=\"\" width=\"887\" height=\"367\" srcset=\"https:\/\/caumas.org\/revista\/wp-content\/uploads\/2019\/10\/AUDEMAC-02.jpg 887w, https:\/\/caumas.org\/revista\/wp-content\/uploads\/2019\/10\/AUDEMAC-02-300x124.jpg 300w, https:\/\/caumas.org\/revista\/wp-content\/uploads\/2019\/10\/AUDEMAC-02-768x318.jpg 768w\" sizes=\"(max-width: 887px) 100vw, 887px\" \/><\/a><\/p>\n<p style=\"text-align: justify;\">Una noche redonda para cerrar el tiempo lectivo con comida espl\u00e9ndida, ambiente relajado y festivo y mucha emoci\u00f3n: unos porque se acaba su tiempo en Comillas-UMA, otros recordando cuando eran ellos los protagonistas del adi\u00f3s, por ser premiados o no premiados, por coincidir con antiguos compa\u00f1eros, echar en falta a otros\u2026 y como \u201cguinda\u201d la nominaci\u00f3n del Socio de Honor AUDEMAC que hasta ahora ha distinguido a anteriores Presidentes o profesoras muy ligadas a la asociaci\u00f3n. Pero \u00a1oh sorpresa! el nombre que se escucha es el de una antigua alumna que se queda de piedra por la convicci\u00f3n de recibir una distinci\u00f3n inmerecida, y la responsabilidad de estar en el futuro a la altura de los componentes de ese cuadro de honor.<\/p>\n<p style=\"text-align: justify;\">Pero tambi\u00e9n encantada y feliz. Agradecida. Lo s\u00e9 porque es mi nombre el que dice Bruce y as\u00ed consta en el diploma, mejor dicho, cuadro pintado por Natividad Rodr\u00edguez que recib\u00ed. Gracias, gracias.<\/p>\n<p style=\"text-align: justify;\">Y como colof\u00f3n, a bailar. M\u00fasica en directo. Menos mal que para seguirla no es necesario pareja, ya que, aunque hab\u00eda muchos caballeros, no todos se dejan arrastrar por el ritmo. \u00a1Qu\u00e9 vergonzosos!<\/p>\n<p style=\"text-align: justify;\"><span style=\"color: #d93a1c;\"><strong>Y Esto no es Todo<\/strong><\/span><\/p>\n<p style=\"text-align: justify;\">Ni mucho menos. Hemos dejado en el tintero la inauguraci\u00f3n del ciclo de conferencias que en colaboraci\u00f3n han iniciado Comillas-UMA y AUDEMAC. Invitado: Miguel de los Santos, otrora un gran comunicador en Radio y Televisi\u00f3n y hoy escritor. Nos habl\u00f3 sobre Iberoam\u00e9rica, que tan bien conoce por sus reportajes \u201cCon otro Acento\u201d. Una visi\u00f3n fuera del circuito tur\u00edstico llena de inter\u00e9s. Tampoco hemos citado la exposici\u00f3n sobre Balthaus, que junto a las de Fra Ang\u00e9lico y Bermejo, han marcado la agenda cultural, y\u2026<\/p>\n<p style=\"text-align: justify;\">Pero todo esto ya es pasado. Para el presente curso 2019\/2020 el programa es impactante. \u00a1Celebramos el 20 Aniversario del nacimiento de Comillas-UMA! Seguiremos informando. Gracias a Revista SENIOR por darnos la oportunidad de hacerlo.<\/p>\n<p style=\"text-align: right;\"><span style=\"font-size: 10pt;\"><strong><a class=\"dt-single-image\" href=\"https:\/\/caumas.org\/revista\/wp-content\/uploads\/2019\/10\/AUDEMAC-03.jpg\" data-dt-img-description=\"\"><img decoding=\"async\" class=\"size-full wp-image-4985 aligncenter\" src=\"https:\/\/caumas.org\/revista\/wp-content\/uploads\/2019\/10\/AUDEMAC-03.jpg\" alt=\"\" width=\"891\" height=\"380\" srcset=\"https:\/\/caumas.org\/revista\/wp-content\/uploads\/2019\/10\/AUDEMAC-03.jpg 891w, https:\/\/caumas.org\/revista\/wp-content\/uploads\/2019\/10\/AUDEMAC-03-300x128.jpg 300w, https:\/\/caumas.org\/revista\/wp-content\/uploads\/2019\/10\/AUDEMAC-03-768x328.jpg 768w\" sizes=\"(max-width: 891px) 100vw, 891px\" \/><\/a><\/strong><\/span><\/p>\n<p style=\"text-align: right;\"><span style=\"font-size: 10pt;\"><strong><a class=\"dt-single-image\" href=\"https:\/\/caumas.org\/revista\/wp-content\/uploads\/2019\/10\/AUDEMAC-04.jpg\" data-dt-img-description=\"\"><img loading=\"lazy\" decoding=\"async\" class=\"alignnone size-full wp-image-4986\" src=\"https:\/\/caumas.org\/revista\/wp-content\/uploads\/2019\/10\/AUDEMAC-04.jpg\" alt=\"\" width=\"494\" height=\"68\" srcset=\"https:\/\/caumas.org\/revista\/wp-content\/uploads\/2019\/10\/AUDEMAC-04.jpg 494w, https:\/\/caumas.org\/revista\/wp-content\/uploads\/2019\/10\/AUDEMAC-04-300x41.jpg 300w\" sizes=\"(max-width: 494px) 100vw, 494px\" \/><\/a><\/strong><\/span><\/p>\n<p style=\"text-align: right;\"><span style=\"font-size: 10pt;\"><strong>Texto: Alicia L\u00f3pez Budia &#8211; Fotos: Bruce Taylor<\/strong><\/span><\/p>\n<p>[\/vc_column_text][\/vc_column][\/vc_row]<\/p>\n","protected":false},"excerpt":{"rendered":"<p>[vc_row full_width_row=&#8221;true&#8221;][vc_column][vc_single_image image=&#8221;4981&#8243; img_size=&#8221;full&#8221; alignment=&#8221;center&#8221; css_animation=&#8221;fadeInDown&#8221; css=&#8221;.vc_custom_1570990132557{margin-bottom: 0px !important;border-bottom-width: 0px !important;padding-bottom: 0px !important;}&#8221;][vc_empty_space height=&#8221;16px&#8221;][vc_column_text] El nuevo curso ha comenzado y en el acto de bienvenida todos, desde la Vicerrectora y el Director de UMA hasta el \u00faltimo alumno, han acogido a los nuevos incorporados con la calidez de siempre. En su primer contacto con el&hellip;<\/p>\n","protected":false},"author":1,"featured_media":4988,"comment_status":"closed","ping_status":"closed","sticky":false,"template":"","format":"standard","meta":{"footnotes":""},"categories":[164,59],"tags":[],"class_list":["post-4980","post","type-post","status-publish","format-standard","has-post-thumbnail","hentry","category-28-noticias-sep-2019","category-noticias","category-164","category-59","description-off"],"_links":{"self":[{"href":"https:\/\/caumas.org\/revista\/wp-json\/wp\/v2\/posts\/4980","targetHints":{"allow":["GET"]}}],"collection":[{"href":"https:\/\/caumas.org\/revista\/wp-json\/wp\/v2\/posts"}],"about":[{"href":"https:\/\/caumas.org\/revista\/wp-json\/wp\/v2\/types\/post"}],"author":[{"embeddable":true,"href":"https:\/\/caumas.org\/revista\/wp-json\/wp\/v2\/users\/1"}],"replies":[{"embeddable":true,"href":"https:\/\/caumas.org\/revista\/wp-json\/wp\/v2\/comments?post=4980"}],"version-history":[{"count":3,"href":"https:\/\/caumas.org\/revista\/wp-json\/wp\/v2\/posts\/4980\/revisions"}],"predecessor-version":[{"id":4989,"href":"https:\/\/caumas.org\/revista\/wp-json\/wp\/v2\/posts\/4980\/revisions\/4989"}],"wp:featuredmedia":[{"embeddable":true,"href":"https:\/\/caumas.org\/revista\/wp-json\/wp\/v2\/media\/4988"}],"wp:attachment":[{"href":"https:\/\/caumas.org\/revista\/wp-json\/wp\/v2\/media?parent=4980"}],"wp:term":[{"taxonomy":"category","embeddable":true,"href":"https:\/\/caumas.org\/revista\/wp-json\/wp\/v2\/categories?post=4980"},{"taxonomy":"post_tag","embeddable":true,"href":"https:\/\/caumas.org\/revista\/wp-json\/wp\/v2\/tags?post=4980"}],"curies":[{"name":"wp","href":"https:\/\/api.w.org\/{rel}","templated":true}]}}