{"id":5503,"date":"2020-04-08T08:27:26","date_gmt":"2020-04-08T08:27:26","guid":{"rendered":"https:\/\/caumas.org\/revista\/?p=5503"},"modified":"2020-04-08T08:27:26","modified_gmt":"2020-04-08T08:27:26","slug":"cronica-del-viaje-a-mirambel-y-cantavieja","status":"publish","type":"post","link":"https:\/\/caumas.org\/revista\/cronica-del-viaje-a-mirambel-y-cantavieja\/","title":{"rendered":"Cr\u00f3nica del viaje a Mirambel y Cantavieja"},"content":{"rendered":"<p>[vc_row type=&#8221;vc_default&#8221; css=&#8221;.vc_custom_1586332736583{background-color: #5b74b7 !important;}&#8221;][vc_column][vc_single_image image=&#8221;5504&#8243; img_size=&#8221;full&#8221; alignment=&#8221;center&#8221; css_animation=&#8221;fadeInDown&#8221; css=&#8221;.vc_custom_1586333990285{margin-bottom: 0px !important;border-bottom-width: 0px !important;padding-bottom: 0px !important;}&#8221;][vc_empty_space height=&#8221;16px&#8221;][\/vc_column][\/vc_row][vc_row full_width_row=&#8221;true&#8221;][vc_column][vc_column_text]<\/p>\n<blockquote><p>Dentro del marco de actividades culturales programadas por la AMUEZ \u2013 UNIZAR, el d\u00eda 21 de febrero del corriente tuvimos el placer de efectuar desplazamiento para una jornada cultural, contando con la presencia de Fernando SANZ FERRERUELA, profesor de Historia del Cine del Departamento de Historia del Arte de la Universidad de Zaragoza. El programa del d\u00eda se distribu\u00eda en un primer destino en la localidad de MIRAMBEL. Segundo destino ser\u00eda a la localidad de CANTAVIEJA, donde tras reponer fuerzas en un restaurante, se proceder\u00eda a visita guiada a los puntos de inter\u00e9s de esta.<\/p><\/blockquote>\n<p>[\/vc_column_text][vc_column_text]<\/p>\n<p style=\"text-align: justify;\"><a class=\"dt-single-image\" href=\"https:\/\/caumas.org\/revista\/wp-content\/uploads\/2020\/04\/ASOCIACIONES-AMUEZ-CRONICA-VIAJE-A-MIRABEL-CANTAVIEJA-2.jpg\" data-dt-img-description=\"\"><img fetchpriority=\"high\" decoding=\"async\" class=\"size-full wp-image-5506 alignright\" src=\"https:\/\/caumas.org\/revista\/wp-content\/uploads\/2020\/04\/ASOCIACIONES-AMUEZ-CRONICA-VIAJE-A-MIRABEL-CANTAVIEJA-2.jpg\" alt=\"\" width=\"332\" height=\"965\" srcset=\"https:\/\/caumas.org\/revista\/wp-content\/uploads\/2020\/04\/ASOCIACIONES-AMUEZ-CRONICA-VIAJE-A-MIRABEL-CANTAVIEJA-2.jpg 332w, https:\/\/caumas.org\/revista\/wp-content\/uploads\/2020\/04\/ASOCIACIONES-AMUEZ-CRONICA-VIAJE-A-MIRABEL-CANTAVIEJA-2-103x300.jpg 103w\" sizes=\"(max-width: 332px) 100vw, 332px\" \/><\/a><strong>MIRAMBEL<\/strong> \u2013 Peque\u00f1a localidad que pertenece a la provincia de Teruel, en la Comunidad Aut\u00f3noma de Arag\u00f3n, Comarca del Maestrazgo; es un peque\u00f1o rinc\u00f3n lleno de encantos en cuyo t\u00e9rmino de proporciones \u00ednfimas encontramos un sinf\u00edn de monumentos preciosos y un rico patrimonio. Sus or\u00edgenes son militares y medievales y siempre ha estado vinculada a las \u00d3rdenes: la del Santo Redentor y la del Temple. La intensa actividad pol\u00edtica del XIX vivi\u00f3 en Mirambel alguno de los episodios Carlistas m\u00e1s notables. Tanto es as\u00ed que P\u00edo Baroja lo recuerda en su libro La venta de Mirambel.<\/p>\n<p style=\"text-align: justify;\">En 1986 se rodaron varias escenas de la serie televisiva Clase Media, y en 1994 se rod\u00f3 gran parte de la pel\u00edcula de Ken Loach \u201cTierra y Libertad\u201d. Aquel rodaje revolucion\u00f3 Mirambel, y llen\u00f3 el pueblo de historias y an\u00e9cdotas que todav\u00eda se recuerdan 25 a\u00f1os despu\u00e9s. Incluso el pueblo ha celebrado esta efem\u00e9ride intentando contar con la presencia de Loach, el cual finalmente no pudo asistir por una rotura de brazo. En 1996 se grabaron varias escenas de la pel\u00edcula \u201cEn brazos de la mujer madura\u201d, de Manuel Lombardero.<br \/>\nPor parte del profesor Sanz Ferreruela, ayudado por una profesora acompa\u00f1ante, fueron efectuadas interesantes exposiciones en los puntos m\u00e1s representativos del rodaje.<\/p>\n<p style=\"text-align: justify;\">El centro hist\u00f3rico del pueblo es un conjunto arquitect\u00f3nico de gran importancia dentro de Arag\u00f3n. Dado el recinto amurallado y la villa llena de historia, se conservan notables construcciones medievales por todo el centro de la localidad.<\/p>\n<p style=\"text-align: justify;\">Como toda villa medieval que se precie, Mirambel conserva las MURALLAS que rodean todo el pueblo, e incluso algunas casas adosadas a ellas. Fueron levantadas siglos atr\u00e1s por los caballeros templarios y todav\u00eda mantienen dos de las cinco torres en pie. Atravesamos el Portal de las Monjas, uno de los principales accesos a la ciudad.<\/p>\n<p style=\"text-align: justify;\">Fuera de los muros de la ciudad se levant\u00f3 en 1342 una ermita para la villa. No obstante, fue derribada en 1413 para construir una parte de muralla. Aun as\u00ed, en 1564 se volvieron a ceder terrenos para volver a levantar el lugar sagrado. Finalmente fueron las monjas Agustinas quienes tomaron posesi\u00f3n del CONVENTO. Hoy en d\u00eda encontramos la iglesia de Santa Catalina M\u00e1rtir, un recinto de proporciones regulares con rico ornamento junto al espacio conventual y una casa que anta\u00f1o tuvo funciones de hospital.<\/p>\n<p style=\"text-align: justify;\">Visitamos igualmente el edificio del AYUNTAMIENTO. Se termin\u00f3 de construir en 1615 tras una larga obra de m\u00e1s de 70 a\u00f1os y consta de tres plantas con arcos de siller\u00eda, ventanales y una bella fachada con el escudo de la villa que muestran tiempos pasados de esplendor econ\u00f3mico en el pueblo. Junto al mismo, la Casa de Aliaga y la Casa Catellot. Como los cl\u00e1sicos palacios renacentistas de Arag\u00f3n, tienen una distribuci\u00f3n t\u00edpica, est\u00e1n ubicadas en la plaza Aliaga y muestran en sus fachadas el alto estatus social de sus propietarios en la \u00e9poca.<\/p>\n<p style=\"text-align: justify;\"><strong>CANTAVIEJA<\/strong> \u2013 Capital de la Comarca del Maestrazgo, es una villa declarada Conjunto Hist\u00f3rico Art\u00edstico en 1981 por su inter\u00e9s monumental arquitect\u00f3nico y su rico pasado hist\u00f3rico. Su antiguo casco urbano cuenta con una estructura medieval. Tras un espl\u00e9ndido \u00e1gape en el Restaurante Balfag\u00f3n, iniciamos visita guiada.<\/p>\n<p style=\"text-align: justify;\">Visitamos el Ayuntamiento y admiramos las amplias ventanas g\u00f3ticas que iluminan el interior del Sal\u00f3n de Plenos, el cual nos ofrece una preciosa techumbre, tambi\u00e9n de estilo g\u00f3tico. En la fachada se observa el escudo de la villa y una leyenda en lat\u00edn que supone toda una declaraci\u00f3n de principios: \u201cEsta casa odia la maldad, ama la paz, castiga los cr\u00edmenes, conserva los derechos y honra a los honestos\u201d.<\/p>\n<p style=\"text-align: justify;\">La Iglesia Parroquial de Nuestra Se\u00f1ora de la Asunci\u00f3n, sigue el modelo de la Bas\u00edlica del Pilar y fue construida entre 1730 y 1745 por el arquitecto Antonio Nadal. La torre es anterior a la iglesia actual y fue construida en 1612 sobre la Calle Mayor. En el primer cuerpo la Torre se encuentra la maquinaria del reloj y unas empinadas escaleras permiten acceder a las plantas superiores que fueron viviendas del campanero. En la primera de las salas se ha recreada una curiosa antigua escuela de la demarcaci\u00f3n con su mobiliario original. Tras una aventurera subida a la c\u00faspide de la Torre, podemos disfrutar de unas espectaculares vistas de la localidad y entorno.<\/p>\n<p style=\"text-align: justify;\">En la casa de los Osset, contemplamos una espectacular portada en piedra con las armas de la casa Osset, una de las m\u00e1s poderosas familias de la comarca.<\/p>\n<p style=\"text-align: justify;\">La Iglesia de san Miguel fue construida en 1411, y es un excelente ejemplo del mejor arte g\u00f3tico de la provincia, que se revela especialmente en el sepulcro de alabastro donde descans\u00f3 el cuerpo de Gonzalo de Funes, Castell\u00e1n de Amposta de la Orden de San Juan.<\/p>\n<p style=\"text-align: justify;\">Finalizamos la visita, con un recorrido por la Muralla Aspillerada y el Castillo Templario y Calvario. Cuando Jaime II dio orden de arrestar a los templarios de Cantavieja, el Castillo aguant\u00f3 un largo asedio de ocho meses. El recinto se convirti\u00f3 en calvario y hoy se puede recorrer hasta llegar a la Ermita del Santo Sepulcro de planta circular, que se levant\u00f3 en el lugar donde hubo un torre\u00f3n rectangular.<\/p>\n<p style=\"text-align: right;\"><em><strong>Miguel Hern\u00e1ndez.<\/strong><\/em><br \/>\n<em><strong>Curso 3\u00ba B \u2013 Vocal Visitas AMUEZ. Universidad de Zaragoza<\/strong><\/em><\/p>\n<p>[\/vc_column_text][vc_row_inner css=&#8221;.vc_custom_1586333347504{background-color: #5b74b7 !important;}&#8221;][vc_column_inner][vc_single_image image=&#8221;5498&#8243; img_size=&#8221;full&#8221; alignment=&#8221;center&#8221;][\/vc_column_inner][\/vc_row_inner][vc_column_text]<\/p>\n<p style=\"text-align: justify;\">Rub\u00e9n y Chus nos dijeron un dicho que algunos no conoc\u00edamos: \u201cEn Friol non e s\u00f3 pan y queixo\u201d pues tienen raz\u00f3n, en Friol hay mucho m\u00e1s que pan y queixo. Hasta el momento lo hab\u00edamos comprobado en toda la ma\u00f1ana con lo que hab\u00edamos ido viendo y conociendo.<\/p>\n<p style=\"text-align: justify;\">Comimos en Casa Benigno, muy bien. Todo muy rico y con buena atenci\u00f3n. Lo hab\u00edamos hecho otra vez en alguna etapa del Camino de Santiago. Fue un buen rato de descanso y relajaci\u00f3n comentando las incidencias de la ma\u00f1ana.<\/p>\n<p style=\"text-align: justify;\">Despu\u00e9s de comer nos aguardaba la visita a la fortaleza de San Paio de Narla. All\u00ed nos esperaba una gu\u00eda muy especial \u201dPaquita\u201d pieza clave de la realizaci\u00f3n y conservaci\u00f3n del museo etnogr\u00e1fico que hay en la fortaleza y que nos traslada a la \u00e9poca en la que el castillo estaba habitada por el se\u00f1or y su familia, los criados, como trabajaban, como viv\u00edan, carruajes, leyendas\u2026 Gracias Paquita por todos los a\u00f1os que le has dedicado. T\u00fa eres la Se\u00f1ora feudal de la fortaleza en la actualidad y la comunicadora de su historia para que esta no se olvide.<\/p>\n<p style=\"text-align: justify;\">En la visita no nos falt\u00f3 ni La Bruja del Castillo que nos la encontramos con su escoba sentada en la lareira de la cocina y que nos fue siguiendo para evitar nuestras malas artes<\/p>\n<p style=\"text-align: justify;\">Museo Etnogr\u00e1fico y de la Historia de San Paio de Narla<\/p>\n<p style=\"text-align: justify;\">La Fortaleza de San Paio de Narla fue adquirida por la Diputaci\u00f3n Provincial de Lugo en el a\u00f1o 1939 y en el a\u00f1o 1983 la convierte en museo hist\u00f3rico y etnogr\u00e1fico, trasladando a ella buena parte de las colecciones etnogr\u00e1ficas del Museo de Lugo.<br \/>\nLa fortaleza fue derribada en las revueltas de los irmandi\u00f1os del siglo XV y reconstruida en el siglo siguiente, por lo que el actual edificio es obra de los siglos XVI y XVII, fundamentalmente. Tiene un cuerpo central flanqueado por la torre del Homenaje y por un gran torre\u00f3n.<\/p>\n<p style=\"text-align: justify;\">La planta baja formada por el patio, las cortes y la bodega, acoge una colecci\u00f3n de \u00fatiles de trabajos agr\u00edcolas, diversos objetos de equitaci\u00f3n y herramientas para el tejido de la lana y el lino.<\/p>\n<p style=\"text-align: justify;\">La planta primera se compone de una cocina, un sal\u00f3n y otras estancias en las que podemos ver objetos art\u00edsticos, mobiliario y menaje dom\u00e9stico. Desde la \u00faltima planta, donde destaca una chimenea renacentista, se puede acceder al almenado y contemplar el entorno de la fortaleza.<\/p>\n<p style=\"text-align: justify;\">La capilla, del siglo XVIII, separada del edificio principal, tiene planta cuadrada con tejado a cuatro aguas. Destaca en su interior un retablo del siglo XIX. (Xunta Gal)\u201d<\/p>\n<p style=\"text-align: justify;\">La jornada tocaba a su fin, pero no nos pod\u00edamos ir de Friol sin lo esencial \u201cPan e Queixo\u201d todo lo dem\u00e1s lo hab\u00edamos disfrutado, sus paisajes, sus caminos, sus casas de piedra, arboles, musgo, muros, sus aguas (con el agua habr\u00edamos preferido menos) a lo que voy, Rub\u00e9n y Chus siguiendo las indicaciones de una compa\u00f1era conocedora de la zona nos llevaron a la panader\u00eda de Suso. All\u00ed hab\u00eda pan y queso, \u00a1c\u00f3mo no! de Friol y la gran mayor\u00eda volvimos a casa con Pan y Queixo de Friol. Los recomendamos.<\/p>\n<p style=\"text-align: justify;\">Y hasta aqu\u00ed lleg\u00f3 nuestra aventura del senderismo, Contentos, algo cansados pero muy felices. Much\u00edsimas gracias Chus, Rub\u00e9n por habernos preparado y acompa\u00f1ado en esta ruta. Seguiremos confiando en vosotros.<\/p>\n<p style=\"text-align: justify;\">Hasta la pr\u00f3xima compa\u00f1eros.<\/p>\n<p style=\"text-align: right;\"><em><strong>Blanca Franco<\/strong><\/em><br \/>\n<em><strong>(Vocal t\u00e9cnico de Senderismo de ADAYEUS)<\/strong><\/em><\/p>\n<p>[\/vc_column_text][\/vc_column][\/vc_row]<\/p>\n","protected":false},"excerpt":{"rendered":"<p>[vc_row type=&#8221;vc_default&#8221; css=&#8221;.vc_custom_1586332736583{background-color: #5b74b7 !important;}&#8221;][vc_column][vc_single_image image=&#8221;5504&#8243; img_size=&#8221;full&#8221; alignment=&#8221;center&#8221; css_animation=&#8221;fadeInDown&#8221; css=&#8221;.vc_custom_1586333990285{margin-bottom: 0px !important;border-bottom-width: 0px !important;padding-bottom: 0px !important;}&#8221;][vc_empty_space height=&#8221;16px&#8221;][\/vc_column][\/vc_row][vc_row full_width_row=&#8221;true&#8221;][vc_column][vc_column_text] Dentro del marco de actividades culturales programadas por la AMUEZ \u2013 UNIZAR, el d\u00eda 21 de febrero del corriente tuvimos el placer de efectuar desplazamiento para una jornada cultural, contando con la presencia de Fernando SANZ FERRERUELA,&hellip;<\/p>\n","protected":false},"author":1,"featured_media":5508,"comment_status":"closed","ping_status":"closed","sticky":false,"template":"","format":"standard","meta":{"footnotes":""},"categories":[182],"tags":[],"class_list":["post-5503","post","type-post","status-publish","format-standard","has-post-thumbnail","hentry","category-30-rutas-y-viajes-culturales-mar-2020","category-182","description-off"],"_links":{"self":[{"href":"https:\/\/caumas.org\/revista\/wp-json\/wp\/v2\/posts\/5503","targetHints":{"allow":["GET"]}}],"collection":[{"href":"https:\/\/caumas.org\/revista\/wp-json\/wp\/v2\/posts"}],"about":[{"href":"https:\/\/caumas.org\/revista\/wp-json\/wp\/v2\/types\/post"}],"author":[{"embeddable":true,"href":"https:\/\/caumas.org\/revista\/wp-json\/wp\/v2\/users\/1"}],"replies":[{"embeddable":true,"href":"https:\/\/caumas.org\/revista\/wp-json\/wp\/v2\/comments?post=5503"}],"version-history":[{"count":3,"href":"https:\/\/caumas.org\/revista\/wp-json\/wp\/v2\/posts\/5503\/revisions"}],"predecessor-version":[{"id":5509,"href":"https:\/\/caumas.org\/revista\/wp-json\/wp\/v2\/posts\/5503\/revisions\/5509"}],"wp:featuredmedia":[{"embeddable":true,"href":"https:\/\/caumas.org\/revista\/wp-json\/wp\/v2\/media\/5508"}],"wp:attachment":[{"href":"https:\/\/caumas.org\/revista\/wp-json\/wp\/v2\/media?parent=5503"}],"wp:term":[{"taxonomy":"category","embeddable":true,"href":"https:\/\/caumas.org\/revista\/wp-json\/wp\/v2\/categories?post=5503"},{"taxonomy":"post_tag","embeddable":true,"href":"https:\/\/caumas.org\/revista\/wp-json\/wp\/v2\/tags?post=5503"}],"curies":[{"name":"wp","href":"https:\/\/api.w.org\/{rel}","templated":true}]}}