{"id":6281,"date":"2021-03-29T15:46:52","date_gmt":"2021-03-29T15:46:52","guid":{"rendered":"https:\/\/caumas.org\/revista\/?p=6281"},"modified":"2021-03-29T15:46:52","modified_gmt":"2021-03-29T15:46:52","slug":"olvidar-nunca-2020-un-ano-para-recordar","status":"publish","type":"post","link":"https:\/\/caumas.org\/revista\/olvidar-nunca-2020-un-ano-para-recordar\/","title":{"rendered":"Olvidar, \u00a1nunca! 2020 un a\u00f1o para recordar"},"content":{"rendered":"<p>[vc_row][vc_column][vc_column_text]<\/p>\n<p style=\"text-align: justify;\">[\/vc_column_text][\/vc_column][\/vc_row][vc_row][vc_column][vc_column_text]<\/p>\n<h1 style=\"text-align: justify;\">Olvidar, \u00a1nunca! 2020 un a\u00f1o para recordar<div class=\"gap\" style=\"line-height: 16px; height: 16px;\"><\/div><\/h1>\n<p style=\"text-align: justify;\">Finaliza el a\u00f1o 2020, un a\u00f1o maldito, en el que hemos vivido una pesadilla que, lamentablemente, todav\u00eda continuar\u00e1 en el 2021, porque la pandemia no pasa la hoja del calendario, se mantiene aferrada a nuestra salud.<\/p>\n<p style=\"text-align: justify;\">Parece ser que se ve luz al final del t\u00fanel, un peque\u00f1o resquicio luminoso que debemos vigilar y no perder de vista para no adentrarnos, de nuevo, en la oscuridad de la pandemia descontrolada con millones de muertos. Seg\u00fan los datos de la OMS, en diciembre de 2020, en el mundo han muerto un mill\u00f3n ochocientas mil personas; lo cual nos hace pensar que han sido muchos m\u00e1s muertos, pues hay que sumar a todas esas personas invisibles, que no est\u00e1n registradas, que son inexistentes para las estad\u00edsticas.<\/p>\n<p style=\"text-align: justify;\">No ser\u00e1 el a\u00f1o 2020 un a\u00f1o para olvidar, ha sido demasiado atroz, nos ha golpeado brutalmente, nos ha pillado por sorpresa desestabilizando el d\u00e9bil equilibrio que hemos creado en nuestra sociedad.<\/p>\n<p style=\"text-align: justify;\">Por eso debemos recordarlo como el a\u00f1o en que la humanidad padeci\u00f3 las consecuencias de mirar solamente su ombligo y actuar como parte de un planeta en el que los intereses humanos prevalecen a costa de los dem\u00e1s componentes que dan vida a la Tierra, sin pensar en la necesaria simbiosis con el entorno.<\/p>\n<p style=\"text-align: justify;\">Debemos recordar que nos necesitamos mutuamente, que nuestros actos se pueden volver contra nosotros, ensa\u00f1\u00e1ndose siempre con los m\u00e1s d\u00e9biles, con los desprotegidos.<\/p>\n<p style=\"text-align: justify;\">Un a\u00f1o para recordar la evidencia de las desigualdades que se han manifestado con la pandemia.<\/p>\n<p style=\"text-align: justify;\">Para recordar que todo es posible, que somos vulnerables que, algo tan diminuto y ajeno como un virus, cambi\u00f3 nuestro presente y nuestro futuro.<\/p>\n<p style=\"text-align: justify;\">Para recordar que lo com\u00fan, lo colectivo, es m\u00e1s importante que lo individual.<\/p>\n<p style=\"text-align: justify;\">Para recordar que -los cient\u00edficos- la ciencia lo predijo y que, poniendo los medios necesarios, se fabric\u00f3 la vacuna que podr\u00e1 protegernos, realizando su desarrollo en un plazo de tiempo inimaginablemente corto en circunstancias \u201cnormales\u201d.<\/p>\n<p style=\"text-align: justify;\">Para recordar que la ciencia necesita m\u00e1s medios, que es prioritaria la inversi\u00f3n en investigaci\u00f3n.<\/p>\n<p style=\"text-align: justify;\">Para recordar el valor de las peque\u00f1as cosas, de los abrazos, de los momentos en compa\u00f1\u00eda.<\/p>\n<p style=\"text-align: justify;\">Para recordar a los que se han ido, a aquellos que han sufrido y sufren la covid-19, a los que no est\u00e1n y a los que quedan con secuelas irreversibles.<\/p>\n<p style=\"text-align: justify;\">Por todo ello, no debemos olvidar el a\u00f1o 2020, para no repetir los mismos errores y para recordar aquel leve -ef\u00edmero- instante en que sentimos la solidaridad; eso sucedi\u00f3 cuando est\u00e1bamos muy, muy asustados.<\/p>\n<p style=\"text-align: justify;\"><strong>Diciembre 2020<\/strong><\/p>\n<p>[\/vc_column_text][\/vc_column][\/vc_row][vc_row][vc_column][vc_column_text]<\/p>\n<p>[\/vc_column_text][\/vc_column][\/vc_row]<\/p>\n","protected":false},"excerpt":{"rendered":"<p>[vc_row][vc_column][vc_column_text] [\/vc_column_text][\/vc_column][\/vc_row][vc_row][vc_column][vc_column_text] Olvidar, \u00a1nunca! 2020 un a\u00f1o para recordar Finaliza el a\u00f1o 2020, un a\u00f1o maldito, en el que hemos vivido una pesadilla que, lamentablemente, todav\u00eda continuar\u00e1 en el 2021, porque la pandemia no pasa la hoja del calendario, se mantiene aferrada a nuestra salud. Parece ser que se ve luz al final del t\u00fanel,&hellip;<\/p>\n","protected":false},"author":1,"featured_media":6269,"comment_status":"closed","ping_status":"closed","sticky":false,"template":"","format":"standard","meta":{"footnotes":""},"categories":[202,55],"tags":[],"class_list":["post-6281","post","type-post","status-publish","format-standard","has-post-thumbnail","hentry","category-33-editorial-dic-2020","category-editorial","category-202","category-55","description-off"],"_links":{"self":[{"href":"https:\/\/caumas.org\/revista\/wp-json\/wp\/v2\/posts\/6281","targetHints":{"allow":["GET"]}}],"collection":[{"href":"https:\/\/caumas.org\/revista\/wp-json\/wp\/v2\/posts"}],"about":[{"href":"https:\/\/caumas.org\/revista\/wp-json\/wp\/v2\/types\/post"}],"author":[{"embeddable":true,"href":"https:\/\/caumas.org\/revista\/wp-json\/wp\/v2\/users\/1"}],"replies":[{"embeddable":true,"href":"https:\/\/caumas.org\/revista\/wp-json\/wp\/v2\/comments?post=6281"}],"version-history":[{"count":1,"href":"https:\/\/caumas.org\/revista\/wp-json\/wp\/v2\/posts\/6281\/revisions"}],"predecessor-version":[{"id":6287,"href":"https:\/\/caumas.org\/revista\/wp-json\/wp\/v2\/posts\/6281\/revisions\/6287"}],"wp:featuredmedia":[{"embeddable":true,"href":"https:\/\/caumas.org\/revista\/wp-json\/wp\/v2\/media\/6269"}],"wp:attachment":[{"href":"https:\/\/caumas.org\/revista\/wp-json\/wp\/v2\/media?parent=6281"}],"wp:term":[{"taxonomy":"category","embeddable":true,"href":"https:\/\/caumas.org\/revista\/wp-json\/wp\/v2\/categories?post=6281"},{"taxonomy":"post_tag","embeddable":true,"href":"https:\/\/caumas.org\/revista\/wp-json\/wp\/v2\/tags?post=6281"}],"curies":[{"name":"wp","href":"https:\/\/api.w.org\/{rel}","templated":true}]}}