{"id":6532,"date":"2021-06-21T19:00:23","date_gmt":"2021-06-21T19:00:23","guid":{"rendered":"https:\/\/caumas.org\/revista\/?p=6532"},"modified":"2021-06-21T19:00:23","modified_gmt":"2021-06-21T19:00:23","slug":"calidad-de-vida-madurescencia-alejandro-otero","status":"publish","type":"post","link":"https:\/\/caumas.org\/revista\/calidad-de-vida-madurescencia-alejandro-otero\/","title":{"rendered":"CALIDAD DE VIDA (Madurescencia)<br> Alejandro Otero"},"content":{"rendered":"<p>[vc_row full_width_row=&#8221;true&#8221;][vc_column]<div id=\"ultimate-heading-842569f1773126875\" class=\"uvc-heading ult-adjust-bottom-margin ultimate-heading-842569f1773126875 uvc-6754  uvc-heading-default-font-sizes\" data-hspacer=\"no_spacer\"  data-halign=\"left\" style=\"text-align:left\"><div class=\"uvc-heading-spacer no_spacer\" style=\"top\"><\/div><div class=\"uvc-main-heading ult-responsive\"  data-ultimate-target='.uvc-heading.ultimate-heading-842569f1773126875 h2'  data-responsive-json-new='{\"font-size\":\"\",\"line-height\":\"\"}' ><h2 style=\"font-family:&#039;Viga&#039;;--font-weight:theme;\">CALIDAD DE VIDA (Madurescencia)<\/h2><\/div><div class=\"uvc-sub-heading ult-responsive\"  data-ultimate-target='.uvc-heading.ultimate-heading-842569f1773126875 .uvc-sub-heading '  data-responsive-json-new='{\"font-size\":\"\",\"line-height\":\"\"}'  style=\"font-weight:normal;\">Alejandro Otero<\/div><\/div>[vc_empty_space height=&#8221;16px&#8221;][vc_row_inner][vc_column_inner][vc_column_text]<\/p>\n<p style=\"text-align: justify;\">Para que el momento de nuestra vida despu\u00e9s de la vida laboral transcurra de forma satisfactoria, generando ilusi\u00f3n, tranquilidad, autoestima y sabidur\u00eda, el procedimiento adecuado para encararla tiene que desarrollarse en un marco apropiado, que procure controlar o mejorar las situaciones de mayor fragilidad que puedan afectar a las esferas f\u00edsica, cognitiva, afectiva y social; y esto se puede conseguir en los Programas Universitarios de Mayores de nuestras Universidades (PUM).<\/p>\n<p><img fetchpriority=\"high\" decoding=\"async\" class=\"alignnone size-full wp-image-6533 aligncenter\" src=\"https:\/\/caumas.org\/revista\/wp-content\/uploads\/2021\/06\/01-ALEJANDRO-OTERO.jpg\" alt=\"\" width=\"365\" height=\"244\" srcset=\"https:\/\/caumas.org\/revista\/wp-content\/uploads\/2021\/06\/01-ALEJANDRO-OTERO.jpg 365w, https:\/\/caumas.org\/revista\/wp-content\/uploads\/2021\/06\/01-ALEJANDRO-OTERO-300x201.jpg 300w\" sizes=\"(max-width: 365px) 100vw, 365px\" \/><\/p>\n<p style=\"text-align: justify;\">Se trata un programa elaborado para estas personas, con un objetivo claro de formaci\u00f3n dentro de las aulas, en las que est\u00e1 conviviendo una generaci\u00f3n de personas que han decidido seguir form\u00e1ndose despu\u00e9s de su vida laboral, donde se les facilitan los medios para conseguirlo. El modelo de envejecimiento activo dentro de las aulas universitarias va \u00edntimamente ligado al concepto de calidad de vida.<\/p>\n<p style=\"text-align: justify;\">Paralelamente al aumento de la esperanza de vida, surgi\u00f3 en la d\u00e9cada de los sesenta del siglo XX un nuevo concepto aplicado a las personas mayores. y ahora nos encontramos en el siglo XXI, que llegar\u00e1n a su nueva vida despu\u00e9s de la laboral, la generaci\u00f3n de personas mayores con m\u00e1s formaci\u00f3n en la historia.<\/p>\n<p style=\"text-align: justify;\">En una primera aproximaci\u00f3n el concepto de calidad de vida se asoci\u00f3 con las condiciones materiales en que se desenvuelve la existencia y la forma de vivir en tales condiciones. Ahora nos encontramos con una generaci\u00f3n, madurescente, formada, que ha viajado, conocen idiomas y utilizan las TICs, con el riesgo de caer en la <strong>SOLEDAD NO DESEADA<\/strong>, la futura pandemia de este siglo, si no conseguimos controlarla desde este momento. En Galicia est\u00e1 trabajando plenamente la Xunta de Galicia, estando la Federaci\u00f3n Gallega de Alumnos Universitarios Seniors (FEGAUS) dentro del equipo de este proyecto.<\/p>\n<p style=\"text-align: justify;\">El bienestar en este momento de la vida, que se prolongar\u00e1 bastantes a\u00f1os, adem\u00e1s de factores econ\u00f3micos, educativos y sociales, exige la habilidad de la persona mayor para abarcar y adaptarse a los inevitables cambios. En definitiva, la calidad de vida alude a un sentimiento de bienestar psicof\u00edsico y socioecon\u00f3mico. Y esto necesita seguir form\u00e1ndose a lo largo de toda la vida.<\/p>\n<p style=\"text-align: justify;\">La satisfacci\u00f3n que experimentan estas personas como resultado de su participaci\u00f3n en las actividades universitarias, en el medio familiar, en el \u00e1mbito comunal, voluntariado etc, en relaci\u00f3n con las cuales se ejercitan sus capacidades humanas y se desarrolla su personalidad, logran mejorar su calidad de vida, pero sobre todo superar la Soledad no Deseada, un objetivo que desde FEGAUS, estamos trabajando desde hace dos a\u00f1os y seguiremos ejerciendo esta informaci\u00f3n y formaci\u00f3n para conseguir superar el reto que comienza a emerger en Galicia, y el resto de Espa\u00f1a, con el envejecimiento de la poblaci\u00f3n.<\/p>\n<p style=\"text-align: justify;\">Nuestra sociedad ha de estar preparada para estos cambios y actuar en consecuencia mediante una intervenci\u00f3n integral, haciendo hincapi\u00e9 en el aspecto socioeducativo. Se deben dar respuestas a estas necesidades desde iniciativas p\u00fablicas y privadas a trav\u00e9s de la integraci\u00f3n, el aprovechamiento del tiempo libre, el mantenimiento f\u00edsico, la animaci\u00f3n sociocultural, la asistencia personalizada, la educaci\u00f3n para la salud, etc. Por ello, la acci\u00f3n formativa con las personas mayores ha de convertirse en el motor que transforme sus vidas y, tambi\u00e9n, la sociedad en general.<\/p>\n<p><img decoding=\"async\" class=\"alignnone size-full wp-image-6534 aligncenter\" src=\"https:\/\/caumas.org\/revista\/wp-content\/uploads\/2021\/06\/02-ALEJANDRO-OTERO.jpg\" alt=\"\" width=\"371\" height=\"246\" srcset=\"https:\/\/caumas.org\/revista\/wp-content\/uploads\/2021\/06\/02-ALEJANDRO-OTERO.jpg 371w, https:\/\/caumas.org\/revista\/wp-content\/uploads\/2021\/06\/02-ALEJANDRO-OTERO-300x199.jpg 300w\" sizes=\"(max-width: 371px) 100vw, 371px\" \/><\/p>\n<p style=\"text-align: justify;\">FEGAUS est\u00e1 comprometida desde hace a\u00f1os en este objetivo estrat\u00e9gico de conseguir concienciar a esta nueva generaci\u00f3n de personas mayores de la necesidad de la formaci\u00f3n para seguir creciendo y llevar al medio rural estas iniciativas.<\/p>\n<p style=\"text-align: justify;\">Como dec\u00eda. Albert Einstein.<\/p>\n<p style=\"text-align: center;\"><em><strong>La mente es como un paraca\u00eddas:<br \/>\ns\u00f3lo funciona si se abre.<\/strong><\/em><\/p>\n<p style=\"text-align: right;\"><em><strong>Alejandro Otero Davila.<\/strong><\/em><br \/>\n<em><strong>Presidente de la Federaci\u00f3n Gallega de <\/strong><\/em><br \/>\n<em><strong>Alumnos Universitarios Seniors (FEGAUS)<\/strong><\/em><\/p>\n<p>[\/vc_column_text][\/vc_column_inner][\/vc_row_inner][\/vc_column][\/vc_row]<\/p>\n","protected":false},"excerpt":{"rendered":"<p>[vc_row full_width_row=&#8221;true&#8221;][vc_column][vc_empty_space height=&#8221;16px&#8221;][vc_row_inner][vc_column_inner][vc_column_text] Para que el momento de nuestra vida despu\u00e9s de la vida laboral transcurra de forma satisfactoria, generando ilusi\u00f3n, tranquilidad, autoestima y sabidur\u00eda, el procedimiento adecuado para encararla tiene que desarrollarse en un marco apropiado, que procure controlar o mejorar las situaciones de mayor fragilidad que puedan afectar a las esferas f\u00edsica, cognitiva,&hellip;<\/p>\n","protected":false},"author":1,"featured_media":6535,"comment_status":"closed","ping_status":"closed","sticky":false,"template":"","format":"standard","meta":{"footnotes":""},"categories":[214,57],"tags":[],"class_list":["post-6532","post","type-post","status-publish","format-standard","has-post-thumbnail","hentry","category-35-opinion-jun-2021","category-opinion","category-214","category-57","description-off"],"_links":{"self":[{"href":"https:\/\/caumas.org\/revista\/wp-json\/wp\/v2\/posts\/6532","targetHints":{"allow":["GET"]}}],"collection":[{"href":"https:\/\/caumas.org\/revista\/wp-json\/wp\/v2\/posts"}],"about":[{"href":"https:\/\/caumas.org\/revista\/wp-json\/wp\/v2\/types\/post"}],"author":[{"embeddable":true,"href":"https:\/\/caumas.org\/revista\/wp-json\/wp\/v2\/users\/1"}],"replies":[{"embeddable":true,"href":"https:\/\/caumas.org\/revista\/wp-json\/wp\/v2\/comments?post=6532"}],"version-history":[{"count":1,"href":"https:\/\/caumas.org\/revista\/wp-json\/wp\/v2\/posts\/6532\/revisions"}],"predecessor-version":[{"id":6536,"href":"https:\/\/caumas.org\/revista\/wp-json\/wp\/v2\/posts\/6532\/revisions\/6536"}],"wp:featuredmedia":[{"embeddable":true,"href":"https:\/\/caumas.org\/revista\/wp-json\/wp\/v2\/media\/6535"}],"wp:attachment":[{"href":"https:\/\/caumas.org\/revista\/wp-json\/wp\/v2\/media?parent=6532"}],"wp:term":[{"taxonomy":"category","embeddable":true,"href":"https:\/\/caumas.org\/revista\/wp-json\/wp\/v2\/categories?post=6532"},{"taxonomy":"post_tag","embeddable":true,"href":"https:\/\/caumas.org\/revista\/wp-json\/wp\/v2\/tags?post=6532"}],"curies":[{"name":"wp","href":"https:\/\/api.w.org\/{rel}","templated":true}]}}