{"id":6548,"date":"2021-06-22T14:52:05","date_gmt":"2021-06-22T14:52:05","guid":{"rendered":"https:\/\/caumas.org\/revista\/?p=6548"},"modified":"2021-06-22T14:53:04","modified_gmt":"2021-06-22T14:53:04","slug":"la-catedral-de-reims-y-la-soledad-miguel-angel-martinez-coello","status":"publish","type":"post","link":"https:\/\/caumas.org\/revista\/la-catedral-de-reims-y-la-soledad-miguel-angel-martinez-coello\/","title":{"rendered":"La catedral de Reims y la soledad <br> Miguel \u00c1ngel Mart\u00ednez Coello"},"content":{"rendered":"<p>[vc_row full_width_row=&#8221;true&#8221;][vc_column]<div id=\"ultimate-heading-834969f177d0204cf\" class=\"uvc-heading ult-adjust-bottom-margin ultimate-heading-834969f177d0204cf uvc-1602  uvc-heading-default-font-sizes\" data-hspacer=\"no_spacer\"  data-halign=\"left\" style=\"text-align:left\"><div class=\"uvc-heading-spacer no_spacer\" style=\"top\"><\/div><div class=\"uvc-main-heading ult-responsive\"  data-ultimate-target='.uvc-heading.ultimate-heading-834969f177d0204cf h2'  data-responsive-json-new='{\"font-size\":\"\",\"line-height\":\"\"}' ><h2 style=\"font-family:&#039;Viga&#039;;--font-weight:theme;\">La catedral de Reims y la soledad <\/h2><\/div><div class=\"uvc-sub-heading ult-responsive\"  data-ultimate-target='.uvc-heading.ultimate-heading-834969f177d0204cf .uvc-sub-heading '  data-responsive-json-new='{\"font-size\":\"\",\"line-height\":\"\"}'  style=\"font-weight:normal;\">Miguel \u00c1ngel Mart\u00ednez Coello<\/div><\/div>[vc_empty_space height=&#8221;16px&#8221;][vc_row_inner][vc_column_inner][vc_column_text]<\/p>\n<p style=\"text-align: justify;\"><img fetchpriority=\"high\" decoding=\"async\" class=\"wp-image-6549 aligncenter\" src=\"https:\/\/caumas.org\/revista\/wp-content\/uploads\/2021\/06\/foto-reims.jpeg\" alt=\"\" width=\"579\" height=\"791\" srcset=\"https:\/\/caumas.org\/revista\/wp-content\/uploads\/2021\/06\/foto-reims.jpeg 1250w, https:\/\/caumas.org\/revista\/wp-content\/uploads\/2021\/06\/foto-reims-220x300.jpeg 220w, https:\/\/caumas.org\/revista\/wp-content\/uploads\/2021\/06\/foto-reims-750x1024.jpeg 750w, https:\/\/caumas.org\/revista\/wp-content\/uploads\/2021\/06\/foto-reims-768x1049.jpeg 768w, https:\/\/caumas.org\/revista\/wp-content\/uploads\/2021\/06\/foto-reims-1125x1536.jpeg 1125w\" sizes=\"(max-width: 579px) 100vw, 579px\" \/><\/p>\n<p style=\"text-align: center;\"><em>REIMS &#8211; CATHEDRALE INCENDIE\u00c9E PAR LES ALLEMANDS.<br \/>\nCPA Tarjeta Postal de la \u00e9poca, propiedad del autor del art\u00edculo<\/em><\/p>\n<p style=\"text-align: justify;\">A\u00fan que nos asombre la imagen, s\u00ed\u2026 es la catedral de Reims, joya del g\u00f3tico del S XIII, poco despu\u00e9s de que los alemanes la incendiaran el 19 de septiembre de 1914 a las 4 de la tarde, reci\u00e9n inaugurada la 1\u00aa guerra mundial.<\/p>\n<p style=\"text-align: justify;\">El lector se preguntar\u00e1; \u00bfQue tiene que ver la soledad con \u00e9sta imagen tenebrosa? Pues bien; lo <strong>que la imagen nos ense\u00f1a es lo que casi nunca deseamos ver y tratamos siempre de ocultar<\/strong>\u2026 Las consecuencias que acarrean el no querer ver el mal y <strong>hacerse el \u201clonguis\u201d<\/strong> ante cualquier problema.<\/p>\n<p style=\"text-align: justify;\">Siempre nos acordamos de Santa B\u00e1rbara cuando truena y nadie escucha la advertencia de la voz de alarma\u2026 \u00a1que viene el lobo!, hasta que caen los rayos y tenemos el lobo delante. Esto viene a cuento y nunca mejor dicho que a poco que observemos nuestro entorno actual nos daremos cuenta de lo que de verdad est\u00e1 pasando.<\/p>\n<p style=\"text-align: justify;\">Os cuento:<\/p>\n<p style=\"text-align: justify;\">Hace unos d\u00edas acud\u00ed a mi cita al recinto habilitado para la vacunaci\u00f3n correspondiente contra el Covid-19 en mi ciudad. Nada m\u00e1s llegar observ\u00e9 como una inmensa caravana de coches ocupados por una o dos personas \u201cmayores\u201d iban aparcando en las inmediaciones.<\/p>\n<p style=\"text-align: justify;\">Observaba con asombro c\u00f3mo iban descendiendo de sus veh\u00edculos <strong>personas de aspecto \u201cgris\u201d, sin expresi\u00f3n en su mirada, muchos arrastrando los pies como si se les hubiera olvidado caminar que en silencio se incorporaban a la masa humana en busca de la vacuna obligatoria que remediase milagrosamente el mal que no ten\u00edan.<\/strong><\/p>\n<p style=\"text-align: justify;\">La cosa no acab\u00f3 con aquella \u201c<strong>visi\u00f3n zombi<\/strong>\u201d\u2026 Observ\u00e9 como una mujer se acercaba a un celador dici\u00e9ndole que al d\u00eda siguiente le tocar\u00eda a ella vacunarse pero que como ten\u00eda \u201cgraves patolog\u00edas previas\u201d su m\u00e9dico de cabecera le aconsej\u00f3 que lo consultase antes con el m\u00e9dico que le correspondiese en el centro de vacunaci\u00f3n.<\/p>\n<p style=\"text-align: justify;\">A medida que acced\u00eda al lugar de vacunaci\u00f3n, en columna paralela, observ\u00e9 como la citada se\u00f1ora explicaba a un \u201calguien\u201d, que en su espalda lleva el cartel de \u201cM\u00e9dico\u201d apostado como en la barra de un bar en el puesto de informaci\u00f3n y que parec\u00eda escuchar a la se\u00f1ora sus lamentos\u2026 hasta que <strong>observ\u00e9 que la mujer que se alejaba llorando<\/strong>. No pude contenerme y le pregunt\u00e9 lo que hab\u00eda pasado, y que desconsolada me relat\u00f3: Me dijo que hiciera lo que me diera la gana\u2026 que \u00e9l no ten\u00eda que aconsejar nada a nadie y que<strong> estaba all\u00ed para otras \u201ccosas m\u00e1s importantes\u201d.<\/strong><\/p>\n<p style=\"text-align: justify;\">\u00c9ste es un ejemplo real de las causas reales que originan el mal y que siempre pasado un tiempo tratamos de olvidar y que nunca tratamos de ponerle remedio. As\u00ed el problema sigue avanzando hasta que ya no hay vuelta atr\u00e1s.<\/p>\n<p style=\"text-align: justify;\">S\u00ed, claro que hay \u201calgunos c\u00e1nceres\u201d que se curan y algunas catedrales que se restauran pero\u2026 <strong>\u00bfvolver\u00e1n a ser las mismas?&#8230; jam\u00e1s.<\/strong><\/p>\n<p style=\"text-align: justify;\">Ante \u00e9ste ejemplo tenemos que necesariamente pensar que<strong> lo peligroso de la soledad es; que es el resultado, no el problema.<\/strong><\/p>\n<p style=\"text-align: justify;\">Me explico:<\/p>\n<p style=\"text-align: justify;\">Para resolver un problema hay que conocer el enunciado o lo que es lo mismo, las causas, y una vez razonado se busca la soluci\u00f3n que es da la respuesta al mismo por medio de un resultado.<\/p>\n<p style=\"text-align: justify;\">Eso es lo que hay, el estudio de <strong>las causas que provocan el mal hay que atacarlas de ra\u00edz si se quiere evitar esa \u201csoledad no deseada\u201d<\/strong> y si por el contrario no atacamos al problema nos a\u00f1adiremos al \u201cmundo zombi\u201d en el que mucha gente sin saberlo, est\u00e1 ya inmerso.<\/p>\n<p style=\"text-align: justify;\">El regreso es muy dif\u00edcil, por no decir imposible.<\/p>\n<p style=\"text-align: right;\"><span style=\"font-size: 8pt;\"><em><strong>Miguel \u00c1ngel Mart\u00ednez Coello<\/strong><\/em><\/span><br \/>\n<span style=\"font-size: 8pt;\"><em><strong>Responsable de prensa y comunicaci\u00f3n de FEGAUS <\/strong><\/em><\/span><br \/>\n<span style=\"font-size: 8pt;\"><em><strong>(Federaci\u00f3n Galega de Asociaci\u00f3ns Universitarias S\u00e9nior)<\/strong><\/em><\/span><\/p>\n<p>[\/vc_column_text][\/vc_column_inner][\/vc_row_inner][\/vc_column][\/vc_row]<\/p>\n","protected":false},"excerpt":{"rendered":"<p>[vc_row full_width_row=&#8221;true&#8221;][vc_column][vc_empty_space height=&#8221;16px&#8221;][vc_row_inner][vc_column_inner][vc_column_text] REIMS &#8211; CATHEDRALE INCENDIE\u00c9E PAR LES ALLEMANDS. CPA Tarjeta Postal de la \u00e9poca, propiedad del autor del art\u00edculo A\u00fan que nos asombre la imagen, s\u00ed\u2026 es la catedral de Reims, joya del g\u00f3tico del S XIII, poco despu\u00e9s de que los alemanes la incendiaran el 19 de septiembre de 1914 a las&hellip;<\/p>\n","protected":false},"author":1,"featured_media":6550,"comment_status":"closed","ping_status":"closed","sticky":false,"template":"","format":"standard","meta":{"footnotes":""},"categories":[214,57],"tags":[],"class_list":["post-6548","post","type-post","status-publish","format-standard","has-post-thumbnail","hentry","category-35-opinion-jun-2021","category-opinion","category-214","category-57","description-off"],"_links":{"self":[{"href":"https:\/\/caumas.org\/revista\/wp-json\/wp\/v2\/posts\/6548","targetHints":{"allow":["GET"]}}],"collection":[{"href":"https:\/\/caumas.org\/revista\/wp-json\/wp\/v2\/posts"}],"about":[{"href":"https:\/\/caumas.org\/revista\/wp-json\/wp\/v2\/types\/post"}],"author":[{"embeddable":true,"href":"https:\/\/caumas.org\/revista\/wp-json\/wp\/v2\/users\/1"}],"replies":[{"embeddable":true,"href":"https:\/\/caumas.org\/revista\/wp-json\/wp\/v2\/comments?post=6548"}],"version-history":[{"count":2,"href":"https:\/\/caumas.org\/revista\/wp-json\/wp\/v2\/posts\/6548\/revisions"}],"predecessor-version":[{"id":6552,"href":"https:\/\/caumas.org\/revista\/wp-json\/wp\/v2\/posts\/6548\/revisions\/6552"}],"wp:featuredmedia":[{"embeddable":true,"href":"https:\/\/caumas.org\/revista\/wp-json\/wp\/v2\/media\/6550"}],"wp:attachment":[{"href":"https:\/\/caumas.org\/revista\/wp-json\/wp\/v2\/media?parent=6548"}],"wp:term":[{"taxonomy":"category","embeddable":true,"href":"https:\/\/caumas.org\/revista\/wp-json\/wp\/v2\/categories?post=6548"},{"taxonomy":"post_tag","embeddable":true,"href":"https:\/\/caumas.org\/revista\/wp-json\/wp\/v2\/tags?post=6548"}],"curies":[{"name":"wp","href":"https:\/\/api.w.org\/{rel}","templated":true}]}}