{"id":6587,"date":"2021-06-22T16:03:32","date_gmt":"2021-06-22T16:03:32","guid":{"rendered":"https:\/\/caumas.org\/revista\/?p=6587"},"modified":"2021-06-28T09:42:40","modified_gmt":"2021-06-28T09:42:40","slug":"sabias-que-pedro-domingo-olle","status":"publish","type":"post","link":"https:\/\/caumas.org\/revista\/sabias-que-pedro-domingo-olle\/","title":{"rendered":"Sab\u00edas que &#8230; <br> Pedro Domingo Olle"},"content":{"rendered":"<p>[vc_row full_width_row=&#8221;true&#8221;][vc_column]<div id=\"ultimate-heading-825669f17650a48fa\" class=\"uvc-heading ult-adjust-bottom-margin ultimate-heading-825669f17650a48fa uvc-2576  uvc-heading-default-font-sizes\" data-hspacer=\"no_spacer\"  data-halign=\"left\" style=\"text-align:left\"><div class=\"uvc-heading-spacer no_spacer\" style=\"top\"><\/div><div class=\"uvc-main-heading ult-responsive\"  data-ultimate-target='.uvc-heading.ultimate-heading-825669f17650a48fa h2'  data-responsive-json-new='{\"font-size\":\"\",\"line-height\":\"\"}' ><h2 style=\"font-family:&#039;Viga&#039;;--font-weight:theme;\">Sab\u00edas que ...<\/h2><\/div><div class=\"uvc-sub-heading ult-responsive\"  data-ultimate-target='.uvc-heading.ultimate-heading-825669f17650a48fa .uvc-sub-heading '  data-responsive-json-new='{\"font-size\":\"\",\"line-height\":\"\"}'  style=\"font-weight:normal;\">Pedro Domingo Olle<\/div><\/div>[vc_empty_space height=&#8221;16px&#8221;][vc_column_text]<\/p>\n<p style=\"text-align: justify;\">Si bajamos por la calle Toledo, despu\u00e9s de dejar el Rastro a un lado, nos encontramos ese charco alargado de unos 90 kil\u00f3metros que nace en las laderas de Guarramillas, justo en el ventisquero de la Condesa, se pasea por Madrid y desemboca serpenteando cerca de Arganda del Rey en el r\u00edo Jarama.<\/p>\n<p style=\"text-align: justify;\">Efectivamente, hablamos del r\u00edo Manzanares. \u201cFelipeaba\u201d el a\u00f1o 1581 cuando el ingeniero Juan Bautista Antonelli- el mismo que reconstruy\u00f3 el castillo de Pe\u00f1\u00edscola- le propone a Felipe II la canalizaci\u00f3n del r\u00edo Tajo hasta Lisboa, y as\u00ed convertir Toledo en el puerto de Madrid. Varias esclusas dar\u00edan m\u00e1s caudal a los r\u00edos Manzanares y Jarama para llegar al mism\u00edsimo puente de Toledo. El proyecto no se llev\u00f3 a cabo.<\/p>\n<p style=\"text-align: justify;\">Es aqu\u00ed donde estamos y desde donde comenzamos este paseo, aunque sea virtual. Fue D. Francisco de Salcedo y Aguirre, Marqu\u00e9s de Vadillo y corregidor de la ciudad, quien a instancia de Felipe V manda construir a Pedro de Ribera este magn\u00edfico puente entre 1719 y 1732. Unas esculturas de San isidro y Santa Mar\u00eda de la Cabeza, realizadas por Juan Ron decoran el conjunto, considerado monumento nacional en 1956.<\/p>\n<p style=\"text-align: justify;\">Seguimos contra corriente por la vereda del r\u00edo, y en seguido nos encontramos con los restos del estadio Manzanares, un lugar de desahogo que fue para los amantes del Atl\u00e9tico de Madrid. Muy cerquita, est\u00e1 el puente de Segovia, una obra de Juan de Herrera -el mismo que construy\u00f3 el Monasterio del Escorial- y que termin\u00f3 en 1598 coincidiendo con la muerte de Felipe II.<\/p>\n<p style=\"text-align: justify;\">Mas moderno es el puente del Rey, que da entrada a la Casa de Campo, aquellos jardines que hab\u00edan pertenecido a la familia Vargas y Felipe II compr\u00f3 de un \u201cplumazo\u201d.<\/p>\n<p style=\"text-align: justify;\">Junto a la ermita de San Antonio de la Florida, adem\u00e1s de los frescos de Goya tenemos enfrente un puente de gran belleza, es el de la Reina Victoria Eugenia. Fue realizado por el arquitecto Mart\u00ednez Zapata, de la escuela de Chicago, simbolizando muy bien a Madrid pues tiene varios osos que abrazan con ternura a unas farolas.<\/p>\n<p style=\"text-align: justify;\">A pocos metros est\u00e1 el puente de los franceses, llamado as\u00ed por la compa\u00f1\u00eda francesa que lo construy\u00f3, es un viaducto que se hizo para unir Aravaca con Madrid.<\/p>\n<p style=\"text-align: justify;\">Mas adelante y un poco escondido est\u00e1 el puente de San Fernando, mandado construir por Fernando VI, est\u00e1 en el camino al Pardo. Regresamos y me quedo mirando la Puerta de Hierro, que nunca fue puerta ni est\u00e1 ubicada en su lugar inicial, solo fue un cerramiento para separar Madrid del Pardo. Lo mand\u00f3 construir Fernando VI a Francisco Moradillo y lo atraves\u00f3 Jos\u00e9 Bonaparte el 17 de marzo de 1815 rodeado de una gran escolta cuando dejaba Madrid. Fue un rey con buenas intenciones, pero con un pecado original que la historia no le perdon\u00f3: jurar la monarqu\u00eda en Bayona.<\/p>\n<p style=\"text-align: justify;\">Como empiezo a tener hambre me acercar\u00e9 a casa Mingo junto a San Antonio de la Florida para comerme un \u201cpollito a la sidra\u201d y un \u201ctaquito\u201d de cabrales. Siempre que voy por all\u00ed oigo en el ambiente una musiquilla de Lilian de Celis cuando cantaba el chotis \u201cRosa de Madrid \u201c<\/p>\n<p><strong><img fetchpriority=\"high\" decoding=\"async\" class=\"alignnone size-full wp-image-6588 aligncenter\" src=\"https:\/\/caumas.org\/revista\/wp-content\/uploads\/2021\/06\/11-COLABORACIONES.jpg\" alt=\"\" width=\"771\" height=\"417\" srcset=\"https:\/\/caumas.org\/revista\/wp-content\/uploads\/2021\/06\/11-COLABORACIONES.jpg 771w, https:\/\/caumas.org\/revista\/wp-content\/uploads\/2021\/06\/11-COLABORACIONES-300x162.jpg 300w, https:\/\/caumas.org\/revista\/wp-content\/uploads\/2021\/06\/11-COLABORACIONES-768x415.jpg 768w\" sizes=\"(max-width: 771px) 100vw, 771px\" \/><\/strong><\/p>\n<p style=\"text-align: justify;\"><strong>Nacida en el Madrid de la Bombilla, d\u00b4Embajadoress y de la caaava \u2026,<\/strong><br \/>\n<strong>Era ADAMUC mi pasi\u00f3n, mi vida,<\/strong><br \/>\n<strong>Era el mundo entero..<\/strong><\/p>\n<p style=\"text-align: right;\"><em><strong>Pedro Domingo Olle. <\/strong><\/em><br \/>\n<em><strong>Socio de ADAMUC (Asociaci\u00f3n de Alumnos Mayores de la Universidad Complutense).<\/strong><\/em><\/p>\n<p>[\/vc_column_text][\/vc_column][\/vc_row]<\/p>\n","protected":false},"excerpt":{"rendered":"<p>[vc_row full_width_row=&#8221;true&#8221;][vc_column][vc_empty_space height=&#8221;16px&#8221;][vc_column_text] Si bajamos por la calle Toledo, despu\u00e9s de dejar el Rastro a un lado, nos encontramos ese charco alargado de unos 90 kil\u00f3metros que nace en las laderas de Guarramillas, justo en el ventisquero de la Condesa, se pasea por Madrid y desemboca serpenteando cerca de Arganda del Rey en el r\u00edo&hellip;<\/p>\n","protected":false},"author":1,"featured_media":6589,"comment_status":"closed","ping_status":"closed","sticky":false,"template":"","format":"standard","meta":{"footnotes":""},"categories":[214,57],"tags":[],"class_list":["post-6587","post","type-post","status-publish","format-standard","has-post-thumbnail","hentry","category-35-opinion-jun-2021","category-opinion","category-214","category-57","description-off"],"_links":{"self":[{"href":"https:\/\/caumas.org\/revista\/wp-json\/wp\/v2\/posts\/6587","targetHints":{"allow":["GET"]}}],"collection":[{"href":"https:\/\/caumas.org\/revista\/wp-json\/wp\/v2\/posts"}],"about":[{"href":"https:\/\/caumas.org\/revista\/wp-json\/wp\/v2\/types\/post"}],"author":[{"embeddable":true,"href":"https:\/\/caumas.org\/revista\/wp-json\/wp\/v2\/users\/1"}],"replies":[{"embeddable":true,"href":"https:\/\/caumas.org\/revista\/wp-json\/wp\/v2\/comments?post=6587"}],"version-history":[{"count":1,"href":"https:\/\/caumas.org\/revista\/wp-json\/wp\/v2\/posts\/6587\/revisions"}],"predecessor-version":[{"id":6590,"href":"https:\/\/caumas.org\/revista\/wp-json\/wp\/v2\/posts\/6587\/revisions\/6590"}],"wp:featuredmedia":[{"embeddable":true,"href":"https:\/\/caumas.org\/revista\/wp-json\/wp\/v2\/media\/6589"}],"wp:attachment":[{"href":"https:\/\/caumas.org\/revista\/wp-json\/wp\/v2\/media?parent=6587"}],"wp:term":[{"taxonomy":"category","embeddable":true,"href":"https:\/\/caumas.org\/revista\/wp-json\/wp\/v2\/categories?post=6587"},{"taxonomy":"post_tag","embeddable":true,"href":"https:\/\/caumas.org\/revista\/wp-json\/wp\/v2\/tags?post=6587"}],"curies":[{"name":"wp","href":"https:\/\/api.w.org\/{rel}","templated":true}]}}