{"id":6740,"date":"2021-10-13T10:08:13","date_gmt":"2021-10-13T10:08:13","guid":{"rendered":"https:\/\/caumas.org\/revista\/?p=6740"},"modified":"2021-10-21T20:24:12","modified_gmt":"2021-10-21T20:24:12","slug":"entrevista-a-d-enrique-sanz-gimenez-rico-sj-rector-de-la-universidad-pontificia-comillas-icai-icade-cihs","status":"publish","type":"post","link":"https:\/\/caumas.org\/revista\/entrevista-a-d-enrique-sanz-gimenez-rico-sj-rector-de-la-universidad-pontificia-comillas-icai-icade-cihs\/","title":{"rendered":"Entrevista a D. Enrique Sanz Gim\u00e9nez-Rico, SJ <br>Rector de la Universidad Pontificia Comillas ICAI-ICADE-CIHS"},"content":{"rendered":"<p>[vc_row][vc_column][vc_column_text]<\/p>\n<h2>Entrevista a D. Enrique Sanz Gim\u00e9nez-Rico, SJ<\/h2>\n<p>[\/vc_column_text]<div class=\"gap\" style=\"line-height: 10px; height: 10px;\"><\/div>[vc_row_inner][vc_column_inner]<section class=\"shortcode-action-box table shortcode-action-bg plain-bg\"><div class=\"\"><p style=\"text-align: justify;\"><img decoding=\"async\" class=\"wp-image-5809 size-full alignleft\" src=\"https:\/\/caumas.org\/revista\/wp-content\/uploads\/2021\/10\/Enrique-Sanz.jpg\" alt=\"\" width=\"80\" height=\"80\" \/><\/p>\n<p><strong>Entrevista a D. Enrique Sanz Gim\u00e9nez-Rico, SJ <\/strong>Rector de la Universidad Pontificia Comillas ICAI-ICADE-CIHS.<\/p>\n<p>Comillas es una Universidad de la Iglesia, Pontificia, dirigida desde hace m\u00e1s de un siglo por la Compa\u00f1\u00eda de Jes\u00fas, la instituci\u00f3n privada que cuenta con m\u00e1s universidades en el mundo.<\/p>\n<p>Nacido en Valladolid en 1965, D. Enrique Sanz es Licenciado en Filolog\u00eda B\u00edblica Triling\u00fce por la Universidad Pontificia de Salamanca (1990); Licenciado en Sagrada Escritura por el Pontificio Instituto B\u00edblico de Roma (1997); y doctor en Teolog\u00eda, por Comillas (2000). Especialista en teolog\u00eda del Pentateuco y teolog\u00eda del Salterio, as\u00ed como en espiritualidad del Antiguo Testamento, es profesor de la Facultad de Teolog\u00eda de Comillas desde 2001. Ha sido tambi\u00e9n director del Departamento de Sagrada Escritura e Historia de la Iglesia, vicedecano de la facultad de Teolog\u00eda (2009-2012), y director de la revista de teolog\u00eda pastoral Sal Terrae (2001-2012). Desde el a\u00f1o 2015, hasta su sustituci\u00f3n por Francisco Ram\u00edrez SJ el 5 de mayo de 2021, era decano de las Facultades de Teolog\u00eda y Derecho Can\u00f3nico. Ha sido tambi\u00e9n miembro del consejo de UNIJES (Universidades Jesuitas de Espa\u00f1a).<\/p>\n<\/div><\/section><div class=\"gap\" style=\"line-height: 10px; height: 10px;\"><\/div>[vc_column_text]<\/p>\n<blockquote>\n<p style=\"text-align: justify;\"><em>Desde CAUMAS (Confederaci\u00f3n Estatal de Asociaciones de Alumnos de los Programas Universitarios de Mayores) felicitamos al rector D. Enrique Sanz por su nueva responsabilidad en la direcci\u00f3n de la Universidad Pontificia Comillas y le agradecemos enormemente su atenci\u00f3n para responder a nuestras cuestiones.<br \/>\n<\/em><\/p>\n<\/blockquote>\n<p>[\/vc_column_text]<div class=\"gap\" style=\"line-height: 10px; height: 10px;\"><\/div>[\/vc_column_inner][\/vc_row_inner][\/vc_column][\/vc_row][vc_row][vc_column]<div class=\"gap\" style=\"line-height: 10px; height: 10px;\"><\/div>[vc_column_text]<\/p>\n<blockquote>\n<p style=\"text-align: justify;\"><strong>Seg\u00fan el \u00faltimo ranking de Times Higher Education (THE), uno de los m\u00e1s prestigiosos en todo el mundo, la Universidad Pontificia Comillas es la cuarta universidad en el mundo en el cumplimiento del ODS 7 (Energ\u00eda asequible y no contaminante), la quinta a nivel mundial en el ODS 13 (Acci\u00f3n por el clima), y la decimoquinta en el ODS 8 (Trabajo Decente y crecimiento econ\u00f3mico, adem\u00e1s, THE sit\u00faa a Comillas en el Top 100 del ranking general Times Impact, \u00bfqu\u00e9 esfuerzo extra conlleva conseguir estos magn\u00edficos resultados?<br \/>\n<\/strong><\/p>\n<\/blockquote>\n<p>[\/vc_column_text][vc_column_text]<\/p>\n<p style=\"text-align: justify;\"><img decoding=\"async\" class=\"wp-image-5809 size-full alignleft\" src=\"https:\/\/caumas.org\/revista\/wp-content\/uploads\/2021\/10\/Enrique-Sanz.jpg\" alt=\"\" width=\"80\" height=\"80\" \/>Nuestra universidad tiene la misi\u00f3n de contribuir a lograr un mundo m\u00e1s justo, humano y sostenible. Por ello, m\u00e1s all\u00e1 de la alegr\u00eda que supone ver que nuestro trabajo es bien valorado externamente, en este caso nos sentimos especialmente orgullosos ya que este ranking mide el impacto que las universidades tenemos en la promoci\u00f3n y cumplimiento los ODS de la Agenda 2030 de Naciones Unidas y la Ecolog\u00eda Integral. Estos buenos resultados son fruto del trabajo bien hecho desde hace tiempo en tres dimensiones principales:<\/p>\n<p style=\"text-align: justify;\">1) la promoci\u00f3n de la investigaci\u00f3n de calidad,<br \/>\n2) incluyendo en nuestros programas de grado, m\u00e1ster y doctorado la formaci\u00f3n y preocupaci\u00f3n por estos asuntos, y<br \/>\n3) Comillas es una organizaci\u00f3n sostenible.<\/p>\n<p>[\/vc_column_text][\/vc_column][\/vc_row][vc_row][vc_column]<div class=\"gap\" style=\"line-height: 10px; height: 10px;\"><\/div>[vc_column_text]<\/p>\n<blockquote>\n<p style=\"text-align: justify;\"><strong>Dentro del proyecto life long learning, impulsado por la Comisi\u00f3n Europea, se encuentran los Programas Universitarios de Mayores, como un aprendizaje informal a lo largo de toda la vida, dependiendo su calidad de la capacidad de encontrar recursos de aprendizaje \u00fatiles (digitales y de otro tipo), \u00bfqu\u00e9 medios utiliza la Universidad de Comillas para conseguir el \u00e9xito de este programa?<br \/>\n<\/strong><\/p>\n<\/blockquote>\n<p>[\/vc_column_text][vc_column_text]<\/p>\n<p style=\"text-align: justify;\"><img decoding=\"async\" class=\"wp-image-5809 size-full alignleft\" src=\"https:\/\/caumas.org\/revista\/wp-content\/uploads\/2021\/10\/Enrique-Sanz.jpg\" alt=\"\" width=\"80\" height=\"80\" \/>El primero, la atenci\u00f3n personalizada a nuestros alumnos y a sus intereses formativos. El segundo, una oferta acad\u00e9mica cualificada y cuidada, a la que acompa\u00f1an otras actividades formativas complementarias, que facilita nuestra universidad.<\/p>\n<p>[\/vc_column_text][\/vc_column][\/vc_row][vc_row][vc_column]<div class=\"gap\" style=\"line-height: 10px; height: 10px;\"><\/div>[vc_column_text]<\/p>\n<blockquote>\n<p style=\"text-align: justify;\"><strong>\u00bfC\u00f3mo gestionan en Comillas la transferencia de conocimientos y experiencias a nivel intergeneracional entre el alumnado universitario de todas las edades?<br \/>\n<\/strong><\/p>\n<\/blockquote>\n<p>[\/vc_column_text][vc_column_text]<\/p>\n<p style=\"text-align: justify;\"><img decoding=\"async\" class=\"wp-image-5809 size-full alignleft\" src=\"https:\/\/caumas.org\/revista\/wp-content\/uploads\/2021\/10\/Enrique-Sanz.jpg\" alt=\"\" width=\"80\" height=\"80\" \/>Por medio de programas acad\u00e9micos como la universidad de mayores, el grado en teolog\u00eda dirigido a laicos, los diversos programas que ofrecemos en nuestros centros, especialmente en nuestra Icade Business School.<\/p>\n<p>[\/vc_column_text][\/vc_column][\/vc_row][vc_row][vc_column]<div class=\"gap\" style=\"line-height: 10px; height: 10px;\"><\/div>[vc_column_text]<\/p>\n<blockquote>\n<p style=\"text-align: justify;\"><strong>En Caumas consideramos que la educaci\u00f3n y la formaci\u00f3n tienen que sostenerse en el cuidado de las personas para que aprendan seg\u00fan sus capacidades \u00bfc\u00f3mo aplican este concepto de educaci\u00f3n respecto al alumnado del Programa de Mayores?<br \/>\n<\/strong><\/p>\n<\/blockquote>\n<p>[\/vc_column_text][vc_column_text]<\/p>\n<p style=\"text-align: justify;\"><img decoding=\"async\" class=\"wp-image-5809 size-full alignleft\" src=\"https:\/\/caumas.org\/revista\/wp-content\/uploads\/2021\/10\/Enrique-Sanz.jpg\" alt=\"\" width=\"80\" height=\"80\" \/>Con un seguimiento personalizado por parte de los profesores, de la tutora de alumnos y del director del programa. A ello le acompa\u00f1a la valiosa labor de los delegados de curso.<\/p>\n<p>[\/vc_column_text][\/vc_column][\/vc_row][vc_row][vc_column]<div class=\"gap\" style=\"line-height: 10px; height: 10px;\"><\/div>[vc_column_text]<\/p>\n<blockquote>\n<p style=\"text-align: justify;\"><strong>La publicaci\u00f3n de la \u00faltima clasificaci\u00f3n QS de las 1.300 mejores universidades del mundo coloca a Comillas entre los mejores centros universitarios a escala mundial, mejorando 51 posiciones respecto al a\u00f1o pasado a nivel global y dos a nivel nacional \u00bfse valora el desarrollo del Programa de Mayores en estas clasificaciones?<br \/>\n<\/strong><\/p>\n<\/blockquote>\n<p>[\/vc_column_text][vc_column_text]<\/p>\n<p style=\"text-align: justify;\"><img decoding=\"async\" class=\"wp-image-5809 size-full alignleft\" src=\"https:\/\/caumas.org\/revista\/wp-content\/uploads\/2021\/10\/Enrique-Sanz.jpg\" alt=\"\" width=\"80\" height=\"80\" \/>Como acabo de indicar, es un motivo de satisfacci\u00f3n aparecer en estas clasificaciones junto a las mejores universidades del mundo. Estos rankings internacionales miden muchas cosas, principalmente la investigaci\u00f3n, pero no son capaces de incluir todas las l\u00edneas de actuaci\u00f3n de las universidades. De hecho, y respondiendo m\u00e1s concretamente a su pregunta, QS no incluye indicadores que midan la calidad o el impacto de los programas de mayores que organizamos muchas universidades.<\/p>\n<p>[\/vc_column_text][\/vc_column][\/vc_row][vc_row][vc_column]<div class=\"gap\" style=\"line-height: 10px; height: 10px;\"><\/div>[vc_column_text]<\/p>\n<blockquote>\n<p style=\"text-align: justify;\"><strong>Seg\u00fan QS Graduate Employability 2020 (QS-GE), en cuyo indicador de tasa de empleabilidad (Graduate Employment Rate) aparece Comillas como la primera universidad de Espa\u00f1a en inserci\u00f3n laboral de sus graduados, la segunda en la Uni\u00f3n Europea y la s\u00e9ptima a nivel mundial \u00bfc\u00f3mo afecta este resultado al retorno de la formaci\u00f3n impartida?<br \/>\n<\/strong><\/p>\n<\/blockquote>\n<p>[\/vc_column_text][vc_column_text]<\/p>\n<p style=\"text-align: justify;\"><img decoding=\"async\" class=\"wp-image-5809 size-full alignleft\" src=\"https:\/\/caumas.org\/revista\/wp-content\/uploads\/2021\/10\/Enrique-Sanz.jpg\" alt=\"\" width=\"80\" height=\"80\" \/>Nuestro objetivo es contribuir a mejorar la sociedad y lo hacemos, principalmente, investigando y formando j\u00f3venes. Queremos formar, adem\u00e1s de buenos profesionales, buenos ciudadanos comprometidos con la b\u00fasqueda de soluciones a los problemas que nos enfrentamos como sociedad. Y este objetivo de formaci\u00f3n de buenas personas es recompensado por las empresas que quieren contratar a nuestros egresados por ser algo m\u00e1s que buenos profesionales. Y eso tiene un impacto muy importante en la atracci\u00f3n de m\u00e1s y mejor talento joven que quiere estudiar y formarse en nuestra universidad. Es un circulo virtuoso: buenos estudiantes, profesores competentes y alta empleabilidad.<\/p>\n<p>[\/vc_column_text][\/vc_column][\/vc_row][vc_row][vc_column]<div class=\"gap\" style=\"line-height: 10px; height: 10px;\"><\/div>[vc_column_text]<\/p>\n<blockquote>\n<p style=\"text-align: justify;\"><strong>Recientemente, en la revista de Comillas, usted ha declarado que <em>El objetivo de una universidad es conjugar saberes distintos en busca de uno interdisciplinar y global,<\/em> \u00bfdispone el alumnado senior de esta conjunci\u00f3n de saberes en su oferta de formaci\u00f3n en Comillas?<br \/>\n<\/strong><\/p>\n<\/blockquote>\n<p>[\/vc_column_text][vc_column_text]<\/p>\n<p style=\"text-align: justify;\"><img decoding=\"async\" class=\"wp-image-5809 size-full alignleft\" src=\"https:\/\/caumas.org\/revista\/wp-content\/uploads\/2021\/10\/Enrique-Sanz.jpg\" alt=\"\" width=\"80\" height=\"80\" \/>Creo que s\u00ed, por la oferta variada con que cuentan cada curso acad\u00e9mico.<\/p>\n<p>[\/vc_column_text][\/vc_column][\/vc_row][vc_row][vc_column]<div class=\"gap\" style=\"line-height: 10px; height: 10px;\"><\/div>[vc_column_text]<\/p>\n<blockquote>\n<p style=\"text-align: justify;\"><strong>El Espacio Europeo de Educaci\u00f3n potencia la formaci\u00f3n continua a lo largo de la vida, y programa los nuevos programas Erasmus para el per\u00edodo 2021-2027, haciendo hincapi\u00e9 en la inclusi\u00f3n social, las transiciones ecol\u00f3gica y digital, \u00bfHay alg\u00fan proyecto para incluir y ofrecer esos intercambios al estudiantado s\u00e9nior?<br \/>\n<\/strong><\/p>\n<\/blockquote>\n<p>[\/vc_column_text][vc_column_text]<\/p>\n<p style=\"text-align: justify;\"><img decoding=\"async\" class=\"wp-image-5809 size-full alignleft\" src=\"https:\/\/caumas.org\/revista\/wp-content\/uploads\/2021\/10\/Enrique-Sanz.jpg\" alt=\"\" width=\"80\" height=\"80\" \/>El intercambio de experiencias con otras universidades genera un clima de cooperaci\u00f3n que facilita lel dise\u00f1o y la puesta en marcha de nuevas iniciativas vinculadas a los objetivos de desarrollo sostenible. Desde el PUM se est\u00e1n estudiando la forma de implementar estos intercambios teniendo en cuenta, por un lado, las exigencias de los Programas de Intercambios de la Universidad y, por otro lado, la financiaci\u00f3n que conlleva estos desplazamientos para que sean accesibles a todo el alumnado.<\/p>\n<p>[\/vc_column_text][\/vc_column][\/vc_row][vc_row][vc_column]<div class=\"gap\" style=\"line-height: 10px; height: 10px;\"><\/div>[vc_column_text]<\/p>\n<blockquote>\n<p style=\"text-align: justify;\"><strong>\u00bfC\u00f3mo cree que se puede potenciar y estrechar la, ya excelente, relaci\u00f3n de colaboraci\u00f3n entre la Universidad y la Asociaci\u00f3n de Alumnos Mayores AUDEMAC, para potenciar, mejorar y enraizar definitivamente el Programa de Mayores?<br \/>\n<\/strong><\/p>\n<\/blockquote>\n<p>[\/vc_column_text][vc_column_text]<\/p>\n<p style=\"text-align: justify;\"><img decoding=\"async\" class=\"wp-image-5809 size-full alignleft\" src=\"https:\/\/caumas.org\/revista\/wp-content\/uploads\/2021\/10\/Enrique-Sanz.jpg\" alt=\"\" width=\"80\" height=\"80\" \/>Creo que el programa est\u00e1 ya bastante y bien arraigado; cualquier iniciativa que refuerce lo anterior, ser\u00e1 ciertamente bienvenida. Por otra parte, la colaboraci\u00f3n se\u00f1alada puede abrir puertas para que AUDEMAC apoye a los alumnos m\u00e1s habituales y numerosos de nuestra universidad, dando a conocer los programas acad\u00e9micos que cursan, ofreciendo ayudas econ\u00f3micas (becas) a quien las pueda necesitar, fomentando cualquier otra iniciativa al respecto.<\/p>\n<p>[\/vc_column_text][\/vc_column][\/vc_row][vc_row][vc_column]<div class=\"gap\" style=\"line-height: 10px; height: 10px;\"><\/div>[vc_column_text]<\/p>\n<blockquote>\n<p style=\"text-align: justify;\"><strong>La investigaci\u00f3n es el punto fuerte de Comillas, \u00bfcuentan con el alumnado senior para trabajos de investigaci\u00f3n?<br \/>\n<\/strong><\/p>\n<\/blockquote>\n<p>[\/vc_column_text][vc_column_text]<\/p>\n<p style=\"text-align: justify;\"><img decoding=\"async\" class=\"wp-image-5809 size-full alignleft\" src=\"https:\/\/caumas.org\/revista\/wp-content\/uploads\/2021\/10\/Enrique-Sanz.jpg\" alt=\"\" width=\"80\" height=\"80\" \/>La investigaci\u00f3n que se realiza en Comillas busca y propone soluciones que impacten en la sociedad con el fin misional de que \u00e9sta sea m\u00e1s justa y sostenible. Toda la comunidad universitaria de Comillas est\u00e1 invitada a participar aportando su experiencia, inteligencia y trabajo. Y, claro, tambi\u00e9n tenemos alumnos senior comprometidos en esta dimensi\u00f3n.<\/p>\n<p>[\/vc_column_text][\/vc_column][\/vc_row][vc_row][vc_column]<div class=\"gap\" style=\"line-height: 10px; height: 10px;\"><\/div>[vc_column_text]<\/p>\n<blockquote>\n<p style=\"text-align: justify;\"><strong>\u00bfQu\u00e9 valores considera que deben transmitir los Programas Universitarios de Mayores?<br \/>\n<\/strong><\/p>\n<\/blockquote>\n<p>[\/vc_column_text][vc_column_text]<\/p>\n<p style=\"text-align: justify;\"><img decoding=\"async\" class=\"wp-image-5809 size-full alignleft\" src=\"https:\/\/caumas.org\/revista\/wp-content\/uploads\/2021\/10\/Enrique-Sanz.jpg\" alt=\"\" width=\"80\" height=\"80\" \/>Los propios de nuestra instituci\u00f3n: el cuidado por las personas, el valor de la sabidur\u00eda y el conocimiento, la relaci\u00f3n entre gratuidad y esfuerzo, el sentido de la trascendencia.<\/p>\n<p>[\/vc_column_text][\/vc_column][\/vc_row][vc_row][vc_column]<div class=\"gap\" style=\"line-height: 10px; height: 10px;\"><\/div>[vc_column_text]<\/p>\n<blockquote>\n<p style=\"text-align: justify;\"><strong>De todos los proyectos y retos que asume como rector \u00bfcu\u00e1l es el que m\u00e1s ilusi\u00f3n le hace y le gustar\u00eda ver realizado, una vez que concluya su responsabilidad como rector?<br \/>\n<\/strong><\/p>\n<\/blockquote>\n<p>[\/vc_column_text][vc_column_text]<\/p>\n<p style=\"text-align: justify;\"><img decoding=\"async\" class=\"wp-image-5809 size-full alignleft\" src=\"https:\/\/caumas.org\/revista\/wp-content\/uploads\/2021\/10\/Enrique-Sanz.jpg\" alt=\"\" width=\"80\" height=\"80\" \/>No es f\u00e1cil responder a esta pregunta, pues todos me hacen ilusi\u00f3n. Se\u00f1alo, sin embargo, como uno muy relevante el de la innovaci\u00f3n de los docentes y de nuestra docencia.<\/p>\n<p>[\/vc_column_text][\/vc_column][\/vc_row][vc_row][vc_column]<div class=\"gap\" style=\"line-height: 10px; height: 10px;\"><\/div>[vc_column_text]<\/p>\n<blockquote>\n<p style=\"text-align: justify;\"><strong>Muchas gracias por su atenci\u00f3n, en CAUMAS estamos muy complacidos por su amabilidad al responder a nuestras preguntas, que nos permite conocer mejor el sentir de la Universidad de Comillas. Para finalizar, por favor, responda a la pregunta que le hubiera gustado que le hici\u00e9ramos, pero que se ha quedado en el tintero o en las teclas del ordenador. Quedamos a su entera disposici\u00f3n.<br \/>\n<\/strong><\/p>\n<\/blockquote>\n<p>[\/vc_column_text][vc_column_text]<\/p>\n<p style=\"text-align: justify;\"><img decoding=\"async\" class=\"wp-image-5809 size-full alignleft\" src=\"https:\/\/caumas.org\/revista\/wp-content\/uploads\/2021\/10\/Enrique-Sanz.jpg\" alt=\"\" width=\"80\" height=\"80\" \/>La pregunta ser\u00eda: <strong>\u00bfde qui\u00e9n se acuerda con agradecimiento en estos primeros meses como rector?<\/strong> De mis padres, familia y amigos, de muchos compa\u00f1eros jesuitas, de todas las personas que a lo largo de mi vida me han ayudado a comprender mis fortalezas y debilidades, mis virtudes y defectos. Y de los miembros de la comunidad universitaria de Comillas que desde que soy rector tanto me ayudan. Muchas gracias a CAUMAS y quedo a su disposici\u00f3n.<\/p>\n<p>[\/vc_column_text][\/vc_column][\/vc_row][vc_row][vc_column]<div class=\"gap\" style=\"line-height: 30px; height: 30px;\"><\/div>[vc_column_text]<\/p>\n<p style=\"text-align: justify;\"><strong>Entrevista realizada por:<br \/>\n<\/strong>Marina Troncoso<\/p>\n<p style=\"text-align: justify;\">Directora de la Revista Digital S\u00e9niors Universitarios<br \/>\nSeptiembre 2021<\/p>\n<p>[\/vc_column_text][\/vc_column][\/vc_row][vc_row][vc_column]<div class=\"gap\" style=\"line-height: 30px; height: 30px;\"><\/div>[vc_single_image image=&#8221;6747&#8243; img_size=&#8221;full&#8221;]<div class=\"gap\" style=\"line-height: 30px; height: 30px;\"><\/div>[vc_single_image image=&#8221;6748&#8243; img_size=&#8221;full&#8221; alignment=&#8221;center&#8221;][\/vc_column][\/vc_row]<\/p>\n","protected":false},"excerpt":{"rendered":"<p>[vc_row][vc_column][vc_column_text] Entrevista a D. Enrique Sanz Gim\u00e9nez-Rico, SJ [\/vc_column_text][vc_row_inner][vc_column_inner][vc_column_text] Desde CAUMAS (Confederaci\u00f3n Estatal de Asociaciones de Alumnos de los Programas Universitarios de Mayores) felicitamos al rector D. Enrique Sanz por su nueva responsabilidad en la direcci\u00f3n de la Universidad Pontificia Comillas y le agradecemos enormemente su atenci\u00f3n para responder a nuestras cuestiones. [\/vc_column_text][\/vc_column_inner][\/vc_row_inner][\/vc_column][\/vc_row][vc_row][vc_column][vc_column_text] Seg\u00fan el&hellip;<\/p>\n","protected":false},"author":1,"featured_media":6743,"comment_status":"closed","ping_status":"closed","sticky":false,"template":"","format":"standard","meta":{"footnotes":""},"categories":[221,56],"tags":[],"class_list":["post-6740","post","type-post","status-publish","format-standard","has-post-thumbnail","hentry","category-36-entrevista-sep-2021","category-entrevista","category-221","category-56","description-off"],"_links":{"self":[{"href":"https:\/\/caumas.org\/revista\/wp-json\/wp\/v2\/posts\/6740","targetHints":{"allow":["GET"]}}],"collection":[{"href":"https:\/\/caumas.org\/revista\/wp-json\/wp\/v2\/posts"}],"about":[{"href":"https:\/\/caumas.org\/revista\/wp-json\/wp\/v2\/types\/post"}],"author":[{"embeddable":true,"href":"https:\/\/caumas.org\/revista\/wp-json\/wp\/v2\/users\/1"}],"replies":[{"embeddable":true,"href":"https:\/\/caumas.org\/revista\/wp-json\/wp\/v2\/comments?post=6740"}],"version-history":[{"count":5,"href":"https:\/\/caumas.org\/revista\/wp-json\/wp\/v2\/posts\/6740\/revisions"}],"predecessor-version":[{"id":6928,"href":"https:\/\/caumas.org\/revista\/wp-json\/wp\/v2\/posts\/6740\/revisions\/6928"}],"wp:featuredmedia":[{"embeddable":true,"href":"https:\/\/caumas.org\/revista\/wp-json\/wp\/v2\/media\/6743"}],"wp:attachment":[{"href":"https:\/\/caumas.org\/revista\/wp-json\/wp\/v2\/media?parent=6740"}],"wp:term":[{"taxonomy":"category","embeddable":true,"href":"https:\/\/caumas.org\/revista\/wp-json\/wp\/v2\/categories?post=6740"},{"taxonomy":"post_tag","embeddable":true,"href":"https:\/\/caumas.org\/revista\/wp-json\/wp\/v2\/tags?post=6740"}],"curies":[{"name":"wp","href":"https:\/\/api.w.org\/{rel}","templated":true}]}}