{"id":6779,"date":"2021-10-13T13:31:59","date_gmt":"2021-10-13T13:31:59","guid":{"rendered":"https:\/\/caumas.org\/revista\/?p=6779"},"modified":"2021-10-13T13:31:59","modified_gmt":"2021-10-13T13:31:59","slug":"estudiante-la-facultad-te-esperamiguel-angel-martinez-coello","status":"publish","type":"post","link":"https:\/\/caumas.org\/revista\/estudiante-la-facultad-te-esperamiguel-angel-martinez-coello\/","title":{"rendered":"\u00a1\u00a1\u00a1Estudiante, la Facultad te espera!!!<br>Miguel \u00c1ngel Mart\u00ednez Coello"},"content":{"rendered":"<p>[vc_row full_width_row=&#8221;true&#8221;][vc_column]<div id=\"ultimate-heading-495769f1775f98d09\" class=\"uvc-heading ult-adjust-bottom-margin ultimate-heading-495769f1775f98d09 uvc-5633  uvc-heading-default-font-sizes\" data-hspacer=\"no_spacer\"  data-halign=\"left\" style=\"text-align:left\"><div class=\"uvc-heading-spacer no_spacer\" style=\"top\"><\/div><div class=\"uvc-main-heading ult-responsive\"  data-ultimate-target='.uvc-heading.ultimate-heading-495769f1775f98d09 h2'  data-responsive-json-new='{\"font-size\":\"\",\"line-height\":\"\"}' ><h2 style=\"font-family:&#039;Viga&#039;;--font-weight:theme;\">\u00a1\u00a1\u00a1Estudiante, la Facultad te espera!!!<\/h2><\/div><div class=\"uvc-sub-heading ult-responsive\"  data-ultimate-target='.uvc-heading.ultimate-heading-495769f1775f98d09 .uvc-sub-heading '  data-responsive-json-new='{\"font-size\":\"\",\"line-height\":\"\"}'  style=\"font-weight:normal;\">Miguel \u00c1ngel Mart\u00ednez Coello<\/div><\/div>[vc_empty_space height=&#8221;16px&#8221;][vc_row_inner][vc_column_inner][vc_column_text]<\/p>\n<p style=\"text-align: justify;\">Parece que fue ayer, pero ya van 21 a\u00f1os ininterrumpidos desde que se crearon los Programas Universitarios de Mayores, PUM.<\/p>\n<p style=\"text-align: justify;\">El curso 2021-2022, el PUM de la UVigo se estrena con el logro de considerarnos como: <span style=\"text-decoration: underline;\"><strong>\u201cEstudiantes de pleno derecho\u201d<\/strong><\/span><\/p>\n<p style=\"text-align: justify;\"><strong>\u00bfQu\u00e9 beneficios tenemos las personas mayores al seguir estudiando?<\/strong><\/p>\n<p style=\"text-align: justify;\">Los investigadores coinciden en que <strong>mantenerse activo, f\u00edsica y mentalmente es fundamental<\/strong> si queremos <strong>\u201cmadurar\u201d<\/strong> de una manera saludable.<\/p>\n<p style=\"text-align: justify;\">Est\u00e1 demostrado que el hecho de <strong>estudiar tiene beneficios positivos para el cerebro<\/strong>, tales como <strong>prevenir y reducir el riesgo de depresi\u00f3n<\/strong> o <strong>el desarrollo de demencias<\/strong> y por tanto, <strong>mejorar nuestra autoestima.<\/strong><\/p>\n<p style=\"text-align: justify;\">Todos los estudios cient\u00edficos han demostrado que ejercitar el cerebro previene o retrasa el deterioro cognitivo asociado a la edad.<\/p>\n<p style=\"text-align: justify;\">Los Programas de Mayores Universitarios <strong>PUM<\/strong>, nos permiten adquirir nuevos conocimientos mejorando la capacidad anal\u00edtica, la toma de decisiones y la resoluci\u00f3n de problemas.<\/p>\n<p style=\"text-align: justify;\">Asistir a clases, <strong>como estudiante<\/strong>, te mantiene <strong>activo f\u00edsicamente, te permite desterrar el sentimiento de la <span style=\"text-decoration: underline;\">soledad no deseada<\/span> y la sensaci\u00f3n<\/strong> de sentirse prescindible para la sociedad.<\/p>\n<p style=\"text-align: justify;\">La educaci\u00f3n <strong>es siempre un desaf\u00edo muy positivo<\/strong> en la vida de una persona mayor porque aporta <strong>un nuevo sentido a la vida<\/strong>, nos mantiene activos y dispuestos a afrontar nuevas metas <strong>fortaleciendo los v\u00ednculos sociales.<\/strong><\/p>\n<p style=\"text-align: justify;\"><strong>\u00bfQui\u00e9n se puede matricular?<\/strong><\/p>\n<p style=\"text-align: justify;\">Con las aulas de formaci\u00f3n abierta, la Universidad de Vigo, desarrolla un <strong>proyecto cient\u00edfico-cultural<\/strong> destinado a <strong>fortalecer las relaciones humanas y promover la ciencia y la cultura en las personas mayores,<\/strong> al mismo tiempo que se potencian <strong>las relaciones intergeneracionales.<\/strong><\/p>\n<p style=\"text-align: justify;\">Cualquier persona de m\u00e1s de 50 a\u00f1os, con o sin titulaci\u00f3n previa puede acceder a la matr\u00edcula en cualquiera de los 7 campus de Galicia o en el campus de su comunidad.<\/p>\n<p style=\"text-align: right;\"><em><strong>Miguel \u00c1ngel Mart\u00ednez Coello<\/strong><\/em><br \/>\nResponsable de prensa y comunicaci\u00f3n de FEGAUS<br \/>\n(Federaci\u00f3n Galega de Asociaci\u00f3ns Universitarias S\u00e9nior)<\/p>\n<p>[\/vc_column_text][\/vc_column_inner][\/vc_row_inner][\/vc_column][\/vc_row]<\/p>\n","protected":false},"excerpt":{"rendered":"<p>[vc_row full_width_row=&#8221;true&#8221;][vc_column][vc_empty_space height=&#8221;16px&#8221;][vc_row_inner][vc_column_inner][vc_column_text] Parece que fue ayer, pero ya van 21 a\u00f1os ininterrumpidos desde que se crearon los Programas Universitarios de Mayores, PUM. El curso 2021-2022, el PUM de la UVigo se estrena con el logro de considerarnos como: \u201cEstudiantes de pleno derecho\u201d \u00bfQu\u00e9 beneficios tenemos las personas mayores al seguir estudiando? Los investigadores coinciden&hellip;<\/p>\n","protected":false},"author":1,"featured_media":6780,"comment_status":"closed","ping_status":"closed","sticky":false,"template":"","format":"standard","meta":{"footnotes":""},"categories":[222,57],"tags":[],"class_list":["post-6779","post","type-post","status-publish","format-standard","has-post-thumbnail","hentry","category-36-opinion-sep-2021","category-opinion","category-222","category-57","description-off"],"_links":{"self":[{"href":"https:\/\/caumas.org\/revista\/wp-json\/wp\/v2\/posts\/6779","targetHints":{"allow":["GET"]}}],"collection":[{"href":"https:\/\/caumas.org\/revista\/wp-json\/wp\/v2\/posts"}],"about":[{"href":"https:\/\/caumas.org\/revista\/wp-json\/wp\/v2\/types\/post"}],"author":[{"embeddable":true,"href":"https:\/\/caumas.org\/revista\/wp-json\/wp\/v2\/users\/1"}],"replies":[{"embeddable":true,"href":"https:\/\/caumas.org\/revista\/wp-json\/wp\/v2\/comments?post=6779"}],"version-history":[{"count":1,"href":"https:\/\/caumas.org\/revista\/wp-json\/wp\/v2\/posts\/6779\/revisions"}],"predecessor-version":[{"id":6781,"href":"https:\/\/caumas.org\/revista\/wp-json\/wp\/v2\/posts\/6779\/revisions\/6781"}],"wp:featuredmedia":[{"embeddable":true,"href":"https:\/\/caumas.org\/revista\/wp-json\/wp\/v2\/media\/6780"}],"wp:attachment":[{"href":"https:\/\/caumas.org\/revista\/wp-json\/wp\/v2\/media?parent=6779"}],"wp:term":[{"taxonomy":"category","embeddable":true,"href":"https:\/\/caumas.org\/revista\/wp-json\/wp\/v2\/categories?post=6779"},{"taxonomy":"post_tag","embeddable":true,"href":"https:\/\/caumas.org\/revista\/wp-json\/wp\/v2\/tags?post=6779"}],"curies":[{"name":"wp","href":"https:\/\/api.w.org\/{rel}","templated":true}]}}