{"id":6816,"date":"2021-10-13T15:41:58","date_gmt":"2021-10-13T15:41:58","guid":{"rendered":"https:\/\/caumas.org\/revista\/?p=6816"},"modified":"2021-10-17T19:42:27","modified_gmt":"2021-10-17T19:42:27","slug":"manifiesto","status":"publish","type":"post","link":"https:\/\/caumas.org\/revista\/manifiesto\/","title":{"rendered":"Manifiesto a favor de la creaci\u00f3n de una convenci\u00f3n internacional sobre los  derechos de las personas mayores"},"content":{"rendered":"<p>[vc_row full_width_row=&#8221;true&#8221;][vc_column][vc_single_image image=&#8221;6824&#8243; img_size=&#8221;full&#8221; alignment=&#8221;center&#8221; css=&#8221;.vc_custom_1634197185112{margin-bottom: 0px !important;border-bottom-width: 0px !important;padding-bottom: 0px !important;background-color: #d93a1c !important;}&#8221;][vc_empty_space height=&#8221;16px&#8221;][vc_column_text]<\/p>\n<p style=\"text-align: justify;\"><strong>Las personas mayores y, particularmente, las personas con discapacidad mayores no pueden disfrutar de sus derechos en igualdad de condiciones que las dem\u00e1s, lo que afecta a multitud de aspectos de sus vidas y a su dignidad.<\/strong> Los estereotipos y prejuicios asociados cultural y socialmente al envejecimiento, a la edad y a las personas mayores, hacen que se justifique un trato diferente y discriminatorio al atribuirles un menor valor social y menos capacidades.<\/p>\n<p style=\"text-align: justify;\">La discriminaci\u00f3n por raz\u00f3n de edad (edadismo) que existe en nuestras sociedades excluye a las personas mayores de muchos \u00e1mbitos de la vida social (la educaci\u00f3n, la cultura, los servicios p\u00fablicos, la participaci\u00f3n social y pol\u00edtica, etc) y limita su calidad de vida y su autonom\u00eda. Invisibiliza a las personas mayores y las importantes contribuciones que realizan.<\/p>\n<p style=\"text-align: justify;\"><strong>Las mujeres mayores siguen siendo el grupo social en mayor riesgo de exclusi\u00f3n,<\/strong> especialmente si se asocia la edad a factores de interseccionalidad, tales como la discapacidad, entre otros. Esto hace necesaria la atenci\u00f3n espec\u00edfica a esta parte de la poblaci\u00f3n de personas mayores.<\/p>\n<p style=\"text-align: justify;\">Asimismo, <strong>la implantaci\u00f3n de tecnolog\u00edas no accesibles, en muchos \u00e1mbitos p\u00fablicos y privados, impiden que muchas personas mayores puedan hacer uso de servicios o incluso reivindicar sus derechos en igualdad de condiciones,<\/strong> convirti\u00e9ndolas en ciudadanos de segunda clase. El diagn\u00f3stico mediante el uso de la inteligencia artificial, los nuevos medicamentos y aplicaciones inform\u00e1ticas les deben ser accesibles, \u00fatiles e incorporar sus particularidades espec\u00edficas.<\/p>\n<p style=\"text-align: justify;\">El Plan de Acci\u00f3n Internacional de Madrid sobre el Envejecimiento (MIPAA), aprobado por Naciones Unidas en 2002, se ha demostrado claramente <strong>insuficiente para proteger adecuadamente los derechos de las personas mayores.<\/strong> A pesar de que incluye una serie de recomendaciones para abordar los objetivos socioecon\u00f3micos en relaci\u00f3n con el desarrollo, la salud y el bienestar y los entornos amigables de las personas mayores, no ha sido aplicado sustancialmente por los Estados al no ser jur\u00eddicamente vinculante, ni incluir mecanismos independientes de supervisi\u00f3n, responsabilidad e investigaci\u00f3n. Este Plan, adem\u00e1s, omite importantes cuestiones de derechos humanos y carece de acciones espec\u00edficas para abordar la discriminaci\u00f3n por raz\u00f3n de edad. Por todo ello, es necesario actualizar y complementar el MIPAA con un instrumento vinculante de car\u00e1cter universal.<\/p>\n<p style=\"text-align: justify;\">As\u00ed los poderes p\u00fablicos deben prestar especial atenci\u00f3n a las nuevas reformas legislativas, apoy\u00e1ndolas y dot\u00e1ndolas de los adecuados recursos econ\u00f3micos y humanos; tal es el caso de la importante y recientemente entrada en vigor <em>\u201cley por la que se reforma la legislaci\u00f3n civil y procesal para el apoyo a las personas con discapacidad en el ejercicio de su capacidad jur\u00eddica\u201d.<\/em><\/p>\n<p style=\"text-align: justify;\">La reforma, impulsada por el CERMI, acaba con la distinci\u00f3n entre capacidad de obrar y capacidad jur\u00eddica estableciendo la imposibilidad de anular esta \u00faltima e incorporando la obligaci\u00f3n, por parte de los poderes p\u00fablicos, de prestar los apoyos individualizados que cada persona mayor con discapacidad necesite para poder tomar y expresar sus decisiones de manera libre, aut\u00f3noma y adecuadamente informada.<\/p>\n<p style=\"text-align: justify;\"><strong>En el medio rural la privaci\u00f3n de derechos de las personas mayores es m\u00e1s acentuada,<\/strong> pues el escaso acceso a recursos sanitarios, sociales, culturales y de participaci\u00f3n en el entorno, hace m\u00e1s dif\u00edcil la tarea de promover una adecuada salud f\u00edsica y mental, lo que pone en riesgo su calidad de vida y su derecho a un envejecimiento saludable, afectando negativamente a su permanencia en la comunidad y contribuyendo as\u00ed al proceso de despoblaci\u00f3n rural que padece la denominada Espa\u00f1a Vaciada.<\/p>\n<p style=\"text-align: justify;\"><strong>En las ciudades se precisa incorporar las caracter\u00edsticas y necesidades de las personas mayores y particularmente las personas con discapacidad mayores,<\/strong> en los nuevos dise\u00f1os del entorno construido, el espacio p\u00fablico, el transporte y sus infraestructuras, la informaci\u00f3n, la comunicaci\u00f3n y las nuevas tecnolog\u00edas as\u00ed como en las instalaciones p\u00fablicas y los servicios, subrayando la importancia de construir urbes inclusivas que mejoren su calidad de vida y a la vez les permita participar en igualdad de condiciones en la vida social hecho que adem\u00e1s contribuye, de forma eficaz, a paliar la soledad no deseada y sus graves secuelas en el colectivo.<\/p>\n<p style=\"text-align: justify;\"><strong>Las respuestas a la pandemia del COVID-19 han puesto de manifiesto graves lagunas en la protecci\u00f3n de los derechos de las personas mayores.<\/strong> En todas las regiones del mundo se les han negado sus derechos durante la pandemia, han sufrido privaci\u00f3n de acceso a los servicios sanitarios, violencia y abusos y se les ha dado un trato inadecuado, contribuyendo todo ello a maximizar los efectos letales de la enfermedad sobre las personas mayores, que ha tenido un gran impacto en el colectivo precisamente debido a estas carencias.<\/p>\n<p style=\"text-align: justify;\">Tambi\u00e9n nos pone de manifiesto que <strong>el sistema sanitario espa\u00f1ol debe ser capaz de dise\u00f1ar y poner en funcionamiento una orientaci\u00f3n hacia el envejecimiento y la cronicidad y ser capaz de aplicar un plan para restaurar la merma que han sufrido los derechos de las personas mayores a una sanidad sin discriminaciones, eficaz, sin listas de espera dilatadas y de calidad.<\/strong><\/p>\n<p style=\"text-align: justify;\">El <strong>Secretario General de las Naciones Unidas<\/strong><sup>1<\/sup>, el <strong>Alto Comisionado de las Naciones Unidas para los Derechos Humanos<\/strong><sup>2<\/sup>, la <strong>Experta Independiente sobre el disfrute de todos los derechos humanos por las personas de edad<\/strong><sup>3<\/sup> y el <strong>Consejo de Europa<\/strong><sup>4<\/sup>, han reconocido la necesidad de subsanar las deficiencias del sistema internacional que protege los derechos humanos de las personas mayores. <strong>146 Estados<\/strong><sup>5<\/sup> tambi\u00e9n han reconocido estas lagunas y han adoptado el compromiso de promover y respetar plenamente los derechos de las personas mayores al apoyar el Informe del Secretario General de la ONU sobre el impacto de la COVID-19 en las personas mayores publicado en mayo de 2020.<\/p>\n<p style=\"text-align: justify;\">Por todo ello, creemos necesario y urgente que se apruebe una convenci\u00f3n de Naciones Unidas que promueva y garantice los derechos de las personas mayores, en toda su diversidad, para que los gobiernos y las sociedades de todo el mundo, sean conscientes de sus obligaciones y responsabilidades en materia de derechos humanos hacia las personas mayores ahora y en el futuro, facilitando los procesos de participaci\u00f3n de las personas mayores en todas las acciones.<\/p>\n<p style=\"text-align: justify;\">Una convenci\u00f3n que, adem\u00e1s, luche para desterrar la idea prefijada en demasiadas ocasiones, de que las personas mayores son una carga para la sociedad, reconociendo el valor que tiene para \u00e9sta el colectivo, y lo mucho que aporta en innumerables \u00e1mbitos, incluido el econ\u00f3mico.<\/p>\n<p style=\"text-align: justify;\">La Uni\u00f3n Europea y sus Estados miembros han demostrado ser l\u00edderes mundiales en la defensa de los derechos humanos y apoyar la creaci\u00f3n de una convenci\u00f3n sobre los derechos de las personas mayores, demostrar\u00eda que el respeto de los derechos de todas las personas, contin\u00faa siendo una prioridad y una se\u00f1a de identidad del proyecto com\u00fan europeo.<\/p>\n<p style=\"text-align: justify;\">Desde la Mesa Estatal por los Derechos de las Personas Mayores, (formada por m\u00e1s de 20 entidades del tercer sector), creemos firmemente que es absolutamente necesario, que los diferentes gobiernos, entre ellos, por supuesto, el de nuestro pa\u00eds, sean conscientes de que el marco legislativo existente no es suficiente para garantizar la protecci\u00f3n de los derechos de las personas mayores. Que es necesaria la celebraci\u00f3n de la Convenci\u00f3n.<\/p>\n<p style=\"text-align: justify;\">Con frecuencia, la vejez se asocia a estereotipos que generan una visi\u00f3n negativa y generalista de las personas mayores: Las personas mayores son ciudadanos de pleno derecho que en su gran mayor\u00eda no solo aportan, sino que enriquecen la sociedad con su experiencia, conocimiento y entrega desinteresada a sus familias y sus comunidades.<\/p>\n<p style=\"text-align: justify;\">Solicitamos a la Mesa del Congreso de los Diputados, a todos los grupos parlamentarios y al Gobierno de Espa\u00f1a, que apoye la celebraci\u00f3n de una Convenci\u00f3n de Naciones Unidas sobre los Derechos de las personas mayores, y con motivo del Dia Internacional de las personas mayores (oficialmente se denomina Dia Internacional de las Personas de Edad), que celebramos el 1 de octubre, Espa\u00f1a se sume a ese movimiento global que defiende y reivindica este nuevo instrumento internacional de protecci\u00f3n de derechos humanos.<\/p>\n<ol>\n<li style=\"text-align: justify;\"><em>Policy Brief: The Impact of COVID-19 on older persons, mayo 2020.<\/em><\/li>\n<li style=\"text-align: justify;\"><em>Update to the 2012 Analytical Outcome Study on the normative standards in international human rights law in relation to older persons, marzo 2021.<\/em><\/li>\n<li style=\"text-align: justify;\"><em>Impacto de la enfermedad por coronavirus (COVID-19) en el disfrute de todos los derechos humanos por las personas de edad, julio 2020.<\/em><\/li>\n<li style=\"text-align: justify;\"><em>Conclusiones del Consejo sobre una recuperaci\u00f3n tras la COVID-19 basada en los derechos humanos, febrero 2021.<\/em><\/li>\n<li style=\"text-align: justify;\"><em>Statement of Support to the UN Secretary General`s Policy Brief on The Impact of COVID-19 on Older Persons, mayo 2020.<\/em><\/li>\n<\/ol>\n<p>[\/vc_column_text][vc_empty_space][vc_single_image image=&#8221;6827&#8243; img_size=&#8221;full&#8221; alignment=&#8221;center&#8221;][\/vc_column][\/vc_row]<\/p>\n","protected":false},"excerpt":{"rendered":"<p>[vc_row full_width_row=&#8221;true&#8221;][vc_column][vc_single_image image=&#8221;6824&#8243; img_size=&#8221;full&#8221; alignment=&#8221;center&#8221; css=&#8221;.vc_custom_1634197185112{margin-bottom: 0px !important;border-bottom-width: 0px !important;padding-bottom: 0px !important;background-color: #d93a1c !important;}&#8221;][vc_empty_space height=&#8221;16px&#8221;][vc_column_text] Las personas mayores y, particularmente, las personas con discapacidad mayores no pueden disfrutar de sus derechos en igualdad de condiciones que las dem\u00e1s, lo que afecta a multitud de aspectos de sus vidas y a su dignidad. Los estereotipos y&hellip;<\/p>\n","protected":false},"author":1,"featured_media":6826,"comment_status":"closed","ping_status":"closed","sticky":false,"template":"","format":"standard","meta":{"footnotes":""},"categories":[224,59],"tags":[],"class_list":["post-6816","post","type-post","status-publish","format-standard","has-post-thumbnail","hentry","category-36-noticias-sep-2021","category-noticias","category-224","category-59","description-off"],"_links":{"self":[{"href":"https:\/\/caumas.org\/revista\/wp-json\/wp\/v2\/posts\/6816","targetHints":{"allow":["GET"]}}],"collection":[{"href":"https:\/\/caumas.org\/revista\/wp-json\/wp\/v2\/posts"}],"about":[{"href":"https:\/\/caumas.org\/revista\/wp-json\/wp\/v2\/types\/post"}],"author":[{"embeddable":true,"href":"https:\/\/caumas.org\/revista\/wp-json\/wp\/v2\/users\/1"}],"replies":[{"embeddable":true,"href":"https:\/\/caumas.org\/revista\/wp-json\/wp\/v2\/comments?post=6816"}],"version-history":[{"count":5,"href":"https:\/\/caumas.org\/revista\/wp-json\/wp\/v2\/posts\/6816\/revisions"}],"predecessor-version":[{"id":6828,"href":"https:\/\/caumas.org\/revista\/wp-json\/wp\/v2\/posts\/6816\/revisions\/6828"}],"wp:featuredmedia":[{"embeddable":true,"href":"https:\/\/caumas.org\/revista\/wp-json\/wp\/v2\/media\/6826"}],"wp:attachment":[{"href":"https:\/\/caumas.org\/revista\/wp-json\/wp\/v2\/media?parent=6816"}],"wp:term":[{"taxonomy":"category","embeddable":true,"href":"https:\/\/caumas.org\/revista\/wp-json\/wp\/v2\/categories?post=6816"},{"taxonomy":"post_tag","embeddable":true,"href":"https:\/\/caumas.org\/revista\/wp-json\/wp\/v2\/tags?post=6816"}],"curies":[{"name":"wp","href":"https:\/\/api.w.org\/{rel}","templated":true}]}}