{"id":6830,"date":"2021-10-14T08:04:19","date_gmt":"2021-10-14T08:04:19","guid":{"rendered":"https:\/\/caumas.org\/revista\/?p=6830"},"modified":"2021-10-14T08:04:19","modified_gmt":"2021-10-14T08:04:19","slug":"las-personas-mayores-en-el-foro-politico-de-alto-nivel-sobre-desarrollo-sostenible-2021","status":"publish","type":"post","link":"https:\/\/caumas.org\/revista\/las-personas-mayores-en-el-foro-politico-de-alto-nivel-sobre-desarrollo-sostenible-2021\/","title":{"rendered":"Las personas mayores en el Foro Pol\u00edtico de Alto Nivel sobre desarrollo sostenible 2021"},"content":{"rendered":"<p>[vc_row full_width_row=&#8221;true&#8221;][vc_column][vc_single_image image=&#8221;6819&#8243; img_size=&#8221;full&#8221; alignment=&#8221;center&#8221; css=&#8221;.vc_custom_1634198418025{margin-bottom: 0px !important;border-bottom-width: 0px !important;padding-bottom: 0px !important;background-color: #d93a1c !important;}&#8221;][vc_empty_space height=&#8221;16px&#8221;][vc_column_text]<\/p>\n<p style=\"text-align: justify;\">Como cada a\u00f1o, en el \u00e1mbito de Naciones Unidas y al amparo del ECOSOC, se ha realizado un seguimiento y una revisi\u00f3n de la Agenda 2030 para el Desarrollo Sostenible y de la situaci\u00f3n de los 17 Objetivos de Desarrollo Sostenible (ODS) que la integran.<\/p>\n<p style=\"text-align: justify;\">El tema del <span style=\"text-decoration: underline;\">Foro Pol\u00edtico de Alto Nivel sobre el Desarrollo Sostenible 2021<\/span> (HLPF por sus siglas en ingl\u00e9s) ha sido<em> \u201cRecuperaci\u00f3n sostenible y resiliente de la pandemia de COVID-19 que promueva las dimensiones econ\u00f3mica, social y ambiental del desarrollo sostenible: forjar una v\u00eda inclusiva y eficaz para el logro de la Agenda 2030 en el contexto de la d\u00e9cada de acci\u00f3n y resultados en favor del desarrollo sostenible\u201d<\/em>.<\/p>\n<p style=\"text-align: justify;\">Los Estados y otras partes interesadas examinaron los impactos de la pandemia de COVID-19 y los distintos aspectos de las respuestas que se han dise\u00f1ado o se est\u00e1n desarrollando. Adem\u00e1s, debatieron sobre las pol\u00edticas y los planes de acci\u00f3n en el \u00e1mbito de la cooperaci\u00f3n internacional que deber\u00edan implementarse para controlar la pandemia y sus impactos con la finalidad de alcanzar los ODS para el a\u00f1o 2030.<\/p>\n<p style=\"text-align: justify;\">En esta HLPF2021, el <strong><span style=\"text-decoration: underline;\">Secretario General<\/span><\/strong> present\u00f3 un informe donde se analizan los progresos realizados en el logro de los ODS y 42 pa\u00edses presentaron <span style=\"text-decoration: underline;\">revisiones nacionales voluntarias<\/span> sobre su implementaci\u00f3n de la Agenda 2030. Finalmente, se adopt\u00f3 una <strong><span style=\"text-decoration: underline;\">Declaraci\u00f3n ministerial<\/span><\/strong> en base a las sesiones celebradas en la que se manifiesta lo siguiente:<\/p>\n<blockquote>\n<p style=\"text-align: justify;\">\u201cReconociendo que la Agenda 2030 se sustenta en la Declaraci\u00f3n Universal de Derechos Humanos12 y los tratados internacionales de derechos humanos, ponemos de relieve que la protecci\u00f3n, el respeto y el disfrute universales de los derechos humanos y la dignidad humana, la paz, la justicia, la igualdad y la no discriminaci\u00f3n son fundamentales para cumplir nuestro compromiso de no dejar a nadie atr\u00e1s. Nos comprometemos tambi\u00e9n con el respeto de las razas, el origen \u00e9tnico y la diversidad cultural, la igualdad de oportunidades y un mundo justo, equitativo, tolerante, abierto, creativo y socialmente inclusivo, en el que se atiendan las necesidades de las personas en situaci\u00f3n de vulnerabilidad. <strong>Nos esforzaremos por promover y garantizar la plena realizaci\u00f3n de todos los derechos humanos y libertades fundamentales de las personas de edad.\u201d<\/strong><\/p>\n<\/blockquote>\n<p style=\"text-align: justify;\">En relaci\u00f3n con el tema propuesto y aunque se considera que todos los ODS est\u00e1n interrelacionados y tienen un car\u00e1cter integral e indivisible, los ODS que se han debatido en esta sesi\u00f3n han sido:<\/p>\n<ul>\n<li style=\"text-align: justify;\">ODS1 sobre el fin de la pobreza<\/li>\n<li style=\"text-align: justify;\">ODS2 sobre el hambre cero<\/li>\n<li style=\"text-align: justify;\">ODS3 sobre la salud y el bienestar<\/li>\n<li style=\"text-align: justify;\">ODS8 sobre el trabajo decente y el crecimiento econ\u00f3mico<\/li>\n<li style=\"text-align: justify;\">ODS10 sobre la reducci\u00f3n de las desigualdades<\/li>\n<li style=\"text-align: justify;\">ODS12 sobre la producci\u00f3n y el consumo responsables<\/li>\n<li style=\"text-align: justify;\">ODS13 sobre la acci\u00f3n por el clima<\/li>\n<li style=\"text-align: justify;\">ODS16 sobre la paz, la justicia y las instituciones s\u00f3lidas<\/li>\n<li style=\"text-align: justify;\">ODS17 sobre las alianzas para lograr los Objetivos<\/li>\n<\/ul>\n<p style=\"text-align: justify;\">En este documento se resumen las consideraciones sobre la situaci\u00f3n y los derechos de las personas mayores en los debates celebrados en el HLPF2021. Desde HelpAge Espa\u00f1a creemos que las personas mayores, como grupo en situaci\u00f3n de vulnerabilidad reconocido por la propia Agenda 2030 (p\u00e1rrafo 23 de la <span style=\"text-decoration: underline;\">Resoluci\u00f3n en la que Naciones Unidas aprueba la Agenda 2030)<\/span> y por el impacto que ha tenido la pandemia sobre ellas, no han estado lo suficientemente representadas en los debates que se han celebrado ni en el programa que se dise\u00f1\u00f3. Valoramos positivamente las referencias que se realizan ya que el envejecimiento de la poblaci\u00f3n es un proceso con importantes repercusiones a la hora de conseguir los ODS y la perspectiva de edad es fundamental para no dejar a nadie atr\u00e1s y cumplir con el compromiso adquirido por los Estados en el marco de la Agenda 2030.<\/p>\n<p style=\"text-align: justify;\"><strong>Las personas mayores en el HLPF2021<\/strong><\/p>\n<p style=\"text-align: justify;\">En los documentos tem\u00e1ticos presentados al HLPF por los principales grupos y otras partes interesadas en relaci\u00f3n con el envejecimiento y las personas mayores se manifiesta que la pandemia se ha cobrado un gran n\u00famero de v\u00edctimas entre la poblaci\u00f3n de edad avanzada por lo que <strong>es necesario que las respuestas, las estrategias y los planes de recuperaci\u00f3n enfrenten las graves violaciones de los derechos humanos de las personas mayores, reconozcan sus contribuciones a sociedad, la econom\u00eda y a las familias y garanticen sus derechos, tanto a nivel nacional como internacionalmente.<\/strong><\/p>\n<p style=\"text-align: justify;\">Ante la falta de seguridad en el empleo y de una normativa que regule una jubilaci\u00f3n flexible, muchos trabajadores de edades avanzadas se han quedado sin empleo o han sido despedidos u obligados a jubilarse en contra de su voluntad, sin disponer de una protecci\u00f3n social adecuada. Adem\u00e1s, los confinamientos tambi\u00e9n han afectado especialmente a las personas mayores que trabajan en el sector informal. Como consecuencia, las personas mayores son el grupo mayoritario entre las personas que llevan mucho tiempo desempleadas y ha aumentado el riesgo de que estas personas se encuentren en una situaci\u00f3n de pobreza, amenazando su dignidad y su calidad de vida.<\/p>\n<p style=\"text-align: justify;\">En el \u00e1mbito laboral existe discriminaci\u00f3n por raz\u00f3n de edad, a pesar de las obligaciones internacionales relativas a la igualdad de trato de los trabajadores de todas las edades. <strong>Para superar estos estereotipos asociados a las personas mayores y que vulneran su derecho a un trabajo digno es necesario desarrollar medidas de protecci\u00f3n social, crear incentivos para emplear y retener a los trabajadores de m\u00e1s edad y ofrecer oportunidades de aprendizaje permanente y acceso a las nuevas tecnolog\u00edas.<\/strong><\/p>\n<p>En relaci\u00f3n con el derecho de acceso a la justicia, las personas mayores encuentran gran cantidad de barreras que limitan o impiden el ejercicio de ese derecho. A la complejidad de los procedimientos, la falta de acceso a la informaci\u00f3n y los costes excesivos se suma que la pandemia a provocado el cierre de instituciones judiciales, siendo necesario la <strong>creaci\u00f3n de un instrumento que permita realizar un seguimiento del empeoramiento de la situaci\u00f3n de los derechos de las personas mayores en el \u00e1mbito sanitario, econ\u00f3mico y social.<\/strong><\/p>\n<p style=\"text-align: justify;\">La discriminaci\u00f3n por raz\u00f3n de edad constituye un obst\u00e1culo para alcanzar los ODS relacionados con la pobreza, la salud, el trabajo digno, el crecimiento econ\u00f3mico y la igualdad de g\u00e9nero. El problema no es el envejecimiento, sino el edadismo, por lo que el <strong>Stakeholder Group on Ageing<\/strong> insta a los Estado miembros en el documento que present\u00f3 para informar el HLPF2021 a:<\/p>\n<ul>\n<li style=\"text-align: justify;\">Reconocer las contribuciones de las personas de las personas mayores<\/li>\n<li>Llevar a cabo actividades para celebrar la D\u00e9cada del Envejecimiento Saludable<\/li>\n<li>Aplicar plenamente los est\u00e1ndares internacionales en el \u00e1mbito laboral y garantizar los derechos de los trabajadores de edades avanzadas a un trabajo decente y a la protecci\u00f3n social<\/li>\n<li>Combatir el edadismo prohibiendo toda forma de exclusi\u00f3n y discriminaci\u00f3n por raz\u00f3n de edad<\/li>\n<li>Establecer medidas a nivel jur\u00eddico para garantizar la igualdad y el acceso a la justicia<\/li>\n<\/ul>\n<p style=\"text-align: justify;\"><strong>El camino hacia la recuperaci\u00f3n y el logro de los ODS con perspectiva de edad y de derechos, inclusivo con las personas mayores, comprende el empoderamiento de estas personas a trav\u00e9s de leyes y pol\u00edticas que las tengan en cuenta, conseguir sociedades justas para todas las personas, independientemente de su edad, y crear una convenci\u00f3n internacional para proteger los derechos de las personas mayores.<\/strong><\/p>\n<p style=\"text-align: justify;\">Para ampliar informaci\u00f3n consultar <a href=\"https:\/\/undocs.org\/sp\/E\/HLPF\/2021\/2\">Documentos de debate sobre el tema del foro pol\u00edtico de alto nivel sobre el desarrollo sostenible, presentados por los grupos principales y otros interesados<\/a>.<\/p>\n<p>[\/vc_column_text][vc_empty_space][\/vc_column][\/vc_row]<\/p>\n","protected":false},"excerpt":{"rendered":"<p>[vc_row full_width_row=&#8221;true&#8221;][vc_column][vc_single_image image=&#8221;6819&#8243; img_size=&#8221;full&#8221; alignment=&#8221;center&#8221; css=&#8221;.vc_custom_1634198418025{margin-bottom: 0px !important;border-bottom-width: 0px !important;padding-bottom: 0px !important;background-color: #d93a1c !important;}&#8221;][vc_empty_space height=&#8221;16px&#8221;][vc_column_text] Como cada a\u00f1o, en el \u00e1mbito de Naciones Unidas y al amparo del ECOSOC, se ha realizado un seguimiento y una revisi\u00f3n de la Agenda 2030 para el Desarrollo Sostenible y de la situaci\u00f3n de los 17 Objetivos de Desarrollo&hellip;<\/p>\n","protected":false},"author":1,"featured_media":6821,"comment_status":"closed","ping_status":"closed","sticky":false,"template":"","format":"standard","meta":{"footnotes":""},"categories":[224,59],"tags":[],"class_list":["post-6830","post","type-post","status-publish","format-standard","has-post-thumbnail","hentry","category-36-noticias-sep-2021","category-noticias","category-224","category-59","description-off"],"_links":{"self":[{"href":"https:\/\/caumas.org\/revista\/wp-json\/wp\/v2\/posts\/6830","targetHints":{"allow":["GET"]}}],"collection":[{"href":"https:\/\/caumas.org\/revista\/wp-json\/wp\/v2\/posts"}],"about":[{"href":"https:\/\/caumas.org\/revista\/wp-json\/wp\/v2\/types\/post"}],"author":[{"embeddable":true,"href":"https:\/\/caumas.org\/revista\/wp-json\/wp\/v2\/users\/1"}],"replies":[{"embeddable":true,"href":"https:\/\/caumas.org\/revista\/wp-json\/wp\/v2\/comments?post=6830"}],"version-history":[{"count":1,"href":"https:\/\/caumas.org\/revista\/wp-json\/wp\/v2\/posts\/6830\/revisions"}],"predecessor-version":[{"id":6831,"href":"https:\/\/caumas.org\/revista\/wp-json\/wp\/v2\/posts\/6830\/revisions\/6831"}],"wp:featuredmedia":[{"embeddable":true,"href":"https:\/\/caumas.org\/revista\/wp-json\/wp\/v2\/media\/6821"}],"wp:attachment":[{"href":"https:\/\/caumas.org\/revista\/wp-json\/wp\/v2\/media?parent=6830"}],"wp:term":[{"taxonomy":"category","embeddable":true,"href":"https:\/\/caumas.org\/revista\/wp-json\/wp\/v2\/categories?post=6830"},{"taxonomy":"post_tag","embeddable":true,"href":"https:\/\/caumas.org\/revista\/wp-json\/wp\/v2\/tags?post=6830"}],"curies":[{"name":"wp","href":"https:\/\/api.w.org\/{rel}","templated":true}]}}