{"id":7005,"date":"2022-01-03T17:13:06","date_gmt":"2022-01-03T17:13:06","guid":{"rendered":"https:\/\/caumas.org\/revista\/?p=7005"},"modified":"2022-01-03T17:13:52","modified_gmt":"2022-01-03T17:13:52","slug":"12-factores-basicos-para-el-fomento-y-mejora-de-la-calidad-de-vida-de-las-personas-mayores","status":"publish","type":"post","link":"https:\/\/caumas.org\/revista\/12-factores-basicos-para-el-fomento-y-mejora-de-la-calidad-de-vida-de-las-personas-mayores\/","title":{"rendered":"12 factores b\u00e1sicos para el fomento y mejora de la calidad de vida de las personas mayores"},"content":{"rendered":"<p>[vc_row full_width_row=&#8221;true&#8221;][vc_column][vc_single_image image=&#8221;6999&#8243; img_size=&#8221;full&#8221; alignment=&#8221;center&#8221; css=&#8221;.vc_custom_1641229475169{margin-bottom: 0px !important;border-bottom-width: 0px !important;padding-bottom: 0px !important;background-color: #d93a1c !important;}&#8221;][vc_empty_space height=&#8221;16px&#8221;][vc_column_text]<img fetchpriority=\"high\" decoding=\"async\" class=\"alignnone size-full wp-image-7002 aligncenter\" src=\"https:\/\/caumas.org\/revista\/wp-content\/uploads\/2022\/01\/FORO-LIDEA-02.jpg\" alt=\"\" width=\"567\" height=\"281\" srcset=\"https:\/\/caumas.org\/revista\/wp-content\/uploads\/2022\/01\/FORO-LIDEA-02.jpg 567w, https:\/\/caumas.org\/revista\/wp-content\/uploads\/2022\/01\/FORO-LIDEA-02-300x149.jpg 300w\" sizes=\"(max-width: 567px) 100vw, 567px\" \/><\/p>\n<p>El 24 de noviembre de 2021 tuvimos la oportunidad de asistir, en el marco incomparable del sal\u00f3n de actos del Centro Cultural de los Ej\u00e9rcitos, en la Gran V\u00eda madrile\u00f1a, a la presentaci\u00f3n de un nuevo documento, <strong>\u201c12 Factores b\u00e1sicos para el fomento y mejora de la calidad de vida de las personas mayores\u201d<\/strong> lanzado por el Foro LideA y con la autor\u00eda personal de los representantes de CEATE y UDP.<\/p>\n<p>Nos encontramos ante un trabajo meditado, concienzudo, as\u00ed como realista y serio en el tema que se aborda, y en el que los dos autores, tanto Jos\u00e9 Luis Jordana como V\u00edctor L\u00f3pez, demuestran su profundo conocimiento, pero no por ser precisamente personas mayores, si no, por su trayectoria profesional, cient\u00edfica, human\u00edstica y humanista a lo largo de muchos a\u00f1os.<\/p>\n<p>El documento <strong>12 factores para el fomento y mejora de la calidad<\/strong> de vida es una reflexi\u00f3n y una base propicia, desde donde Foro LideA podr\u00e1 lanzar y desarrollar m\u00e1s iniciativas en un futuro cercano, ya que se puede trabajar en m\u00e1s estudios con el fin de lograr promocionar y mejorar el bienestar de las personas mayores, tal y como nos indican sus autores.<\/p>\n<p>El lector puede observar que aqu\u00ed, Jos\u00e9 Luis y V\u00edctor han intentado ser fieles a sus vivencias y experiencia en la vida. Tratan el envejecimiento progresivo en la poblaci\u00f3n, los nuevos estilos de vida que el progreso va imponiendo a la poblaci\u00f3n en general, y dejan entrever los tab\u00faes y las dificultades que las personas mayores sufren al verse incapaces, en muchos de los casos, de seguir el ritmo que hoy, organismos oficiales y entidades bancarias les imponen en su d\u00eda a d\u00eda.<\/p>\n<p><img decoding=\"async\" class=\" wp-image-7006 alignleft\" src=\"https:\/\/caumas.org\/revista\/wp-content\/uploads\/2022\/01\/FORO-LIDEA-03.jpg\" alt=\"\" width=\"264\" height=\"377\" srcset=\"https:\/\/caumas.org\/revista\/wp-content\/uploads\/2022\/01\/FORO-LIDEA-03.jpg 377w, https:\/\/caumas.org\/revista\/wp-content\/uploads\/2022\/01\/FORO-LIDEA-03-210x300.jpg 210w\" sizes=\"(max-width: 264px) 100vw, 264px\" \/><\/p>\n<p>Meditan sobre el concepto de<strong> \u201ccalidad de vida\u201d<\/strong>, de la felicidad, de los valores en los que se vive en la actualidad. Tambi\u00e9n nos hacen ver que existen muchas formas de bienestar, nos mencionan 12 por lo que, una vez le\u00eddos, comprobamos que todos van unidos entre s\u00ed, aunque no signifique que todas las personas podamos disfrutar de ellos, por las diversas circunstancias personales de cada uno de nosotros.<\/p>\n<p>Tenemos aqu\u00ed un documento que nace para ser gu\u00eda de referencia en la promoci\u00f3n del logro de alcanzar una gran calidad de vida por las personas mayores, con la protecci\u00f3n de sus derechos y contra la discriminaci\u00f3n y edadismo actuales, entre otros muchos m\u00e1s deseos. Que no se quede en utop\u00eda, sino que sirva para dar un paso m\u00e1s en esta larga, pero no imposible carrera.<\/p>\n<p>Desde CAUMAS queremos hacerles llegar nuestra m\u00e1s sincera felicitaci\u00f3n y agradecimiento por facilitarnos este documento, que hoy tenemos entre manos.<\/p>\n<p style=\"text-align: right;\"><em><strong>Elisa Nuez Pati\u00f1o<\/strong><\/em><br \/>\nVicepresidenta 1\u00aa CAUMAS<\/p>\n<p>[\/vc_column_text][\/vc_column][\/vc_row]<\/p>\n","protected":false},"excerpt":{"rendered":"<p>[vc_row full_width_row=&#8221;true&#8221;][vc_column][vc_single_image image=&#8221;6999&#8243; img_size=&#8221;full&#8221; alignment=&#8221;center&#8221; css=&#8221;.vc_custom_1641229475169{margin-bottom: 0px !important;border-bottom-width: 0px !important;padding-bottom: 0px !important;background-color: #d93a1c !important;}&#8221;][vc_empty_space height=&#8221;16px&#8221;][vc_column_text] El 24 de noviembre de 2021 tuvimos la oportunidad de asistir, en el marco incomparable del sal\u00f3n de actos del Centro Cultural de los Ej\u00e9rcitos, en la Gran V\u00eda madrile\u00f1a, a la presentaci\u00f3n de un nuevo documento, \u201c12 Factores b\u00e1sicos&hellip;<\/p>\n","protected":false},"author":1,"featured_media":7000,"comment_status":"closed","ping_status":"closed","sticky":false,"template":"","format":"standard","meta":{"footnotes":""},"categories":[233,59],"tags":[],"class_list":["post-7005","post","type-post","status-publish","format-standard","has-post-thumbnail","hentry","category-37-noticias-dic-2021","category-noticias","category-233","category-59","description-off"],"_links":{"self":[{"href":"https:\/\/caumas.org\/revista\/wp-json\/wp\/v2\/posts\/7005","targetHints":{"allow":["GET"]}}],"collection":[{"href":"https:\/\/caumas.org\/revista\/wp-json\/wp\/v2\/posts"}],"about":[{"href":"https:\/\/caumas.org\/revista\/wp-json\/wp\/v2\/types\/post"}],"author":[{"embeddable":true,"href":"https:\/\/caumas.org\/revista\/wp-json\/wp\/v2\/users\/1"}],"replies":[{"embeddable":true,"href":"https:\/\/caumas.org\/revista\/wp-json\/wp\/v2\/comments?post=7005"}],"version-history":[{"count":1,"href":"https:\/\/caumas.org\/revista\/wp-json\/wp\/v2\/posts\/7005\/revisions"}],"predecessor-version":[{"id":7007,"href":"https:\/\/caumas.org\/revista\/wp-json\/wp\/v2\/posts\/7005\/revisions\/7007"}],"wp:featuredmedia":[{"embeddable":true,"href":"https:\/\/caumas.org\/revista\/wp-json\/wp\/v2\/media\/7000"}],"wp:attachment":[{"href":"https:\/\/caumas.org\/revista\/wp-json\/wp\/v2\/media?parent=7005"}],"wp:term":[{"taxonomy":"category","embeddable":true,"href":"https:\/\/caumas.org\/revista\/wp-json\/wp\/v2\/categories?post=7005"},{"taxonomy":"post_tag","embeddable":true,"href":"https:\/\/caumas.org\/revista\/wp-json\/wp\/v2\/tags?post=7005"}],"curies":[{"name":"wp","href":"https:\/\/api.w.org\/{rel}","templated":true}]}}