{"id":7014,"date":"2022-01-03T17:30:20","date_gmt":"2022-01-03T17:30:20","guid":{"rendered":"https:\/\/caumas.org\/revista\/?p=7014"},"modified":"2022-01-03T17:33:05","modified_gmt":"2022-01-03T17:33:05","slug":"caumas-en-el-congreso-internacional-de-sociologia-de-valdepenas-celebrado-los-dias-19-20-y-21-de-noviembre","status":"publish","type":"post","link":"https:\/\/caumas.org\/revista\/caumas-en-el-congreso-internacional-de-sociologia-de-valdepenas-celebrado-los-dias-19-20-y-21-de-noviembre\/","title":{"rendered":"CAUMAS, en el Congreso Internacional de Sociolog\u00eda de Valdepe\u00f1as, celebrado los d\u00edas 19, 20 y 21 de noviembre"},"content":{"rendered":"<p>[vc_row full_width_row=&#8221;true&#8221;][vc_column][vc_single_image image=&#8221;7015&#8243; img_size=&#8221;full&#8221; alignment=&#8221;center&#8221; css=&#8221;.vc_custom_1641230659096{margin-bottom: 0px !important;border-bottom-width: 0px !important;padding-bottom: 0px !important;background-color: #d93a1c !important;}&#8221;][vc_empty_space height=&#8221;16px&#8221;][vc_column_text]Valdepe\u00f1as acogi\u00f3 los d\u00edas 19, 20 y 21 de noviembre el <strong>XXV Congreso Internacional de Sociolog\u00eda<\/strong> en Castilla-La Mancha, organizado por la Asociaci\u00f3n Castellanomanchega de Sociolog\u00eda (ACMS) en colaboraci\u00f3n con el Ayuntamiento de Valdepe\u00f1as. El evento tuvo lugar en el Centro Cultural La Confianza y en el Centro Cecilio Mu\u00f1oz Fillol.<\/p>\n<p><img fetchpriority=\"high\" decoding=\"async\" class=\"alignnone size-full wp-image-7016 aligncenter\" src=\"https:\/\/caumas.org\/revista\/wp-content\/uploads\/2022\/01\/NOTICIA-CAUMAS.jpg\" alt=\"\" width=\"621\" height=\"621\" srcset=\"https:\/\/caumas.org\/revista\/wp-content\/uploads\/2022\/01\/NOTICIA-CAUMAS.jpg 621w, https:\/\/caumas.org\/revista\/wp-content\/uploads\/2022\/01\/NOTICIA-CAUMAS-300x300.jpg 300w, https:\/\/caumas.org\/revista\/wp-content\/uploads\/2022\/01\/NOTICIA-CAUMAS-150x150.jpg 150w\" sizes=\"(max-width: 621px) 100vw, 621px\" \/><\/p>\n<p>La Confederaci\u00f3n Estatal de Asociaciones y Federaciones de Alumnos y Exalumnos de los Programas Universitarios de Mayores (CAUMAS) fue la responsable de coordinar, un a\u00f1o m\u00e1s, la mesa n\u00famero 6 <em><strong>\u201cLas personas mayores: De la invisibilidad a una presencia constante\u201d.<\/strong><\/em><\/p>\n<p>La vicepresidenta 1 \u00aa de <strong>CAUMAS, Elisa Nuez Pati\u00f1o<\/strong>, fue la responsable de dirigir las intervenciones de los representantes de las universidades de Galicia, Pa\u00eds Vasco, Extremadura, UNED y Madrid.<\/p>\n<p><em><img decoding=\"async\" class=\"alignnone size-full wp-image-7020 aligncenter\" src=\"https:\/\/caumas.org\/revista\/wp-content\/uploads\/2022\/01\/ELISA-NUEZ-PATINO.jpg\" alt=\"\" width=\"307\" height=\"307\" srcset=\"https:\/\/caumas.org\/revista\/wp-content\/uploads\/2022\/01\/ELISA-NUEZ-PATINO.jpg 307w, https:\/\/caumas.org\/revista\/wp-content\/uploads\/2022\/01\/ELISA-NUEZ-PATINO-300x300.jpg 300w, https:\/\/caumas.org\/revista\/wp-content\/uploads\/2022\/01\/ELISA-NUEZ-PATINO-150x150.jpg 150w\" sizes=\"(max-width: 307px) 100vw, 307px\" \/><\/em><\/p>\n<p style=\"text-align: center;\"><em>Elisa Nuez Pati\u00f1o, vicepresidenta 1\u00aa de CAUMAS<\/em><\/p>\n<p>Los <strong>temas<\/strong> que se tratados fueron muy diversos y giraron en torno a <em>la utilizaci\u00f3n de las Tecnolog\u00edas de la Informaci\u00f3n y la Comunicaci\u00f3n (TIC) en la actualidad por parte de las personas mayores; La soledad no deseada; Participaci\u00f3n del alumnado en los Programas de las Universidades de Mayores; Experiencias vividas por personas de avanzada edad lisboetas; Dimensiones del envejecimiento activo en Extremadura y Movimiento de pensionistas vascos.<\/em><\/p>\n<p><em>*Fuente: 65ym\u00e1s<\/em>[\/vc_column_text][\/vc_column][\/vc_row]<\/p>\n","protected":false},"excerpt":{"rendered":"<p>[vc_row full_width_row=&#8221;true&#8221;][vc_column][vc_single_image image=&#8221;7015&#8243; img_size=&#8221;full&#8221; alignment=&#8221;center&#8221; css=&#8221;.vc_custom_1641230659096{margin-bottom: 0px !important;border-bottom-width: 0px !important;padding-bottom: 0px !important;background-color: #d93a1c !important;}&#8221;][vc_empty_space height=&#8221;16px&#8221;][vc_column_text]Valdepe\u00f1as acogi\u00f3 los d\u00edas 19, 20 y 21 de noviembre el XXV Congreso Internacional de Sociolog\u00eda en Castilla-La Mancha, organizado por la Asociaci\u00f3n Castellanomanchega de Sociolog\u00eda (ACMS) en colaboraci\u00f3n con el Ayuntamiento de Valdepe\u00f1as. El evento tuvo lugar en el Centro&hellip;<\/p>\n","protected":false},"author":1,"featured_media":7017,"comment_status":"closed","ping_status":"closed","sticky":false,"template":"","format":"standard","meta":{"footnotes":""},"categories":[233,59],"tags":[],"class_list":["post-7014","post","type-post","status-publish","format-standard","has-post-thumbnail","hentry","category-37-noticias-dic-2021","category-noticias","category-233","category-59","description-off"],"_links":{"self":[{"href":"https:\/\/caumas.org\/revista\/wp-json\/wp\/v2\/posts\/7014","targetHints":{"allow":["GET"]}}],"collection":[{"href":"https:\/\/caumas.org\/revista\/wp-json\/wp\/v2\/posts"}],"about":[{"href":"https:\/\/caumas.org\/revista\/wp-json\/wp\/v2\/types\/post"}],"author":[{"embeddable":true,"href":"https:\/\/caumas.org\/revista\/wp-json\/wp\/v2\/users\/1"}],"replies":[{"embeddable":true,"href":"https:\/\/caumas.org\/revista\/wp-json\/wp\/v2\/comments?post=7014"}],"version-history":[{"count":4,"href":"https:\/\/caumas.org\/revista\/wp-json\/wp\/v2\/posts\/7014\/revisions"}],"predecessor-version":[{"id":7022,"href":"https:\/\/caumas.org\/revista\/wp-json\/wp\/v2\/posts\/7014\/revisions\/7022"}],"wp:featuredmedia":[{"embeddable":true,"href":"https:\/\/caumas.org\/revista\/wp-json\/wp\/v2\/media\/7017"}],"wp:attachment":[{"href":"https:\/\/caumas.org\/revista\/wp-json\/wp\/v2\/media?parent=7014"}],"wp:term":[{"taxonomy":"category","embeddable":true,"href":"https:\/\/caumas.org\/revista\/wp-json\/wp\/v2\/categories?post=7014"},{"taxonomy":"post_tag","embeddable":true,"href":"https:\/\/caumas.org\/revista\/wp-json\/wp\/v2\/tags?post=7014"}],"curies":[{"name":"wp","href":"https:\/\/api.w.org\/{rel}","templated":true}]}}