{"id":7061,"date":"2022-01-03T19:37:12","date_gmt":"2022-01-03T19:37:12","guid":{"rendered":"https:\/\/caumas.org\/revista\/?p=7061"},"modified":"2022-01-04T08:24:48","modified_gmt":"2022-01-04T08:24:48","slug":"asociacion-de-alumnos-del-pum-del-campus-de-ourense-universidad-de-vigo-viaje-a-la-ciudad-de-la-luz","status":"publish","type":"post","link":"https:\/\/caumas.org\/revista\/asociacion-de-alumnos-del-pum-del-campus-de-ourense-universidad-de-vigo-viaje-a-la-ciudad-de-la-luz\/","title":{"rendered":"Asociaci\u00f3n de Alumnos del PUM del campus de Ourense, Universidad de Vigo<br>Viaje a la ciudad de la luz"},"content":{"rendered":"<p>[vc_row full_width_row=&#8221;true&#8221;][vc_column][vc_row_inner][vc_column_inner css=&#8221;.vc_custom_1624433546746{padding-top: -20px !important;padding-bottom: -20px !important;background-color: #57215c !important;}&#8221;][vc_column_text]<\/p>\n<h1 style=\"text-align: center;\"><span style=\"color: #ffffff;\">26-11-2021. Viaje a la ciudad de la luz<\/span><\/h1>\n<p>[\/vc_column_text][\/vc_column_inner][\/vc_row_inner]<div class=\"gap\" style=\"line-height: 16px; height: 16px;\"><\/div>[vc_column_text]<img decoding=\"async\" class=\"alignnone wp-image-7062 aligncenter\" src=\"https:\/\/caumas.org\/revista\/wp-content\/uploads\/2022\/01\/LOGO-UNIVERSIDAD-DE-VIGO.png\" alt=\"\" width=\"379\" height=\"120\" srcset=\"https:\/\/caumas.org\/revista\/wp-content\/uploads\/2022\/01\/LOGO-UNIVERSIDAD-DE-VIGO.png 1493w, https:\/\/caumas.org\/revista\/wp-content\/uploads\/2022\/01\/LOGO-UNIVERSIDAD-DE-VIGO-300x95.png 300w, https:\/\/caumas.org\/revista\/wp-content\/uploads\/2022\/01\/LOGO-UNIVERSIDAD-DE-VIGO-1024x324.png 1024w, https:\/\/caumas.org\/revista\/wp-content\/uploads\/2022\/01\/LOGO-UNIVERSIDAD-DE-VIGO-768x243.png 768w\" sizes=\"(max-width: 379px) 100vw, 379px\" \/>[\/vc_column_text]<div class=\"gap\" style=\"line-height: 16px; height: 16px;\"><\/div>[\/vc_column][\/vc_row][vc_row][vc_column][vc_column_text]<em><strong>El viaje a Vigo.<\/strong><\/em><\/p>\n<p>Ourense, a las 9 horas est\u00e1bamos en el autob\u00fas ya de camino, eso quiere decir que la puntualidad, que es la m\u00e1xima muestra de respeto y consideraci\u00f3n a los dem\u00e1s, se cumpl\u00eda. Si adem\u00e1s en contra de las previsiones de lluvia, luc\u00eda un sol de lujo, el \u00e1nimo subi\u00f3 de tono y en un plis-plas llegamos al parque de Castrelos, en Vigo.<\/p>\n<p><em><strong>Visita al Pazo de Castrelos y Museo Municipal de Vigo Qui\u00f1ones de Le\u00f3n.<\/strong><\/em><\/p>\n<p><img fetchpriority=\"high\" decoding=\"async\" class=\"alignnone size-full wp-image-7063 aligncenter\" src=\"https:\/\/caumas.org\/revista\/wp-content\/uploads\/2022\/01\/VIGO-01.jpg\" alt=\"\" width=\"406\" height=\"304\" srcset=\"https:\/\/caumas.org\/revista\/wp-content\/uploads\/2022\/01\/VIGO-01.jpg 406w, https:\/\/caumas.org\/revista\/wp-content\/uploads\/2022\/01\/VIGO-01-300x225.jpg 300w\" sizes=\"(max-width: 406px) 100vw, 406px\" \/><br \/>\nA la llegada, Constantino, Feliciano y Leonardo representando a la Asociaci\u00f3n de Aulas de Formaci\u00f3n Abertas de la UVigo del campus de Vigo, siguiendo la pauta de la extrema puntualidad, nos recibieron a la puerta del autob\u00fas, present\u00e1ndonos a continuaci\u00f3n a Mar\u00eda, la magn\u00edfica y encantadora gu\u00eda que, hasta la hora de comer, no dud\u00f3 en desentra\u00f1ar toda la historia, y lo que de relevancia posee para el mundo, el Pazo y entorno de Castrelos y el extraordinario complejo del Campus Universitario de la Universidad de Vigo en As Lagoas-Marcosende, que se define como <strong>\u201cInnovadora, p\u00fablica y de calidad\u201d<\/strong>, y que corroboramos completamente los que hemos tenido la dicha de conocerla, tanto como alumnos, como visitantes.<\/p>\n<p>Describir la visita al pazo, es recrearse en la historia de Vigo en un viaje que va desde el paleol\u00edtico a la romanizaci\u00f3n y hasta la \u00e9poca de esplendor del pazo en la primera mitad del S. XX. La pinacoteca de Pintura Europea, legado de Policarpo Sanz, la colecci\u00f3n de arte de Garc\u00eda Barb\u00f3n, la sala de cer\u00e1mica y porcelana con una vajilla completa de la tercera \u00e9poca de la Real F\u00e1brica de Sargadelos y otra selecci\u00f3n de cer\u00e1mica popular gallega.<\/p>\n<p>Pero si bien esta primera parte de la visita es de por s\u00ed importante, la visita a los sus jardines y su entorno nos trasladan a momentos id\u00edlicos de la historia de Galicia y sus forjadores.<\/p>\n<p><img decoding=\"async\" class=\"alignnone size-full wp-image-7064 aligncenter\" src=\"https:\/\/caumas.org\/revista\/wp-content\/uploads\/2022\/01\/VIGO-02.jpg\" alt=\"\" width=\"406\" height=\"304\" srcset=\"https:\/\/caumas.org\/revista\/wp-content\/uploads\/2022\/01\/VIGO-02.jpg 406w, https:\/\/caumas.org\/revista\/wp-content\/uploads\/2022\/01\/VIGO-02-300x225.jpg 300w\" sizes=\"(max-width: 406px) 100vw, 406px\" \/><br \/>\nLa gran riqueza bot\u00e1nica del Jard\u00edn Franc\u00e9s, el Jard\u00edn Ingl\u00e9s, la inmensa variedad de camelias, rododendros, rosas, con su lago, palomar y sus espacios de ocio o reposo, imprimen un car\u00e1cter singular que nos retrotraen a otra \u00e9poca en la que las prisas de la ciudad moderna estaban a\u00fan muy lejos. No es de extra\u00f1ar que Concepci\u00f3n Arenal eligiera uno de sus entornos de ensue\u00f1o para meditar e iniciar un atardecer su \u00faltimo viaje.<\/p>\n<p><em><strong>Recepci\u00f3n y sesi\u00f3n de trabajo en el Campus As Lagoas-Macrosende.<\/strong><\/em><\/p>\n<p>Como no podr\u00eda ser de otra manera, los Alumnos de Aulas Abertas del Campus de Ourense, organizadores de la excursi\u00f3n, visitaron el inmenso complejo del campus de Vigo de su Universidad.<\/p>\n<p>Ni que decir tiene, que todo el complejo deslumbra por la perfecta conjunci\u00f3n de su dise\u00f1o con el entorno natural. Como miembros del PUM, sentimos no haber podido tener esos medios al alcance en su tiempo, pero creemos que el futuro, aunque sea compartido, debe forjarse en ese entorno ideal que, por s\u00ed s\u00f3lo, invita a crear y el querer saber m\u00e1s.<\/p>\n<p><img loading=\"lazy\" decoding=\"async\" class=\"alignnone size-full wp-image-7065 aligncenter\" src=\"https:\/\/caumas.org\/revista\/wp-content\/uploads\/2022\/01\/VIGO-03.jpg\" alt=\"\" width=\"406\" height=\"304\" srcset=\"https:\/\/caumas.org\/revista\/wp-content\/uploads\/2022\/01\/VIGO-03.jpg 406w, https:\/\/caumas.org\/revista\/wp-content\/uploads\/2022\/01\/VIGO-03-300x225.jpg 300w\" sizes=\"(max-width: 406px) 100vw, 406px\" \/><\/p>\n<p>En el sal\u00f3n de grados de la Facultad de Ciencias Xur\u00eddicas e do Traballo, y presidida por M \u00aa Jos\u00e9 Moure, directora de la EAFP (Escuela Abierta de Formaci\u00f3n Permanente) en la que est\u00e1 integrado el PUM de la UVigo, celebramos la sesi\u00f3n de confraternidad y propuesta de mejoras del Programa de Mayores dentro de un ambiente de calidad, con el \u00fanico prop\u00f3sito de mejorar las acciones formativas ya en marcha.<\/p>\n<p><img loading=\"lazy\" decoding=\"async\" class=\"alignnone size-full wp-image-7066 aligncenter\" src=\"https:\/\/caumas.org\/revista\/wp-content\/uploads\/2022\/01\/VIGO-04.jpg\" alt=\"\" width=\"406\" height=\"304\" srcset=\"https:\/\/caumas.org\/revista\/wp-content\/uploads\/2022\/01\/VIGO-04.jpg 406w, https:\/\/caumas.org\/revista\/wp-content\/uploads\/2022\/01\/VIGO-04-300x225.jpg 300w\" sizes=\"(max-width: 406px) 100vw, 406px\" \/><\/p>\n<p>Tras un breve paseo por algunas facultades del campus, no dirigimos a nuestra siguiente obligada cita para celebrar un almuerzo en compa\u00f1\u00eda de compa\u00f1eros de la Asociaci\u00f3n del PUM de Vigo.<\/p>\n<p><em><strong>Comida en el restaurante del Real Club N\u00e1utico de Vigo.<\/strong><\/em><\/p>\n<p>A la hora prevista, llegamos al restaurante del N\u00e1utico de Vigo donde nos esperaba una nutrida representaci\u00f3n del alumnado de la Asociaci\u00f3n de Vigo que hicieron gala del trato exquisito al que ya nos tienen acostumbrado en un tambi\u00e9n ambiente de calidad y clase al que a nuestras asociaciones no debemos nunca renunciar. Al remate de una magn\u00edfica comida, Feliciano Gonz\u00e1lez \u00c1lvarez, vicepresidente de Aulas de Formaci\u00f3n Abertas de UVigo, campus de Vigo, entreg\u00f3 a Celso Pumar G\u00f3mez, presidente de Aulas Abertas del campus de Ourense, una obra en porcelana de ceramista Otero Regal.<br \/>\n<img loading=\"lazy\" decoding=\"async\" class=\"alignnone size-full wp-image-7067 aligncenter\" src=\"https:\/\/caumas.org\/revista\/wp-content\/uploads\/2022\/01\/VIGO-05.jpg\" alt=\"\" width=\"482\" height=\"303\" srcset=\"https:\/\/caumas.org\/revista\/wp-content\/uploads\/2022\/01\/VIGO-05.jpg 482w, https:\/\/caumas.org\/revista\/wp-content\/uploads\/2022\/01\/VIGO-05-300x189.jpg 300w\" sizes=\"(max-width: 482px) 100vw, 482px\" \/><br \/>\n<em><strong>Visita a la nueva estaci\u00f3n del AVE \u2013 VIALIA.<\/strong><\/em><\/p>\n<p>Thom Mayne, (Morphosis Architects) dise\u00f1\u00f3 gran parte del proyecto de ADIF, para crear proyectos e intervenciones de conectividad urbana al mismo tiempo que crea una puerta de entrada a la ciudad, contribuyendo a la vez en el crecimiento social y comercial.<\/p>\n<p>A\u00fan sin rematar, constituye uno de los mayores retos arquitect\u00f3nicos que logra sacarles buen partido a los 17 metros de desnivel, creando un espacio de 4 alturas como encuentro y acceso al centro de Vigo con la magn\u00edfica estampa de fondo de la m\u00edtica r\u00eda de Vigo.<\/p>\n<p>Despu\u00e9s de tratar de definir tan impresionante maravilla arquitect\u00f3nica, me confieso impotente para describir la conjunci\u00f3n de actividades que se desarrollan en su conjunto como la comercial, restauraci\u00f3n, ocio y sobre todo de un important\u00edsimo espacio de convivencia social que goza de una amplitud de libertad al aire libre. Mejor verlo, de por s\u00ed merece una visita a prop\u00f3sito estos 33.000 m2, tan bien empleados.<\/p>\n<p><em><strong>La traca final: El calor de la luz.<\/strong><\/em><\/p>\n<p>Desde Vialia, y como si hubi\u00e9semos llegado en ese momento de un viaje fant\u00e1stico, nos adentramos en el coraz\u00f3n de la ciudad Ol\u00edvica, donde nos sorprende una gran caja de regalo de proporciones gigantescas con un baile de miles de luces deslumbrantes. Ya, calle Urzaiz abajo, nos encontramos ante otra gran bola multicolor de Navidad que nos anunciaba, con luces casi cegadoras, la entrada de la calle Pr\u00edncipe a la izquierda y, a la derecha, calle abajo, el panorama de la gran Noria a la entrada de la plaza de Compostela, m\u00e1s conocida como la Alameda, y algunos m\u00e1s modernos como el \u201cCentral Park\u201d de Vigo.<br \/>\n<img loading=\"lazy\" decoding=\"async\" class=\"alignnone size-full wp-image-7068 aligncenter\" src=\"https:\/\/caumas.org\/revista\/wp-content\/uploads\/2022\/01\/VIGO-06.jpg\" alt=\"\" width=\"406\" height=\"304\" srcset=\"https:\/\/caumas.org\/revista\/wp-content\/uploads\/2022\/01\/VIGO-06.jpg 406w, https:\/\/caumas.org\/revista\/wp-content\/uploads\/2022\/01\/VIGO-06-300x225.jpg 300w\" sizes=\"(max-width: 406px) 100vw, 406px\" \/><br \/>\nRecorremos a continuaci\u00f3n, calle arriba la Calle Policarpo Sanz, en donde el trineo de Pap\u00e1 Noel, y distintos \u00edconos navide\u00f1os, hacen la delicia del p\u00fablico m\u00e1s joven en los que hacen cola para quedar inmortalizados en unas instant\u00e1neas del tel\u00e9fono m\u00f3vil o un v\u00eddeo de recuerdo.<\/p>\n<p>Como una sorpresa inesperada, el alma promotora de toda esta realidad hecha fantas\u00eda, el Sr. Abel Caballero, saluda a nuestro anfitri\u00f3n, Feliciano Gonz\u00e1lez, y a nosotros por proximidad en el afecto, lo cual inmortalizamos, no sin antes sentir admiraci\u00f3n por alguien que est\u00e1 llevando a su ciudad al olimpo de la cultura y modernizaci\u00f3n.<\/p>\n<p><img loading=\"lazy\" decoding=\"async\" class=\"alignnone size-full wp-image-7069 aligncenter\" src=\"https:\/\/caumas.org\/revista\/wp-content\/uploads\/2022\/01\/VIGO-07.jpg\" alt=\"\" width=\"406\" height=\"304\" srcset=\"https:\/\/caumas.org\/revista\/wp-content\/uploads\/2022\/01\/VIGO-07.jpg 406w, https:\/\/caumas.org\/revista\/wp-content\/uploads\/2022\/01\/VIGO-07-300x225.jpg 300w\" sizes=\"(max-width: 406px) 100vw, 406px\" \/><\/p>\n<p>Dejando el gran \u00e1rbol multicolor-multifunci\u00f3n y la magn\u00edfica joya del Centro Garc\u00eda Barb\u00f3n a la derecha, nos dirigimos calle abajo a la Alameda en donde est\u00e1 ubicado el gran mercado de Navidad y la noria.<\/p>\n<p>Describirlo es algo tambi\u00e9n complejo, puesto que el que suscribe afirma que no desmerece a ningunos de los afamados mercadillos europeos que, por si fuera poco, est\u00e1 capitaneado por una noria gigantesca y uno de los carruseles m\u00e1s bellos y elaborados creados por mano humana. Minutos m\u00e1s tarde nos dirigimos al autob\u00fas de regreso que nos esperaba, casi sin poder creer el d\u00eda tan extraordinario que hab\u00edamos vivido, con un clima ideal y una compa\u00f1\u00eda inmejorable. Estos d\u00edas as\u00ed, hacen que cada vez nos sintamos m\u00e1s dichosos al ver amanecer cada nuevo d\u00eda.<\/p>\n<p style=\"text-align: right;\"><em><strong>Miguel \u00c1ngel Mart\u00ednez Coello<\/strong><\/em><br \/>\nAsociaci\u00f3n Aulas de Formaci\u00f3n Aberta de la UVigo, campus de Ourense.<br \/>\nResponsable de Prensa y Comunicaciones de FEGAUS.<\/p>\n<p>\u00a0[\/vc_column_text][\/vc_column][\/vc_row]<\/p>\n","protected":false},"excerpt":{"rendered":"<p>[vc_row full_width_row=&#8221;true&#8221;][vc_column][vc_row_inner][vc_column_inner css=&#8221;.vc_custom_1624433546746{padding-top: -20px !important;padding-bottom: -20px !important;background-color: #57215c !important;}&#8221;][vc_column_text] 26-11-2021. Viaje a la ciudad de la luz [\/vc_column_text][\/vc_column_inner][\/vc_row_inner][vc_column_text][\/vc_column_text][\/vc_column][\/vc_row][vc_row][vc_column][vc_column_text]El viaje a Vigo. Ourense, a las 9 horas est\u00e1bamos en el autob\u00fas ya de camino, eso quiere decir que la puntualidad, que es la m\u00e1xima muestra de respeto y consideraci\u00f3n a los dem\u00e1s, se cumpl\u00eda. Si adem\u00e1s&hellip;<\/p>\n","protected":false},"author":1,"featured_media":7070,"comment_status":"closed","ping_status":"closed","sticky":false,"template":"","format":"standard","meta":{"footnotes":""},"categories":[234,93],"tags":[],"class_list":["post-7061","post","type-post","status-publish","format-standard","has-post-thumbnail","hentry","category-37-hablan-las-asociaciones-dic-2021","category-asociaciones","category-234","category-93","description-off"],"_links":{"self":[{"href":"https:\/\/caumas.org\/revista\/wp-json\/wp\/v2\/posts\/7061","targetHints":{"allow":["GET"]}}],"collection":[{"href":"https:\/\/caumas.org\/revista\/wp-json\/wp\/v2\/posts"}],"about":[{"href":"https:\/\/caumas.org\/revista\/wp-json\/wp\/v2\/types\/post"}],"author":[{"embeddable":true,"href":"https:\/\/caumas.org\/revista\/wp-json\/wp\/v2\/users\/1"}],"replies":[{"embeddable":true,"href":"https:\/\/caumas.org\/revista\/wp-json\/wp\/v2\/comments?post=7061"}],"version-history":[{"count":2,"href":"https:\/\/caumas.org\/revista\/wp-json\/wp\/v2\/posts\/7061\/revisions"}],"predecessor-version":[{"id":7152,"href":"https:\/\/caumas.org\/revista\/wp-json\/wp\/v2\/posts\/7061\/revisions\/7152"}],"wp:featuredmedia":[{"embeddable":true,"href":"https:\/\/caumas.org\/revista\/wp-json\/wp\/v2\/media\/7070"}],"wp:attachment":[{"href":"https:\/\/caumas.org\/revista\/wp-json\/wp\/v2\/media?parent=7061"}],"wp:term":[{"taxonomy":"category","embeddable":true,"href":"https:\/\/caumas.org\/revista\/wp-json\/wp\/v2\/categories?post=7061"},{"taxonomy":"post_tag","embeddable":true,"href":"https:\/\/caumas.org\/revista\/wp-json\/wp\/v2\/tags?post=7061"}],"curies":[{"name":"wp","href":"https:\/\/api.w.org\/{rel}","templated":true}]}}