{"id":7185,"date":"2022-04-05T08:34:12","date_gmt":"2022-04-05T08:34:12","guid":{"rendered":"https:\/\/caumas.org\/revista\/?p=7185"},"modified":"2022-04-05T08:34:12","modified_gmt":"2022-04-05T08:34:12","slug":"el-valor-de-la-educacioncarlos-llorens","status":"publish","type":"post","link":"https:\/\/caumas.org\/revista\/el-valor-de-la-educacioncarlos-llorens\/","title":{"rendered":"EL VALOR DE LA EDUCACI\u00d3N<br>Carlos Llor\u00e9ns"},"content":{"rendered":"<p>[vc_row full_width_row=&#8221;true&#8221;][vc_column]<div id=\"ultimate-heading-287969f175c3b128d\" class=\"uvc-heading ult-adjust-bottom-margin ultimate-heading-287969f175c3b128d uvc-2985  uvc-heading-default-font-sizes\" data-hspacer=\"no_spacer\"  data-halign=\"left\" style=\"text-align:left\"><div class=\"uvc-heading-spacer no_spacer\" style=\"top\"><\/div><div class=\"uvc-main-heading ult-responsive\"  data-ultimate-target='.uvc-heading.ultimate-heading-287969f175c3b128d h2'  data-responsive-json-new='{\"font-size\":\"\",\"line-height\":\"\"}' ><h2 style=\"font-family:&#039;Viga&#039;;--font-weight:theme;\">EL VALOR DE LA EDUCACI\u00d3N<\/h2><\/div><div class=\"uvc-sub-heading ult-responsive\"  data-ultimate-target='.uvc-heading.ultimate-heading-287969f175c3b128d .uvc-sub-heading '  data-responsive-json-new='{\"font-size\":\"\",\"line-height\":\"\"}'  style=\"font-weight:normal;\">Carlos Llor\u00e9ns<\/div><\/div>[vc_empty_space height=&#8221;16px&#8221;][vc_row_inner][vc_column_inner][vc_column_text]<\/p>\n<p style=\"text-align: justify;\">Uno de los aspectos que se estudian en Psicolog\u00eda es el de la \u201cPersonalidad Elegida\u201d.<\/p>\n<p style=\"text-align: justify;\">En su magn\u00edfico libro <strong>\u201cAprender a vivir\u201d<\/strong>, su autor, el Sr. Jos\u00e9 Antonio Marina, hace hincapi\u00e9 en 3 elementos primordiales:<\/p>\n<p style=\"text-align: center;\"><em>Proyecto vital.<\/em><br \/>\n<em>Negociaci\u00f3n con el propio car\u00e1cter.<\/em><br \/>\n<em>Negociaci\u00f3n con la realidad.<\/em><\/p>\n<p style=\"text-align: justify;\">Ciertamente el tema es amplio, pero voy a centrarme en el proyecto de la formaci\u00f3n que debe\/debiera acompa\u00f1ar a cualquier ser humano. <strong>La Educaci\u00f3n.<\/strong><\/p>\n<p style=\"text-align: justify;\">Me inclino a creer que la educaci\u00f3n no abarca \u00fanicamente los primeros a\u00f1os acad\u00e9micos, sino que se extiende a lo largo de la vida. Se aprende cada d\u00eda. Se puede desaprender, eso tambi\u00e9n.<\/p>\n<p style=\"text-align: justify;\">Las buenas formas de comportamiento (normas sociales), que \u2013primordialmente- debieran aprenderse en el seno familiar, se complementan con un buen expediente acad\u00e9mico. Al menos aceptable.<\/p>\n<p style=\"text-align: justify;\">Estoy de acuerdo en que desde que nacemos la lucha es constante.<\/p>\n<p style=\"text-align: justify;\">El Sr. Rojas Marcos, psiquiatra, basa una buena vida adulta en 2 pilares fundamentales:<\/p>\n<p style=\"text-align: center;\"><strong>Un proyecto, una meta, un fin, un horizonte.<\/strong><br \/>\n<strong>Una fe inquebrantable.<\/strong><\/p>\n<p style=\"text-align: justify;\">Cuando mencion\u00e9, al inicio, el t\u00e9rmino \u201cPersonalidad Elegida\u201d, record\u00e9 otros 2 apartados que, asimismo, se estudian en Psicolog\u00eda, a saber: Inteligencia da\u00f1ada e Inteligencia fracasada.<\/p>\n<p style=\"text-align: justify;\">La primera nos viene de nacimiento, no as\u00ed la segunda que \u2013a lo largo de la vida-, puede torcerse por m\u00faltiples motivos.<\/p>\n<p style=\"text-align: justify;\">Una educaci\u00f3n en constante aprendizaje, viene \u2013 a mi modo de ver- como una toma de conciencia personal con uno mismo y en la inter-dependencia con los dem\u00e1s.<\/p>\n<p style=\"text-align: justify;\">Por ejemplo. No debe maltratarse a un ser vivo. Respetarlo es haber aceptado que la toma de conciencia sobre la vida propia o de otro, es un bien a mantener.<\/p>\n<p style=\"text-align: justify;\">Respetar los bienes materiales ajenos, podr\u00eda incluirse tambi\u00e9n.<\/p>\n<p style=\"text-align: justify;\">Esto que se denomina \u201ctodo vale\u201d, que hoy en d\u00eda parece prevalecer, ni tiene sentido ni alcance a tiempos de futuro.<\/p>\n<p style=\"text-align: justify;\">Sabemos que ninguna Civilizaci\u00f3n subsisti\u00f3 en el \u201ccaos\u201d.<\/p>\n<p style=\"text-align: justify;\">Si vemos a nuestro alrededor, si atisbamos con detenimiento, todo cuanto nos rodea en el mundo natural, todo es fruto de un orden. Podr\u00edamos argumentar que la Naturaleza asumi\u00f3 sobre s\u00ed misma un delicado, influyente y enorme sentido del orden.<\/p>\n<p style=\"text-align: justify;\">Hasta aqu\u00ed quer\u00eda llegar.<\/p>\n<p style=\"text-align: justify;\">Los primeros a\u00f1os de formaci\u00f3n acad\u00e9mica, son cruciales. Por descontado que exigen esfuerzo, incluso que en ello, vayan grandes dosis de \u201ctrabajo personal\u201d, de \u201csuperar obst\u00e1culos\u201d\u2026\u2026<\/p>\n<p style=\"text-align: justify;\">Esa motivaci\u00f3n que debiera estar presente es como el motor que ir\u00e1 modelando las satisfacciones personales.<\/p>\n<p style=\"text-align: justify;\">Por todo ello, no dejo de reconocer la enorme responsabilidad que debe subyacer en el seno familiar, posteriormente en la comunidad educativa y finalmente en el propio individuo, el cual, dotado de cualidades adecuadas, sabr\u00e1 dar a su propia existencia el valor que lo alejen de la mediocridad y la vulgaridad.<\/p>\n<p style=\"text-align: justify;\">No menos importancia cobra la Educaci\u00f3n Emocional. Algo que trata en profundidad el Sr. Daniel Goleman en su magn\u00edfico libro \u201cInteligencia Emocional\u201d.<\/p>\n<p style=\"text-align: justify;\">Aprender a solucionar los conflictos, el arte de la empat\u00eda, el saber dirigir las relaciones y dirimir adecuadamente las diferencias, acabar\u00e1n por completar ese ciclo, por otra parte nunca terminado, de formarnos como seres humanos.<\/p>\n<p style=\"text-align: justify;\">Dice el Sr. Goleman, que esa Inteligencia emocional, dar\u00e1 mejores padres, mejores hijos, mejores maridos, mejores esposas. En definitiva mejores ciudadanos.<\/p>\n<p style=\"text-align: justify;\">Eduard Spranger, en su libro \u201cFormas de vida\u201d, dibuja una tipolog\u00eda fundada en el estudio de las tendencias que pueden actuar en los determinados campos de la cultura.<\/p>\n<p style=\"text-align: justify;\">Y contin\u00faa\u2026.\u201dEl hombre desarrolla su vida en un mundo en el que existen unos determinados valores\u201d\u2026\u201dtodo cuanto representa un fin para el hombre, es decir, todo aquello a lo que aspira\u201d\u2026.<\/p>\n<p style=\"text-align: justify;\">En resumen, esto que se expone dar\u00e1 sus frutos si detr\u00e1s hubo una buena Educaci\u00f3n.<\/p>\n<p style=\"text-align: right;\"><em><strong>Carlos LLor\u00e9ns Fern\u00e1ndez.<\/strong><\/em><br \/>\n<em><strong>Asociaci\u00f3n Aulas de Formaci\u00f3n Aberta<\/strong><\/em><br \/>\n<em><strong>Universidad de Vigo.<\/strong><\/em><\/p>\n<p>[\/vc_column_text][\/vc_column_inner][\/vc_row_inner][\/vc_column][\/vc_row]<\/p>\n","protected":false},"excerpt":{"rendered":"<p>[vc_row full_width_row=&#8221;true&#8221;][vc_column][vc_empty_space height=&#8221;16px&#8221;][vc_row_inner][vc_column_inner][vc_column_text] Uno de los aspectos que se estudian en Psicolog\u00eda es el de la \u201cPersonalidad Elegida\u201d. En su magn\u00edfico libro \u201cAprender a vivir\u201d, su autor, el Sr. Jos\u00e9 Antonio Marina, hace hincapi\u00e9 en 3 elementos primordiales: Proyecto vital. Negociaci\u00f3n con el propio car\u00e1cter. Negociaci\u00f3n con la realidad. Ciertamente el tema es amplio, pero&hellip;<\/p>\n","protected":false},"author":1,"featured_media":7186,"comment_status":"closed","ping_status":"closed","sticky":false,"template":"","format":"standard","meta":{"footnotes":""},"categories":[235,57],"tags":[],"class_list":["post-7185","post","type-post","status-publish","format-standard","has-post-thumbnail","hentry","category-38-opinion-mar-2022","category-opinion","category-235","category-57","description-off"],"_links":{"self":[{"href":"https:\/\/caumas.org\/revista\/wp-json\/wp\/v2\/posts\/7185","targetHints":{"allow":["GET"]}}],"collection":[{"href":"https:\/\/caumas.org\/revista\/wp-json\/wp\/v2\/posts"}],"about":[{"href":"https:\/\/caumas.org\/revista\/wp-json\/wp\/v2\/types\/post"}],"author":[{"embeddable":true,"href":"https:\/\/caumas.org\/revista\/wp-json\/wp\/v2\/users\/1"}],"replies":[{"embeddable":true,"href":"https:\/\/caumas.org\/revista\/wp-json\/wp\/v2\/comments?post=7185"}],"version-history":[{"count":1,"href":"https:\/\/caumas.org\/revista\/wp-json\/wp\/v2\/posts\/7185\/revisions"}],"predecessor-version":[{"id":7187,"href":"https:\/\/caumas.org\/revista\/wp-json\/wp\/v2\/posts\/7185\/revisions\/7187"}],"wp:featuredmedia":[{"embeddable":true,"href":"https:\/\/caumas.org\/revista\/wp-json\/wp\/v2\/media\/7186"}],"wp:attachment":[{"href":"https:\/\/caumas.org\/revista\/wp-json\/wp\/v2\/media?parent=7185"}],"wp:term":[{"taxonomy":"category","embeddable":true,"href":"https:\/\/caumas.org\/revista\/wp-json\/wp\/v2\/categories?post=7185"},{"taxonomy":"post_tag","embeddable":true,"href":"https:\/\/caumas.org\/revista\/wp-json\/wp\/v2\/tags?post=7185"}],"curies":[{"name":"wp","href":"https:\/\/api.w.org\/{rel}","templated":true}]}}