{"id":7208,"date":"2022-04-05T09:46:02","date_gmt":"2022-04-05T09:46:02","guid":{"rendered":"https:\/\/caumas.org\/revista\/?p=7208"},"modified":"2022-04-05T10:05:44","modified_gmt":"2022-04-05T10:05:44","slug":"la-mesa-estatal-felicita-al-senado","status":"publish","type":"post","link":"https:\/\/caumas.org\/revista\/la-mesa-estatal-felicita-al-senado\/","title":{"rendered":"LA MESA ESTATAL FELICITA AL SENADO"},"content":{"rendered":"<p>[vc_row full_width_row=&#8221;true&#8221;][vc_column][vc_single_image image=&#8221;7211&#8243; img_size=&#8221;full&#8221; alignment=&#8221;center&#8221; css=&#8221;.vc_custom_1649152447787{margin-bottom: 0px !important;border-bottom-width: 0px !important;padding-bottom: 0px !important;background-color: #d93a1c !important;}&#8221;][vc_empty_space height=&#8221;16px&#8221;][vc_column_text]La Mesa Estatal por los Derechos de las Personas Mayores celebra que al fin el Senado aprobara ayer en pleno el Informe de la Ponencia de estudio sobre el proceso del envejecimiento constituida en 2020. La ponencia se celebr\u00f3 a iniciativa del grupo parlamentario socialista y el informe se aprob\u00f3 ayer por unanimidad de todos los grupos parlamentarios de la c\u00e1mara.<\/p>\n<p>La Mesa Estatal hab\u00eda pedido a los grupos parlamentarios en reiteradas ocasiones la necesidad de debatir sobre los desaf\u00edos del envejecimiento en sede parlamentaria para poner el asunto en la agenda pol\u00edtica y proponer reformas legislativas y propuestas de desarrollo de pol\u00edticas p\u00fabicas que garanticen los derechos de las personas mayores. En 2021, comparecieron en la Ponencia las principales entidades representadas en la Mesa Estatal: la Sociedad Espa\u00f1ola de Geriatr\u00eda y Gerontolog\u00eda, la Comisi\u00f3n de Envejecimiento Activo del Comit\u00e9 Espa\u00f1ol de Representantes de Personas con Discapacidad (CERMI), HelpAge Internacional Espa\u00f1a, la Fundaci\u00f3n Pilares, Grupo Social Lares, UGT, CCOO, Fundaci\u00f3n Pasqual Maragall, la Uni\u00f3n Democr\u00e1tica de Pensionistas y Jubilados de Espa\u00f1a (UDP) y la Confederaci\u00f3n Espa\u00f1ola de Organizaciones de Mayores (CEOMA).<\/p>\n<p>En el informe de la ponencia se hace un diagn\u00f3stico real de los desaf\u00edos que presenta el envejecimiento y la necesidad de avanzar en un modelo de bienestar que respete y promueva los derechos de las personas mayores, ya que ganar a\u00f1os a la vida no puede implicar una p\u00e9rdida de derechos. En este sentido, el informe se\u00f1ala la necesidad de \u201cpromover la participaci\u00f3n de las personas mayores en todas las esferas de la vida, respetando su voluntad y preferencias, entendiendo que son titulares de derechos y deberes en igualdad de condiciones que el resto de los ciudadanos y ciudadanas del pa\u00eds\u201d.<\/p>\n<p>Desde la Mesa Estatal tambi\u00e9n valoramos de forma muy positiva que se aborde de forma espec\u00edfica el derecho de las personas mayores a una vida independiente y la necesidad de crear espacios amigables e inclusivos para las personas mayores, tal y como se concluye en el eje 5: \u201cEs necesario construir una sociedad donde sea posible convivir todos y todas, independientemente de la edad, no s\u00f3lo por razones de solidaridad, equidad o justicia social, sino tambi\u00e9n para contar con comunidades m\u00e1s fuertes, m\u00e1s capaces y m\u00e1s vivibles.<\/p>\n<p>Para garantizar la autonom\u00eda y el derecho de las personas mayores a una vida independiente, es fundamental llevar a cabo la transformaci\u00f3n de los entornos, bienes, productos y servicios para que sean accesibles, tambi\u00e9n desde el punto de vista cognitivo, de manera que se promueva la adopci\u00f3n de medidas para formular pol\u00edticas basadas en la accesibilidad universal, as\u00ed como la promoci\u00f3n de modelos de cooperaci\u00f3n comunitaria, que refuercen los v\u00ednculos relacionales y donde se gestione la diversidad\u201d.<\/p>\n<p>Con todo ello, la Mesa Estatal valora de forma muy positiva esta iniciativa y conf\u00eda en que sirva de revulsivo para el impulso de pol\u00edticas p\u00fablicas adecuadas que faciliten el bienestar de las personas mayores y las oportunidades de desarrollo en una sociedad para todas las edades.[\/vc_column_text][vc_single_image image=&#8221;7212&#8243; img_size=&#8221;full&#8221; alignment=&#8221;center&#8221; onclick=&#8221;link_image&#8221;]<blockquote class=\"text-big shortcode-blockquote\"><p><strong>Sobre la Mesa Estatal por los Derechos de las Personas Mayores<\/strong><\/p>\n<blockquote>\n<p style=\"text-align: justify;\"><em>La Mesa Estatal por los Derechos de las Personas Mayores, creada en 2013 en Madrid, est\u00e1 constituida por las principales entidades del tercer sector relacionadas con la defensa de los derechos humanos y acci\u00f3n social, con especial atenci\u00f3n a las personas mayores. La misi\u00f3n de la Mesa Estatal es defender los derechos de las personas mayores frente a abusos o violencia, luchar contra la discriminaci\u00f3n por edad, hacer visible a este colectivo en el actual sistema de protecci\u00f3n de derechos humanos, destacar sus contribuciones positivas que realiza a sus familias y a la sociedad en general. La Mesa se une al movimiento existente en 57 pa\u00edses para demandar una Convenci\u00f3n de Naciones Unidas de los Derechos de las Personas Mayores.<\/em><\/p>\n<\/blockquote>\n<p><strong>M\u00e1s informaci\u00f3n: <\/strong><br \/>\n<a href=\"http:\/\/helpage.wixsite.com\/derechosymayores\" target=\"_blank\" rel=\"noopener\">http:\/\/helpage.wixsite.com\/derechosymayores<\/a><\/p>\n<p style=\"text-align: right;\"><em><strong>M\u00e1s informaci\u00f3n y contacto: <\/strong><\/em><br \/>\n<em><strong>Inma Mora S\u00e1nchez \u2013 Responsable de Comunicaci\u00f3n de HelpAge Espa\u00f1a<\/strong><\/em><br \/>\n<em><strong>Email: inma.mora@helpage-espana.org<\/strong><\/em><\/p>\n<\/blockquote>[\/vc_column][\/vc_row]<\/p>\n","protected":false},"excerpt":{"rendered":"<p>[vc_row full_width_row=&#8221;true&#8221;][vc_column][vc_single_image image=&#8221;7211&#8243; img_size=&#8221;full&#8221; alignment=&#8221;center&#8221; css=&#8221;.vc_custom_1649152447787{margin-bottom: 0px !important;border-bottom-width: 0px !important;padding-bottom: 0px !important;background-color: #d93a1c !important;}&#8221;][vc_empty_space height=&#8221;16px&#8221;][vc_column_text]La Mesa Estatal por los Derechos de las Personas Mayores celebra que al fin el Senado aprobara ayer en pleno el Informe de la Ponencia de estudio sobre el proceso del envejecimiento constituida en 2020. La ponencia se celebr\u00f3 a iniciativa&hellip;<\/p>\n","protected":false},"author":1,"featured_media":7213,"comment_status":"closed","ping_status":"closed","sticky":false,"template":"","format":"standard","meta":{"footnotes":""},"categories":[237,59],"tags":[],"class_list":["post-7208","post","type-post","status-publish","format-standard","has-post-thumbnail","hentry","category-38-noticias-mar-2022","category-noticias","category-237","category-59","description-off"],"_links":{"self":[{"href":"https:\/\/caumas.org\/revista\/wp-json\/wp\/v2\/posts\/7208","targetHints":{"allow":["GET"]}}],"collection":[{"href":"https:\/\/caumas.org\/revista\/wp-json\/wp\/v2\/posts"}],"about":[{"href":"https:\/\/caumas.org\/revista\/wp-json\/wp\/v2\/types\/post"}],"author":[{"embeddable":true,"href":"https:\/\/caumas.org\/revista\/wp-json\/wp\/v2\/users\/1"}],"replies":[{"embeddable":true,"href":"https:\/\/caumas.org\/revista\/wp-json\/wp\/v2\/comments?post=7208"}],"version-history":[{"count":3,"href":"https:\/\/caumas.org\/revista\/wp-json\/wp\/v2\/posts\/7208\/revisions"}],"predecessor-version":[{"id":7214,"href":"https:\/\/caumas.org\/revista\/wp-json\/wp\/v2\/posts\/7208\/revisions\/7214"}],"wp:featuredmedia":[{"embeddable":true,"href":"https:\/\/caumas.org\/revista\/wp-json\/wp\/v2\/media\/7213"}],"wp:attachment":[{"href":"https:\/\/caumas.org\/revista\/wp-json\/wp\/v2\/media?parent=7208"}],"wp:term":[{"taxonomy":"category","embeddable":true,"href":"https:\/\/caumas.org\/revista\/wp-json\/wp\/v2\/categories?post=7208"},{"taxonomy":"post_tag","embeddable":true,"href":"https:\/\/caumas.org\/revista\/wp-json\/wp\/v2\/tags?post=7208"}],"curies":[{"name":"wp","href":"https:\/\/api.w.org\/{rel}","templated":true}]}}