{"id":7349,"date":"2022-04-05T15:00:03","date_gmt":"2022-04-05T15:00:03","guid":{"rendered":"https:\/\/caumas.org\/revista\/?p=7349"},"modified":"2022-04-05T15:00:03","modified_gmt":"2022-04-05T15:00:03","slug":"escapada-audemac-a-cordoba","status":"publish","type":"post","link":"https:\/\/caumas.org\/revista\/escapada-audemac-a-cordoba\/","title":{"rendered":"ESCAPADA AUDEMAC A C\u00d3RDOBA"},"content":{"rendered":"<p>[vc_row full_width_row=&#8221;true&#8221;][vc_column]<div class=\"gap\" style=\"line-height: 16px; height: 16px;\"><\/div>[vc_single_image image=&#8221;7351&#8243; img_size=&#8221;full&#8221; alignment=&#8221;center&#8221; image_hovers=&#8221;false&#8221; css=&#8221;.vc_custom_1649170505825{background-color: #4b1a5f !important;}&#8221;][\/vc_column][\/vc_row][vc_row][vc_column][vc_column_text]<\/p>\n<p style=\"text-align: justify;\">Salimos de Madrid en el AVE, al llegar a C\u00f3rdoba nos esperaba un autocar que nos llev\u00f3 al paseo a orilla del Guadalquivir, desde all\u00ed fuimos andando hac\u00eda el Hotel El Conquistador, situado en un lugar privilegiado, justo enfrente de la Catedral-Mezquita. Una vez instalados, comenzamos el recorrido por la ciudad.<\/p>\n<p style=\"text-align: justify;\">Empezamos por el barrio de la Juder\u00eda, con sus estrechas calles encaladas, sus preciosos patios adornados de flores, plantas y sus fuentes en el centro. Tambi\u00e9n hay que resaltar el encanto de sus plazuelas.<\/p>\n<p style=\"text-align: justify;\">En el a\u00f1o 70 d\/C, siendo emperador romano Vespasiano, su hijo Tito destruy\u00f3 Jerusal\u00e9n y expuls\u00f3 a los jud\u00edos, dando lugar a una de las muchas di\u00e1sporas que sufrir\u00e1 el pueblo jud\u00edo a lo largo de la historia. Muchos de ellos vienen a Hispania, estableci\u00e9ndose en la Hispania Ulterior y, por el edicto de Caracalla, se les otorg\u00f3 la categor\u00eda de ciudadanos. En la \u00e9poca musulmana es cuando consiguen su mayor esplendor. Los musulmanes les respetan por ser tambi\u00e9n \u201chombres del Libro\u201d.<\/p>\n<p style=\"text-align: justify;\">La juder\u00eda de C\u00f3rdoba fue una de las m\u00e1s grandes e importantes de la pen\u00ednsula Ib\u00e9rica, se la puede delimitar entre la Puerta de Almod\u00f3var, la Mezquita-Catedral y el Palacio Episcopal.<\/p>\n<p style=\"text-align: justify;\">En el paseo nos vamos encontrando con calles dedicadas a antiguas celebridades del mundo hebreo y \u00e1rabe, como la <strong>calle de Juda<\/strong> <strong>Lev\u00ed,<\/strong> una de las figuras m\u00e1s importantes de la literatura. Poeta, fil\u00f3sofo, m\u00edstico, cient\u00edfico y m\u00e9dico. Naci\u00f3 en Tudela (no en C\u00f3rdoba) hacia el a\u00f1o 1070, gran viajero que vino a C\u00f3rdoba atra\u00eddo por su cultura.<\/p>\n<p style=\"text-align: center;\"><a class=\"dt-pswp-item\" href=\"https:\/\/caumas.org\/revista\/wp-content\/uploads\/2022\/04\/ASOCIACIONES-13.01.jpg\" data-dt-img-description=\"\" data-large_image_width=\"172\" data-large_image_height=\"305\"><img fetchpriority=\"high\" decoding=\"async\" class=\"alignnone size-full wp-image-7352\" src=\"https:\/\/caumas.org\/revista\/wp-content\/uploads\/2022\/04\/ASOCIACIONES-13.01.jpg\" alt=\"\" width=\"172\" height=\"305\" srcset=\"https:\/\/caumas.org\/revista\/wp-content\/uploads\/2022\/04\/ASOCIACIONES-13.01.jpg 172w, https:\/\/caumas.org\/revista\/wp-content\/uploads\/2022\/04\/ASOCIACIONES-13.01-169x300.jpg 169w\" sizes=\"(max-width: 172px) 100vw, 172px\" \/><\/a><\/p>\n<p>&nbsp;<\/p>\n<p style=\"text-align: justify;\">Seguimos por la <strong>calle de Albucasis<\/strong>, que naci\u00f3 en Medina Azahara alrededor del 936. Gran m\u00e9dico y cient\u00edfico \u00e1rabe es considerado el padre de la cirug\u00eda moderna y el mejor cirujano de la Edad Media. Invent\u00f3 instrumental para operar cataratas y tambi\u00e9n los f\u00f3rceps. Fue m\u00e9dico de Abderram\u00e1n III y cur\u00f3 de su obesidad al rey de Castilla Sancho \u201cel craso\u201d, que lleg\u00f3 a pesar m\u00e1s de 200 kg.<\/p>\n<p style=\"text-align: justify;\">Pasamos por la <strong>Pl. de Maim\u00f3nides, <\/strong>Mois\u00e9s Ben Maim\u00f3n, para los jud\u00edos su segundo Mois\u00e9s, que naci\u00f3 en C\u00f3rdoba en el s\/XII, durante la \u00e9poca de la dominaci\u00f3n Almor\u00e1vide. Jud\u00edo sefard\u00ed, fue m\u00e9dico, fil\u00f3sofo, astr\u00f3nomo y rabino, conocido como uno de los fil\u00f3sofos rab\u00ednicos m\u00e1s importantes en la historia judaica. De origen humilde inici\u00f3 sus estudios b\u00edblicos y talm\u00fadicos en C\u00f3rdoba, as\u00ed como filosof\u00eda y ciencia y conoci\u00f3 a los autores cl\u00e1sicos griegos a trav\u00e9s de las traducciones \u00e1rabes.<\/p>\n<p style=\"text-align: justify;\">Con el Califato Almohade, tuvo que exiliarse con su familia a Fez. Ejerci\u00f3 de m\u00e9dico. En sus obras describe enfermedades como la diabetes, hepatitis, asma, etc. Fue m\u00e9dico del sult\u00e1n Saladino y de la familia real y muri\u00f3 en El Cairo. La estatua de Maim\u00f3nides se encuentra en la Pl. Tiber\u00edades.<\/p>\n<p style=\"text-align: justify;\">Seguimos el recorrido visitando la <strong>Sinagoga, <\/strong>en la calle de los Jud\u00edos, que data del s\/XIV, \u00fanico testimonio de la arquitectura religiosa hebraica en C\u00f3rdoba y \u00fanica de origen medieval en Andaluc\u00eda. Su arquitectura es de estilo mud\u00e9jar. La sala de oraci\u00f3n est\u00e1 decorada con atauriques, inscripciones de Salmos y yeser\u00edas. En un lateral de la primera planta se situaban las mujeres. Fue la \u00faltima Sinagoga en Espa\u00f1a.<\/p>\n<p style=\"text-align: center;\"><a class=\"dt-pswp-item\" href=\"https:\/\/caumas.org\/revista\/wp-content\/uploads\/2022\/04\/ASOCIACIONES-13.02.jpg\" data-dt-img-description=\"\" data-large_image_width=\"486\" data-large_image_height=\"274\"><img decoding=\"async\" class=\"alignnone size-full wp-image-7353\" src=\"https:\/\/caumas.org\/revista\/wp-content\/uploads\/2022\/04\/ASOCIACIONES-13.02.jpg\" alt=\"\" width=\"486\" height=\"274\" srcset=\"https:\/\/caumas.org\/revista\/wp-content\/uploads\/2022\/04\/ASOCIACIONES-13.02.jpg 486w, https:\/\/caumas.org\/revista\/wp-content\/uploads\/2022\/04\/ASOCIACIONES-13.02-300x169.jpg 300w\" sizes=\"(max-width: 486px) 100vw, 486px\" \/><\/a><\/p>\n<p style=\"text-align: justify;\">Con la promulgaci\u00f3n del Edicto de Granada, los jud\u00edos son expulsados en 1492 y la Sinagoga se transforma en hospital. M\u00e1s tarde, en el s\/XVI, pas\u00f3 a usarse como ermita. En el s\/XIX se realizan reparaciones en el edificio, descubri\u00e9ndose inscripciones hebreas, lo que di\u00f3 lugar a un largo proceso de restauraci\u00f3n para recuperar la Sinagoga.<\/p>\n<p style=\"text-align: justify;\">Salimos de la Sinagoga y pasamos por el antiguo Zoco; hay que tener en cuenta que, junto con Constantinopla, C\u00f3rdoba fue la ciudad m\u00e1s importante. En el Zoco se vend\u00edan sedas, perfumes, especias, etc.<\/p>\n<p style=\"text-align: center;\"><a class=\"dt-pswp-item\" href=\"https:\/\/caumas.org\/revista\/wp-content\/uploads\/2022\/04\/ASOCIACIONES-13.03.jpg\" data-dt-img-description=\"\" data-large_image_width=\"187\" data-large_image_height=\"332\"><img decoding=\"async\" class=\"alignnone size-full wp-image-7354\" src=\"https:\/\/caumas.org\/revista\/wp-content\/uploads\/2022\/04\/ASOCIACIONES-13.03.jpg\" alt=\"\" width=\"187\" height=\"332\" srcset=\"https:\/\/caumas.org\/revista\/wp-content\/uploads\/2022\/04\/ASOCIACIONES-13.03.jpg 187w, https:\/\/caumas.org\/revista\/wp-content\/uploads\/2022\/04\/ASOCIACIONES-13.03-169x300.jpg 169w\" sizes=\"(max-width: 187px) 100vw, 187px\" \/><\/a><\/p>\n<p style=\"text-align: justify;\">A continuaci\u00f3n, visitamos la <strong>Capilla de San Bartolom\u00e9, <\/strong>de estilo mud\u00e9jar del s\/XIV, dentro de la juder\u00eda. En la actualidad es la Facultad de Filosof\u00eda y Letras. Se entra por un patio en el que hay una enorme palmera. De planta basilical y nave \u00fanica con b\u00f3veda de crucer\u00eda. Se utiliza material de acarreo. Columna con fuste romano y capitel de estilo j\u00f3nico. En las yeser\u00edas hay algunos atauriques con escritura <strong>c\u00fafica<\/strong> y <strong>nasji<\/strong> con oraciones a Al\u00e1, aunque se usan solo como elementos decorativos. Tambi\u00e9n est\u00e1 decorada con estrellas y z\u00f3calos alicatados parecidos a los de la Alhambra.<\/p>\n<p style=\"text-align: justify;\">La Puerta de Almod\u00f3var ser\u00e1 el fin del recorrido de la juder\u00eda.<\/p>\n<p style=\"text-align: justify;\">Continuamos el paseo por el barrio cristiano, pasando por el convento carmelita donde estuvo San Juan de la Cruz y por la casa de los padres de G\u00f3ngora, poeta de la Edad de Oro de nuestra literatura.<\/p>\n<p style=\"text-align: justify;\">Es ya la hora de comer y quedamos para encontrarnos a las 16 h. en la Mezquita-Catedral, en el Patio de los Naranjos<\/p>\n<p style=\"text-align: center;\"><a class=\"dt-pswp-item\" href=\"https:\/\/caumas.org\/revista\/wp-content\/uploads\/2022\/04\/ASOCIACIONES-13.04.jpg\" data-dt-img-description=\"\" data-large_image_width=\"187\" data-large_image_height=\"332\"><img loading=\"lazy\" decoding=\"async\" class=\"alignnone size-full wp-image-7355\" src=\"https:\/\/caumas.org\/revista\/wp-content\/uploads\/2022\/04\/ASOCIACIONES-13.04.jpg\" alt=\"\" width=\"187\" height=\"332\" srcset=\"https:\/\/caumas.org\/revista\/wp-content\/uploads\/2022\/04\/ASOCIACIONES-13.04.jpg 187w, https:\/\/caumas.org\/revista\/wp-content\/uploads\/2022\/04\/ASOCIACIONES-13.04-169x300.jpg 169w\" sizes=\"(max-width: 187px) 100vw, 187px\" \/><\/a><\/p>\n<p style=\"text-align: justify;\">La <strong>Mezquita-Catedral<\/strong>, est\u00e1 asentada sobre una Bas\u00edlica cristiana edificada en el s\/VI, consagrada a San Vicente m\u00e1rtir, aunque no todos los arque\u00f3logos e historiadores est\u00e1n de acuerdo. Una exposici\u00f3n arqueol\u00f3gica, excavaci\u00f3n en la propia Mezquita, muestra fragmentos de un edificio que pudo ser visigodo.<\/p>\n<p style=\"text-align: justify;\">La Mezquita fue construida por <strong>Abderram\u00e1n I,<\/strong> perteneciente a la dinast\u00eda Omeya, que hab\u00eda escapado de Damasco despu\u00e9s de ser asesinada su familia durante la revoluci\u00f3n abas\u00ed. Lleg\u00f3 a C\u00f3rdoba, y, tras derrotar al gobernador abas\u00ed instaur\u00f3 en el a\u00f1o 756 el nuevo Emirato independiente de Damasco. La independencia ser\u00e1 s\u00f3lo civil ya que mantendr\u00e1 los v\u00ednculos religiosos. Abderram\u00e1n decide que la capital del Emirato sea C\u00f3rdoba.<\/p>\n<p style=\"text-align: justify;\">Hacia el 786 comienza la construcci\u00f3n de la Mezquita, que se hace con material de acarreo, de ah\u00ed que las columnas sean diferentes unas de otras tanto por el color del m\u00e1rmol como por su altura. El muro de la quibla est\u00e1 orientado hacia el sur, no hacia la Meca. Consta de un patio para las abluciones, una sala de oraci\u00f3n y el muro de la quibla donde se halla el Mihrab.<\/p>\n<p style=\"text-align: center;\"><a class=\"dt-pswp-item\" href=\"https:\/\/caumas.org\/revista\/wp-content\/uploads\/2022\/04\/ASOCIACIONES-13.05.jpg\" data-dt-img-description=\"\" data-large_image_width=\"567\" data-large_image_height=\"319\"><img loading=\"lazy\" decoding=\"async\" class=\"alignnone size-full wp-image-7356\" src=\"https:\/\/caumas.org\/revista\/wp-content\/uploads\/2022\/04\/ASOCIACIONES-13.05.jpg\" alt=\"\" width=\"567\" height=\"319\" srcset=\"https:\/\/caumas.org\/revista\/wp-content\/uploads\/2022\/04\/ASOCIACIONES-13.05.jpg 567w, https:\/\/caumas.org\/revista\/wp-content\/uploads\/2022\/04\/ASOCIACIONES-13.05-300x169.jpg 300w\" sizes=\"(max-width: 567px) 100vw, 567px\" \/><\/a><\/p>\n<p style=\"text-align: justify;\">Sobre las columnas se apoyan dobles arcos, unos de medio punto y por encima otros de herradura. Los arcos est\u00e1n construidos con m\u00e1rmol blanco y ladrillo rojo.<\/p>\n<p style=\"text-align: justify;\"><strong>Abderram\u00e1n II<\/strong>, en el a\u00f1o 833 realiza la primera ampliaci\u00f3n tirando el muro de la quibla. La poblaci\u00f3n hab\u00eda aumentado y necesitaban m\u00e1s espacio. Las columnas nuevas no llevan basa y se decoran con capiteles de estilo isl\u00e1mico.<\/p>\n<p style=\"text-align: justify;\"><strong>Abderram\u00e1n III<\/strong>, en el a\u00f1o 929, desaf\u00eda la autoridad religiosa de las dinast\u00edas rivales de los fatim\u00edes y abas\u00edes creando el primer Califato de C\u00f3rdoba, y convirti\u00e9ndose en el primer califa Omeya de C\u00f3rdoba. Orden\u00f3 la ampliaci\u00f3n del patio de la Mezquita, manteniendo el oratorio y orden\u00f3 derribar el alminar sustituy\u00e9ndolo por otro nuevo.<\/p>\n<p style=\"text-align: justify;\">Como la poblaci\u00f3n hab\u00eda aumentado mucho y para dar mayor rango a su califato fund\u00f3 la ciudad palatina de Medina Azahara.<\/p>\n<p style=\"text-align: justify;\"><strong>Al Haken<\/strong>, II, hijo de Abderram\u00e1n III, orden\u00f3 ampliar el oratorio y mand\u00f3 construir cuatro lucernarios para dar m\u00e1s iluminaci\u00f3n interior a la Mezquita<\/p>\n<p style=\"text-align: justify;\">La \u00faltima ampliaci\u00f3n la hizo <strong>Almanzor<\/strong>, a principios del s\/XI. Se ampli\u00f3 la Mezquita hac\u00eda el este ya que el r\u00edo Guadalquivir imped\u00eda hacerlo hac\u00eda el sur. Agrand\u00f3 el oratorio y el patio. Por esas fechas en una de las peri\u00f3dicas incursiones anuales (\u201caceifas\u201d) de las tropas musulmanas, que lleg\u00f3 a Galicia robaron las campanas de la catedral de Santiago de Compostela y Almanzor orden\u00f3 que las trasladasen a C\u00f3rdoba para ponerlas en la torre de la Mezquita, como muestra de su poder\u00edo militar.<\/p>\n<p style=\"text-align: justify;\">En 1021 se disuelve el Califato de C\u00f3rdoba, dando lugar a los primeros Reinos de Taifas. Con la victoria cristiana de la batalla de las Navas de Tolosa en 1212, comienza el fin de la dinast\u00eda almohade, dando lugar al derrumbe del poder y la aparici\u00f3n de diversos reinos de taifas.<\/p>\n<p style=\"text-align: justify;\">Fernando III el Santo, con la conquista castellana de C\u00f3rdoba en 1236, convirti\u00f3 la Mezquita en Catedral cat\u00f3lica, bajo la advocaci\u00f3n de la Virgen Mar\u00eda y mand\u00f3 devolver las campanas de nuevo a Santiago de Compostela.<\/p>\n<p style=\"text-align: justify;\">La Catedral sufri\u00f3 diversas modificaciones a trav\u00e9s del tiempo. Lo m\u00e1s importante fue la construcci\u00f3n de la Capilla Real. En el s\/XVI, en medio de la antigua mezquita, se levant\u00f3 una gran nave cristiana. La construcci\u00f3n de la nueva Capilla Mayor de estilo renacentista propuesta por el obispo Alonso Manrique fue muy pol\u00e9mica, ya que el Concejo Municipal de C\u00f3rdoba se opon\u00eda. Tuvo que intervenir el emperador Carlos V para que se realizara. La construcci\u00f3n estuvo a cargo del arquitecto Hern\u00e1n Ruiz el viejo, tras su muerte la sigui\u00f3 su hijo Hern\u00e1n el joven.<\/p>\n<p style=\"text-align: justify;\">Despu\u00e9s de 100 a\u00f1os de obras, concluye la Catedral el arquitecto Juan de Ochoa, que introduce aspectos manieristas, como la c\u00fapula del crucero. En el transcurso de los a\u00f1os ha sufrido diversas restauraciones. Hay que resaltar la c\u00fapula, la capilla renacentista de San Pablo y el coro del s\/XVIII con siller\u00eda de caoba, obra de Pedro Duque Cornejo, sobrino de la Roldana.<\/p>\n<p style=\"text-align: justify;\">Finalizada la visita de la Mezquita-Catedral nos dirigimos a la Iglesia de San Francisco. La ciudad se amplia y a estas zonas se las llamar\u00e1 axerqu\u00edas o arrabales, llegan a ser m\u00e1s grandes que la Medina extendi\u00e9ndose hacia el este. En estos arrabales se construyen las llamadas iglesias fernandinas, por ser el rey castellano Fernando III en el s\/XIII, el que las fund\u00f3. Organiz\u00f3 siete divisiones en la Medina y siete en la axerqu\u00eda.<\/p>\n<p style=\"text-align: justify;\"><strong>Iglesia de San Francisco y San Eulogio.<\/strong> La dona Fernando III a la orden franciscana que la ocupa hasta la desamortizaci\u00f3n s\/XIX. Su construcci\u00f3n de estilo g\u00f3tico fue modificada por otra barroca y se recubren las paredes de yeser\u00eda. El altar es de estilo barroco.\u00a0\u00a0 <strong>\u00a0<\/strong><\/p>\n<p style=\"text-align: justify;\">Hay una escultura impactante por su realismo que representa al \u201cEcce Homo\u201d\u00a0esculpido por Luisa Rold\u00e1n (la Roldana), del s\/XVII.<\/p>\n<p style=\"text-align: center;\"><a class=\"dt-pswp-item\" href=\"https:\/\/caumas.org\/revista\/wp-content\/uploads\/2022\/04\/ASOCIACIONES-13.06.jpg\" data-dt-img-description=\"\" data-large_image_width=\"168\" data-large_image_height=\"298\"><img loading=\"lazy\" decoding=\"async\" class=\"alignnone size-full wp-image-7357\" src=\"https:\/\/caumas.org\/revista\/wp-content\/uploads\/2022\/04\/ASOCIACIONES-13.06.jpg\" alt=\"\" width=\"168\" height=\"298\" \/><\/a><\/p>\n<p style=\"text-align: justify;\">Acabamos las visitas del s\u00e1bado a las 19 h. disponiendo de tiempo libre.<\/p>\n<p style=\"text-align: justify;\">El domingo por la ma\u00f1ana nos dirigimos a la <strong>Iglesia de San Miguel<\/strong> pasando por la Pl. de las Tendillas, en su centro se encuentra la estatua ecuestre de Gonzalo de C\u00f3rdoba \u201cEl Gran Capit\u00e1n\u201d. Esta iglesia es una de las del grupo de \u201cIglesias Fernandinas \u201c.\u00a0 Su estilo es de la transici\u00f3n del rom\u00e1nico al g\u00f3tico ojival, casi cuadrada, su interior es de tres naves sin crucero, separadas por pilares. El retablo del altar mayor es de m\u00e1rmol rojo del s\/XVIII. Tiene una puerta lateral de arco de herradura. La capilla funeraria es de forma octagonal, hay una pila bautismal de m\u00e1rmol en el centro, con una venera dentro. Hay que resaltar tambi\u00e9n el roset\u00f3n.<\/p>\n<p style=\"text-align: justify;\">De aqu\u00ed nos dirigimos a la <strong>Iglesia de San Lorenzo.<\/strong><\/p>\n<p style=\"text-align: center;\"><a class=\"dt-pswp-item\" href=\"https:\/\/caumas.org\/revista\/wp-content\/uploads\/2022\/04\/ASOCIACIONES-13.07.jpg\" data-dt-img-description=\"\" data-large_image_width=\"319\" data-large_image_height=\"567\"><img loading=\"lazy\" decoding=\"async\" class=\"alignnone size-full wp-image-7358\" src=\"https:\/\/caumas.org\/revista\/wp-content\/uploads\/2022\/04\/ASOCIACIONES-13.07.jpg\" alt=\"\" width=\"319\" height=\"567\" srcset=\"https:\/\/caumas.org\/revista\/wp-content\/uploads\/2022\/04\/ASOCIACIONES-13.07.jpg 319w, https:\/\/caumas.org\/revista\/wp-content\/uploads\/2022\/04\/ASOCIACIONES-13.07-169x300.jpg 169w\" sizes=\"(max-width: 319px) 100vw, 319px\" \/><\/a><\/p>\n<p style=\"text-align: justify;\">Esta Iglesia fue construida sobre una mezquita en el s\/XIII, en plena transici\u00f3n del rom\u00e1nico al g\u00f3tico.<\/p>\n<p style=\"text-align: justify;\">En 1687 sufri\u00f3 un gran incendio que ocasion\u00f3 enormes da\u00f1os en el templo. Se recubren las pinturas para preservarlas. Se construyen b\u00f3vedas de yeso estilo barroco. En el s\/XX se realiza una restauraci\u00f3n, devolvi\u00e9ndolo su antiguo estilo g\u00f3tico-mud\u00e9jar, recuperando las pinturas murales y el roset\u00f3n, que estaban tapados.<\/p>\n<p style=\"text-align: justify;\">La iglesia es de planta rectangular de tres naves sin crucero. En el \u00e1bside se conservan las pinturas del s\/XIV, de estilo g\u00f3tico italiano, que representan la vida de Cristo. Los lienzos del retablo, del s\/XVII, representa la vida de San Lorenzo. Los nervios de la c\u00fapula tienen pintados unos lagartos.<\/p>\n<p style=\"text-align: justify;\">La torre rodea el minarete de la antigua Mezquita del s\/IX.<\/p>\n<p style=\"text-align: justify;\">Salimos de la iglesia vamos hac\u00eda <strong>la Pl. de la Corredera<\/strong>, llamada as\u00ed por celebrarse en ella las corridas de toros. Es de forma rectangular y estilo castellano con soportales y balcones en la fachada. Uno de los lados de la plaza es diferente, pues cuando se remodel\u00f3 la plaza en la \u00e9poca de Carlos II, la due\u00f1a de una casa se neg\u00f3 a irse, consiguiendo una orden del rey para salvarla y manteniendo la construcci\u00f3n que ten\u00eda. En la remodelaci\u00f3n se encontraron mosaicos de la \u00e9poca romana y por tal motivo se cree que la plaza est\u00e1 levantada encima del antiguo Circo romano.<\/p>\n<p style=\"text-align: center;\"><a class=\"dt-pswp-item\" href=\"https:\/\/caumas.org\/revista\/wp-content\/uploads\/2022\/04\/ASOCIACIONES-13.08.jpg\" data-dt-img-description=\"\" data-large_image_width=\"520\" data-large_image_height=\"293\"><img loading=\"lazy\" decoding=\"async\" class=\"alignnone size-full wp-image-7359\" src=\"https:\/\/caumas.org\/revista\/wp-content\/uploads\/2022\/04\/ASOCIACIONES-13.08.jpg\" alt=\"\" width=\"520\" height=\"293\" srcset=\"https:\/\/caumas.org\/revista\/wp-content\/uploads\/2022\/04\/ASOCIACIONES-13.08.jpg 520w, https:\/\/caumas.org\/revista\/wp-content\/uploads\/2022\/04\/ASOCIACIONES-13.08-300x169.jpg 300w\" sizes=\"(max-width: 520px) 100vw, 520px\" \/><\/a><\/p>\n<p style=\"text-align: justify;\">Callejeando llegamos a la <strong>Pl. del Potro<\/strong>, una de las m\u00e1s emblem\u00e1ticas de la ciudad. En el centro hay una fuente con una escultura que representa un potro sujetando el escudo de C\u00f3rdoba.<\/p>\n<p style=\"text-align: center;\"><a class=\"dt-pswp-item\" href=\"https:\/\/caumas.org\/revista\/wp-content\/uploads\/2022\/04\/ASOCIACIONES-13.09.jpg\" data-dt-img-description=\"\" data-large_image_width=\"187\" data-large_image_height=\"332\"><img loading=\"lazy\" decoding=\"async\" class=\"alignnone size-full wp-image-7360\" src=\"https:\/\/caumas.org\/revista\/wp-content\/uploads\/2022\/04\/ASOCIACIONES-13.09.jpg\" alt=\"\" width=\"187\" height=\"332\" srcset=\"https:\/\/caumas.org\/revista\/wp-content\/uploads\/2022\/04\/ASOCIACIONES-13.09.jpg 187w, https:\/\/caumas.org\/revista\/wp-content\/uploads\/2022\/04\/ASOCIACIONES-13.09-169x300.jpg 169w\" sizes=\"(max-width: 187px) 100vw, 187px\" \/><\/a><\/p>\n<p style=\"text-align: justify;\">Pasamos por el Museo de Julio Romero de Torres, situado en el edificio del antiguo Hospital de la Caridad, contiene la colecci\u00f3n de cuadros m\u00e1s importantes del pintor.<\/p>\n<p style=\"text-align: justify;\">Acabamos el recorrido en el puente romano sobre el Guadalquivir protegido por la torre de Calahorra.<\/p>\n<p style=\"text-align: center;\"><a class=\"dt-pswp-item\" href=\"https:\/\/caumas.org\/revista\/wp-content\/uploads\/2022\/04\/ASOCIACIONES-13.10.jpg\" data-dt-img-description=\"\" data-large_image_width=\"567\" data-large_image_height=\"319\"><img loading=\"lazy\" decoding=\"async\" class=\"alignnone size-full wp-image-7361\" src=\"https:\/\/caumas.org\/revista\/wp-content\/uploads\/2022\/04\/ASOCIACIONES-13.10.jpg\" alt=\"\" width=\"567\" height=\"319\" srcset=\"https:\/\/caumas.org\/revista\/wp-content\/uploads\/2022\/04\/ASOCIACIONES-13.10.jpg 567w, https:\/\/caumas.org\/revista\/wp-content\/uploads\/2022\/04\/ASOCIACIONES-13.10-300x169.jpg 300w\" sizes=\"(max-width: 567px) 100vw, 567px\" \/><\/a><\/p>\n<p style=\"text-align: justify;\">A partir de aqu\u00ed tenemos tiempo libre. A las 17,15 h. nos recogi\u00f3 el autocar que nos llev\u00f3 a la estaci\u00f3n para regresar en AVE a Madrid, finalizando este magn\u00edfico fin de semana pasado en esta bella ciudad de C\u00f3rdoba recordando el esplendor de tiempos pasados y disfrutando de sus monumentos.<\/p>\n<p style=\"text-align: justify;\">El viaje ha resultado estupendo tanto por la compa\u00f1\u00eda como por la organizaci\u00f3n y lecciones de nuestra querida profesora Mari\u00e1ngeles, tan encantadora y profesional como siempre. Desde estas l\u00edneas le doy las gracias en nombre de todos.<\/p>\n<p>&nbsp;<\/p>\n<p style=\"text-align: right;\"><em><strong>Texto: Pilar Pinilla Pasalodos<\/strong><\/em><br \/>\n<em><strong>Fotos: Fco Javier del Moral Hndz<\/strong><\/em><br \/>\n<em><strong>AUDEMAC, Asociaci\u00f3n de la Universidad Pontificia de Comillas, Madrid.<\/strong><\/em><\/p>\n<p>&nbsp;<\/p>\n<p>[\/vc_column_text][\/vc_column][\/vc_row]<\/p>\n","protected":false},"excerpt":{"rendered":"<p>[vc_row full_width_row=&#8221;true&#8221;][vc_column][vc_single_image image=&#8221;7351&#8243; img_size=&#8221;full&#8221; alignment=&#8221;center&#8221; image_hovers=&#8221;false&#8221; css=&#8221;.vc_custom_1649170505825{background-color: #4b1a5f !important;}&#8221;][\/vc_column][\/vc_row][vc_row][vc_column][vc_column_text] Salimos de Madrid en el AVE, al llegar a C\u00f3rdoba nos esperaba un autocar que nos llev\u00f3 al paseo a orilla del Guadalquivir, desde all\u00ed fuimos andando hac\u00eda el Hotel El Conquistador, situado en un lugar privilegiado, justo enfrente de la Catedral-Mezquita. Una vez instalados, comenzamos&hellip;<\/p>\n","protected":false},"author":1,"featured_media":7362,"comment_status":"closed","ping_status":"closed","sticky":false,"template":"","format":"standard","meta":{"footnotes":""},"categories":[238,93],"tags":[],"class_list":["post-7349","post","type-post","status-publish","format-standard","has-post-thumbnail","hentry","category-38-hablan-las-asociaciones-mar-2022","category-asociaciones","category-238","category-93","description-off"],"_links":{"self":[{"href":"https:\/\/caumas.org\/revista\/wp-json\/wp\/v2\/posts\/7349","targetHints":{"allow":["GET"]}}],"collection":[{"href":"https:\/\/caumas.org\/revista\/wp-json\/wp\/v2\/posts"}],"about":[{"href":"https:\/\/caumas.org\/revista\/wp-json\/wp\/v2\/types\/post"}],"author":[{"embeddable":true,"href":"https:\/\/caumas.org\/revista\/wp-json\/wp\/v2\/users\/1"}],"replies":[{"embeddable":true,"href":"https:\/\/caumas.org\/revista\/wp-json\/wp\/v2\/comments?post=7349"}],"version-history":[{"count":1,"href":"https:\/\/caumas.org\/revista\/wp-json\/wp\/v2\/posts\/7349\/revisions"}],"predecessor-version":[{"id":7363,"href":"https:\/\/caumas.org\/revista\/wp-json\/wp\/v2\/posts\/7349\/revisions\/7363"}],"wp:featuredmedia":[{"embeddable":true,"href":"https:\/\/caumas.org\/revista\/wp-json\/wp\/v2\/media\/7362"}],"wp:attachment":[{"href":"https:\/\/caumas.org\/revista\/wp-json\/wp\/v2\/media?parent=7349"}],"wp:term":[{"taxonomy":"category","embeddable":true,"href":"https:\/\/caumas.org\/revista\/wp-json\/wp\/v2\/categories?post=7349"},{"taxonomy":"post_tag","embeddable":true,"href":"https:\/\/caumas.org\/revista\/wp-json\/wp\/v2\/tags?post=7349"}],"curies":[{"name":"wp","href":"https:\/\/api.w.org\/{rel}","templated":true}]}}