{"id":7497,"date":"2022-07-08T08:35:18","date_gmt":"2022-07-08T08:35:18","guid":{"rendered":"https:\/\/caumas.org\/revista\/?p=7497"},"modified":"2022-07-08T08:36:14","modified_gmt":"2022-07-08T08:36:14","slug":"pensamientos-profundos-remedios-seijo","status":"publish","type":"post","link":"https:\/\/caumas.org\/revista\/pensamientos-profundos-remedios-seijo\/","title":{"rendered":"PENSAMIENTOS PROFUNDOS<br>Remedios Seijo"},"content":{"rendered":"<p>[vc_row full_width_row=&#8221;true&#8221;][vc_column]<div id=\"ultimate-heading-4369f16a228739a\" class=\"uvc-heading ult-adjust-bottom-margin ultimate-heading-4369f16a228739a uvc-9121  uvc-heading-default-font-sizes\" data-hspacer=\"no_spacer\"  data-halign=\"left\" style=\"text-align:left\"><div class=\"uvc-heading-spacer no_spacer\" style=\"top\"><\/div><div class=\"uvc-main-heading ult-responsive\"  data-ultimate-target='.uvc-heading.ultimate-heading-4369f16a228739a h2'  data-responsive-json-new='{\"font-size\":\"\",\"line-height\":\"\"}' ><h2 style=\"font-family:&#039;Viga&#039;;--font-weight:theme;\">PENSAMIENTOS PROFUNDOS<\/h2><\/div><div class=\"uvc-sub-heading ult-responsive\"  data-ultimate-target='.uvc-heading.ultimate-heading-4369f16a228739a .uvc-sub-heading '  data-responsive-json-new='{\"font-size\":\"\",\"line-height\":\"\"}'  style=\"font-weight:normal;\">Remedios Seijo<\/div><\/div>[vc_empty_space height=&#8221;16px&#8221;][vc_row_inner][vc_column_inner][vc_column_text]<strong>SILENCIO<\/strong><\/p>\n<blockquote><p>Que la vida te d\u00e9 silencio para meditar. Qu\u00e9 importante es el silencio, estar sin escuchar nada, solo tus pensamientos y poder meditar tranquilamente; no meditar para relajarse f\u00edsicamente, sino meditar con el espirito. Sentirte contigo mismo no es f\u00e1cil, llegar a ese punto se puede conseguir, pero si lo quieres intentar cierras los ojos y tu mente va a donde t\u00fa desees, por lo menos as\u00ed lo veo yo. \u00a0En ese momento la belleza es \u00fanica.<\/p><\/blockquote>\n<p><strong>REFLEXIONAR.<\/strong><\/p>\n<blockquote><p>Que la vida te d\u00e9 momentos<\/p>\n<p>para reflexionar y poder pensar. Lo necesitamos para hablar con el alma, porque con el alma tambi\u00e9n se habla y se reflexiona, y es bonito cuando el alma te contesta y lo notas en tu ser. Como bien dice el refr\u00e1n la cara es el espejo del alma. Si tu cara refleja felicidad el alma est\u00e1 contenta.<\/p><\/blockquote>\n<p><strong>VALENTIA.<\/strong><\/p>\n<blockquote><p>Tener valent\u00eda para trascender la oscuridad e iluminar la luz de tu destino; eso es un don. Sabemos que el coraz\u00f3n nos hace trascender siempre que el cerebro env\u00eda mensajes.<\/p><\/blockquote>\n<p><strong>FORTALEZA.<\/strong><\/p>\n<blockquote><p>Debemos tener fortaleza, e intentar que no te quede nada en el camino; nunca rendirnos, siempre llegar al final de la ruta cueste lo que cueste. Ser perseverantes y no dejarnos amilanar; es lo peor que te puede pasar. Y por supuesto que no te falte la Fe, que nada te la quebrante, es lo m\u00e1s hermoso que te puede suceder. Yo personalmente no podr\u00eda vivir sin ella (sobre eso no digo nada, cada uno es como es y respeto mucho a todos).<\/p><\/blockquote>\n<p><strong>COMPASI\u00d3N.<\/strong><\/p>\n<blockquote><p>La compasi\u00f3n para perdonar es lo m\u00e1s hermoso que hay. La palabra perd\u00f3n la solemos utilizar poco, y sin embargo es belleza. Es dif\u00edcil olvidar, pero volviendo la vista atr\u00e1s nos daremos cuenta como el esp\u00edritu descansa y aprenderemos a valorar a los dem\u00e1s. Todos tenemos alg\u00fan valor y reconoc\u00e9rselo a los otros es grandioso. \u00a0Y La generosidad es un don que pertenece al alma no depende de lo que tienes sino de lo que eres. aunque no vuelvas a ver a esa persona, pero para tus adentros perdonando ver\u00e1s lo bien que te sientes, y valorar a los dem\u00e1s eso es important\u00edsimo, todos tenemos alg\u00fan valor y reconoc\u00e9rselo es grandioso.<\/p>\n<p>Y termino recibiendo unas grandes alas, esas como la de los \u00e1ngeles, grand\u00edsimas para poder llegar muy muy lejos, eso no tiene nombre, tiene que ser lo m\u00e1s maravilloso\u2026 levantar vuelo y ser t\u00fa mismo, con tu generosidad, seguridad, tus ganas de vivir eso es incalculable.<\/p><\/blockquote>\n<p><strong>\u00a0<\/strong><\/p>\n<p><strong>\u00a0<\/strong><\/p>\n<p><strong>\u00a0<\/strong><\/p>\n<p style=\"text-align: right;\"><strong>Remedios Seijo<br \/>\n<\/strong><strong><em>Vocal de la Junta Directiva<br \/>\n<\/em><\/strong><strong><em>Coordinadora Exposiciones y museos<br \/>\n<\/em><\/strong><strong><em>Universidad Carlos III \u2013 Colmenarejo<br \/>\n<\/em><\/strong><strong><em>\u00a0AUCTEMCOL<\/em><\/strong><\/p>\n<p><strong>\u00a0\u00a0\u00a0\u00a0\u00a0\u00a0\u00a0\u00a0\u00a0\u00a0\u00a0\u00a0\u00a0\u00a0\u00a0\u00a0\u00a0\u00a0\u00a0\u00a0\u00a0\u00a0\u00a0\u00a0\u00a0\u00a0\u00a0\u00a0\u00a0\u00a0\u00a0\u00a0\u00a0\u00a0\u00a0\u00a0\u00a0\u00a0\u00a0\u00a0\u00a0\u00a0\u00a0\u00a0\u00a0\u00a0\u00a0 <\/strong><\/p>\n<p>[\/vc_column_text][\/vc_column_inner][\/vc_row_inner][\/vc_column][\/vc_row]<\/p>\n","protected":false},"excerpt":{"rendered":"<p>[vc_row full_width_row=&#8221;true&#8221;][vc_column][vc_empty_space height=&#8221;16px&#8221;][vc_row_inner][vc_column_inner][vc_column_text]SILENCIO Que la vida te d\u00e9 silencio para meditar. Qu\u00e9 importante es el silencio, estar sin escuchar nada, solo tus pensamientos y poder meditar tranquilamente; no meditar para relajarse f\u00edsicamente, sino meditar con el espirito. Sentirte contigo mismo no es f\u00e1cil, llegar a ese punto se puede conseguir, pero si lo quieres intentar&hellip;<\/p>\n","protected":false},"author":1,"featured_media":7499,"comment_status":"closed","ping_status":"closed","sticky":false,"template":"","format":"standard","meta":{"footnotes":""},"categories":[244,57],"tags":[],"class_list":["post-7497","post","type-post","status-publish","format-standard","has-post-thumbnail","hentry","category-39-opinion-jun-2022","category-opinion","category-244","category-57","description-off"],"_links":{"self":[{"href":"https:\/\/caumas.org\/revista\/wp-json\/wp\/v2\/posts\/7497","targetHints":{"allow":["GET"]}}],"collection":[{"href":"https:\/\/caumas.org\/revista\/wp-json\/wp\/v2\/posts"}],"about":[{"href":"https:\/\/caumas.org\/revista\/wp-json\/wp\/v2\/types\/post"}],"author":[{"embeddable":true,"href":"https:\/\/caumas.org\/revista\/wp-json\/wp\/v2\/users\/1"}],"replies":[{"embeddable":true,"href":"https:\/\/caumas.org\/revista\/wp-json\/wp\/v2\/comments?post=7497"}],"version-history":[{"count":3,"href":"https:\/\/caumas.org\/revista\/wp-json\/wp\/v2\/posts\/7497\/revisions"}],"predecessor-version":[{"id":7501,"href":"https:\/\/caumas.org\/revista\/wp-json\/wp\/v2\/posts\/7497\/revisions\/7501"}],"wp:featuredmedia":[{"embeddable":true,"href":"https:\/\/caumas.org\/revista\/wp-json\/wp\/v2\/media\/7499"}],"wp:attachment":[{"href":"https:\/\/caumas.org\/revista\/wp-json\/wp\/v2\/media?parent=7497"}],"wp:term":[{"taxonomy":"category","embeddable":true,"href":"https:\/\/caumas.org\/revista\/wp-json\/wp\/v2\/categories?post=7497"},{"taxonomy":"post_tag","embeddable":true,"href":"https:\/\/caumas.org\/revista\/wp-json\/wp\/v2\/tags?post=7497"}],"curies":[{"name":"wp","href":"https:\/\/api.w.org\/{rel}","templated":true}]}}