{"id":7506,"date":"2022-07-09T08:09:39","date_gmt":"2022-07-09T08:09:39","guid":{"rendered":"https:\/\/caumas.org\/revista\/?p=7506"},"modified":"2022-07-09T08:20:44","modified_gmt":"2022-07-09T08:20:44","slug":"el-futuro-y-las-personas-mayores","status":"publish","type":"post","link":"https:\/\/caumas.org\/revista\/el-futuro-y-las-personas-mayores\/","title":{"rendered":"El Futuro y las personas mayores"},"content":{"rendered":"<p>[vc_row][vc_column][vc_column_text]<\/p>\n<h1 style=\"text-align: justify;\">El Futuro y las personas mayores<div class=\"gap\" style=\"line-height: 16px; height: 16px;\"><\/div><\/h1>\n<p style=\"text-align: justify;\">Los ni\u00f1os no necesariamente son el futuro: estad\u00edsticamente, los adultos mayores ser\u00e1n el futuro del mundo en cuesti\u00f3n de d\u00e9cadas.<\/p>\n<p style=\"text-align: justify;\">La humanidad se enfrenta a un gran desaf\u00edo, el aumento de la poblaci\u00f3n mayor. No es solo que la gente viva m\u00e1s tiempo, es que habr\u00e1 m\u00e1s personas mayores que la poblaci\u00f3n joven. Este es un gran cambio demogr\u00e1fico, porque la poblaci\u00f3n mayor, considerada una minor\u00eda, ser\u00e1 la mayor\u00eda, por lo que hay que actuar considerando que las personas mayores son personas del presente y del futuro, y no solamente del pasado.<\/p>\n<p style=\"text-align: justify;\">No somos s\u00f3lo lo que hicimos y nuestro pasado, sino que ese pasado genera una serie de recursos sociales para aportar a la sociedad actual que implica acceder a nuevas cotas de libertad, como la posibilidad de seguir aprendiendo, para relacionarnos con las generaciones m\u00e1s j\u00f3venes, para emprender nuevos proyectos de vida y, sobre todo, para desarrollar una nueva forma de envejecer que se adapte a la sociedad del futuro.<\/p>\n<p style=\"text-align: justify;\">Cuando se llega al estado administrativo de jubilaci\u00f3n, entonces es posible introducir cambios en la vida, comenzar a desarrollar nuevos proyectos, adem\u00e1s de cuidar la salud f\u00edsica y mental y disfrutar de iniciativas y actividades que no hab\u00edan podido ser exploradas en el itinerario de la vida adulta, las personas mayores deciden su proyecto de vida.<\/p>\n<p style=\"text-align: justify;\">Por ello hay que considerar y valorar como actividad todo aquello que contribuya al bienestar de las personas; introduciendo a lo largo de toda la vida una actitud de formaci\u00f3n en envejecimiento activo para todas las personas, con un concepto integrador e intergeneracional que respete la diversidad cultural.<\/p>\n<p style=\"text-align: justify;\">Esto conduce a generar un proceso s\u00f3lido de independencia que ayuda a las personas mayores a vivir de acuerdo con sus preferencias, sin depender de otros, preservando as\u00ed la salud de los lazos afectivos a trav\u00e9s del mantenimiento de la intimidad a distancia.<\/p>\n<p style=\"text-align: justify;\">La importante aportaci\u00f3n de las personas mayores a la sociedad en el pasado y, muy especialmente, en el presente, as\u00ed como en el fomento de unas relaciones intergeneracionales generadoras de bienestar, es un valor social para conducirnos a un futuro donde la sociedad sea m\u00e1s igualitaria, justa, solidaria y fraterna, centrada en la persona, en una palabra, humanizada.<\/p>\n<p>[\/vc_column_text][\/vc_column][\/vc_row][vc_row][vc_column][vc_column_text]<\/p>\n<p>[\/vc_column_text][\/vc_column][\/vc_row]<\/p>\n","protected":false},"excerpt":{"rendered":"<p>[vc_row][vc_column][vc_column_text] El Futuro y las personas mayores Los ni\u00f1os no necesariamente son el futuro: estad\u00edsticamente, los adultos mayores ser\u00e1n el futuro del mundo en cuesti\u00f3n de d\u00e9cadas. La humanidad se enfrenta a un gran desaf\u00edo, el aumento de la poblaci\u00f3n mayor. No es solo que la gente viva m\u00e1s tiempo, es que habr\u00e1 m\u00e1s personas&hellip;<\/p>\n","protected":false},"author":1,"featured_media":7510,"comment_status":"closed","ping_status":"closed","sticky":false,"template":"","format":"standard","meta":{"footnotes":""},"categories":[245,55],"tags":[],"class_list":["post-7506","post","type-post","status-publish","format-standard","has-post-thumbnail","hentry","category-39-editorial-jun-2022","category-editorial","category-245","category-55","description-off"],"_links":{"self":[{"href":"https:\/\/caumas.org\/revista\/wp-json\/wp\/v2\/posts\/7506","targetHints":{"allow":["GET"]}}],"collection":[{"href":"https:\/\/caumas.org\/revista\/wp-json\/wp\/v2\/posts"}],"about":[{"href":"https:\/\/caumas.org\/revista\/wp-json\/wp\/v2\/types\/post"}],"author":[{"embeddable":true,"href":"https:\/\/caumas.org\/revista\/wp-json\/wp\/v2\/users\/1"}],"replies":[{"embeddable":true,"href":"https:\/\/caumas.org\/revista\/wp-json\/wp\/v2\/comments?post=7506"}],"version-history":[{"count":3,"href":"https:\/\/caumas.org\/revista\/wp-json\/wp\/v2\/posts\/7506\/revisions"}],"predecessor-version":[{"id":7511,"href":"https:\/\/caumas.org\/revista\/wp-json\/wp\/v2\/posts\/7506\/revisions\/7511"}],"wp:featuredmedia":[{"embeddable":true,"href":"https:\/\/caumas.org\/revista\/wp-json\/wp\/v2\/media\/7510"}],"wp:attachment":[{"href":"https:\/\/caumas.org\/revista\/wp-json\/wp\/v2\/media?parent=7506"}],"wp:term":[{"taxonomy":"category","embeddable":true,"href":"https:\/\/caumas.org\/revista\/wp-json\/wp\/v2\/categories?post=7506"},{"taxonomy":"post_tag","embeddable":true,"href":"https:\/\/caumas.org\/revista\/wp-json\/wp\/v2\/tags?post=7506"}],"curies":[{"name":"wp","href":"https:\/\/api.w.org\/{rel}","templated":true}]}}