{"id":7567,"date":"2022-07-09T11:34:36","date_gmt":"2022-07-09T11:34:36","guid":{"rendered":"https:\/\/caumas.org\/revista\/?p=7567"},"modified":"2022-07-09T11:34:36","modified_gmt":"2022-07-09T11:34:36","slug":"ceuta-acoge-el-primer-encuentro-interprovincial-del-aula-permanente-tras-la-pandemia","status":"publish","type":"post","link":"https:\/\/caumas.org\/revista\/ceuta-acoge-el-primer-encuentro-interprovincial-del-aula-permanente-tras-la-pandemia\/","title":{"rendered":"Ceuta acoge el primer Encuentro Interprovincial del Aula Permanente (tras la pandemia)"},"content":{"rendered":"<p>[vc_row full_width_row=&#8221;true&#8221;][vc_column css=&#8221;.vc_custom_1657365710627{background-color: #d8391c !important;}&#8221;][vc_single_image image=&#8221;7568&#8243; img_size=&#8221;full&#8221; alignment=&#8221;center&#8221;][\/vc_column][\/vc_row][vc_row][vc_column][vc_empty_space][vc_column_text]El XXIV Encuentro Interprovincial del Aula Permanente de Formaci\u00f3n Abierta de la Universidad de Granada (APFA) estaba previsto que tuviera lugar el pasado a\u00f1o, pero como tantas otras cosas tuvo que posponerse. Tras la larga espera, la ciudad aut\u00f3noma ha sido el lugar escogido para reunir a los estudiantes de las sedes de Ceuta, Melilla, Granada, Guadix, Motril y Baza.<\/p>\n<p>Con la presencia del Vicerrector de Extensi\u00f3n Universitaria y Patrimonio, D. V\u00edctor Medina Fl\u00f3rez, el Director del APFA, D. Juan Antonio Maldonado Jurado, el Coordinador del APFA en Ceuta, D. Jos\u00e9 Mar\u00eda Heredia Jim\u00e9nez, la Decana de la Facultad de Educaci\u00f3n, Econom\u00eda y Tecnolog\u00eda de Ceuta, D\u00aa Mar\u00eda Jos\u00e9 Aznar Unzurrunzaga, la Decana de la Facultad de CC. De la Salud, D\u00aa Mar\u00eda Milagrosa Olmedo Alguacil, la Delegada del Gobierno de Espa\u00f1a en Ceuta, D\u00aa Salvadora del Carmen Mateos Estudillo y el Director General de Educaci\u00f3n de la Ciudad Aut\u00f3noma de Ceuta, D. Javier Celaya\u00a0 Brey, se inaugur\u00f3 el XXIV Encuentro Interprovincial del Aula de Mayores de la Universidad de Granada.<\/p>\n<p>Como ha recordado el Director del APFA, este proyecto naci\u00f3 de \u201cla necesidad de llegar a una parte de la sociedad que necesitaba cada vez m\u00e1s este tipo de herramientas para tener un envejecimiento activo y una vida saludable a trav\u00e9s de la docencia, la investigaci\u00f3n y el servicio a la sociedad\u201d. Haciendo honor a ese objetivo, las jornadas han tenido una actividad fren\u00e9tica.<\/p>\n<p>Despu\u00e9s del acto de inauguraci\u00f3n los asistentes se trasladaron para la copa de bienvenida y cena a la Murallas Reales, donde se degustaron platos tradicionales de la ciudad ceut\u00ed, terminando la cena entre cantos y bailes con gran regocijo de todos los asistentes, a pesar de la intensa lluvia que los sorprendi\u00f3 a la salida.<\/p>\n<p>Al d\u00eda siguiente, el Director del APFA y los Coordinadores de las distintas sedes, hicieron un resumen de todas las actividades realizadas durante los dos a\u00f1os que han pasado desde el \u00faltimo encuentro. Dos a\u00f1os en los que, por culpa del confinamiento y la situaci\u00f3n de la pandemia, se han visto alterados los programas universitarios. Los alumnos mayores, han sabido adaptarse a la nueva situaci\u00f3n, continuando las clases de forma virtual y dando un gran paso en la utilizaci\u00f3n de las nuevas tecnolog\u00edas.<\/p>\n<p>Terminado el informe del Director y los Coordinadores, los Presidentes de las Asociaciones del APFA, informaron de las actividades de realizadas por las mismas.<\/p>\n<p>A continuaci\u00f3n, siguiendo el programa previsto, se hizo un recorrido por los distintos miradores de la ciudad, quedando los presentes admirados de la gran belleza que encierra la ciudad de Ceuta, a caballo entre dos mares, Mediterr\u00e1neo y Atl\u00e1ntico.<\/p>\n<p>Por la tarde, en el Sal\u00f3n-Teatro Caixabank tuvo lugar la representaci\u00f3n teatral de la obra \u201cRecuerdos de Lorca\u201d, de la mano de los alumnos del Taller de Artes Esc\u00e9nicas y Escenograf\u00eda del APFA, que con tanto acierto dirige Oren Moreno. La original obra recrea una supuesta situaci\u00f3n en la que Lorca, ya en su madurez, invita a los actores que interpretaron sus personajes para rememorar juntos algunos momentos de sus tragedias rurales m\u00e1s famosas: \u201cBodas de sangre\u201d, \u201cLa Casa de Bernarda Alba\u201d y \u201cYerma\u201d. Detr\u00e1s de esta representaci\u00f3n hay un trabajo callado y sacrificado, que conlleva mucho tiempo de estudio, y que con tanta destreza dirige Oren. El esfuerzo tuvo su recompensa. Grandes aplausos de los emocionados espectadores pusieron punto final a esta gran velada teatral.<\/p>\n<p>La Cena de Gala se celebr\u00f3 en un c\u00e9ntrico hotel en un festivo ambiente, con los asistentes engalanados para la ocasi\u00f3n, terminando con un gran baile hasta altas horas de la noche.<\/p>\n<p>El \u00faltimo d\u00eda se realizaron, distribuidos en grupos, visitas a las Murallas Reales, Puerta Califal y un paseo en barco por el entorno de Ceuta. En el restaurante Oasis, los asistentes degustaron comida marroqu\u00ed, para a continuaci\u00f3n salir hacia el puerto a tomar el ferri que les trasladar\u00eda a la pen\u00ednsula.<\/p>\n<p>Estos d\u00edas vividos tan intensamente, han propiciado el reencuentro del alumnado con m\u00e1s juventud acumulada y m\u00e1s gana de marcha de la Universidad de Granada. Los universitarios mayores, estudian, investigan, comparten sus conocimientos y ponen una nota de alegr\u00eda y optimismo all\u00e1 por donde pasan.<\/p>\n<p style=\"text-align: right;\"><em><strong>Jos\u00e9 Rodr\u00edguez S\u00e1nchez<br \/>\n<\/strong><\/em><em><strong>Alumno del APFA<br \/>\n<\/strong><\/em><em><strong>Presidente de ALUMA<br \/>\n<\/strong><\/em><em><strong>Universidad de Granada<\/strong><\/em><\/p>\n<p style=\"text-align: center;\"><a class=\"dt-pswp-item\" href=\"https:\/\/caumas.org\/revista\/wp-content\/uploads\/2022\/07\/14-CEUTA-02.jpg\" data-dt-img-description=\"\" data-large_image_width=\"802\" data-large_image_height=\"602\"><img fetchpriority=\"high\" decoding=\"async\" class=\"alignnone size-full wp-image-7570\" src=\"https:\/\/caumas.org\/revista\/wp-content\/uploads\/2022\/07\/14-CEUTA-02.jpg\" alt=\"\" width=\"802\" height=\"602\" srcset=\"https:\/\/caumas.org\/revista\/wp-content\/uploads\/2022\/07\/14-CEUTA-02.jpg 802w, https:\/\/caumas.org\/revista\/wp-content\/uploads\/2022\/07\/14-CEUTA-02-300x225.jpg 300w, https:\/\/caumas.org\/revista\/wp-content\/uploads\/2022\/07\/14-CEUTA-02-768x576.jpg 768w\" sizes=\"(max-width: 802px) 100vw, 802px\" \/><\/a><br \/>\n<em>Alumnos en Ceuta<\/em><\/p>\n<p>&nbsp;<\/p>\n<p style=\"text-align: center;\"><a class=\"dt-pswp-item\" href=\"https:\/\/caumas.org\/revista\/wp-content\/uploads\/2022\/07\/14-CEUTA-03.jpg\" data-dt-img-description=\"\" data-large_image_width=\"1004\" data-large_image_height=\"501\"><img decoding=\"async\" class=\"alignnone size-full wp-image-7571\" src=\"https:\/\/caumas.org\/revista\/wp-content\/uploads\/2022\/07\/14-CEUTA-03.jpg\" alt=\"\" width=\"1004\" height=\"501\" srcset=\"https:\/\/caumas.org\/revista\/wp-content\/uploads\/2022\/07\/14-CEUTA-03.jpg 1004w, https:\/\/caumas.org\/revista\/wp-content\/uploads\/2022\/07\/14-CEUTA-03-300x150.jpg 300w, https:\/\/caumas.org\/revista\/wp-content\/uploads\/2022\/07\/14-CEUTA-03-768x383.jpg 768w\" sizes=\"(max-width: 1004px) 100vw, 1004px\" \/><\/a><br \/>\n<em>Charla Inaugural<\/em><\/p>\n<p>&nbsp;<\/p>\n<p style=\"text-align: center;\"><a class=\"dt-pswp-item\" href=\"https:\/\/caumas.org\/revista\/wp-content\/uploads\/2022\/07\/14-CEUTA-04.jpg\" data-dt-img-description=\"\" data-large_image_width=\"926\" data-large_image_height=\"463\"><img decoding=\"async\" class=\"alignnone size-full wp-image-7572\" src=\"https:\/\/caumas.org\/revista\/wp-content\/uploads\/2022\/07\/14-CEUTA-04.jpg\" alt=\"\" width=\"926\" height=\"463\" srcset=\"https:\/\/caumas.org\/revista\/wp-content\/uploads\/2022\/07\/14-CEUTA-04.jpg 926w, https:\/\/caumas.org\/revista\/wp-content\/uploads\/2022\/07\/14-CEUTA-04-300x150.jpg 300w, https:\/\/caumas.org\/revista\/wp-content\/uploads\/2022\/07\/14-CEUTA-04-768x384.jpg 768w\" sizes=\"(max-width: 926px) 100vw, 926px\" \/><\/a><br \/>\n<em>Representaci\u00f3n \u201cRecuerdos de Lorca\u201d<\/em><\/p>\n<p>[\/vc_column_text][\/vc_column][\/vc_row]<\/p>\n","protected":false},"excerpt":{"rendered":"<p>[vc_row full_width_row=&#8221;true&#8221;][vc_column css=&#8221;.vc_custom_1657365710627{background-color: #d8391c !important;}&#8221;][vc_single_image image=&#8221;7568&#8243; img_size=&#8221;full&#8221; alignment=&#8221;center&#8221;][\/vc_column][\/vc_row][vc_row][vc_column][vc_empty_space][vc_column_text]El XXIV Encuentro Interprovincial del Aula Permanente de Formaci\u00f3n Abierta de la Universidad de Granada (APFA) estaba previsto que tuviera lugar el pasado a\u00f1o, pero como tantas otras cosas tuvo que posponerse. Tras la larga espera, la ciudad aut\u00f3noma ha sido el lugar escogido para reunir a los&hellip;<\/p>\n","protected":false},"author":1,"featured_media":7573,"comment_status":"closed","ping_status":"closed","sticky":false,"template":"","format":"standard","meta":{"footnotes":""},"categories":[248,59],"tags":[],"class_list":["post-7567","post","type-post","status-publish","format-standard","has-post-thumbnail","hentry","category-39-noticias-jun-2022","category-noticias","category-248","category-59","description-off"],"_links":{"self":[{"href":"https:\/\/caumas.org\/revista\/wp-json\/wp\/v2\/posts\/7567","targetHints":{"allow":["GET"]}}],"collection":[{"href":"https:\/\/caumas.org\/revista\/wp-json\/wp\/v2\/posts"}],"about":[{"href":"https:\/\/caumas.org\/revista\/wp-json\/wp\/v2\/types\/post"}],"author":[{"embeddable":true,"href":"https:\/\/caumas.org\/revista\/wp-json\/wp\/v2\/users\/1"}],"replies":[{"embeddable":true,"href":"https:\/\/caumas.org\/revista\/wp-json\/wp\/v2\/comments?post=7567"}],"version-history":[{"count":2,"href":"https:\/\/caumas.org\/revista\/wp-json\/wp\/v2\/posts\/7567\/revisions"}],"predecessor-version":[{"id":7574,"href":"https:\/\/caumas.org\/revista\/wp-json\/wp\/v2\/posts\/7567\/revisions\/7574"}],"wp:featuredmedia":[{"embeddable":true,"href":"https:\/\/caumas.org\/revista\/wp-json\/wp\/v2\/media\/7573"}],"wp:attachment":[{"href":"https:\/\/caumas.org\/revista\/wp-json\/wp\/v2\/media?parent=7567"}],"wp:term":[{"taxonomy":"category","embeddable":true,"href":"https:\/\/caumas.org\/revista\/wp-json\/wp\/v2\/categories?post=7567"},{"taxonomy":"post_tag","embeddable":true,"href":"https:\/\/caumas.org\/revista\/wp-json\/wp\/v2\/tags?post=7567"}],"curies":[{"name":"wp","href":"https:\/\/api.w.org\/{rel}","templated":true}]}}