{"id":7829,"date":"2022-10-28T16:58:08","date_gmt":"2022-10-28T16:58:08","guid":{"rendered":"https:\/\/caumas.org\/revista\/?p=7829"},"modified":"2022-10-28T16:59:15","modified_gmt":"2022-10-28T16:59:15","slug":"constitucion-del-consejo-estatal-de-personas-mayores","status":"publish","type":"post","link":"https:\/\/caumas.org\/revista\/constitucion-del-consejo-estatal-de-personas-mayores\/","title":{"rendered":"Constituci\u00f3n del Consejo Estatal de Personas Mayores"},"content":{"rendered":"<p>[vc_row full_width_row=&#8221;true&#8221;][vc_column][vc_single_image image=&#8221;7835&#8243; img_size=&#8221;full&#8221; alignment=&#8221;center&#8221;][\/vc_column][\/vc_row][vc_row][vc_column][vc_column_text]<span style=\"color: #ff0000; font-size: 12pt;\"><strong>Constituci\u00f3n del Consejo Estatal de Personas Mayores<\/strong><\/span><\/p>\n<p>El 28 de septiembre de 2022 lugar, en la sede del Imserso, la\u00a0<a href=\"https:\/\/www.imserso.es\/imserso_01\/mas_informacion\/agenda\/2022\/septiembre\/IM_146111\">reuni\u00f3n constitutiva del Consejo Estatal de las Personas Mayores<\/a>, donde se procedi\u00f3 a la elecci\u00f3n y renovaci\u00f3n de su estructura org\u00e1nica.<\/p>\n<p><strong>CAUMAS<\/strong> tiene su representaci\u00f3n con una consejera, en la persona de su presidenta, Marina Troncoso y como suplente la secretaria general, Elisa Nuez Pati\u00f1o.<\/p>\n<p>D\u00aa. Inmaculada Ruiz Mart\u00edn (Uni\u00f3n Democr\u00e1tica de Pensionistas) fue elegida vicepresidenta tercera, mientras que D. Manuel Men\u00e9ndez Garc\u00eda (UJP-UGT) ocupar\u00e1 el cargo de secretario del Consejo.<\/p>\n<p>Asimismo, se constituy\u00f3 la Comisi\u00f3n Permanente del Consejo (donde participan representantes tanto de las entidades y asociaciones de personas mayores, de los consejos auton\u00f3micos de personas mayores, de las comunidades aut\u00f3nomas y distintos departamentos ministeriales). En la Comisi\u00f3n Permanente del Consejo ha obtenido un puesto Marina Troncoso, presidenta de <strong>CAUMAS.<\/strong><\/p>\n<p>Se conformaron diferentes grupos de trabajo, de cara a orientar las diferentes materias que ser\u00e1n abordadas en el seno del Consejo.<\/p>\n<p>Tras llevarse a cabo el proceso electivo, tomaron la palabra D. Ignacio \u00c1lvarez Peralta, Secretario de Estado de Derechos Sociales, D\u00aa Lilith Vestrynge Revuelta, Secretaria de Estado de Agenda 2030, y D. Luis Barriga Mart\u00edn, director general del\u00a0Imserso, que de manera conjunta con las consejeras y consejeros del\u00a0CEPM\u00a0analizaron distintas cuestiones relativas a la situaci\u00f3n de las personas mayores desde diferentes puntos de vista, y abordaron los principales retos de futuro relativos al Consejo Estatal de las Personas Mayores.<\/p>\n<p style=\"text-align: center;\"><img fetchpriority=\"high\" decoding=\"async\" class=\"alignnone size-full wp-image-7830\" src=\"https:\/\/caumas.org\/revista\/wp-content\/uploads\/2022\/10\/NOTICIAS-06.jpg\" alt=\"\" width=\"886\" height=\"311\" srcset=\"https:\/\/caumas.org\/revista\/wp-content\/uploads\/2022\/10\/NOTICIAS-06.jpg 886w, https:\/\/caumas.org\/revista\/wp-content\/uploads\/2022\/10\/NOTICIAS-06-300x105.jpg 300w, https:\/\/caumas.org\/revista\/wp-content\/uploads\/2022\/10\/NOTICIAS-06-768x270.jpg 768w\" sizes=\"(max-width: 886px) 100vw, 886px\" \/><a href=\"https:\/\/www.imserso.es\/imserso_01\/el_imserso\/relaciones_institucionales\/consejo_estatal_personas_mayores\/index.htm\">https:\/\/www.imserso.es\/imserso_01\/el_imserso\/relaciones_institucionales\/consejo_estatal_personas_mayores\/index.htm<\/a><\/p>\n<p>&nbsp;<\/p>\n<p style=\"text-align: center;\"><a class=\"dt-pswp-item\" href=\"https:\/\/caumas.org\/revista\/wp-content\/uploads\/2022\/10\/NOTICIAS-05.jpg\" data-dt-img-description=\"\" data-large_image_width=\"408\" data-large_image_height=\"84\"><img decoding=\"async\" class=\"alignnone size-full wp-image-7831\" src=\"https:\/\/caumas.org\/revista\/wp-content\/uploads\/2022\/10\/NOTICIAS-05.jpg\" alt=\"\" width=\"408\" height=\"84\" srcset=\"https:\/\/caumas.org\/revista\/wp-content\/uploads\/2022\/10\/NOTICIAS-05.jpg 408w, https:\/\/caumas.org\/revista\/wp-content\/uploads\/2022\/10\/NOTICIAS-05-300x62.jpg 300w\" sizes=\"(max-width: 408px) 100vw, 408px\" \/><\/a><\/p>\n<p>[\/vc_column_text][\/vc_column][\/vc_row]<\/p>\n","protected":false},"excerpt":{"rendered":"<p>[vc_row full_width_row=&#8221;true&#8221;][vc_column][vc_single_image image=&#8221;7835&#8243; img_size=&#8221;full&#8221; alignment=&#8221;center&#8221;][\/vc_column][\/vc_row][vc_row][vc_column][vc_column_text]Constituci\u00f3n del Consejo Estatal de Personas Mayores El 28 de septiembre de 2022 lugar, en la sede del Imserso, la\u00a0reuni\u00f3n constitutiva del Consejo Estatal de las Personas Mayores, donde se procedi\u00f3 a la elecci\u00f3n y renovaci\u00f3n de su estructura org\u00e1nica. CAUMAS tiene su representaci\u00f3n con una consejera, en la persona de&hellip;<\/p>\n","protected":false},"author":1,"featured_media":7832,"comment_status":"closed","ping_status":"closed","sticky":false,"template":"","format":"standard","meta":{"footnotes":""},"categories":[255,59],"tags":[],"class_list":["post-7829","post","type-post","status-publish","format-standard","has-post-thumbnail","hentry","category-40-noticias-sep-2022","category-noticias","category-255","category-59","description-off"],"_links":{"self":[{"href":"https:\/\/caumas.org\/revista\/wp-json\/wp\/v2\/posts\/7829","targetHints":{"allow":["GET"]}}],"collection":[{"href":"https:\/\/caumas.org\/revista\/wp-json\/wp\/v2\/posts"}],"about":[{"href":"https:\/\/caumas.org\/revista\/wp-json\/wp\/v2\/types\/post"}],"author":[{"embeddable":true,"href":"https:\/\/caumas.org\/revista\/wp-json\/wp\/v2\/users\/1"}],"replies":[{"embeddable":true,"href":"https:\/\/caumas.org\/revista\/wp-json\/wp\/v2\/comments?post=7829"}],"version-history":[{"count":3,"href":"https:\/\/caumas.org\/revista\/wp-json\/wp\/v2\/posts\/7829\/revisions"}],"predecessor-version":[{"id":7836,"href":"https:\/\/caumas.org\/revista\/wp-json\/wp\/v2\/posts\/7829\/revisions\/7836"}],"wp:featuredmedia":[{"embeddable":true,"href":"https:\/\/caumas.org\/revista\/wp-json\/wp\/v2\/media\/7832"}],"wp:attachment":[{"href":"https:\/\/caumas.org\/revista\/wp-json\/wp\/v2\/media?parent=7829"}],"wp:term":[{"taxonomy":"category","embeddable":true,"href":"https:\/\/caumas.org\/revista\/wp-json\/wp\/v2\/categories?post=7829"},{"taxonomy":"post_tag","embeddable":true,"href":"https:\/\/caumas.org\/revista\/wp-json\/wp\/v2\/tags?post=7829"}],"curies":[{"name":"wp","href":"https:\/\/api.w.org\/{rel}","templated":true}]}}