{"id":7865,"date":"2022-10-29T10:39:28","date_gmt":"2022-10-29T10:39:28","guid":{"rendered":"https:\/\/caumas.org\/revista\/?p=7865"},"modified":"2022-10-29T10:41:24","modified_gmt":"2022-10-29T10:41:24","slug":"cronica-de-peritia-et-doctrina-de-la-ulpgc","status":"publish","type":"post","link":"https:\/\/caumas.org\/revista\/cronica-de-peritia-et-doctrina-de-la-ulpgc\/","title":{"rendered":"Cr\u00f3nica de PERITIA ET DOCTRINA de la ULPGC"},"content":{"rendered":"<p>[vc_row full_width_row=&#8221;true&#8221;][vc_column]<div class=\"gap\" style=\"line-height: 16px; height: 16px;\"><\/div>[vc_single_image image=&#8221;7866&#8243; img_size=&#8221;full&#8221; alignment=&#8221;center&#8221; image_hovers=&#8221;false&#8221; css=&#8221;.vc_custom_1667040080017{background-color: #4b1a5f !important;}&#8221;][\/vc_column][\/vc_row][vc_row][vc_column][vc_column_text]Con motivo de la celebraci\u00f3n de las XX JORNADAS INTERNACIONALES DE ASOCIACIONISMO EN LOS PROGRAMAS UNIVERSITARIOS DE MAYORES, nos desplazamos a Granada, 39 socios de la Asociaci\u00f3n PERITIA ET DOCTRINA de la ULPGC.<\/p>\n<p><strong>El d\u00eda 14 de septiembre<\/strong> por la ma\u00f1ana, visitamos La Cartuja, acompa\u00f1ados de la Sra. Esther (gu\u00eda tur\u00edstico), que nos dio a conocer la historia y bellezas del lugar.<\/p>\n<p><img fetchpriority=\"high\" decoding=\"async\" class=\"size-full wp-image-7867 aligncenter\" src=\"https:\/\/caumas.org\/revista\/wp-content\/uploads\/2022\/10\/CRONICA-41.jpg\" alt=\"\" width=\"1387\" height=\"500\" srcset=\"https:\/\/caumas.org\/revista\/wp-content\/uploads\/2022\/10\/CRONICA-41.jpg 1387w, https:\/\/caumas.org\/revista\/wp-content\/uploads\/2022\/10\/CRONICA-41-300x108.jpg 300w, https:\/\/caumas.org\/revista\/wp-content\/uploads\/2022\/10\/CRONICA-41-1024x369.jpg 1024w, https:\/\/caumas.org\/revista\/wp-content\/uploads\/2022\/10\/CRONICA-41-768x277.jpg 768w\" sizes=\"(max-width: 1387px) 100vw, 1387px\" \/><\/p>\n<p>Por la tarde acudimos a la presentaci\u00f3n de las XX JORNADAS, con la presencia de las autoridades acad\u00e9micas, pol\u00edticas y militares.<\/p>\n<p><a class=\"dt-pswp-item\" href=\"https:\/\/caumas.org\/revista\/wp-content\/uploads\/2022\/10\/CRONICA-42.jpg\" data-dt-img-description=\"\" data-large_image_width=\"1423\" data-large_image_height=\"386\"><img decoding=\"async\" class=\"alignnone size-full wp-image-7868\" src=\"https:\/\/caumas.org\/revista\/wp-content\/uploads\/2022\/10\/CRONICA-42.jpg\" alt=\"\" width=\"1423\" height=\"386\" srcset=\"https:\/\/caumas.org\/revista\/wp-content\/uploads\/2022\/10\/CRONICA-42.jpg 1423w, https:\/\/caumas.org\/revista\/wp-content\/uploads\/2022\/10\/CRONICA-42-300x81.jpg 300w, https:\/\/caumas.org\/revista\/wp-content\/uploads\/2022\/10\/CRONICA-42-1024x278.jpg 1024w, https:\/\/caumas.org\/revista\/wp-content\/uploads\/2022\/10\/CRONICA-42-768x208.jpg 768w\" sizes=\"(max-width: 1423px) 100vw, 1423px\" \/><\/a>Disfrutamos de la presentaci\u00f3n y la obra de teatro. A continuaci\u00f3n, asistimos al coctel de bienvenida.<\/p>\n<p><strong>Jueves 15 Septiembre<\/strong><\/p>\n<p>Asistimos a las diferentes ponencias presentadas por las distintas Asociaciones de CAUMAS.<\/p>\n<p>PERITIA ET DOCTRINA estuvo representada por Domingo L. Santana L\u00f3pez, con la ponencia \u201cLo que m\u00e1s nos importa es VIVIR \u201c.<\/p>\n<p style=\"text-align: center;\"><a class=\"dt-pswp-item\" href=\"https:\/\/caumas.org\/revista\/wp-content\/uploads\/2022\/10\/CRONICA-43.jpg\" data-dt-img-description=\"\" data-large_image_width=\"1274\" data-large_image_height=\"473\"><img decoding=\"async\" class=\"alignnone size-full wp-image-7869\" src=\"https:\/\/caumas.org\/revista\/wp-content\/uploads\/2022\/10\/CRONICA-43.jpg\" alt=\"\" width=\"1274\" height=\"473\" srcset=\"https:\/\/caumas.org\/revista\/wp-content\/uploads\/2022\/10\/CRONICA-43.jpg 1274w, https:\/\/caumas.org\/revista\/wp-content\/uploads\/2022\/10\/CRONICA-43-300x111.jpg 300w, https:\/\/caumas.org\/revista\/wp-content\/uploads\/2022\/10\/CRONICA-43-1024x380.jpg 1024w, https:\/\/caumas.org\/revista\/wp-content\/uploads\/2022\/10\/CRONICA-43-768x285.jpg 768w\" sizes=\"(max-width: 1274px) 100vw, 1274px\" \/><\/a><\/p>\n<p>Despu\u00e9s del almuerzo en los comedores universitarios del Campus de la Salud, por la tarde visitamos el Albayc\u00edn, haciendo un recorrido espl\u00e9ndido hasta llegar andado al Teatro de La Chumbera (Sacromonte) donde un grupo flamenco nos deleit\u00f3 con una actuaci\u00f3n magistral.<\/p>\n<p style=\"text-align: center;\"><a class=\"dt-pswp-item\" href=\"https:\/\/caumas.org\/revista\/wp-content\/uploads\/2022\/10\/CRONICA-44.jpg\" data-dt-img-description=\"\" data-large_image_width=\"1385\" data-large_image_height=\"329\"><img loading=\"lazy\" decoding=\"async\" class=\"alignnone size-full wp-image-7870\" src=\"https:\/\/caumas.org\/revista\/wp-content\/uploads\/2022\/10\/CRONICA-44.jpg\" alt=\"\" width=\"1385\" height=\"329\" srcset=\"https:\/\/caumas.org\/revista\/wp-content\/uploads\/2022\/10\/CRONICA-44.jpg 1385w, https:\/\/caumas.org\/revista\/wp-content\/uploads\/2022\/10\/CRONICA-44-300x71.jpg 300w, https:\/\/caumas.org\/revista\/wp-content\/uploads\/2022\/10\/CRONICA-44-1024x243.jpg 1024w, https:\/\/caumas.org\/revista\/wp-content\/uploads\/2022\/10\/CRONICA-44-768x182.jpg 768w\" sizes=\"(max-width: 1385px) 100vw, 1385px\" \/><\/a><\/p>\n<p><strong>En la ma\u00f1ana del viernes 16<\/strong> seguimos con las ponencias de las JORNADAS.<\/p>\n<p>Reuni\u00f3n de presidentes y el cierre de las jornadas. Se anuncia la sede para las XXI JORNADAS. Ser\u00e1 en Madrid. En la sede de COLMENAREJO de la Universidad Carlos III. Por la tarde Visita al Parque de las Ciencias.<\/p>\n<p>Cena de clausura en el Carmen de los M\u00e1rtires.<\/p>\n<p style=\"text-align: center;\"><a class=\"dt-pswp-item\" href=\"https:\/\/caumas.org\/revista\/wp-content\/uploads\/2022\/10\/CRONICA-45.jpg\" data-dt-img-description=\"\" data-large_image_width=\"1227\" data-large_image_height=\"298\"><img loading=\"lazy\" decoding=\"async\" class=\"alignnone size-full wp-image-7871\" src=\"https:\/\/caumas.org\/revista\/wp-content\/uploads\/2022\/10\/CRONICA-45.jpg\" alt=\"\" width=\"1227\" height=\"298\" srcset=\"https:\/\/caumas.org\/revista\/wp-content\/uploads\/2022\/10\/CRONICA-45.jpg 1227w, https:\/\/caumas.org\/revista\/wp-content\/uploads\/2022\/10\/CRONICA-45-300x73.jpg 300w, https:\/\/caumas.org\/revista\/wp-content\/uploads\/2022\/10\/CRONICA-45-1024x249.jpg 1024w, https:\/\/caumas.org\/revista\/wp-content\/uploads\/2022\/10\/CRONICA-45-768x187.jpg 768w\" sizes=\"(max-width: 1227px) 100vw, 1227px\" \/><\/a><\/p>\n<p><strong>S\u00e1bado 17.<\/strong> Excursi\u00f3n a la Alpujarra. Visitando varios pueblos. Recorriendo sus calles, rincones, fuentes y degustando el jam\u00f3n y quesos de la zona.<\/p>\n<p><strong><a class=\"dt-pswp-item\" href=\"https:\/\/caumas.org\/revista\/wp-content\/uploads\/2022\/10\/CRONICA-46.jpg\" data-dt-img-description=\"\" data-large_image_width=\"882\" data-large_image_height=\"360\"><img loading=\"lazy\" decoding=\"async\" class=\"alignnone size-full wp-image-7872 aligncenter\" src=\"https:\/\/caumas.org\/revista\/wp-content\/uploads\/2022\/10\/CRONICA-46.jpg\" alt=\"\" width=\"882\" height=\"360\" srcset=\"https:\/\/caumas.org\/revista\/wp-content\/uploads\/2022\/10\/CRONICA-46.jpg 882w, https:\/\/caumas.org\/revista\/wp-content\/uploads\/2022\/10\/CRONICA-46-300x122.jpg 300w, https:\/\/caumas.org\/revista\/wp-content\/uploads\/2022\/10\/CRONICA-46-768x313.jpg 768w\" sizes=\"(max-width: 882px) 100vw, 882px\" \/><\/a><\/strong><\/p>\n<p><strong>Domingo 18<\/strong>. Visita a la Alhambra<\/p>\n<p>Vuelta a casa v\u00eda M\u00e1laga<\/p>\n<p>Una experiencia m\u00e1s dentro de las actividades de las Asociaciones, a las que la Asociaci\u00f3n PERITIA ET DOCTRINA se suma siempre en la medida de nuestras posibilidades<\/p>\n<p>Buen ambiente, compartiendo conocimientos y experiencias para seguir sumando y viviendo plenamente.<\/p>\n<p>Gracias Granada.<\/p>\n<p style=\"text-align: right;\"><em><strong>Domingo L. Santana L\u00f3pez<\/strong><\/em><\/p>\n<p style=\"text-align: right;\"><em><strong>Vicepresidente de la Asociaci\u00f3n<\/strong><\/em><\/p>\n<p style=\"text-align: right;\"><em><strong>PERITIA ET DOCTRINA &#8211; ULPGC<\/strong><\/em><\/p>\n<p>[\/vc_column_text][\/vc_column][\/vc_row]<\/p>\n","protected":false},"excerpt":{"rendered":"<p>[vc_row full_width_row=&#8221;true&#8221;][vc_column][vc_single_image image=&#8221;7866&#8243; img_size=&#8221;full&#8221; alignment=&#8221;center&#8221; image_hovers=&#8221;false&#8221; css=&#8221;.vc_custom_1667040080017{background-color: #4b1a5f !important;}&#8221;][\/vc_column][\/vc_row][vc_row][vc_column][vc_column_text]Con motivo de la celebraci\u00f3n de las XX JORNADAS INTERNACIONALES DE ASOCIACIONISMO EN LOS PROGRAMAS UNIVERSITARIOS DE MAYORES, nos desplazamos a Granada, 39 socios de la Asociaci\u00f3n PERITIA ET DOCTRINA de la ULPGC. El d\u00eda 14 de septiembre por la ma\u00f1ana, visitamos La Cartuja, acompa\u00f1ados de la&hellip;<\/p>\n","protected":false},"author":1,"featured_media":7873,"comment_status":"closed","ping_status":"closed","sticky":false,"template":"","format":"standard","meta":{"footnotes":""},"categories":[256,60],"tags":[],"class_list":["post-7865","post","type-post","status-publish","format-standard","has-post-thumbnail","hentry","category-40-cronicas-xx-jornadas-sep-2022","category-cronicas","category-256","category-60","description-off"],"_links":{"self":[{"href":"https:\/\/caumas.org\/revista\/wp-json\/wp\/v2\/posts\/7865","targetHints":{"allow":["GET"]}}],"collection":[{"href":"https:\/\/caumas.org\/revista\/wp-json\/wp\/v2\/posts"}],"about":[{"href":"https:\/\/caumas.org\/revista\/wp-json\/wp\/v2\/types\/post"}],"author":[{"embeddable":true,"href":"https:\/\/caumas.org\/revista\/wp-json\/wp\/v2\/users\/1"}],"replies":[{"embeddable":true,"href":"https:\/\/caumas.org\/revista\/wp-json\/wp\/v2\/comments?post=7865"}],"version-history":[{"count":2,"href":"https:\/\/caumas.org\/revista\/wp-json\/wp\/v2\/posts\/7865\/revisions"}],"predecessor-version":[{"id":7875,"href":"https:\/\/caumas.org\/revista\/wp-json\/wp\/v2\/posts\/7865\/revisions\/7875"}],"wp:featuredmedia":[{"embeddable":true,"href":"https:\/\/caumas.org\/revista\/wp-json\/wp\/v2\/media\/7873"}],"wp:attachment":[{"href":"https:\/\/caumas.org\/revista\/wp-json\/wp\/v2\/media?parent=7865"}],"wp:term":[{"taxonomy":"category","embeddable":true,"href":"https:\/\/caumas.org\/revista\/wp-json\/wp\/v2\/categories?post=7865"},{"taxonomy":"post_tag","embeddable":true,"href":"https:\/\/caumas.org\/revista\/wp-json\/wp\/v2\/tags?post=7865"}],"curies":[{"name":"wp","href":"https:\/\/api.w.org\/{rel}","templated":true}]}}