{"id":7885,"date":"2022-10-29T11:25:29","date_gmt":"2022-10-29T11:25:29","guid":{"rendered":"https:\/\/caumas.org\/revista\/?p=7885"},"modified":"2022-11-02T20:29:29","modified_gmt":"2022-11-02T20:29:29","slug":"presentacion-de-los-proyectos-de-fegaus-a-la-xunta-de-galicia-y-a-la-universidad-de-brasilia","status":"publish","type":"post","link":"https:\/\/caumas.org\/revista\/presentacion-de-los-proyectos-de-fegaus-a-la-xunta-de-galicia-y-a-la-universidad-de-brasilia\/","title":{"rendered":"Presentaci\u00f3n de los proyectos de FEGAUS a la Xunta de Galicia y a la Universidad de Brasilia"},"content":{"rendered":"<p>[vc_row full_width_row=&#8221;true&#8221;][vc_column]<div class=\"gap\" style=\"line-height: 16px; height: 16px;\"><\/div>[vc_single_image image=&#8221;7889&#8243; img_size=&#8221;full&#8221; alignment=&#8221;center&#8221; image_hovers=&#8221;false&#8221;][\/vc_column][\/vc_row][vc_row][vc_column][vc_column_text]<span style=\"font-weight: 400;\">El director general de Mayores y Atenci\u00f3n Sociosanitaria, de la Xunta de Galicia, Ant\u00f3n Acevedo, particip\u00f3 la ma\u00f1ana del 30 de agosto en el acto celebrado en el Gai\u00e1s, Cidade da Cultura, de Santiago de Compostela, en la presentaci\u00f3n de las propuestas formativas de FEGAUS.<\/span><\/p>\n<p><span style=\"font-weight: 400;\">Participaron:<\/span><\/p>\n<ul>\n<li style=\"font-weight: 400;\" aria-level=\"1\"><span style=\"font-weight: 400;\">Montserrat Rodr\u00edguez Varela. Directora t\u00e9cnica da Escola Galega de Consumo Instituto Galego do Consumo e da Competencia. Vicepresidencia Segunda da Conseller\u00eda de Econom\u00eda, Empresa e Innovaci\u00f3n.<\/span><\/li>\n<li style=\"font-weight: 400;\" aria-level=\"1\"><span style=\"font-weight: 400;\">La presidenta de CAUMAS, Marina Troncoso.<\/span><\/li>\n<li style=\"font-weight: 400;\" aria-level=\"1\"><span style=\"font-weight: 400;\">Irene Bonome Grada\u00edlle, Jefa del Departamento de Sociedade e Talento Dixital de la Xunta de Galicia.<\/span><\/li>\n<li style=\"font-weight: 400;\" aria-level=\"1\"><span style=\"font-weight: 400;\">Las representantes de la\u00a0 Universidade do Envelhecer-UniSER\/UnB, un programa de extensi\u00f3n de la Universidad de Brasilia, dirigido por la\u00a0 investigadora, Karolyn Ramos Garc\u00eda.<\/span><\/li>\n<li style=\"font-weight: 400;\" aria-level=\"1\"><span style=\"font-weight: 400;\">La presidenta de ADAYEUS, UDC, Marisa Mauriz.<\/span><\/li>\n<li style=\"font-weight: 400;\" aria-level=\"1\"><span style=\"font-weight: 400;\">La presidenta del IV Ciclo, USC, Concepci\u00f3n Ruiz.<\/span><\/li>\n<li style=\"font-weight: 400;\" aria-level=\"1\"><span style=\"font-weight: 400;\">Mar\u00eda\u00a0 Cristina Luginick, vicepresidenta de ASAEXS, de la Uvigo, campus de Pontevedra.<\/span><\/li>\n<li style=\"font-weight: 400;\" aria-level=\"1\"><span style=\"font-weight: 400;\">Pablo Capell Herrero, director de la Secretar\u00eda T\u00e9cnica y Roc\u00edo Mart\u00edn responsable de planificaci\u00f3n de la Secretaria T\u00e9cnica (online) Canal S\u00e9nior.<\/span><\/li>\n<\/ul>\n<p><img fetchpriority=\"high\" decoding=\"async\" class=\"aligncenter size-medium wp-image-13691\" src=\"https:\/\/caumas.org\/wp-content\/uploads\/2022\/09\/fegaus-brasilia-1-300x225.png\" alt=\"\" width=\"300\" height=\"225\" \/><\/p>\n<p><span style=\"font-weight: 400;\">El acto estuvo presentado por Mar\u00eda Cristina Luginick, vicepresidenta de ASAEXS, de la Uvigo, campus de Pontevedra.<\/span><\/p>\n<p><span style=\"font-weight: 400;\">Alejandro Otero, presidente de FEGAUS, inici\u00f3 el acto exponiendo el funcionamiento y las actividades de FEGAUS.<\/span><\/p>\n<div id=\"attachment_13692\" style=\"width: 310px\" class=\"wp-caption aligncenter\"><img decoding=\"async\" aria-describedby=\"caption-attachment-13692\" class=\"wp-image-13692 size-medium\" src=\"https:\/\/caumas.org\/wp-content\/uploads\/2022\/09\/fegaus-brasilia-2-300x162.png\" alt=\"\" width=\"300\" height=\"162\" \/><p id=\"caption-attachment-13692\" class=\"wp-caption-text\">Alejandro Otero, presidente de FEGAUS.<\/p><\/div>\n<p><span style=\"font-weight: 400;\">Roc\u00edo Mart\u00edn, de Canal S\u00e9nior, hizo la presentaci\u00f3n online de la nueva web de FEGAUS y la nueva plataforma, a trav\u00e9s de la cual se puede participar en las actividades de una manera sencilla y f\u00e1cil para los usuarios y de los proyectos realizados.<\/span><\/p>\n<div id=\"attachment_13693\" style=\"width: 310px\" class=\"wp-caption aligncenter\"><img decoding=\"async\" aria-describedby=\"caption-attachment-13693\" class=\"wp-image-13693 size-medium\" src=\"https:\/\/caumas.org\/wp-content\/uploads\/2022\/09\/fegaus-brasilia-3-300x197.png\" alt=\"\" width=\"300\" height=\"197\" \/><p id=\"caption-attachment-13693\" class=\"wp-caption-text\">Roc\u00edo Mart\u00edn, en el v\u00eddeo de presentaci\u00f3n<\/p><\/div>\n<div id=\"attachment_13694\" style=\"width: 310px\" class=\"wp-caption aligncenter\"><img loading=\"lazy\" decoding=\"async\" aria-describedby=\"caption-attachment-13694\" class=\"wp-image-13694 size-medium\" src=\"https:\/\/caumas.org\/wp-content\/uploads\/2022\/09\/fegaus-brasilia-4-300x125.png\" alt=\"\" width=\"300\" height=\"125\" \/><p id=\"caption-attachment-13694\" class=\"wp-caption-text\">Se proyect\u00f3 el v\u00eddeo del proyecto Bela Galicia, aplaudido efusivamente por los asistentes.<\/p><\/div>\n<p><span style=\"font-weight: 400;\">Intervino el director general de Mayores y Atenci\u00f3n Sociosanitaria, de la Xunta de Galicia, Ant\u00f3n Acevedo, destacando la importancia de disponer de recursos como los expuestos por FEGAUS para garantizar un envejecimiento activo Los programas de FEGAUS inciden precisamente en la digitalizaci\u00f3n a trav\u00e9s de proyectos como: <\/span><i><span style=\"font-weight: 400;\">Bella Galicia, Banca Digital S\u00e9niores, Te dinamiza o social\u00edzate,<\/span><\/i><span style=\"font-weight: 400;\"> alguno de los cuales utilizan las aulas CeMIT de la Administraci\u00f3n auton\u00f3mica para llegar a personas mayores de toda la Comunidad. Adem\u00e1s, el director general destac\u00f3 que estos programas tienen especial presencia en el rural gallego. De este modo, apunt\u00f3, se busca incidir en uno de los objetivos del Gobierno gallego como es el fomento de servicios y actividades en las zonas menos pobladas de Galicia para permitir que las personas mayores puedan vivir en su lugar de siempre contando con las mismas opciones que en una ciudad.<\/span><\/p>\n<div id=\"attachment_13695\" style=\"width: 310px\" class=\"wp-caption aligncenter\"><img loading=\"lazy\" decoding=\"async\" aria-describedby=\"caption-attachment-13695\" class=\"wp-image-13695 size-medium\" src=\"https:\/\/caumas.org\/wp-content\/uploads\/2022\/09\/fegaus-brasilia-5-300x225.png\" alt=\"\" width=\"300\" height=\"225\" \/><p id=\"caption-attachment-13695\" class=\"wp-caption-text\">Ant\u00f3n Acevedo, director general de Mayores de la Xunta de Galicia.<\/p><\/div>\n<p><span style=\"font-weight: 400;\">La Xunta destaca la apuesta de Fegaus por la formaci\u00f3n continua y digital de los mayores de Galicia. El Gobierno gallego financia la puesta en marcha de los programas de formaci\u00f3n impulsados por FEGAUS a trav\u00e9s de las ayudas con cargo al 0,7% del IRPF. En el \u00faltimo a\u00f1o, la Xunta destin\u00f3 185.000\u20ac para su funcionamiento, lo que permiti\u00f3 el desarrollo de nueve programas durante este 2022 y la puesta en marcha de 129 actividades de formaci\u00f3n.<\/span><\/p>\n<p><span style=\"font-weight: 400;\">La presidenta de CAUMAS, Marina Troncoso, present\u00f3 la comunicaci\u00f3n explicativa del funcionamiento y desarrollo de los PUM a nivel nacional, el Programa espec\u00edfico de la Uvigo, y los programas de formaci\u00f3n online de CAUMAS a trav\u00e9s de su plataforma.<\/span><\/p>\n<div id=\"attachment_13696\" style=\"width: 310px\" class=\"wp-caption aligncenter\"><img loading=\"lazy\" decoding=\"async\" aria-describedby=\"caption-attachment-13696\" class=\"wp-image-13696 size-medium\" src=\"https:\/\/caumas.org\/wp-content\/uploads\/2022\/09\/fegaus-brasilia-6-300x178.png\" alt=\"\" width=\"300\" height=\"178\" \/><p id=\"caption-attachment-13696\" class=\"wp-caption-text\">Marina Troncoso, presidenta de CAUMAS.<\/p><\/div>\n<p><span style=\"font-weight: 400;\">A continuaci\u00f3n, intervinieron las presidentas de las asociaciones de alumnos ADAYEUS de la Universidad de A Coru\u00f1a, Mar\u00eda Luisa\u00a0 Mauriz y Concepci\u00f3n Ruiz, de la Asociaci\u00f3n del IV Ciclo de la Universidad de Santiago, campus de Lugo para hablar sobre La Formaci\u00f3n de los Programas de en Mayores en las Universidades Gallegas y sus asociaciones.<\/span><\/p>\n<div id=\"attachment_13697\" style=\"width: 310px\" class=\"wp-caption aligncenter\"><img loading=\"lazy\" decoding=\"async\" aria-describedby=\"caption-attachment-13697\" class=\"wp-image-13697 size-medium\" src=\"https:\/\/caumas.org\/wp-content\/uploads\/2022\/09\/fegaus-brasilia-7-300x191.png\" alt=\"\" width=\"300\" height=\"191\" \/><p id=\"caption-attachment-13697\" class=\"wp-caption-text\">Concha Ruiz, de la Asociaci\u00f3n IV Ciclo de la USC<\/p><\/div>\n<p><span style=\"font-weight: 400;\">La Coordinadora Ejecutiva de la Universidade do Envelhecer &#8211; UniSER\/UnB, un programa de extensi\u00f3n de la UnB (Universidade de Brasilia), Kerolyn Ramos Garc\u00eda, explic\u00f3 el proyecto de investigaci\u00f3n relacionado con la formaci\u00f3n de las personas mayores en los Programas Universitarios. Un trabajo interdisciplinar que abarca las \u00e1reas docentes, sociales y espec\u00edficas del colectivo de personas mayores. Estuvo acompa\u00f1ada de Andrea Pecce, directora de la Universidade do Envelhecer-UniSER\/Universidad de Brasilia.<\/span><\/p>\n<div id=\"attachment_13698\" style=\"width: 310px\" class=\"wp-caption aligncenter\"><img loading=\"lazy\" decoding=\"async\" aria-describedby=\"caption-attachment-13698\" class=\"wp-image-13698 size-medium\" src=\"https:\/\/caumas.org\/wp-content\/uploads\/2022\/09\/fegaus-brasilia-8-300x227.png\" alt=\"\" width=\"300\" height=\"227\" \/><p id=\"caption-attachment-13698\" class=\"wp-caption-text\">Kerolyn Ramos Garc\u00eda, de la Universidad de Brasilia<\/p><\/div>\n<p><span style=\"font-weight: 400;\">Irene Bonome Grada\u00edlle, Jefa de Departamento de Sociedad y Talento Digital de la Xunta de Galicia, expuso el funcionamiento y las actividades de los centros CeMIT de AMTEGA (Agencia para la Modernizaci\u00f3n Tecnol\u00f3gica de Galicia), fundamentales y la columna que permite la oportunidad para llevar la formaci\u00f3n a todo el rural de Galicia. <\/span><\/p>\n<div id=\"attachment_13699\" style=\"width: 310px\" class=\"wp-caption aligncenter\"><img loading=\"lazy\" decoding=\"async\" aria-describedby=\"caption-attachment-13699\" class=\"wp-image-13699 size-medium\" src=\"https:\/\/caumas.org\/wp-content\/uploads\/2022\/09\/fegaus-brasilia-9-300x211.png\" alt=\"\" width=\"300\" height=\"211\" \/><p id=\"caption-attachment-13699\" class=\"wp-caption-text\">Irene Bonome, de AMTEGA.<\/p><\/div>\n<p><span style=\"font-weight: 400;\">Montserrat Rodr\u00edguez Varela. Directora t\u00e9cnica de la Escuela Gallega de Consumo, Instituto Gallego de Consumo y de la Competencia. Vicepresidenta Segunda de la Conseller\u00eda de Econom\u00eda, Empresa e Innovaci\u00f3n de la Xunta de Galicia, expuso como se desarrolla la formaci\u00f3n para el colectivo de mayores sobre el consumo senior. Un proyecto para informar y formar a las personas mayores en un consumo Responsable, Eficiente y con Seguridad a trav\u00e9s de charlas explicativas sobre esta tem\u00e1tica.<\/span><\/p>\n<div id=\"attachment_13700\" style=\"width: 310px\" class=\"wp-caption aligncenter\"><img loading=\"lazy\" decoding=\"async\" aria-describedby=\"caption-attachment-13700\" class=\"wp-image-13700 size-medium\" src=\"https:\/\/caumas.org\/wp-content\/uploads\/2022\/09\/fegaus-brasilia-10-300x174.png\" alt=\"\" width=\"300\" height=\"174\" \/><p id=\"caption-attachment-13700\" class=\"wp-caption-text\">Montserrat Rodr\u00edguez, vicepresidenta Segunda de la Conseller\u00eda de Econom\u00eda, Empresa e Innovaci\u00f3n de la Xunta de Galicia.<\/p><\/div>\n<p><span style=\"font-weight: 400;\">Al finalizar los asistentes disfrutaron de un almuerzo en las instalaciones del Gai\u00e1s y a continuaci\u00f3n se realiz\u00f3 una visita guiada a la Cidade da Cultura para las invitadas de la Universidad de Brasilia.<\/span><\/p>\n<p><img loading=\"lazy\" decoding=\"async\" class=\"aligncenter size-medium wp-image-13701\" src=\"https:\/\/caumas.org\/wp-content\/uploads\/2022\/09\/fegaus-brasilia-11-300x193.png\" alt=\"\" width=\"300\" height=\"193\" \/><\/p>\n<p><span style=\"font-weight: 400;\">Participantes en la jornada de presentaci\u00f3n: Leonardo, Rafael y Celso de Uvigo, campus de Ourense, Marina de CAUMAS, Andrea y Kerolyn, representantes de la Universidad de Brasilia, Carmi\u00f1a, de Santiago, Montse, la viceconsejera de Econom\u00eda, Concha, de Lugo, Alejandro, de FEGAUS, Marisa y Roberto, de ADAYEUS, Ram\u00f3n, tesorero de FEGAUS, Constantino, de UVigo, Irene, del Departamento de Sociedad y Talento Digital, Cristiana, de ASAEXS, Pontevedra y Pablo Capell, de Canal Senior. <\/span>[\/vc_column_text][\/vc_column][\/vc_row]<\/p>\n","protected":false},"excerpt":{"rendered":"<p>[vc_row full_width_row=&#8221;true&#8221;][vc_column][vc_single_image image=&#8221;7889&#8243; img_size=&#8221;full&#8221; alignment=&#8221;center&#8221; image_hovers=&#8221;false&#8221;][\/vc_column][\/vc_row][vc_row][vc_column][vc_column_text]El director general de Mayores y Atenci\u00f3n Sociosanitaria, de la Xunta de Galicia, Ant\u00f3n Acevedo, particip\u00f3 la ma\u00f1ana del 30 de agosto en el acto celebrado en el Gai\u00e1s, Cidade da Cultura, de Santiago de Compostela, en la presentaci\u00f3n de las propuestas formativas de FEGAUS. Participaron: Montserrat Rodr\u00edguez Varela. Directora&hellip;<\/p>\n","protected":false},"author":1,"featured_media":7891,"comment_status":"closed","ping_status":"closed","sticky":false,"template":"","format":"standard","meta":{"footnotes":""},"categories":[257,93],"tags":[],"class_list":["post-7885","post","type-post","status-publish","format-standard","has-post-thumbnail","hentry","category-40-hablan-las-asociaciones-sep-2022","category-asociaciones","category-257","category-93","description-off"],"_links":{"self":[{"href":"https:\/\/caumas.org\/revista\/wp-json\/wp\/v2\/posts\/7885","targetHints":{"allow":["GET"]}}],"collection":[{"href":"https:\/\/caumas.org\/revista\/wp-json\/wp\/v2\/posts"}],"about":[{"href":"https:\/\/caumas.org\/revista\/wp-json\/wp\/v2\/types\/post"}],"author":[{"embeddable":true,"href":"https:\/\/caumas.org\/revista\/wp-json\/wp\/v2\/users\/1"}],"replies":[{"embeddable":true,"href":"https:\/\/caumas.org\/revista\/wp-json\/wp\/v2\/comments?post=7885"}],"version-history":[{"count":4,"href":"https:\/\/caumas.org\/revista\/wp-json\/wp\/v2\/posts\/7885\/revisions"}],"predecessor-version":[{"id":7980,"href":"https:\/\/caumas.org\/revista\/wp-json\/wp\/v2\/posts\/7885\/revisions\/7980"}],"wp:featuredmedia":[{"embeddable":true,"href":"https:\/\/caumas.org\/revista\/wp-json\/wp\/v2\/media\/7891"}],"wp:attachment":[{"href":"https:\/\/caumas.org\/revista\/wp-json\/wp\/v2\/media?parent=7885"}],"wp:term":[{"taxonomy":"category","embeddable":true,"href":"https:\/\/caumas.org\/revista\/wp-json\/wp\/v2\/categories?post=7885"},{"taxonomy":"post_tag","embeddable":true,"href":"https:\/\/caumas.org\/revista\/wp-json\/wp\/v2\/tags?post=7885"}],"curies":[{"name":"wp","href":"https:\/\/api.w.org\/{rel}","templated":true}]}}