{"id":7893,"date":"2022-10-29T11:51:50","date_gmt":"2022-10-29T11:51:50","guid":{"rendered":"https:\/\/caumas.org\/revista\/?p=7893"},"modified":"2022-11-02T20:28:00","modified_gmt":"2022-11-02T20:28:00","slug":"presentacion-de-bela-galicia","status":"publish","type":"post","link":"https:\/\/caumas.org\/revista\/presentacion-de-bela-galicia\/","title":{"rendered":"Presentaci\u00f3n de &#8220;Bela Galicia&#8221;"},"content":{"rendered":"<p>[vc_row full_width_row=&#8221;true&#8221;][vc_column]<div class=\"gap\" style=\"line-height: 16px; height: 16px;\"><\/div>[vc_single_image image=&#8221;7976&#8243; img_size=&#8221;full&#8221; alignment=&#8221;center&#8221; image_hovers=&#8221;false&#8221;][\/vc_column][\/vc_row][vc_row][vc_column][vc_column_text]<strong><em>Presentaci\u00f3n de &#8220;BELA GALICIA\u201d<\/em><\/strong><\/p>\n<p>El d\u00eda 21 de septiembre en la Sala de Eventos, Ciudad de la Cultura de Galicia, Edificio Font\u00e1n, \u00a0con la participaci\u00f3n del director general de Mayores y Atenci\u00f3n Sociosanitaria, Ant\u00f3n Acevedo Prado, el secretario general de \u00a0Emigraci\u00f3n, Antonio Rodr\u00edguez Miranda y el director de Administraci\u00f3n e Relaciones con las Asociaciones de Amigos del <em>Cami\u00f1o de Santiago<\/em> de la SA. de Gesti\u00f3n del <em>Plan Xacobeo,<\/em> Ildefonso de la Campa Montenegro y los responsables de la Junta directiva de FEGAUS y su secretaria t\u00e9cnica, tuvo lugar la presentaci\u00f3n del proyecto \u201cBELA GALICIA\u201d.<\/p>\n<p>&nbsp;<\/p>\n<p><strong><em><img fetchpriority=\"high\" decoding=\"async\" class=\"alignnone size-full wp-image-7898 aligncenter\" src=\"https:\/\/caumas.org\/revista\/wp-content\/uploads\/2022\/10\/ASOCIACIONES-08.jpg\" alt=\"\" width=\"250\" height=\"279\" \/><\/em><\/strong><\/p>\n<p style=\"text-align: center;\"><strong><em>Alejandro Otero, presidente de FEGAUS.<\/em><\/strong><\/p>\n<p>A la presentaci\u00f3n han asistido 5 representantes de la Universidad S\u00e9niors de Brasilia <em>UnISER\/UnB<\/em> de la capital de Brasil, presidida por la Dra. Marg\u00f3 Karnikowski, y cuatro profesores de dicha universidad, con el objetivo de conocer el proyecto de \u201cBela Galicia\u201d, y acordar futuras colaboraci\u00f3n entre FEGAUS y la Universidad Seniors de Brasilia.<\/p>\n<p>En una reuni\u00f3n posterior a la presentaci\u00f3n, se acord\u00f3 nombrar un equipo de trabajo, para marcar las l\u00edneas de participaci\u00f3n. Por parte de FEGAUS, lidera el equipo de trabajo Ram\u00f3n Pou Romay de la asociaci\u00f3n ADAYEUS de la Universidad de A Coru\u00f1a, y por parte de la UnISER\/UnB, Isabella<u>\u00a0<\/u>Karnikowski, para contemplar un equipo que permita marcar las l\u00edneas de trabajo a realizar.<\/p>\n<p style=\"text-align: center;\"><a class=\"dt-pswp-item\" href=\"https:\/\/caumas.org\/revista\/wp-content\/uploads\/2022\/10\/ASOCIACIONES-07.jpg\" data-dt-img-description=\"\" data-large_image_width=\"564\" data-large_image_height=\"303\"><img decoding=\"async\" class=\"alignnone size-full wp-image-7897\" src=\"https:\/\/caumas.org\/revista\/wp-content\/uploads\/2022\/10\/ASOCIACIONES-07.jpg\" alt=\"\" width=\"564\" height=\"303\" srcset=\"https:\/\/caumas.org\/revista\/wp-content\/uploads\/2022\/10\/ASOCIACIONES-07.jpg 564w, https:\/\/caumas.org\/revista\/wp-content\/uploads\/2022\/10\/ASOCIACIONES-07-300x161.jpg 300w\" sizes=\"(max-width: 564px) 100vw, 564px\" \/><\/a><\/p>\n<p style=\"text-align: center;\"><strong><em>El presidente de FEGAUS, con los representantes a de la Universidad de Brasilia y de la de la secretar\u00eda t\u00e9cnica. <\/em><\/strong><\/p>\n<p>El objetivo fundamental del proyecto \u201cBella Galicia\u201d es mantener un hilo conductor entre Galicia y el resto del mundo y en particular, con los gallegos residentes y emigrantes, que les ayude a valorar la tierra, el idioma y costumbres; estrechar relaciones y facilitar visitas y posibles retornos, a trav\u00e9s del canal digital del conocimiento de Galicia, Canal S\u00e9nior de FEGAUS.<\/p>\n<p>Desde este canal ofreceremos un conjunto de servicios: informativos, formativos, de participaci\u00f3n, de relaci\u00f3n, l\u00fadicos\u2026, que ser\u00e1 el punto de referencia para todos los interesados en conocer Galicia m\u00e1s a fondo.<\/p>\n<p>Con el proyecto \u201cBella Galicia\u201d se pretende llevar un abrazo de calor humano a todos los gallegos del mundo, unidos por el amor a Galicia y un idioma com\u00fan, el Gallego.<\/p>\n<p>FEGAUS, agradece la presencia de todas las personas de nuestras asociaciones de Galicia que han asistido a este acto, ha sido la presentaci\u00f3n del mayor proyecto, transmitido en directo a todos los Centros Gallegos y contando con la presencia de profesores de los programas de Mayores de la Capital de Brasil.<\/p>\n<p style=\"text-align: right;\"><em><strong>Alejandro Otero Davila<\/strong><\/em><br \/>\n<em><strong>Presidente de FEGAUS<\/strong><\/em><\/p>\n<p>[\/vc_column_text][\/vc_column][\/vc_row]<\/p>\n","protected":false},"excerpt":{"rendered":"<p>[vc_row full_width_row=&#8221;true&#8221;][vc_column][vc_single_image image=&#8221;7976&#8243; img_size=&#8221;full&#8221; alignment=&#8221;center&#8221; image_hovers=&#8221;false&#8221;][\/vc_column][\/vc_row][vc_row][vc_column][vc_column_text]Presentaci\u00f3n de &#8220;BELA GALICIA\u201d El d\u00eda 21 de septiembre en la Sala de Eventos, Ciudad de la Cultura de Galicia, Edificio Font\u00e1n, \u00a0con la participaci\u00f3n del director general de Mayores y Atenci\u00f3n Sociosanitaria, Ant\u00f3n Acevedo Prado, el secretario general de \u00a0Emigraci\u00f3n, Antonio Rodr\u00edguez Miranda y el director de Administraci\u00f3n e&hellip;<\/p>\n","protected":false},"author":1,"featured_media":7978,"comment_status":"closed","ping_status":"closed","sticky":false,"template":"","format":"standard","meta":{"footnotes":""},"categories":[257,93],"tags":[],"class_list":["post-7893","post","type-post","status-publish","format-standard","has-post-thumbnail","hentry","category-40-hablan-las-asociaciones-sep-2022","category-asociaciones","category-257","category-93","description-off"],"_links":{"self":[{"href":"https:\/\/caumas.org\/revista\/wp-json\/wp\/v2\/posts\/7893","targetHints":{"allow":["GET"]}}],"collection":[{"href":"https:\/\/caumas.org\/revista\/wp-json\/wp\/v2\/posts"}],"about":[{"href":"https:\/\/caumas.org\/revista\/wp-json\/wp\/v2\/types\/post"}],"author":[{"embeddable":true,"href":"https:\/\/caumas.org\/revista\/wp-json\/wp\/v2\/users\/1"}],"replies":[{"embeddable":true,"href":"https:\/\/caumas.org\/revista\/wp-json\/wp\/v2\/comments?post=7893"}],"version-history":[{"count":3,"href":"https:\/\/caumas.org\/revista\/wp-json\/wp\/v2\/posts\/7893\/revisions"}],"predecessor-version":[{"id":7979,"href":"https:\/\/caumas.org\/revista\/wp-json\/wp\/v2\/posts\/7893\/revisions\/7979"}],"wp:featuredmedia":[{"embeddable":true,"href":"https:\/\/caumas.org\/revista\/wp-json\/wp\/v2\/media\/7978"}],"wp:attachment":[{"href":"https:\/\/caumas.org\/revista\/wp-json\/wp\/v2\/media?parent=7893"}],"wp:term":[{"taxonomy":"category","embeddable":true,"href":"https:\/\/caumas.org\/revista\/wp-json\/wp\/v2\/categories?post=7893"},{"taxonomy":"post_tag","embeddable":true,"href":"https:\/\/caumas.org\/revista\/wp-json\/wp\/v2\/tags?post=7893"}],"curies":[{"name":"wp","href":"https:\/\/api.w.org\/{rel}","templated":true}]}}