{"id":7930,"date":"2022-10-30T11:49:11","date_gmt":"2022-10-30T11:49:11","guid":{"rendered":"https:\/\/caumas.org\/revista\/?p=7930"},"modified":"2022-10-30T12:01:20","modified_gmt":"2022-10-30T12:01:20","slug":"exposicion-fotografica-de-aluma","status":"publish","type":"post","link":"https:\/\/caumas.org\/revista\/exposicion-fotografica-de-aluma\/","title":{"rendered":"Exposici\u00f3n fotogr\u00e1fica de ALUMA"},"content":{"rendered":"<p>[vc_row full_width_row=&#8221;true&#8221;][vc_column]<div class=\"gap\" style=\"line-height: 16px; height: 16px;\"><\/div>[vc_single_image image=&#8221;7933&#8243; img_size=&#8221;full&#8221; alignment=&#8221;center&#8221; image_hovers=&#8221;false&#8221;][\/vc_column][\/vc_row][vc_row][vc_column][vc_column_text]<strong>La exposici\u00f3n fotogr\u00e1fica de ALUMA, \u2018El agua y sus paisajes\u2019, se muestra en el Centro de Lenguas Modernas.<\/strong><\/p>\n<p>El lunes 5 de septiembre de 2022, ha tenido lugar, en el Centro de Lenguas Modernas de la Universidad de Granada, la inauguraci\u00f3n de la Exposici\u00f3n de Fotograf\u00eda, titulada \u201cEl agua y sus paisajes\u201d, convocada por la Asociaci\u00f3n de Alumnos del Aula Permanente ALUMA, en colaboraci\u00f3n con el CLM y con autores, todos ellos, alumnos del Aula Permanente de Formaci\u00f3n Abierta de la UGR.<strong><em> Participantes en el acto inaugural<\/em><\/strong><\/p>\n<p>El acto ha contado con la presencia del Director del CLM, Francisco Javier Montoro, el Diputado Provincial de Turismo, Enrique Medina y del Director del APFA, Juan Antonio Maldonado. Y por supuesto, del Presidente de ALUMA, Jos\u00e9 Rodr\u00edguez. Todos ellos han dirigido al p\u00fablico una alentadoras y optimistas palabras, sobre el sentido de la exposici\u00f3n y el que los alumnos mayores den a conocer a la sociedad granadina los trabajos que realizan, fruto de ellos es la exposici\u00f3n que se inaugura, utilizando conceptos tales como \u201cjuventud acumulada\u201d o madurescencia\u201d.<\/p>\n<p><a class=\"dt-pswp-item\" href=\"https:\/\/caumas.org\/revista\/wp-content\/uploads\/2022\/10\/ALUMA11.jpg\" data-dt-img-description=\"\" data-large_image_width=\"425\" data-large_image_height=\"295\"><img fetchpriority=\"high\" decoding=\"async\" class=\"alignnone size-full wp-image-7937 aligncenter\" src=\"https:\/\/caumas.org\/revista\/wp-content\/uploads\/2022\/10\/ALUMA11.jpg\" alt=\"\" width=\"425\" height=\"295\" srcset=\"https:\/\/caumas.org\/revista\/wp-content\/uploads\/2022\/10\/ALUMA11.jpg 425w, https:\/\/caumas.org\/revista\/wp-content\/uploads\/2022\/10\/ALUMA11-300x208.jpg 300w\" sizes=\"(max-width: 425px) 100vw, 425px\" \/><\/a><\/p>\n<p>A continuaci\u00f3n, se ha realizado una visita por toda la galer\u00eda de la exposici\u00f3n donde los distintos autores de las fotograf\u00edas han ido explicando sus razones emotivas y las t\u00e9cnicas utilizadas.<\/p>\n<p><strong><em><a class=\"dt-pswp-item\" href=\"https:\/\/caumas.org\/revista\/wp-content\/uploads\/2022\/10\/ALUMA12.jpg\" data-dt-img-description=\"\" data-large_image_width=\"425\" data-large_image_height=\"246\"><img decoding=\"async\" class=\"alignnone size-full wp-image-7938 aligncenter\" src=\"https:\/\/caumas.org\/revista\/wp-content\/uploads\/2022\/10\/ALUMA12.jpg\" alt=\"\" width=\"425\" height=\"246\" srcset=\"https:\/\/caumas.org\/revista\/wp-content\/uploads\/2022\/10\/ALUMA12.jpg 425w, https:\/\/caumas.org\/revista\/wp-content\/uploads\/2022\/10\/ALUMA12-300x174.jpg 300w\" sizes=\"(max-width: 425px) 100vw, 425px\" \/><\/a><\/em><\/strong><\/p>\n<p><strong><em>La exposici\u00f3n permanecer\u00e1 en el CLM hasta el 28 de octubre.<\/em><\/strong><\/p>\n<p>\u201cEl agua y sus paisajes\u201d es una exposici\u00f3n fotogr\u00e1fica conjunta, de los Alumnos del Aula Permanente de Formaci\u00f3n Abierta de la Universidad de Granada, integrados en la Asociaci\u00f3n de Alumnos ALUMA.<\/p>\n<p>El agua tan ligada a la vida y a la ciudad de Granada, el agua est\u00e1 presente vivificando el paisaje, deleit\u00e1ndonos con su sonido, el agua es el gran tesoro que todos tenemos que cuidar y preservar para el futuro. El agua ha sido el motivo elegido para realizar la muestra que se presenta. Los participantes no son profesionales, son aficionados a la fotograf\u00eda, alumnos mayores que con esta actividad comparten con la sociedad su visi\u00f3n del tema, sus capacidades y sus valores.<\/p>\n<p>Las fotograf\u00edas expuestas han sido realizadas por Amalia Rosas Mar\u00edn, Ana Br\u00edgida S\u00e1nchez Rodr\u00edguez, Antonio L\u00f3pez Garc\u00eda, Javier P\u00e9rez Cuadros, Jes\u00fas Garc\u00eda Agu\u00f1a, Jos\u00e9 Gin\u00e9s Hern\u00e1ndez, Juan Castilla Torres, Leonor Algar Reyes, Mario Gonz\u00e1lez I\u00e1\u00f1ez, Jos\u00e9 Francisco Heras Jim\u00e9nez y Rafael Reche Silva.<\/p>\n<p>Agradecemos al Centro de Lenguas Modernas la colaboraci\u00f3n que nos brinda en estos eventos, ya que hace posible disfrutar, no solo de las distintas obras presentadas, sino tambi\u00e9n del magn\u00edfico Palacio de Santa Cruz, una joya del siglo XVI ubicada en el barrio m\u00e1s granadino, el Realejo.<\/p>\n<p style=\"text-align: right;\"><em><strong>Inma Ca\u00f1avate<\/strong><\/em><\/p>\n<p style=\"text-align: right;\"><em><strong>Vicepresidenta de ALUMA<\/strong><\/em><\/p>\n<p style=\"text-align: right;\"><em><strong>Universidad de Granada<\/strong><\/em><\/p>\n<p>[\/vc_column_text][\/vc_column][\/vc_row]<\/p>\n","protected":false},"excerpt":{"rendered":"<p>[vc_row full_width_row=&#8221;true&#8221;][vc_column][vc_single_image image=&#8221;7933&#8243; img_size=&#8221;full&#8221; alignment=&#8221;center&#8221; image_hovers=&#8221;false&#8221;][\/vc_column][\/vc_row][vc_row][vc_column][vc_column_text]La exposici\u00f3n fotogr\u00e1fica de ALUMA, \u2018El agua y sus paisajes\u2019, se muestra en el Centro de Lenguas Modernas. El lunes 5 de septiembre de 2022, ha tenido lugar, en el Centro de Lenguas Modernas de la Universidad de Granada, la inauguraci\u00f3n de la Exposici\u00f3n de Fotograf\u00eda, titulada \u201cEl agua y&hellip;<\/p>\n","protected":false},"author":1,"featured_media":7939,"comment_status":"closed","ping_status":"closed","sticky":false,"template":"","format":"standard","meta":{"footnotes":""},"categories":[257,93],"tags":[],"class_list":["post-7930","post","type-post","status-publish","format-standard","has-post-thumbnail","hentry","category-40-hablan-las-asociaciones-sep-2022","category-asociaciones","category-257","category-93","description-off"],"_links":{"self":[{"href":"https:\/\/caumas.org\/revista\/wp-json\/wp\/v2\/posts\/7930","targetHints":{"allow":["GET"]}}],"collection":[{"href":"https:\/\/caumas.org\/revista\/wp-json\/wp\/v2\/posts"}],"about":[{"href":"https:\/\/caumas.org\/revista\/wp-json\/wp\/v2\/types\/post"}],"author":[{"embeddable":true,"href":"https:\/\/caumas.org\/revista\/wp-json\/wp\/v2\/users\/1"}],"replies":[{"embeddable":true,"href":"https:\/\/caumas.org\/revista\/wp-json\/wp\/v2\/comments?post=7930"}],"version-history":[{"count":3,"href":"https:\/\/caumas.org\/revista\/wp-json\/wp\/v2\/posts\/7930\/revisions"}],"predecessor-version":[{"id":7940,"href":"https:\/\/caumas.org\/revista\/wp-json\/wp\/v2\/posts\/7930\/revisions\/7940"}],"wp:featuredmedia":[{"embeddable":true,"href":"https:\/\/caumas.org\/revista\/wp-json\/wp\/v2\/media\/7939"}],"wp:attachment":[{"href":"https:\/\/caumas.org\/revista\/wp-json\/wp\/v2\/media?parent=7930"}],"wp:term":[{"taxonomy":"category","embeddable":true,"href":"https:\/\/caumas.org\/revista\/wp-json\/wp\/v2\/categories?post=7930"},{"taxonomy":"post_tag","embeddable":true,"href":"https:\/\/caumas.org\/revista\/wp-json\/wp\/v2\/tags?post=7930"}],"curies":[{"name":"wp","href":"https:\/\/api.w.org\/{rel}","templated":true}]}}