{"id":8026,"date":"2023-01-07T11:31:37","date_gmt":"2023-01-07T11:31:37","guid":{"rendered":"https:\/\/caumas.org\/revista\/?p=8026"},"modified":"2023-01-11T11:38:49","modified_gmt":"2023-01-11T11:38:49","slug":"optimismo-y-un-mundo-en-crisis","status":"publish","type":"post","link":"https:\/\/caumas.org\/revista\/optimismo-y-un-mundo-en-crisis\/","title":{"rendered":"Optimismo y un mundo en crisis"},"content":{"rendered":"<p>[vc_row full_width_row=&#8221;true&#8221;][vc_column]<div id=\"ultimate-heading-303369f16a2182d75\" class=\"uvc-heading ult-adjust-bottom-margin ultimate-heading-303369f16a2182d75 uvc-232  uvc-heading-default-font-sizes\" data-hspacer=\"no_spacer\"  data-halign=\"left\" style=\"text-align:left\"><div class=\"uvc-heading-spacer no_spacer\" style=\"top\"><\/div><div class=\"uvc-main-heading ult-responsive\"  data-ultimate-target='.uvc-heading.ultimate-heading-303369f16a2182d75 h2'  data-responsive-json-new='{\"font-size\":\"\",\"line-height\":\"\"}' ><h2 style=\"font-family:&#039;Viga&#039;;--font-weight:theme;\">Optimismo y un mundo en crisis<\/h2><\/div><div class=\"uvc-sub-heading ult-responsive\"  data-ultimate-target='.uvc-heading.ultimate-heading-303369f16a2182d75 .uvc-sub-heading '  data-responsive-json-new='{\"font-size\":\"\",\"line-height\":\"\"}'  style=\"font-weight:normal;\">Carlos LLor\u00e9ns Fern\u00e1ndez<\/div><\/div>[vc_empty_space height=&#8221;16px&#8221;][vc_row_inner][vc_column_inner][vc_column_text]\u201c<strong><em>Pensar que el futuro es de color rosa es algo tan biol\u00f3gico como las fantas\u00edas sexuales<\/em><\/strong>\u2026. <strong><em>Apostar por la esperanza es tan natural en nuestra especie como andar con 2 patas<\/em><\/strong>\u201d.<\/p>\n<p>(Lionel Tiger, \u201cEl optimismo\u201d, 1.979)<\/p>\n<p>\u2026 Soy del grupo que se decanta por admitir que ni la Tecnolog\u00eda lo es todo, y s\u00ed que puede que aporte un futuro, cuando menos incierto.<\/p>\n<p>Si volvemos la vista atr\u00e1s y comparamos la muy carente vida de nuestros abuelos con la incertidumbre de hoy, me inclino a pensar que caeremos en la cuenta de que, aqu\u00e9llos, con much\u00edsimas menos cosas y menos posibilidades, fueron un pu\u00f1ado de valientes, intr\u00e9pidos y que su visi\u00f3n de la existencia obedeci\u00f3 a c\u00e1nones de mayor felicidad y de una esperanza m\u00e1s optimista de lo que habr\u00eda que venir.<\/p>\n<p>Salvo que llevemos el concepto de \u201coptimismo\u201d por bandera del pensamiento m\u00e1s positivo, la cruda realidad se impone. Y acaba cumpli\u00e9ndose aquel dicho que reza: \u201cLos pies encima de la tierra\u201d.<\/p>\n<p>No hace mucho vivimos el inicio del interrogante energ\u00e9tico, del que podemos afirmar que ni sabemos c\u00f3mo acabar\u00e1, tampoco como acabaremos y que ello, juntamente con el cambio clim\u00e1tico, etc. parecieran abrir cualquier escenario menos el de un porvenir que invite al optimismo. Nada similar a lo que, como ya apunt\u00e9, aconteci\u00f3 a nuestros ancestros.<\/p>\n<p>En su libro \u201c<strong>La sociedad del cansancio<\/strong>\u201d, su Autor, el Sr. Byung-Chul Han (Corea del Sur), se inclina por pensar que cada \u00e9poca tiene sus enfermedades emblem\u00e1ticas. La \u00e9poca bacterial toc\u00f3 a su fin con la invenci\u00f3n del antibi\u00f3tico. Tampoco vivimos en la \u00e9poca viral. Qued\u00f3 atr\u00e1s con la t\u00e9cnica inmunol\u00f3gica. Y el comienzo del Siglo XXI no ser\u00eda ni una ni otra, sino \u201cneuronal\u201d.<\/p>\n<p>\u00bfHa cambiado, pues, el concepto de optimismo? Y de serlo, \u00bfc\u00f3mo es ahora y qu\u00e9 aporta?<\/p>\n<p>\u00bfTal vez hemos abierto, al pairo de los acontecimientos, un nuevo y desconocido crucigrama que ya no se resuelve por los medios que conocemos?<\/p>\n<p>\u00bfEl ser humano, com\u00fan y corriente, se plantea el optimismo? \u00bfO bien se va acomodando a un pensamiento impuesto desde otros \u00e1mbitos, que le vuelven conformista, aunque no est\u00e9 de acuerdo con los postulados?<\/p>\n<p>\u00bfC\u00f3mo ver\u00e1n las generaciones venideras lo simple que es la vida? Y, \u00bfc\u00f3mo lo aceptar\u00e1n? Tal vez caer\u00e1n en un catastrofismo a\u00fan m\u00e1s profundo que, nosotros, atisbamos desde ya.<\/p>\n<p>\u00bfSurgir\u00e1 alg\u00fan grupo de pensadores que haya analizado, en profundidad, la marcha de la Humanidad, sus guerras y lo poco que hemos aprendido de sus resultados? Dir\u00eda que ser\u00eda de desear.<\/p>\n<p>O, \u00bfpuede que se vuelva marcha atr\u00e1s, al darnos cuenta de que, con todo, lo \u00fanico que hemos conseguido es entrar en un callej\u00f3n sin salida?<\/p>\n<p>Que los populismos le tienen utilidad a unos pocos, que no resuelven las cuestiones m\u00e1s primarias. Que destruir un sistema de creencias, incluso de lo metaf\u00edsico, no construye.<\/p>\n<p>Y que, en definitiva, la m\u00e1quina no se construye a s\u00ed misma. La construimos. Y que la utilidad que tenga o pueda tener se la damos los humanos.<\/p>\n<p>Que, detr\u00e1s de tanta Tecnolog\u00eda por sofisticada que resulte, debe primar un cerebro que piense adecuadamente y resuelva.<\/p>\n<p>Que la reflexi\u00f3n debiera llevarnos a sopesar que esa tranquilidad del interior, alberga ese optimismo que hizo de la propia Humanidad, mejores personas, mejores relaciones interpersonales, que llev\u00f3 para adelante el hecho de superar enfermedades, etc.<\/p>\n<p>Y, concluyo, asimismo pienso que apoyar la estructura s\u00f3lo en el tecnicismo tiene el tope marcado. \u00bfD\u00f3nde? Es cuestionable. Me gustar\u00eda que fuese en una recuperaci\u00f3n del Optimismo m\u00e1s tradicional. Y que, quien no sepa qu\u00e9 es, al menos que lo experimente y vea los resultados.<\/p>\n<p style=\"text-align: right;\"><em><strong>Carlos LLor\u00e9ns Fern\u00e1ndez<br \/>\n<\/strong><b>Asociaci\u00f3n Aulas de Formaci\u00f3n Aberta.<br \/>\n(Campus de Vigo) Universidad de Vigo<\/b><\/em><\/p>\n<p>[\/vc_column_text][\/vc_column_inner][\/vc_row_inner][\/vc_column][\/vc_row]<\/p>\n","protected":false},"excerpt":{"rendered":"<p>[vc_row full_width_row=&#8221;true&#8221;][vc_column][vc_empty_space height=&#8221;16px&#8221;][vc_row_inner][vc_column_inner][vc_column_text]\u201cPensar que el futuro es de color rosa es algo tan biol\u00f3gico como las fantas\u00edas sexuales\u2026. Apostar por la esperanza es tan natural en nuestra especie como andar con 2 patas\u201d. (Lionel Tiger, \u201cEl optimismo\u201d, 1.979) \u2026 Soy del grupo que se decanta por admitir que ni la Tecnolog\u00eda lo es todo, y&hellip;<\/p>\n","protected":false},"author":1,"featured_media":8027,"comment_status":"closed","ping_status":"closed","sticky":false,"template":"","format":"standard","meta":{"footnotes":""},"categories":[259,57],"tags":[],"class_list":["post-8026","post","type-post","status-publish","format-standard","has-post-thumbnail","hentry","category-41-opinion-dic-2022","category-opinion","category-259","category-57","description-off"],"_links":{"self":[{"href":"https:\/\/caumas.org\/revista\/wp-json\/wp\/v2\/posts\/8026","targetHints":{"allow":["GET"]}}],"collection":[{"href":"https:\/\/caumas.org\/revista\/wp-json\/wp\/v2\/posts"}],"about":[{"href":"https:\/\/caumas.org\/revista\/wp-json\/wp\/v2\/types\/post"}],"author":[{"embeddable":true,"href":"https:\/\/caumas.org\/revista\/wp-json\/wp\/v2\/users\/1"}],"replies":[{"embeddable":true,"href":"https:\/\/caumas.org\/revista\/wp-json\/wp\/v2\/comments?post=8026"}],"version-history":[{"count":2,"href":"https:\/\/caumas.org\/revista\/wp-json\/wp\/v2\/posts\/8026\/revisions"}],"predecessor-version":[{"id":8274,"href":"https:\/\/caumas.org\/revista\/wp-json\/wp\/v2\/posts\/8026\/revisions\/8274"}],"wp:featuredmedia":[{"embeddable":true,"href":"https:\/\/caumas.org\/revista\/wp-json\/wp\/v2\/media\/8027"}],"wp:attachment":[{"href":"https:\/\/caumas.org\/revista\/wp-json\/wp\/v2\/media?parent=8026"}],"wp:term":[{"taxonomy":"category","embeddable":true,"href":"https:\/\/caumas.org\/revista\/wp-json\/wp\/v2\/categories?post=8026"},{"taxonomy":"post_tag","embeddable":true,"href":"https:\/\/caumas.org\/revista\/wp-json\/wp\/v2\/tags?post=8026"}],"curies":[{"name":"wp","href":"https:\/\/api.w.org\/{rel}","templated":true}]}}