{"id":8106,"date":"2023-01-08T11:43:50","date_gmt":"2023-01-08T11:43:50","guid":{"rendered":"https:\/\/caumas.org\/revista\/?p=8106"},"modified":"2023-01-08T11:43:50","modified_gmt":"2023-01-08T11:43:50","slug":"mexico-lindo-y-querido-viaje-universitario-parte-ii","status":"publish","type":"post","link":"https:\/\/caumas.org\/revista\/mexico-lindo-y-querido-viaje-universitario-parte-ii\/","title":{"rendered":"M\u00e9xico lindo y querido. Viaje universitario (Parte II)"},"content":{"rendered":"<p>[vc_row][vc_column][vc_single_image image=&#8221;8107&#8243; img_size=&#8221;full&#8221; css=&#8221;.vc_custom_1673178013827{background-color: #d8391c !important;}&#8221;][vc_column_text]<strong><img fetchpriority=\"high\" decoding=\"async\" class=\"size-full wp-image-8108 aligncenter\" src=\"https:\/\/caumas.org\/revista\/wp-content\/uploads\/2023\/01\/NOTICIAS-05.01.jpg\" alt=\"\" width=\"787\" height=\"468\" srcset=\"https:\/\/caumas.org\/revista\/wp-content\/uploads\/2023\/01\/NOTICIAS-05.01.jpg 787w, https:\/\/caumas.org\/revista\/wp-content\/uploads\/2023\/01\/NOTICIAS-05.01-300x178.jpg 300w, https:\/\/caumas.org\/revista\/wp-content\/uploads\/2023\/01\/NOTICIAS-05.01-768x457.jpg 768w\" sizes=\"(max-width: 787px) 100vw, 787px\" \/><\/strong><\/p>\n<p><strong>Un viaje, puede ser una huida o el \u00e9xodo de la rutina<\/strong>, una experiencia para sentirse m\u00e1s vivo en la vida, un acumulo de recuerdos apresados en los laberintos de la memoria, de im\u00e1genes retenida en las pupilas.<\/p>\n<p style=\"text-align: center;\"><strong><em><img decoding=\"async\" class=\"alignnone size-full wp-image-8109\" src=\"https:\/\/caumas.org\/revista\/wp-content\/uploads\/2023\/01\/NOTICIAS-05.02.jpg\" alt=\"\" width=\"290\" height=\"218\" \/><br \/>\nVista a\u00e9rea de Ciudad de M\u00e9xico, m\u00e1s de 100 km de extensi\u00f3n y 22 millones de habitantes<\/em><\/strong><\/p>\n<p>Se hace imprescindible viajar, cuando\u00a0<strong>el olvido empieza a pronunciar nuestro nombre<\/strong>\u00a0con m\u00e1s frecuencia, quiz\u00e1s esta vida no es justa alcanzamos una edad que no podemos detener el tiempo y eses mismo tiempo que nos golpea nos hace m\u00e1s vulnerable. Vivamos el hoy, que la vida nos reclama.<\/p>\n<p>Hay viajes y hay otra clase de viajes, de esta os quiero hablar, donde el viento que sopla del pasado, sopla con fuerza, donde la modernidad convive con la naturaleza salvaje, donde nunca eres un extra\u00f1o. All\u00e1,\u00a0<strong>cuando la fascinaci\u00f3n te sigue a cada paso<\/strong>, te sobrecoge el paisaje humano, rural y urbano, un mundo que te seduce: de piedras en templos y pir\u00e1mides, edificios con murales, diversidad \u00e9tnica de ind\u00edgenas, la jungla con el entorno m\u00e1s fresco y natural, la majestuosidad de los volcanes con su la lava negra que siembra la tierra, la muerte con ritual de folclore y m\u00fasica en los funerales, el mar que tiene su propio color, el silencio que se esparce en olas verdes, la capital que flota sobre un gran lago, mecida por el viento de su historia, civilizaciones y pueblos perdidos en la selva\u2026<\/p>\n<p><strong>Est\u00e1 claro que hablamos de M\u00e9xico<\/strong>\u00a0donde los instantes se convirtieron en inmenso.<\/p>\n<p style=\"text-align: center;\"><strong><em><img decoding=\"async\" class=\"alignnone size-full wp-image-8110\" src=\"https:\/\/caumas.org\/revista\/wp-content\/uploads\/2023\/01\/NOTICIAS-05.03.jpg\" alt=\"\" width=\"294\" height=\"221\" \/><br \/>\nGrupo en la zona arqueol\u00f3gica de la Gran Pir\u00e1mide de Cholula<\/em><\/strong><\/p>\n<p>La asociaci\u00f3n de estudiantes mayores\u00a0<strong>ALUMA de la Universidad de Granada<\/strong>\u00a0en sus celebraciones del XXV aniversario de su fundaci\u00f3n, quiso marcar un hito, en un viaje diferente con personalidad, con un objetivo ambicioso: en lo cultural, de relaciones interuniversitaria, que a su vez fuera divertido y variado, enlazando el esp\u00edritu joven a los mayores, en un pa\u00eds donde encontrar un universo de contrates.<\/p>\n<p>Con un trabajo minucioso y meses de preparaci\u00f3n, se planific\u00f3 con un equipo de la Junta Directiva ALUMA, la profesora Mireia Viladelvall de la Universidad Aut\u00f3noma de Ciudad de M\u00e9xico y la Agencia de Viajes que colabora en este tipo de proyectos.<\/p>\n<p style=\"text-align: center;\"><strong><em><img loading=\"lazy\" decoding=\"async\" class=\"alignnone size-full wp-image-8111\" src=\"https:\/\/caumas.org\/revista\/wp-content\/uploads\/2023\/01\/NOTICIAS-05.04.jpg\" alt=\"\" width=\"302\" height=\"226\" srcset=\"https:\/\/caumas.org\/revista\/wp-content\/uploads\/2023\/01\/NOTICIAS-05.04.jpg 302w, https:\/\/caumas.org\/revista\/wp-content\/uploads\/2023\/01\/NOTICIAS-05.04-300x225.jpg 300w\" sizes=\"(max-width: 302px) 100vw, 302px\" \/><br \/>\nEl Z\u00f3calo. La Gran plaza de la Ciudad de M\u00e9xico.<\/em><\/strong><\/p>\n<p><strong>En M\u00e9xico existe un calor que derrite los contornos<\/strong>, por esta causa se eligi\u00f3 la mejor \u00e9poca del a\u00f1o, el mes de noviembre despu\u00e9s de la gran fiesta de los muertos.\u00a0<strong>Del 15 al 27 de nov. 2022<\/strong>, en una expedici\u00f3n de un grupo reducido formado por compa\u00f1eros de las\u00a0<strong>universidades y asociaciones de mayores de Granada, Asturias, Madrid, Sevilla y Melilla.<\/strong><\/p>\n<p>M\u00e1s unidos que nunca, sin fronteras establecidas, todos partimos como estudiantes y espa\u00f1oles al otro continente.<\/p>\n<p>Clavados m\u00e1s de 12 horas en un vuelo transoce\u00e1nico, lleg\u00f3 el grupo plet\u00f3rico a la Ciudad de M\u00e9xico. Desde el mismo aire<strong>, la ciudad se hac\u00eda inconmensurable<\/strong>\u00a0no ten\u00eda principio ni fin, m\u00e1s de 100 km de extensi\u00f3n de un espacio colmado de casas y edificios que habitan alrededor de 22 millones de personas.<\/p>\n<p style=\"text-align: center;\"><strong><em><img loading=\"lazy\" decoding=\"async\" class=\"alignnone size-full wp-image-8112\" src=\"https:\/\/caumas.org\/revista\/wp-content\/uploads\/2023\/01\/NOTICIAS-05.05.jpg\" alt=\"\" width=\"312\" height=\"215\" srcset=\"https:\/\/caumas.org\/revista\/wp-content\/uploads\/2023\/01\/NOTICIAS-05.05.jpg 312w, https:\/\/caumas.org\/revista\/wp-content\/uploads\/2023\/01\/NOTICIAS-05.05-300x207.jpg 300w\" sizes=\"(max-width: 312px) 100vw, 312px\" \/><br \/>\nDanza ind\u00edgena en el centro de la Ciudad de M\u00e9xico.<\/em><\/strong><\/p>\n<p>El hotel en el mismo coraz\u00f3n de la urbe junto al s\u00edmbolo de la ciudad\u00a0<strong>el \u00e1ngel de la independencia.<\/strong>\u00a0uno de los monumentos m\u00e1s emblem\u00e1ticos que representa la libertad.<\/p>\n<p>La llegada a M\u00e9xico supuso ganar 7 horas m\u00e1s por el ajuste horario. Con el tiempo justo para dejar el equipaje en el hotel, iniciamos el programa previsto con la visita a dos ciudades cercanas\u00a0<strong>Cholula y Puebla.<\/strong><\/p>\n<p><strong>Cholula<\/strong>\u00a0donde se mantiene\u00a0<strong>el pasado prehisp\u00e1nico<\/strong>. En este Pueblo M\u00e1gico los dos grandes s\u00edmbolos de ambas culturas conviven a pocos metros: la Gran Pir\u00e1mide y el Ex-convento Franciscano de San Gabriel, uno de los m\u00e1s antiguos conventos de Am\u00e9rica<\/p>\n<p><strong><em>Cr\u00e1neos de cabezas cortadas que se utilizaban en la construcciones de templo mayor y palacio de Moctezuma en el centro hist\u00f3rico de Ciudad de M\u00e9xico.<\/em><\/strong><\/p>\n<p>&nbsp;<\/p>\n<p>Con un sol pleno e hiriente, estamos a m\u00e1s de 2000 m de altitud, ten\u00edamos que utilizar \u201cBloqueantes solares\u201d (expresi\u00f3n mexicana a las cremas solares), sobreros y \u201clos tapabocas\u201d no eran necesarias las mascarillas.<\/p>\n<p>Visitamos\u00a0<strong>las ruinas de la Gran Pir\u00e1mide<\/strong>, la m\u00e1s grande que existe en el mundo y en su cumbre el altar ceremonial donde se sacrificaban ni\u00f1os a los Dioses, ofrenda para pedir agua, los espa\u00f1oles lo desmontaron y en su lugar construyeron el santuario de la virgen de los Remedios.<\/p>\n<p>Por la tarde.\u00a0<strong>Puebla de Zaragoza, una<\/strong>\u00a0<strong>ciudad Patrimonio de la Humanidad<\/strong>. Fue nombrada en honor a la ciudad de Zaragoza, Espa\u00f1a.<\/p>\n<p>Si M\u00e9xico es color, aqu\u00ed lo encontramos en cada rinc\u00f3n.\u00a0<strong>Puebla<\/strong>, es famosa por su tradici\u00f3n gastron\u00f3mica, su arquitectura colonial y su cer\u00e1mica. Los azulejos pintados de Talavera se producen en la localidad y adornan muchos de sus edificios. La catedral de Puebla, de estilo renacentista, tiene un campanario de gran altura con vistas al Z\u00f3calo, la plaza central.<\/p>\n<p>Agotados despu\u00e9s del d\u00eda m\u00e1s largo con 24 m\u00e1s 7 horas a\u00f1adidas, regres\u00e1bamos al hotel<\/p>\n<p style=\"text-align: center;\"><strong><em><img loading=\"lazy\" decoding=\"async\" class=\"alignnone size-full wp-image-8114\" src=\"https:\/\/caumas.org\/revista\/wp-content\/uploads\/2023\/01\/NOTICIAS-05.07.jpg\" alt=\"\" width=\"287\" height=\"215\" \/><br \/>\nChicas del grupo en la visita a la capital<\/em><\/strong><\/p>\n<p>Al d\u00eda siguiente esperaba el encuentro con\u00a0<strong>los compa\u00f1eros y autoridades de la Universidad Aut\u00f3noma de Ciudad de M\u00e9xico, el grupo universitario de Tejedoras de Redes y miembros del Centro C\u00edvico del Orfe\u00f3n Catal\u00e1n<\/strong>. Inolvidable y entra\u00f1able jornada desde el minuto uno, donde se reforz\u00f3 los lazos de amistad y los compromisos de colaboraci\u00f3n para futuros proyectos universitarios, as\u00ed como su inter\u00e9s en la participaci\u00f3n como alumnos mayores en el Programa Universitario Virtual de Mayores del Aula Permanente de Formaci\u00f3n Abierta de la Universidad de Granada. Los detalles de este acto se describieron en el art\u00edculo publicado en el Ideal en Clase el d\u00eda 1 dic 2022.<\/p>\n<p>El d\u00eda 18 nov. Madrugamos para evitar el intenso y ca\u00f3tico tr\u00e1fico de la Ciudad de M\u00e9xico. Sus arterias principales se colapsaban y la paciencia era la \u00fanica arma en una urbe a la deriva y con dif\u00edcil soluci\u00f3n por la densidad de poblaci\u00f3n, su altura de 2.240 m influ\u00eda en algunos compa\u00f1eros los primeros d\u00edas.<\/p>\n<p style=\"text-align: center;\"><strong><em><img loading=\"lazy\" decoding=\"async\" class=\"alignnone size-full wp-image-8115\" src=\"https:\/\/caumas.org\/revista\/wp-content\/uploads\/2023\/01\/NOTICIAS-05.08.jpg\" alt=\"\" width=\"287\" height=\"215\" \/><br \/>\nFiesta mexicana<\/em><\/strong><\/p>\n<p>&nbsp;<\/p>\n<p><strong>Ciudad de M\u00e9xico<\/strong>. La ciudad va y viene y su cuerpo de piedra, fue construida sobre un gran lago. M\u00e1s de 160 museos, 100 galer\u00edas de arte, 30 salas de concierto y un casco hist\u00f3rico que refleja la historia colonial del pa\u00eds, hacen de\u00a0<strong>Ciudad de M\u00e9xico uno de los enclaves culturales latinoamericanos de mayor relevancia e importancia tur\u00edstica<\/strong>\u00a0que existen.<\/p>\n<p style=\"text-align: center;\"><strong><em><img loading=\"lazy\" decoding=\"async\" class=\"alignnone size-full wp-image-8116\" src=\"https:\/\/caumas.org\/revista\/wp-content\/uploads\/2023\/01\/NOTICIAS-05.09.jpg\" alt=\"\" width=\"298\" height=\"223\" \/><br \/>\nPalacio de Bellas Artes, Ciudad de M\u00e9xico<\/em><\/strong><\/p>\n<p>&nbsp;<\/p>\n<p>Es famosa por su Templo Mayor (un templo azteca del siglo XIII), la Catedral Metropolitana de M\u00e9xico, de estilo barroco, de los conquistadores espa\u00f1oles y el Palacio Nacional, que alberga murales hist\u00f3ricos de Diego Rivera. Todos estos hitos se ubican en torno a la Plaza de la Constituci\u00f3n, la enorme plaza principal conocida tambi\u00e9n como el Z\u00f3calo.<\/p>\n<p style=\"text-align: center;\"><strong><em><img loading=\"lazy\" decoding=\"async\" class=\"alignnone size-full wp-image-8117\" src=\"https:\/\/caumas.org\/revista\/wp-content\/uploads\/2023\/01\/NOTICIAS-05.10.jpg\" alt=\"\" width=\"298\" height=\"223\" \/><br \/>\nFoto de grupo en la ruinas del Templo Mayor en la Ciudad de M\u00e9xico<\/em><\/strong><\/p>\n<p><strong>En Ciudad de M\u00e9xico permanecimos 5 d\u00edas y reconozco que la ciudad nos conquist\u00f3<\/strong>, nos devel\u00f3 algunos de sus secretos, compartimos la alegr\u00eda y el cante mexicano en su Plaza Garibaldi con Mariachis y Rancheras, llegamos al coraz\u00f3n noble del mexicano.<\/p>\n<p>Para no cansar al lector seguir\u00e9 contando historias del viaje de M\u00e9xico en otros art\u00edculos.<\/p>\n<p style=\"text-align: right;\"><em><strong>Rafel Reche Silva, alumno del APFA<br \/>\n<\/strong><\/em><em><strong>y miembro de la JD de la Asociaci\u00f3n<br \/>\n<\/strong><\/em><em><strong>de estudiantes mayores, ALUMA<br \/>\n<\/strong><\/em><em><strong>Universidad de Granada.<\/strong><\/em><\/p>\n<p>[\/vc_column_text][\/vc_column][\/vc_row]<\/p>\n","protected":false},"excerpt":{"rendered":"<p>[vc_row][vc_column][vc_single_image image=&#8221;8107&#8243; img_size=&#8221;full&#8221; css=&#8221;.vc_custom_1673178013827{background-color: #d8391c !important;}&#8221;][vc_column_text] Un viaje, puede ser una huida o el \u00e9xodo de la rutina, una experiencia para sentirse m\u00e1s vivo en la vida, un acumulo de recuerdos apresados en los laberintos de la memoria, de im\u00e1genes retenida en las pupilas. Vista a\u00e9rea de Ciudad de M\u00e9xico, m\u00e1s de 100 km de&hellip;<\/p>\n","protected":false},"author":1,"featured_media":8118,"comment_status":"closed","ping_status":"closed","sticky":false,"template":"","format":"standard","meta":{"footnotes":""},"categories":[261,59],"tags":[],"class_list":["post-8106","post","type-post","status-publish","format-standard","has-post-thumbnail","hentry","category-41-noticias-dic-2022","category-noticias","category-261","category-59","description-off"],"_links":{"self":[{"href":"https:\/\/caumas.org\/revista\/wp-json\/wp\/v2\/posts\/8106","targetHints":{"allow":["GET"]}}],"collection":[{"href":"https:\/\/caumas.org\/revista\/wp-json\/wp\/v2\/posts"}],"about":[{"href":"https:\/\/caumas.org\/revista\/wp-json\/wp\/v2\/types\/post"}],"author":[{"embeddable":true,"href":"https:\/\/caumas.org\/revista\/wp-json\/wp\/v2\/users\/1"}],"replies":[{"embeddable":true,"href":"https:\/\/caumas.org\/revista\/wp-json\/wp\/v2\/comments?post=8106"}],"version-history":[{"count":1,"href":"https:\/\/caumas.org\/revista\/wp-json\/wp\/v2\/posts\/8106\/revisions"}],"predecessor-version":[{"id":8119,"href":"https:\/\/caumas.org\/revista\/wp-json\/wp\/v2\/posts\/8106\/revisions\/8119"}],"wp:featuredmedia":[{"embeddable":true,"href":"https:\/\/caumas.org\/revista\/wp-json\/wp\/v2\/media\/8118"}],"wp:attachment":[{"href":"https:\/\/caumas.org\/revista\/wp-json\/wp\/v2\/media?parent=8106"}],"wp:term":[{"taxonomy":"category","embeddable":true,"href":"https:\/\/caumas.org\/revista\/wp-json\/wp\/v2\/categories?post=8106"},{"taxonomy":"post_tag","embeddable":true,"href":"https:\/\/caumas.org\/revista\/wp-json\/wp\/v2\/tags?post=8106"}],"curies":[{"name":"wp","href":"https:\/\/api.w.org\/{rel}","templated":true}]}}