{"id":8372,"date":"2023-04-13T11:59:49","date_gmt":"2023-04-13T11:59:49","guid":{"rendered":"https:\/\/caumas.org\/revista\/?p=8372"},"modified":"2023-04-13T11:59:49","modified_gmt":"2023-04-13T11:59:49","slug":"vivir-en-incertidumbre","status":"publish","type":"post","link":"https:\/\/caumas.org\/revista\/vivir-en-incertidumbre\/","title":{"rendered":"Vivir en incertidumbre"},"content":{"rendered":"<p>[vc_row full_width_row=&#8221;true&#8221;][vc_column]<div id=\"ultimate-heading-645869efc4289aaee\" class=\"uvc-heading ult-adjust-bottom-margin ultimate-heading-645869efc4289aaee uvc-8186  uvc-heading-default-font-sizes\" data-hspacer=\"no_spacer\"  data-halign=\"left\" style=\"text-align:left\"><div class=\"uvc-heading-spacer no_spacer\" style=\"top\"><\/div><div class=\"uvc-main-heading ult-responsive\"  data-ultimate-target='.uvc-heading.ultimate-heading-645869efc4289aaee h2'  data-responsive-json-new='{\"font-size\":\"\",\"line-height\":\"\"}' ><h2 style=\"font-family:&#039;Viga&#039;;--font-weight:theme;\">Vivir en incertidumbre<\/h2><\/div><div class=\"uvc-sub-heading ult-responsive\"  data-ultimate-target='.uvc-heading.ultimate-heading-645869efc4289aaee .uvc-sub-heading '  data-responsive-json-new='{\"font-size\":\"\",\"line-height\":\"\"}'  style=\"font-weight:normal;\">Carlos LLor\u00e9ns Fern\u00e1ndez<\/div><\/div>[vc_empty_space height=&#8221;16px&#8221;][vc_row_inner][vc_column_inner][vc_column_text]Pudiera parecer una paradoja.<\/p>\n<p>Hemos alcanzado cotas alt\u00edsimas de tecnolog\u00eda y da la impresi\u00f3n de que algo se nos haya quedado atr\u00e1s.<\/p>\n<p>Ojeamos los diarios y una misma noticia tiene color distinto.<\/p>\n<p>Hemos ido creando instituciones de una y otra \u00edndole: Econ\u00f3micas, sociales\u2026. y al final siempre ocurre que la manta no termina de cubrirnos completamente porque la verdad pareciera no existir o que, de hacerlo, con cierta asiduidad se qued\u00f3 corta.<\/p>\n<p>Conceptos tan simples como el de \u201cfamilia\u201d se han desdibujado. Y acabamos pregunt\u00e1ndonos: \u00bfEs que tal vez ha desaparecido?<\/p>\n<p>El mismo trato habitual, ll\u00e1mese social, vecinal, laboral, igualmente se ha cubierto de una espesa niebla, cuyo adjetivo a aplicar no vemos claro.<\/p>\n<p>Nos deshacemos en sonrisas fingidas en fechas se\u00f1aladas, Navidad, por ejemplo, que tienen su duraci\u00f3n en la l\u00ednea tiempo-espacial. Les pasa como a la p\u00f3lvora: Se inflama r\u00e1pidamente y se apaga con id\u00e9ntica prontitud.<\/p>\n<p>M\u00e1s o menos ocurre con el mundo financiero. Seg\u00fan a quien escuches acabas por resumir que, o bien se acerca un cataclismo o que vamos a un mundo tan maravilloso como irreal.<\/p>\n<p>\u00bfD\u00f3nde encontrar un atisbo de verdad?<\/p>\n<p>Igual en ning\u00fan sitio.<\/p>\n<p>Y, ocurriera, que hemos entrado en un \u201cbucle\u201d que nos resulta tan ef\u00edmero como inalcanzable o inexistente.<\/p>\n<p>Los mortales de a pi\u00e9 no dejamos de abrir los ojos, sorprendidos, poco entusiasmados y siempre en guardia para ver que se le ocurre al iluminado de turno.<\/p>\n<p>\u00bfPor d\u00f3nde ir\u00e1n hoy los tiros? Es algo que nos preguntamos con rapidez y destreza mental. Y con esa misma rapidez, volvemos a plegarnos sobre nosotros mismos con un \u00fanico objetivo: \u201csalvemos \u201ceste d\u00eda y ma\u00f1ana ya veremos.<\/p>\n<p>Tambi\u00e9n parece que el factor <strong><u>est\u00edmulo<\/u><\/strong> se haya trasladado de lugar.<\/p>\n<p>Y la habitual conversaci\u00f3n, caso de haberla, se ci\u00f1a a temas recurrentes para salir del paso y que no puedan atribuirnos el \u201crol\u201d de seres poco sociales. \u00bfSe acuerda Ud. \u2013amable lector- cuando entramos en el milenio 2000?<\/p>\n<p>\u00bfNo le dio la impresi\u00f3n de iniciar algo m\u00e1s novedoso, de que se hab\u00edan quedado atr\u00e1s comportamientos inadecuados?<\/p>\n<p>Pues ya ve Ud. no ha sido as\u00ed.<\/p>\n<p>Los conflictos, lejos de reducirse se han recrudecido, las relaciones familiares han cambiado de faz y de plano.<\/p>\n<p>Lo que fue, hoy ya no es.<\/p>\n<p>Hasta lo masculino y lo femenino se han tornado ininteligibles.<\/p>\n<p>\u00bfAguantaremos hasta la entrada del 3000 con estos vaivenes?<\/p>\n<p>\u00bfQu\u00e9 nos quedar\u00e1 por asumir?<\/p>\n<p>Sea como quiera que fuere, ya ven vivimos en una completa <strong><u>incertidumbre<\/u><\/strong>, por no decir en un caos que no sabremos ni a d\u00f3nde nos conducir\u00e1 ni si nos mantendr\u00e1 con esta misma condici\u00f3n de seres humanos.<\/p>\n<p>&nbsp;<\/p>\n<p style=\"text-align: right;\"><strong><a class=\"dt-pswp-item\" href=\"https:\/\/caumas.org\/revista\/wp-content\/uploads\/2023\/04\/OPINION-INCERTIDUMBRE-IMAGEN.jpg\" data-dt-img-description=\"\" data-large_image_width=\"375\" data-large_image_height=\"500\"><img fetchpriority=\"high\" decoding=\"async\" class=\"size-full wp-image-8373 aligncenter\" src=\"https:\/\/caumas.org\/revista\/wp-content\/uploads\/2023\/04\/OPINION-INCERTIDUMBRE-IMAGEN.jpg\" alt=\"\" width=\"375\" height=\"500\" srcset=\"https:\/\/caumas.org\/revista\/wp-content\/uploads\/2023\/04\/OPINION-INCERTIDUMBRE-IMAGEN.jpg 375w, https:\/\/caumas.org\/revista\/wp-content\/uploads\/2023\/04\/OPINION-INCERTIDUMBRE-IMAGEN-225x300.jpg 225w\" sizes=\"(max-width: 375px) 100vw, 375px\" \/><\/a><\/strong><\/p>\n<p>&nbsp;<\/p>\n<p style=\"text-align: right;\"><strong>Carlos LLor\u00e9ns Fern\u00e1ndez.<\/strong><\/p>\n<p style=\"text-align: right;\"><strong>Asociaci\u00f3n Aulas de Formaci\u00f3n Aberta.<\/strong><\/p>\n<p style=\"text-align: right;\"><strong>Campus de Vigo, Universidad de Vigo<\/strong><\/p>\n<p>[\/vc_column_text][\/vc_column_inner][\/vc_row_inner][\/vc_column][\/vc_row]<\/p>\n","protected":false},"excerpt":{"rendered":"<p>[vc_row full_width_row=&#8221;true&#8221;][vc_column][vc_empty_space height=&#8221;16px&#8221;][vc_row_inner][vc_column_inner][vc_column_text]Pudiera parecer una paradoja. Hemos alcanzado cotas alt\u00edsimas de tecnolog\u00eda y da la impresi\u00f3n de que algo se nos haya quedado atr\u00e1s. Ojeamos los diarios y una misma noticia tiene color distinto. Hemos ido creando instituciones de una y otra \u00edndole: Econ\u00f3micas, sociales\u2026. y al final siempre ocurre que la manta no termina&hellip;<\/p>\n","protected":false},"author":1,"featured_media":8374,"comment_status":"closed","ping_status":"closed","sticky":false,"template":"","format":"standard","meta":{"footnotes":""},"categories":[268,57],"tags":[],"class_list":["post-8372","post","type-post","status-publish","format-standard","has-post-thumbnail","hentry","category-42-opinion-mar-2023","category-opinion","category-268","category-57","description-off"],"_links":{"self":[{"href":"https:\/\/caumas.org\/revista\/wp-json\/wp\/v2\/posts\/8372","targetHints":{"allow":["GET"]}}],"collection":[{"href":"https:\/\/caumas.org\/revista\/wp-json\/wp\/v2\/posts"}],"about":[{"href":"https:\/\/caumas.org\/revista\/wp-json\/wp\/v2\/types\/post"}],"author":[{"embeddable":true,"href":"https:\/\/caumas.org\/revista\/wp-json\/wp\/v2\/users\/1"}],"replies":[{"embeddable":true,"href":"https:\/\/caumas.org\/revista\/wp-json\/wp\/v2\/comments?post=8372"}],"version-history":[{"count":1,"href":"https:\/\/caumas.org\/revista\/wp-json\/wp\/v2\/posts\/8372\/revisions"}],"predecessor-version":[{"id":8375,"href":"https:\/\/caumas.org\/revista\/wp-json\/wp\/v2\/posts\/8372\/revisions\/8375"}],"wp:featuredmedia":[{"embeddable":true,"href":"https:\/\/caumas.org\/revista\/wp-json\/wp\/v2\/media\/8374"}],"wp:attachment":[{"href":"https:\/\/caumas.org\/revista\/wp-json\/wp\/v2\/media?parent=8372"}],"wp:term":[{"taxonomy":"category","embeddable":true,"href":"https:\/\/caumas.org\/revista\/wp-json\/wp\/v2\/categories?post=8372"},{"taxonomy":"post_tag","embeddable":true,"href":"https:\/\/caumas.org\/revista\/wp-json\/wp\/v2\/tags?post=8372"}],"curies":[{"name":"wp","href":"https:\/\/api.w.org\/{rel}","templated":true}]}}