{"id":8376,"date":"2023-04-13T12:04:10","date_gmt":"2023-04-13T12:04:10","guid":{"rendered":"https:\/\/caumas.org\/revista\/?p=8376"},"modified":"2023-04-13T12:04:10","modified_gmt":"2023-04-13T12:04:10","slug":"significado-de-los-colores","status":"publish","type":"post","link":"https:\/\/caumas.org\/revista\/significado-de-los-colores\/","title":{"rendered":"Significado de los colores"},"content":{"rendered":"<p>[vc_row full_width_row=&#8221;true&#8221;][vc_column]<div id=\"ultimate-heading-727469ef8c37e7b97\" class=\"uvc-heading ult-adjust-bottom-margin ultimate-heading-727469ef8c37e7b97 uvc-8913  uvc-heading-default-font-sizes\" data-hspacer=\"no_spacer\"  data-halign=\"left\" style=\"text-align:left\"><div class=\"uvc-heading-spacer no_spacer\" style=\"top\"><\/div><div class=\"uvc-main-heading ult-responsive\"  data-ultimate-target='.uvc-heading.ultimate-heading-727469ef8c37e7b97 h2'  data-responsive-json-new='{\"font-size\":\"\",\"line-height\":\"\"}' ><h2 style=\"font-family:&#039;Viga&#039;;--font-weight:theme;\">Significado de los colores<\/h2><\/div><div class=\"uvc-sub-heading ult-responsive\"  data-ultimate-target='.uvc-heading.ultimate-heading-727469ef8c37e7b97 .uvc-sub-heading '  data-responsive-json-new='{\"font-size\":\"\",\"line-height\":\"\"}'  style=\"font-weight:normal;\">Remedios Seijo<\/div><\/div>[vc_empty_space height=&#8221;16px&#8221;][vc_row_inner][vc_column_inner][vc_column_text]<a class=\"dt-pswp-item\" href=\"https:\/\/caumas.org\/revista\/wp-content\/uploads\/2023\/04\/REMEDIOS-SEIJO.jpg\" data-dt-img-description=\"\" data-large_image_width=\"218\" data-large_image_height=\"291\"><img fetchpriority=\"high\" decoding=\"async\" class=\"size-full wp-image-8377 alignright\" src=\"https:\/\/caumas.org\/revista\/wp-content\/uploads\/2023\/04\/REMEDIOS-SEIJO.jpg\" alt=\"\" width=\"218\" height=\"291\" \/><\/a>Hoy vamos hablar de los colores, de la importancia que tienen y c\u00f3mo interact\u00faan en nuestras vidas en todos los sentidos: en vestirnos, en decorar nuestras casas, en todos nuestros estados de \u00e1nimo\u2026<\/p>\n<p>Todos los colores tienen un significado y es algo que siempre me ha encantado estudiar. \u00bfQu\u00e9 tienen de interesante? Hoy tengo la oportunidad de poder hablar de ellos.<\/p>\n<p>Blanco, el color de la pureza,\u00a0 espiritualidad buena, bondadosa, con muy buen car\u00e1cter, por eso casi todos los trajes bautismales, comuni\u00f3n y novia suelen ser blanco representan la pureza. Qu\u00e9 bonitos son\u2026, qu\u00e9 bonitas fiestas blancas ibicencas&#8230;, \u00a1Me chiflan!<\/p>\n<p>Verde y Azul son los colores de la paz y la tranquilidad por eso siempre los m\u00e9dicos y los sanitarios suelen ir con esos tonos, por la paz que suelen dar; el azul es el color del cielo y el verde el color de los bosques. \u00bfNo son ambos relajantes ?<\/p>\n<p>Amarillo, me encanta. Es el color de la alegr\u00eda, de la suerte del dinero, es un color favorecedor, es muy especial; no todo el mundo lo sabe llevar, porque los colores tambi\u00e9n se tienen que saber llevar (a mi madre no le gustaba nada). Es un color con el que tienes que tener cuidado, puede llegar a cansar; es de esos colores para poner de muy tarde en tarde. \u00a0 Los artistas y los toreros dicen que les da mala suerte, yo eso lo respeto much\u00edsimo, ya que en todo eso creo mucho. Pero a m\u00ed me encanta. Como sab\u00e9is los coches Ferruccio Lamborghini son coches amarillos.<\/p>\n<p>Rojo, el color \u00a1ohhhh! el color de la vitalidad, de la buena energ\u00eda y de la positividad. Las personas cuando quieren sacar algo positivo suelen vestirse de rojo, es un color con much\u00edsima energ\u00eda,\u00a0 y mucho glamour; esas alfombras rojas que son una belleza cuando tienen esos desfiles de los premios\u2026<\/p>\n<p>Yo, cuando voy a un sitio que tenga que hacer algo importante y quiero que me salga bien, por supuesto, siempre de rojo, sea lo que sea, aunque sea un lazo, pero voy de rojo o algo similar. Es buen\u00edsimo. S\u00e9 que algunas personas pensar\u00e1n que es una tonter\u00eda, pero NO; es un color que tiene mucha fuerza. Aqu\u00ed tengo una an\u00e9cdota, al funeral de mi madre se present\u00f3 una se\u00f1ora toda vestida de rojo, nunca lo olvidar\u00e9 y me impact\u00f3 tanto que un d\u00eda le pregunt\u00e9 y me contest\u00f3: La quer\u00eda tanto que el inconsciente me llev\u00f3 a vestirme de rojo, aquello no era normal . \u00a1\u00a1Estaba toda de rojo!! Cuando jam\u00e1s la vi a esa mujer vestida de rojo\u2026.<\/p>\n<p>Beis, otro color que me entusiasma creo que es el color de la elegancia natural por excelencia, de la discreci\u00f3n. Es un color para todas las \u00e9pocas del a\u00f1o, lo llamar\u00edamos atemporal, es un color de gama crom\u00e1tica, un color confiable y sensible. \u00a1una mujer con colores beis, suele ser muy elegante\u00a1 Tambi\u00e9n es un color que no favorece a todo el mundo, ojito que no es f\u00e1cil !!<\/p>\n<p>Rosa, el color de la ni\u00f1ez, de la inocencia denota feminidad, hoy los hombres cada d\u00eda lo llevan m\u00e1s y la verdad les favorece mucho. Marca mucho los rasgos, es un color alegre por eso hay ese dicho que dice todo lo ves de color de rosa \u00a0 \u00a1\u00a1qu\u00e9 suerte!!<\/p>\n<p>Gris perla, un color elegante por naturaleza, suele ser el color de las entrevistas de trabajo siempre quedar\u00e1s bien con un traje pantal\u00f3n rayas diplom\u00e1ticas, luego lo puedes combinar con rosa y blanco queda muy bien siempre \u00a1\u00a1 s\u00faper elegante!!<\/p>\n<p>Negro, el color del dolor de la pena y de la tristeza, aunque no olvidemos en ocasiones especiales el negro es un color muy elegante, una noche con un traje negro largo de la tela que sea, siempre ir\u00e1s elegant\u00edsima. En cambio, para una entrevista de trabajo JAM\u00c1S, produce tristeza, est\u00e1 relacionado con la ansiedad. En tu fondo de armario siempre debes tener un jersey, una camiseta y una blusa por supuesto unos pantalones negros nunca te deben faltar, estas prendas siempre te sacar\u00e1n de un apuro, con un vaquero siempre te lo puedes acoplar.<\/p>\n<p>Lila, es el color de la luz (nunca entend\u00ed porque a mi madre la llamaban Lila) el color de\u00a0la lavanda, da luz y entra\u00a0 dentro de la gama celeste por eso a Sorolla y Monet les encantaban todo esos colores de una belleza singular.<\/p>\n<p>Marr\u00f3n, gris, azul marino, son colores fr\u00edos y sobrios y adecuados a las personas sobrias y austeras con una profesi\u00f3n importante de cara a la sociedad, como ejecutivos etc. son colores de la tierra y la naturaleza suelen usarlos las personas a una cierta edad.<\/p>\n<p>Los colores nos debemos reflejar en ellos para contemplarlos, no hay nada m\u00e1s bonito y agradable que contemplar los colores, cuando vemos el mar con esos azules verdosos, o los valles, parques con esos verdes oscuros\u00a0color musgo, los colores de las flores en los jardines o esas rosaledas que tenemos por todas partes; esos colores del oto\u00f1o, la estaci\u00f3n que m\u00e1s me gusta con todos esos\u00a0ocres, verde musgo, anaranjado. Recuerdo una vez que hice una de las primeras visitas despu\u00e9s de quedar sola fue al Hayedo de Montejo en<\/p>\n<p>oto\u00f1o; aquello era como estar en un para\u00edso. La variedad crom\u00e1tica de los colores de sus hojas me inund\u00f3 y fue un sue\u00f1o; desde ese sue\u00f1o seguir\u00eda definiendo la naturaleza, porque todo est\u00e1 impregnado de ella: SOLO TENEMOS QUE MIRARLA.<\/p>\n<p>&nbsp;<\/p>\n<p style=\"text-align: center;\"><strong>\u00a1El rencor nunca me gust\u00f3, y no me quedaba bien<\/strong><\/p>\n<p style=\"text-align: center;\"><strong>As\u00ed que intente ponerlo a un lado<\/strong><\/p>\n<p style=\"text-align: center;\"><strong>Y procur\u00e9 vestirme de elegante indiferencia.<\/strong><\/p>\n<p>&nbsp;<\/p>\n<p style=\"text-align: right;\"><em><strong>Remedios Seijo<\/strong><\/em><\/p>\n<p style=\"text-align: right;\"><em><strong>Tesorera CAUMAS<\/strong><\/em><\/p>\n<p>\u00a0[\/vc_column_text][\/vc_column_inner][\/vc_row_inner][\/vc_column][\/vc_row]<\/p>\n","protected":false},"excerpt":{"rendered":"<p>[vc_row full_width_row=&#8221;true&#8221;][vc_column][vc_empty_space height=&#8221;16px&#8221;][vc_row_inner][vc_column_inner][vc_column_text]Hoy vamos hablar de los colores, de la importancia que tienen y c\u00f3mo interact\u00faan en nuestras vidas en todos los sentidos: en vestirnos, en decorar nuestras casas, en todos nuestros estados de \u00e1nimo\u2026 Todos los colores tienen un significado y es algo que siempre me ha encantado estudiar. \u00bfQu\u00e9 tienen de interesante? Hoy&hellip;<\/p>\n","protected":false},"author":1,"featured_media":8378,"comment_status":"closed","ping_status":"closed","sticky":false,"template":"","format":"standard","meta":{"footnotes":""},"categories":[268,57],"tags":[],"class_list":["post-8376","post","type-post","status-publish","format-standard","has-post-thumbnail","hentry","category-42-opinion-mar-2023","category-opinion","category-268","category-57","description-off"],"_links":{"self":[{"href":"https:\/\/caumas.org\/revista\/wp-json\/wp\/v2\/posts\/8376","targetHints":{"allow":["GET"]}}],"collection":[{"href":"https:\/\/caumas.org\/revista\/wp-json\/wp\/v2\/posts"}],"about":[{"href":"https:\/\/caumas.org\/revista\/wp-json\/wp\/v2\/types\/post"}],"author":[{"embeddable":true,"href":"https:\/\/caumas.org\/revista\/wp-json\/wp\/v2\/users\/1"}],"replies":[{"embeddable":true,"href":"https:\/\/caumas.org\/revista\/wp-json\/wp\/v2\/comments?post=8376"}],"version-history":[{"count":1,"href":"https:\/\/caumas.org\/revista\/wp-json\/wp\/v2\/posts\/8376\/revisions"}],"predecessor-version":[{"id":8379,"href":"https:\/\/caumas.org\/revista\/wp-json\/wp\/v2\/posts\/8376\/revisions\/8379"}],"wp:featuredmedia":[{"embeddable":true,"href":"https:\/\/caumas.org\/revista\/wp-json\/wp\/v2\/media\/8378"}],"wp:attachment":[{"href":"https:\/\/caumas.org\/revista\/wp-json\/wp\/v2\/media?parent=8376"}],"wp:term":[{"taxonomy":"category","embeddable":true,"href":"https:\/\/caumas.org\/revista\/wp-json\/wp\/v2\/categories?post=8376"},{"taxonomy":"post_tag","embeddable":true,"href":"https:\/\/caumas.org\/revista\/wp-json\/wp\/v2\/tags?post=8376"}],"curies":[{"name":"wp","href":"https:\/\/api.w.org\/{rel}","templated":true}]}}