{"id":8458,"date":"2023-04-15T10:24:27","date_gmt":"2023-04-15T10:24:27","guid":{"rendered":"https:\/\/caumas.org\/revista\/?p=8458"},"modified":"2023-04-15T10:24:27","modified_gmt":"2023-04-15T10:24:27","slug":"reunion-de-presidentes-de-las-asociaciones-que-componen-caumas","status":"publish","type":"post","link":"https:\/\/caumas.org\/revista\/reunion-de-presidentes-de-las-asociaciones-que-componen-caumas\/","title":{"rendered":"Reuni\u00f3n de presidentes de las Asociaciones que componen CAUMAS"},"content":{"rendered":"<p>[vc_row][vc_column][vc_single_image image=&#8221;8459&#8243; img_size=&#8221;full&#8221; css=&#8221;.vc_custom_1681553882576{background-color: #d8391c !important;}&#8221;][vc_column_text]<strong>Reuni\u00f3n de presidentes de las Asociaciones que componen CAUMAS <\/strong><\/p>\n<p>Alcal\u00e1 de Henares, 26 de enero de 2023<\/p>\n<p style=\"text-align: center;\"><a class=\"dt-pswp-item\" href=\"https:\/\/caumas.org\/revista\/wp-content\/uploads\/2023\/04\/NOTICIAS-07-01.png\" data-dt-img-description=\"\" data-large_image_width=\"847\" data-large_image_height=\"325\"><img fetchpriority=\"high\" decoding=\"async\" class=\"alignnone size-full wp-image-8460\" src=\"https:\/\/caumas.org\/revista\/wp-content\/uploads\/2023\/04\/NOTICIAS-07-01.png\" alt=\"\" width=\"847\" height=\"325\" srcset=\"https:\/\/caumas.org\/revista\/wp-content\/uploads\/2023\/04\/NOTICIAS-07-01.png 847w, https:\/\/caumas.org\/revista\/wp-content\/uploads\/2023\/04\/NOTICIAS-07-01-300x115.png 300w, https:\/\/caumas.org\/revista\/wp-content\/uploads\/2023\/04\/NOTICIAS-07-01-768x295.png 768w\" sizes=\"(max-width: 847px) 100vw, 847px\" \/><\/a><\/p>\n<p>En la sede de AUDEMA, la Asociaci\u00f3n Universitaria de Alumnos Mayores de la Universidad de Alcal\u00e1, ha tenido lugar la celebraci\u00f3n de la primera reuni\u00f3n presencial, despu\u00e9s de la pandemia, de los\/as presidentes de las asociaciones que conforman la Confederaci\u00f3n.<\/p>\n<p>Han asistido algunos delegados en representaci\u00f3n del\/la presidente, como Pedro Moreno de ADAMUC, Jos\u00e9 Ram\u00f3n Mart\u00ednez de AUDEMAC, Soledad Gonz\u00e1lez de AUMA, Domingo Santana de PERITIA et DOCTRINA y Jos\u00e9 Miguel R\u00edos de AULEXNA.<\/p>\n<p>Los\/as presidentes asistentes han sido: Elisa Nuez de AUDEMA, Eduardo Dom\u00ednguez de ADAUMA, Marta de la Rosa de AEPUMA, Jos\u00e9 Lu\u00eds Mu\u00f1oz de ALMUCAT, Pepe Rodr\u00edguez de ALUMA, Juan Manuel Ar\u00e9valo de AMAG, Jos\u00e9 M \u00aa Melendo de AMUEZ, Carmen Gloria Mesa de AMULL, Felipe Pinilla de AUMAVIC, Carmen Camargo de AUCTEMCOL, M \u00aa Jos\u00e9 Salvador de UEXPA e Inmaculada Formoza de AES-USJ.<\/p>\n<p>Completando la asistencia Francisco Ruiz, vicepresidente 2\u00ba de CAUMAS, Remedios Seijo, tesorera de CAUMAS y Marina Troncoso, presidenta de CAUMAS.<\/p>\n<p>Solamente han excusado su asistencia, por motivos de fuerza mayor, la representaci\u00f3n de UMAY de Cartagena y de FEGAUS, Galicia.<\/p>\n<p>En la sesi\u00f3n se han informado por parte de CAUMAS de las \u00faltimas novedades, se explic\u00f3 el proyecto que comenzar\u00e1 en febrero del \u201ctaller de formaci\u00f3n sobre las posibilidades y usos de m\u00f3viles\u201d que se har\u00e1 presencialmente en Alcal\u00e1 de Henares y ser\u00e1 retransmitido en streaming por nuestra plataforma, las conferencias especiales programadas (hipoteca inversa, las ondas de la radio, etc.) los congresos, el viaje cient\u00edfico a la isla de La Palma, nuevos proyectos, as\u00ed como la pr\u00f3xima celebraci\u00f3n de las XXI Jornadas sobre Asociacionismo en los PUM, que organizan desde AUCTEMCOL.<\/p>\n<p>Ha habido un gran intercambio de informaci\u00f3n propiciando una mayor relaci\u00f3n entre las distintas asociaciones, cada una con sus caracter\u00edsticas y todas con un objetivo com\u00fan: potenciar los programas universitarios de mayores a trav\u00e9s del asociacionismo y de la transmisi\u00f3n de conocimiento, presencial y online.<\/p>\n<p>Resultando un encuentro muy satisfactorio, no solo por haber sido el primer encuentro presencial desde la pandemia, sino, tambi\u00e9n por el buen discurrir de la reuni\u00f3n, en un ambiente participativo, relajado de intercambio de pareceres e informaci\u00f3n, para la mejora de las actuaciones y relaciones de y desde la Confederaci\u00f3n.<\/p>\n<p>La jornada remat\u00f3 con una comida en el comedor de la Universidad de Alcal\u00e1 y una visita a los edificios y lugares emblem\u00e1ticos, el Claustro, el Paraninfo y la Capilla.<\/p>\n<p><img decoding=\"async\" width=\"846\" height=\"418\" class=\"alignnone wp-image-8461 size-full aligncenter\" src=\"https:\/\/caumas.org\/revista\/wp-content\/uploads\/2023\/04\/Pasted.png\" srcset=\"https:\/\/caumas.org\/revista\/wp-content\/uploads\/2023\/04\/Pasted.png 846w, https:\/\/caumas.org\/revista\/wp-content\/uploads\/2023\/04\/Pasted-300x148.png 300w, https:\/\/caumas.org\/revista\/wp-content\/uploads\/2023\/04\/Pasted-768x379.png 768w\" sizes=\"(max-width: 846px) 100vw, 846px\" \/><\/p>\n<p style=\"text-align: center;\"><em><strong>En la Capilla de la Universidad de Alcal\u00e1<\/strong><\/em><\/p>\n<p><img decoding=\"async\" width=\"557\" height=\"441\" class=\"alignnone wp-image-8462 size-full aligncenter\" src=\"https:\/\/caumas.org\/revista\/wp-content\/uploads\/2023\/04\/Pasted-1.png\" srcset=\"https:\/\/caumas.org\/revista\/wp-content\/uploads\/2023\/04\/Pasted-1.png 557w, https:\/\/caumas.org\/revista\/wp-content\/uploads\/2023\/04\/Pasted-1-300x238.png 300w\" sizes=\"(max-width: 557px) 100vw, 557px\" \/><\/p>\n<p style=\"text-align: center;\"><em><strong>En el Claustro de la Universidad de Alcal\u00e1, JD de CAUMAS<\/strong><\/em><\/p>\n<p>Muchas gracias a AUDEMA y a su presidenta Elisa Nuez, por poner su sede a nuestra disposici\u00f3n y por su colaboraci\u00f3n para realizar esta reuni\u00f3n.<\/p>\n<p><img loading=\"lazy\" decoding=\"async\" width=\"842\" height=\"417\" class=\"alignnone wp-image-8463 size-full aligncenter\" src=\"https:\/\/caumas.org\/revista\/wp-content\/uploads\/2023\/04\/Pasted-2.png\" srcset=\"https:\/\/caumas.org\/revista\/wp-content\/uploads\/2023\/04\/Pasted-2.png 842w, https:\/\/caumas.org\/revista\/wp-content\/uploads\/2023\/04\/Pasted-2-300x149.png 300w, https:\/\/caumas.org\/revista\/wp-content\/uploads\/2023\/04\/Pasted-2-768x380.png 768w\" sizes=\"(max-width: 842px) 100vw, 842px\" \/><\/p>\n<p style=\"text-align: center;\"><em><strong>En el Paraninfo de la Universidad de Alcal\u00e1.<\/strong><\/em><\/p>\n<p>[\/vc_column_text][\/vc_column][\/vc_row]<\/p>\n","protected":false},"excerpt":{"rendered":"<p>[vc_row][vc_column][vc_single_image image=&#8221;8459&#8243; img_size=&#8221;full&#8221; css=&#8221;.vc_custom_1681553882576{background-color: #d8391c !important;}&#8221;][vc_column_text]Reuni\u00f3n de presidentes de las Asociaciones que componen CAUMAS Alcal\u00e1 de Henares, 26 de enero de 2023 En la sede de AUDEMA, la Asociaci\u00f3n Universitaria de Alumnos Mayores de la Universidad de Alcal\u00e1, ha tenido lugar la celebraci\u00f3n de la primera reuni\u00f3n presencial, despu\u00e9s de la pandemia, de los\/as presidentes&hellip;<\/p>\n","protected":false},"author":1,"featured_media":8464,"comment_status":"closed","ping_status":"closed","sticky":false,"template":"","format":"standard","meta":{"footnotes":""},"categories":[270,59],"tags":[],"class_list":["post-8458","post","type-post","status-publish","format-standard","has-post-thumbnail","hentry","category-42-noticias-mar-2023","category-noticias","category-270","category-59","description-off"],"_links":{"self":[{"href":"https:\/\/caumas.org\/revista\/wp-json\/wp\/v2\/posts\/8458","targetHints":{"allow":["GET"]}}],"collection":[{"href":"https:\/\/caumas.org\/revista\/wp-json\/wp\/v2\/posts"}],"about":[{"href":"https:\/\/caumas.org\/revista\/wp-json\/wp\/v2\/types\/post"}],"author":[{"embeddable":true,"href":"https:\/\/caumas.org\/revista\/wp-json\/wp\/v2\/users\/1"}],"replies":[{"embeddable":true,"href":"https:\/\/caumas.org\/revista\/wp-json\/wp\/v2\/comments?post=8458"}],"version-history":[{"count":1,"href":"https:\/\/caumas.org\/revista\/wp-json\/wp\/v2\/posts\/8458\/revisions"}],"predecessor-version":[{"id":8465,"href":"https:\/\/caumas.org\/revista\/wp-json\/wp\/v2\/posts\/8458\/revisions\/8465"}],"wp:featuredmedia":[{"embeddable":true,"href":"https:\/\/caumas.org\/revista\/wp-json\/wp\/v2\/media\/8464"}],"wp:attachment":[{"href":"https:\/\/caumas.org\/revista\/wp-json\/wp\/v2\/media?parent=8458"}],"wp:term":[{"taxonomy":"category","embeddable":true,"href":"https:\/\/caumas.org\/revista\/wp-json\/wp\/v2\/categories?post=8458"},{"taxonomy":"post_tag","embeddable":true,"href":"https:\/\/caumas.org\/revista\/wp-json\/wp\/v2\/tags?post=8458"}],"curies":[{"name":"wp","href":"https:\/\/api.w.org\/{rel}","templated":true}]}}