{"id":8724,"date":"2023-06-28T15:57:59","date_gmt":"2023-06-28T15:57:59","guid":{"rendered":"https:\/\/caumas.org\/revista\/?p=8724"},"modified":"2023-06-28T15:59:32","modified_gmt":"2023-06-28T15:59:32","slug":"el-orden-siempre-vale","status":"publish","type":"post","link":"https:\/\/caumas.org\/revista\/el-orden-siempre-vale\/","title":{"rendered":"El orden siempre vale"},"content":{"rendered":"<p>[vc_row full_width_row=&#8221;true&#8221;][vc_column]<div id=\"ultimate-heading-420069efc4ceec843\" class=\"uvc-heading ult-adjust-bottom-margin ultimate-heading-420069efc4ceec843 uvc-1661  uvc-heading-default-font-sizes\" data-hspacer=\"no_spacer\"  data-halign=\"left\" style=\"text-align:left\"><div class=\"uvc-heading-spacer no_spacer\" style=\"top\"><\/div><div class=\"uvc-main-heading ult-responsive\"  data-ultimate-target='.uvc-heading.ultimate-heading-420069efc4ceec843 h2'  data-responsive-json-new='{\"font-size\":\"\",\"line-height\":\"\"}' ><h2 style=\"font-family:&#039;Viga&#039;;--font-weight:theme;\">El orden siempre vale<\/h2><\/div><div class=\"uvc-sub-heading ult-responsive\"  data-ultimate-target='.uvc-heading.ultimate-heading-420069efc4ceec843 .uvc-sub-heading '  data-responsive-json-new='{\"font-size\":\"\",\"line-height\":\"\"}'  style=\"font-weight:normal;\"><em>Carlos Llorens<\/em><\/div><\/div>[vc_empty_space height=&#8221;16px&#8221;][vc_row_inner][vc_column_inner][vc_column_text]No se puede armonizar en el caos. La Historia nos ha ense\u00f1ado que no hay Imperio que haya subsistido en tal situaci\u00f3n.<\/p>\n<p>Visto lo visto, cabr\u00eda preguntarse \u00bfpor qu\u00e9 darle tantas vueltas a lo que resulta obvio, o sea a lo que es evidente y que, adem\u00e1s, est\u00e1 a la vista?<\/p>\n<p>Una de dos, o lo que est\u00e1 se mejora o mejor dejarlo como est\u00e1. Empe\u00f1arse en la cuadratura del c\u00edrculo no deja de ser una solemne memez, se escriba donde se escriba y lo suscriba quien lo suscriba.<\/p>\n<p>El razonamiento y las conclusiones que del mismo dimanen, est\u00e1n para sostenerse, cuando menos hasta que se encuentre algo que lo supere.<\/p>\n<p>Tener una opini\u00f3n por la ma\u00f1ana, cambiarla a media tarde y que al d\u00eda siguiente sea lo antag\u00f3nico, no deja de tener muchos visos de nula credibilidad.<\/p>\n<p>El lenguaje no verbal, parece cumplir similares par\u00e1metros a los mismos que establece la \u201cTeor\u00eda de la Evoluci\u00f3n\u201d.<\/p>\n<p>Se dice que en el lenguaje cient\u00edfico, la palabra <em>hecho<\/em>, como la palabra <em>teor\u00eda<\/em>, tienen un significado diferente al del lenguaje com\u00fan. Un hecho cient\u00edfico es una observaci\u00f3n confirmada una y otra vez.<\/p>\n<p>No estar\u00eda de m\u00e1s que record\u00e1semos el consejo de S\u00f3crates: <em>El conocimiento de s\u00ed mismo es el punto de partida<\/em>.<\/p>\n<p>Para el humano com\u00fan el mencionar a los Fil\u00f3sofos Griegos y sus ense\u00f1anzas suena en el mundo de hoy como algo remoto e incluso desvinculado de su propia vida.<\/p>\n<p>\u00c9sta pudiera ser una de las causas de ese \u201cdesorden\u201d en el que muchos viven instalados.<\/p>\n<p>Se dan tumbos de aqu\u00ed para all\u00e1. Se aceptan opiniones ajenas por no tener las propias. Y se habla por boca de otros. Se enfatizan palabras carentes de sentido en un entorno que no procede, \u00fanicamente porque alguien las pronuncia.<\/p>\n<p><img fetchpriority=\"high\" decoding=\"async\" width=\"600\" height=\"445\" class=\"alignnone wp-image-8725 size-full aligncenter\" src=\"https:\/\/caumas.org\/revista\/wp-content\/uploads\/2023\/06\/Pasted-1.png\" srcset=\"https:\/\/caumas.org\/revista\/wp-content\/uploads\/2023\/06\/Pasted-1.png 600w, https:\/\/caumas.org\/revista\/wp-content\/uploads\/2023\/06\/Pasted-1-300x223.png 300w\" sizes=\"(max-width: 600px) 100vw, 600px\" \/><\/p>\n<p>Vivimos instalados en una especie de telara\u00f1a, endeble; y a sabiendas de que no tendr\u00e1 consistencia.<\/p>\n<p>Hemos desechado el orden para situarnos en un desorden al que llamamos orden. O, puede, que tampoco se califique as\u00ed.<\/p>\n<p>\u201cVivir a salto de mata\u201d, es una expresi\u00f3n al uso.<\/p>\n<p>Explica de por s\u00ed, que para algunos la carencia de bases s\u00f3lidas alcance ese grado de aceptaci\u00f3n que debiera servir para mejorar sus pretensiones, a las que no ponen rumbo porque se desconoce la marcha a seguir.<\/p>\n<p>Si no con todo, se juega con casi todo.<\/p>\n<p>Las relaciones personales se viven a descr\u00e9dito, nuestras econom\u00edas personales parecen atravesar terrenos pantanosos, usamos lo que no nos corresponde, no se da valor a lo que \u2013de verdad- debiera tenerlo.<\/p>\n<p>Y, en definitiva, en aspectos esenciales de nuestras vidas, hemos cambiado \u2013por mera conveniencia-, las reglas del juego, las hemos revertido.<\/p>\n<p>Hemos infrautilizado aquel orden que consigui\u00f3 las metas que dieron una mejor marcha, tal vez la que hoy disfrutamos y que hemos decidido transmutar en aras de \u201cno se sabe qu\u00e9\u201d, y a la espera de otros resultados.<\/p>\n<p>No estar\u00eda de m\u00e1s que nos marc\u00e1ramos un \u201cstop\u201d, que pusi\u00e9ramos el cuenta-kil\u00f3metros a cero y que nos replante\u00e1ramos si esta actualidad nos conduce a mejor puerto o si por el contrario debi\u00e9ramos dar un golpe de tim\u00f3n y regresar a puerto.<\/p>\n<p>&nbsp;<\/p>\n<p style=\"text-align: right;\"><strong>CARLOS LLOR\u00c9NS FERN\u00c1NDEZ<\/strong><\/p>\n<p style=\"text-align: right;\">Asociaci\u00f3n Aulas de Formaci\u00f3n Aberta<\/p>\n<p style=\"text-align: right;\">Universidad de Vigo, campus de Vigo<\/p>\n<p>[\/vc_column_text][\/vc_column_inner][\/vc_row_inner][\/vc_column][\/vc_row]<\/p>\n","protected":false},"excerpt":{"rendered":"<p>[vc_row full_width_row=&#8221;true&#8221;][vc_column][vc_empty_space height=&#8221;16px&#8221;][vc_row_inner][vc_column_inner][vc_column_text]No se puede armonizar en el caos. La Historia nos ha ense\u00f1ado que no hay Imperio que haya subsistido en tal situaci\u00f3n. Visto lo visto, cabr\u00eda preguntarse \u00bfpor qu\u00e9 darle tantas vueltas a lo que resulta obvio, o sea a lo que es evidente y que, adem\u00e1s, est\u00e1 a la vista? Una de&hellip;<\/p>\n","protected":false},"author":1,"featured_media":8726,"comment_status":"closed","ping_status":"closed","sticky":false,"template":"","format":"standard","meta":{"footnotes":""},"categories":[274,57],"tags":[],"class_list":["post-8724","post","type-post","status-publish","format-standard","has-post-thumbnail","hentry","category-43-opinion-jun-2023","category-opinion","category-274","category-57","description-off"],"_links":{"self":[{"href":"https:\/\/caumas.org\/revista\/wp-json\/wp\/v2\/posts\/8724","targetHints":{"allow":["GET"]}}],"collection":[{"href":"https:\/\/caumas.org\/revista\/wp-json\/wp\/v2\/posts"}],"about":[{"href":"https:\/\/caumas.org\/revista\/wp-json\/wp\/v2\/types\/post"}],"author":[{"embeddable":true,"href":"https:\/\/caumas.org\/revista\/wp-json\/wp\/v2\/users\/1"}],"replies":[{"embeddable":true,"href":"https:\/\/caumas.org\/revista\/wp-json\/wp\/v2\/comments?post=8724"}],"version-history":[{"count":2,"href":"https:\/\/caumas.org\/revista\/wp-json\/wp\/v2\/posts\/8724\/revisions"}],"predecessor-version":[{"id":8729,"href":"https:\/\/caumas.org\/revista\/wp-json\/wp\/v2\/posts\/8724\/revisions\/8729"}],"wp:featuredmedia":[{"embeddable":true,"href":"https:\/\/caumas.org\/revista\/wp-json\/wp\/v2\/media\/8726"}],"wp:attachment":[{"href":"https:\/\/caumas.org\/revista\/wp-json\/wp\/v2\/media?parent=8724"}],"wp:term":[{"taxonomy":"category","embeddable":true,"href":"https:\/\/caumas.org\/revista\/wp-json\/wp\/v2\/categories?post=8724"},{"taxonomy":"post_tag","embeddable":true,"href":"https:\/\/caumas.org\/revista\/wp-json\/wp\/v2\/tags?post=8724"}],"curies":[{"name":"wp","href":"https:\/\/api.w.org\/{rel}","templated":true}]}}