{"id":8730,"date":"2023-06-28T16:04:56","date_gmt":"2023-06-28T16:04:56","guid":{"rendered":"https:\/\/caumas.org\/revista\/?p=8730"},"modified":"2023-06-29T11:35:37","modified_gmt":"2023-06-29T11:35:37","slug":"mis-mundos-en-torno-a-la-ull-mayores","status":"publish","type":"post","link":"https:\/\/caumas.org\/revista\/mis-mundos-en-torno-a-la-ull-mayores\/","title":{"rendered":"Mis mundos en torno a la ULL mayores"},"content":{"rendered":"<p>[vc_row full_width_row=&#8221;true&#8221;][vc_column]<div id=\"ultimate-heading-664769efc38a1d2ee\" class=\"uvc-heading ult-adjust-bottom-margin ultimate-heading-664769efc38a1d2ee uvc-4171  uvc-heading-default-font-sizes\" data-hspacer=\"no_spacer\"  data-halign=\"left\" style=\"text-align:left\"><div class=\"uvc-heading-spacer no_spacer\" style=\"top\"><\/div><div class=\"uvc-main-heading ult-responsive\"  data-ultimate-target='.uvc-heading.ultimate-heading-664769efc38a1d2ee h2'  data-responsive-json-new='{\"font-size\":\"\",\"line-height\":\"\"}' ><h2 style=\"font-family:&#039;Viga&#039;;--font-weight:theme;\">Mis mundos en torno a la ULL mayores<\/h2><\/div><div class=\"uvc-sub-heading ult-responsive\"  data-ultimate-target='.uvc-heading.ultimate-heading-664769efc38a1d2ee .uvc-sub-heading '  data-responsive-json-new='{\"font-size\":\"\",\"line-height\":\"\"}'  style=\"font-weight:normal;\"><em>Francisco Manuel G\u00f3mez Hern\u00e1ndez<\/em><\/div><\/div>[vc_empty_space height=&#8221;16px&#8221;][vc_row_inner][vc_column_inner][vc_column_text]En el 2013 me inscribo en el Programa de Mayores (UpM) de la Universidad de La Laguna (Tenerife-Isla Canarias), retorno al mundo universitario, con otras perspectivas y otras metas. A lo largo de estos tiempos hasta el curso 2022\/2023, me he ido matriculando en asignaturas obligatorias y de libre elecci\u00f3n.<\/p>\n<p>A lo largo de mi nuevo paso por las Aulas, he encontrado buenos profesores y condisc\u00edpulos, disfrutando, conociendo gentes muy interesantes; en el curso 2016\/2017, superada la primera etapa del ciclo formativo pude escoger mis asignaturas indistintamente entre obligatorias y de libre elecci\u00f3n dentro de los Diplomas de Arte y Creatividad; Cultura Cient\u00edfica y Tecnol\u00f3gica; Humanidades y Ciencias Sociales (veintitantas asignaturas, 18 certificadas).<\/p>\n<p>Al llegar la Promoci\u00f3n XVI a ser Orlada, para sus egresados, la mejor, y apadrinados por los Profesores Blanca Divasson y Roberto Souto (del resto de docentes me dejaron especial huella los Profesores de Astronom\u00eda To\u00f1i Varela y de Sociolog\u00eda Javier Marrero) percibimos un cambio de orientaci\u00f3n de ciento ochenta grados por parte de la gesti\u00f3n del Programa.<\/p>\n<p>Todas las directrices emanadas de lo que se vino a llamar EUPAM (Estudios Universitarios para Personas Adultas y Mayores), fueron motivo de escritos y quejas por parte del alumnado. La Promoci\u00f3n XVI, tras varias reuniones, llegados a un consenso, presentamos nuestras disconformidades ante la Vicerrectora* Emilia Mar\u00eda Carmona Calero, introducidos por AMULL. Cuando ya celebran los gestores los 20 a\u00f1os (2019) de la implantaci\u00f3n en la ULL los estudios de Mayores, nos re\u00fanen en Asamblea General, acuciados por \u201cla tormenta perfecta\u201d, seg\u00fan sus palabras, nos percatamos de su postura, para m\u00ed, inadecuada en este singular \u00e1mbito Universitario (curs\u00e9 el parvulario, hac\u00eda ya m\u00e1s de 60 a\u00f1os).<\/p>\n<p>Parte del alumnado de Mayores siempre solicit\u00f3 obtener representaci\u00f3n y consideraci\u00f3n de Estudiantes, con Pleno Derecho en La Universidad de La Laguna, reconocimiento no alcanzado.<\/p>\n<p>Casi desde un principio me hice socio de la Asociaci\u00f3n de Mayores y el 22 de octubre de 2020, en Asamblea General, pase a formar parte de su Junta Directiva. Compartiendo con Gloria Ram\u00edrez Morales (XVI Promoci\u00f3n EUPAM) la vocal\u00eda de Relaciones con Instituciones y Asociados.<\/p>\n<p>Tomamos la iniciaci\u00f3n de contactos con la Administraci\u00f3n (Vicerrector Juan Albino M\u00e9ndez P\u00e9rez, Director de Cultura del Gobierno de Canarias, Directora de Cultura del Ayuntamiento de Santa Cruz de Tenerife, adem\u00e1s de su Concejal de Participaci\u00f3n Ciudadana), con la idea de acercarnos a otros Municipios. Surgieron de estas conversaciones, con el visto bueno y colaboraci\u00f3n t\u00e9cnico-administrativa de los compa\u00f1eros de Junta, las reuniones fruct\u00edferas con el Vicerrector*, la celebraci\u00f3n de la \u201cI Muestra de Arte S\u00e9nior\u201d, en la sala de Arte ubicada en el Parque Garc\u00eda Sanabria y como algo importante, la inscripci\u00f3n como Asociaci\u00f3n en el Registro de Participaci\u00f3n Ciudadana de Santa Cruz de Tenerife.<\/p>\n<p>De otra parte organizamos dos recorridos, para nuestros Asociados, uno por nuestra arquitectura Modernista y Racionalista (Fernando Beautell y Fernando Saavedra), y otro por el Parque Garc\u00eda Sanabria haciendo recorrido por sus jardines, espacios, esculturas e historia (Nazario Jerez Garc\u00eda).<\/p>\n<p>El 25 de octubre de 2021, present\u00e9 mi dimisi\u00f3n irrevocable, por circunstancias personales ante la Junta de Gobierno, recibida por nuestra Presidenta Carmen Gloria Mesa Moreno y el Secretario Luis Francisco L\u00f3pez de Vergara en la nueva Sede de AMULL (Avenida de la Trinidad, 61-Torre Profesor Agust\u00edn Ar\u00e9valo. Campus Central de la ULL).<\/p>\n<p>Contin\u00fao como asociado de AMULL, agradecido de haber compartido ese tiempo con los miembros de la JUNTA DIRECTIVA.<\/p>\n<p>&nbsp;<\/p>\n<p style=\"text-align: right;\"><strong>Francisco Manuel G\u00f3mez Hern\u00e1ndez.<br \/>\n<\/strong>Departamento de Comunicaci\u00f3n\u00a0AMULL.<br \/>\nUniversidad de La Laguna.<br \/>\nCampus Universitario: Universidad de La Laguna.<\/p>\n<p style=\"text-align: left;\">*Vicerrectorado de Cultura, Participaci\u00f3n Social y Campus Ofra y La Palma.<\/p>\n<p>&nbsp;<\/p>\n<p style=\"text-align: center;\"><span style=\"font-size: 12pt;\"><strong>P e r f i l<\/strong><\/span><\/p>\n<p>Soy natural de Santa Cruz de Tenerife (1948), recib\u00ed Educaci\u00f3n, en mi familia, y mis primeros pasos en la Ense\u00f1anza en el Colegio San Ildefonso (La Salle), de mi Ciudad natal.<\/p>\n<p>Curs\u00e9 y obtuve mi titulaci\u00f3n, como Ingeniero T\u00e9cnico Industrial, en la Escuela de Las Palmas de Gran Canaria, desarrollando mi labor profesional, desde el negocio Familiar, hasta UNELCO (Uni\u00f3n El\u00e9ctrica de Canarias), donde permanezco y alcanzo mi jubilaci\u00f3n (en el mundo de la Prevenci\u00f3n de Riesgo Laborales). Obtuve la acreditaci\u00f3n como T\u00e9cnico Superior, menos en el \u00e1rea de medicina.<\/p>\n<p>En mi Colegio Profesional, desempe\u00f1\u00e9 el cargo de Vocal, durante aproximadamente doce a\u00f1os.<\/p>\n<p>Caminando en el tiempo me matriculo en La Universidad de Mayores (ULL), desde el a\u00f1o 2013 hasta el 2023, y form\u00e9 parte de AMULL, como Vocal de su Junta Directiva. En octubre de 2021 dimito por motivos personales.<\/p>\n<p>&nbsp;<\/p>\n<p>[\/vc_column_text][\/vc_column_inner][\/vc_row_inner][\/vc_column][\/vc_row]<\/p>\n","protected":false},"excerpt":{"rendered":"<p>[vc_row full_width_row=&#8221;true&#8221;][vc_column][vc_empty_space height=&#8221;16px&#8221;][vc_row_inner][vc_column_inner][vc_column_text]En el 2013 me inscribo en el Programa de Mayores (UpM) de la Universidad de La Laguna (Tenerife-Isla Canarias), retorno al mundo universitario, con otras perspectivas y otras metas. A lo largo de estos tiempos hasta el curso 2022\/2023, me he ido matriculando en asignaturas obligatorias y de libre elecci\u00f3n. A lo largo&hellip;<\/p>\n","protected":false},"author":1,"featured_media":8994,"comment_status":"closed","ping_status":"closed","sticky":false,"template":"","format":"standard","meta":{"footnotes":""},"categories":[274,57],"tags":[],"class_list":["post-8730","post","type-post","status-publish","format-standard","has-post-thumbnail","hentry","category-43-opinion-jun-2023","category-opinion","category-274","category-57","description-off"],"_links":{"self":[{"href":"https:\/\/caumas.org\/revista\/wp-json\/wp\/v2\/posts\/8730","targetHints":{"allow":["GET"]}}],"collection":[{"href":"https:\/\/caumas.org\/revista\/wp-json\/wp\/v2\/posts"}],"about":[{"href":"https:\/\/caumas.org\/revista\/wp-json\/wp\/v2\/types\/post"}],"author":[{"embeddable":true,"href":"https:\/\/caumas.org\/revista\/wp-json\/wp\/v2\/users\/1"}],"replies":[{"embeddable":true,"href":"https:\/\/caumas.org\/revista\/wp-json\/wp\/v2\/comments?post=8730"}],"version-history":[{"count":1,"href":"https:\/\/caumas.org\/revista\/wp-json\/wp\/v2\/posts\/8730\/revisions"}],"predecessor-version":[{"id":8732,"href":"https:\/\/caumas.org\/revista\/wp-json\/wp\/v2\/posts\/8730\/revisions\/8732"}],"wp:featuredmedia":[{"embeddable":true,"href":"https:\/\/caumas.org\/revista\/wp-json\/wp\/v2\/media\/8994"}],"wp:attachment":[{"href":"https:\/\/caumas.org\/revista\/wp-json\/wp\/v2\/media?parent=8730"}],"wp:term":[{"taxonomy":"category","embeddable":true,"href":"https:\/\/caumas.org\/revista\/wp-json\/wp\/v2\/categories?post=8730"},{"taxonomy":"post_tag","embeddable":true,"href":"https:\/\/caumas.org\/revista\/wp-json\/wp\/v2\/tags?post=8730"}],"curies":[{"name":"wp","href":"https:\/\/api.w.org\/{rel}","templated":true}]}}