{"id":8785,"date":"2023-06-29T08:11:37","date_gmt":"2023-06-29T08:11:37","guid":{"rendered":"https:\/\/caumas.org\/revista\/?p=8785"},"modified":"2023-06-29T08:11:37","modified_gmt":"2023-06-29T08:11:37","slug":"dia-mundial-de-toma-de-conciencia-de-abuso-y-maltrato-en-la-vejez","status":"publish","type":"post","link":"https:\/\/caumas.org\/revista\/dia-mundial-de-toma-de-conciencia-de-abuso-y-maltrato-en-la-vejez\/","title":{"rendered":"D\u00eda Mundial de Toma de Conciencia de Abuso y Maltrato en la Vejez"},"content":{"rendered":"<p>[vc_row][vc_column][vc_single_image image=&#8221;8786&#8243; img_size=&#8221;full&#8221; css=&#8221;.vc_custom_1688025396948{background-color: #d8391c !important;}&#8221;][vc_column_text]15 de junio de 2023.<\/p>\n<p>D\u00eda Mundial de Toma de Conciencia de Abuso y Maltrato en la Vejez<\/p>\n<p>Hace 11 a\u00f1os Naciones Unidas declar\u00f3 el 15 de junio como el D\u00eda Mundial de toma de conciencia de abuso y maltrato en la vejez. Desde la Mesa Estatal por los derechos de las personas mayores queremos denunciar la vulnerabilidad de las personas mayores y las situaciones de abuso y maltrato que se producen de manera cotidiana y reivindicamos el derecho de las personas mayores a una vida digna, libre de maltrato y de violencia, segura, activa y saludable.<\/p>\n<p><strong>La violencia y el maltrato es un problema de salud p\u00fablica y una grave violaci\u00f3n a sus derechos humanos que afecta especialmente a las personas mayores<\/strong>. Las personas mayores siguen sufriendo maltrato, y lo m\u00e1s grave es que se trata de un problema invisibilizado dentro de la sociedad.<\/p>\n<p>Recordamos que las situaciones de maltrato a las personas mayores se manifiestan de diferentes formas,<\/p>\n<ul>\n<li>Maltrato f\u00edsico,<\/li>\n<li>Maltrato sexual,<\/li>\n<li>Maltrato psicol\u00f3gico o emocional;<\/li>\n<li>Maltrato por razones econ\u00f3micas o materiales;<\/li>\n<li>Abandono;<\/li>\n<li>Desatenci\u00f3n; y,<\/li>\n<li>Menoscabo grave de la dignidad y el<\/li>\n<\/ul>\n<p><strong>Insistimos que el mayor peligro del maltrato a las personas mayores es precisamente su invisibilidad<\/strong>. El edadismo y los estereotipos en la vejez generan una tolerancia social hacia este tipo de comportamientos y una falta de conciencia en las propias v\u00edctimas, que normalizan a menudo como algo aceptable este tipo de comportamientos, lo que dificulta su denuncia y protecci\u00f3n.<\/p>\n<p><strong>Las consecuencias<\/strong>, como alerta la Organizaci\u00f3n Mundial de la Salud (OMS), <strong>pueden ser especialmente graves para las personas mayores <\/strong>yendo desde depresi\u00f3n a lesiones, pasando por muerte prematura. Debido a ello, es importante primero tomar conciencia del problema para despu\u00e9s poder establecer medidas.<\/p>\n<p>Es por ello por lo que desde la Mesa Estatal por los derechos de las personas mayores proponemos:<\/p>\n<ol>\n<li><strong>Un inmediato traslado a la agenda pol\u00edtica del problema de los abusos y maltrato en la vejez.<\/strong><\/li>\n<li><strong>Un compromiso firme y p\u00fablico de las administraciones p\u00fablicas y los actores sociales<\/strong>, para defender de forma propositiva al colectivo de personas mayores y personas con discapacidad mayores, promoviendo nuevas iniciativas legislativas que contemplen la prevenci\u00f3n de los abusos y maltrato en la vejez y medidas de protecci\u00f3n, denuncia y penalizaci\u00f3n de este tipo de conductas.<\/li>\n<li><strong>Un compromiso por parte de los diferentes actores jur\u00eddicos <\/strong>y la fiscal especial para una aplicaci\u00f3n activa de las normas que defienden la igualdad de trato, la no discriminaci\u00f3n por raz\u00f3n de edad y los derechos de las personas mayores a llevar una vida digna y atender las demandas y abusos de las personas mayores.<\/li>\n<li><strong>Campa\u00f1as de sensibilizaci\u00f3n y concienciaci\u00f3n permanentes sobre el edadismo<\/strong>, y los derechos de las personas mayores en todos los \u00e1mbitos de la<\/li>\n<li><strong>Garantizar un n\u00famero suficiente de profesionales<\/strong>, especialmente del \u00e1mbito sociosanitario, para responder adecuadamente a las necesidades complejas de apoyo que tienen las personas mayores y formarlos en \u00e9tica de los cuidados y derechos de este colectivo y cumplir los criterios establecidos en el Acuerdo sobre criterios comunes de acreditaci\u00f3n y calidad de los centros y servicios del Sistema para la Autonom\u00eda y Atenci\u00f3n a la Dependencia (SAAD).<\/li>\n<li><strong>Que los poderes y las administraciones p\u00fablicas se sumen a la campa\u00f1a de la OMS contra el edadismo <\/strong>con diferentes acciones de sensibilizaci\u00f3n.<\/li>\n<li><strong>Que los medios de comunicaci\u00f3n contribuyan con sus acciones y c\u00f3digos deontol\u00f3gicos a una sociedad del buen trato <\/strong>y el respeto a las personas mayores y sirvan de gu\u00eda para la denuncia de estas situaciones.<\/li>\n<li><strong>Que el Gobierno de Espa\u00f1a apoye la convenci\u00f3n internacional por los derechos de las personas mayores<\/strong>, como instrumento jur\u00eddicamente vinculante que promueva los derechos de las personas mayores.<\/li>\n<li><strong>Incluir dentro del curr\u00edculo educativo de los ni\u00f1os de todo el estado, contenidos dirigidos a sensibilizar y concienciar de la importancia de las personas mayores<\/strong>, as\u00ed como proporcionar elementos que les permitan identificar situaciones de mal trato y<\/li>\n<li><strong>La elaboraci\u00f3n y promoci\u00f3n de estudios e informes que difundan la realidad social de las personas mayores y las situaciones de abuso y maltrato.<\/strong><\/li>\n<\/ol>\n<p>Hemos colaborado en el \u201cinforme sobre la violencia, el maltrato y el abandono de las personas de edad\u201d, que est\u00e1 elaborando la Experta Independiente por los derechos de las personas de edad de Naciones Unidas, Claudia Mahler, y que presentar\u00e1 en el mes de septiembre.<\/p>\n<p><strong>Invitamos a todas las instituciones, organizaciones sociales y a toda la sociedad a que se hagan eco del contenido de este Manifiesto y a actuar en consecuencia<\/strong>.<\/p>\n<p><img fetchpriority=\"high\" decoding=\"async\" width=\"766\" height=\"674\" class=\"alignnone wp-image-8787 size-full aligncenter\" src=\"https:\/\/caumas.org\/revista\/wp-content\/uploads\/2023\/06\/Pasted-23.png\" srcset=\"https:\/\/caumas.org\/revista\/wp-content\/uploads\/2023\/06\/Pasted-23.png 766w, https:\/\/caumas.org\/revista\/wp-content\/uploads\/2023\/06\/Pasted-23-300x264.png 300w\" sizes=\"(max-width: 766px) 100vw, 766px\" \/>[\/vc_column_text][\/vc_column][\/vc_row]<\/p>\n","protected":false},"excerpt":{"rendered":"<p>[vc_row][vc_column][vc_single_image image=&#8221;8786&#8243; img_size=&#8221;full&#8221; css=&#8221;.vc_custom_1688025396948{background-color: #d8391c !important;}&#8221;][vc_column_text]15 de junio de 2023. D\u00eda Mundial de Toma de Conciencia de Abuso y Maltrato en la Vejez Hace 11 a\u00f1os Naciones Unidas declar\u00f3 el 15 de junio como el D\u00eda Mundial de toma de conciencia de abuso y maltrato en la vejez. Desde la Mesa Estatal por los derechos&hellip;<\/p>\n","protected":false},"author":1,"featured_media":8788,"comment_status":"closed","ping_status":"closed","sticky":false,"template":"","format":"standard","meta":{"footnotes":""},"categories":[277,59],"tags":[],"class_list":["post-8785","post","type-post","status-publish","format-standard","has-post-thumbnail","hentry","category-43-noticias-jun-2023-noticias","category-noticias","category-277","category-59","description-off"],"_links":{"self":[{"href":"https:\/\/caumas.org\/revista\/wp-json\/wp\/v2\/posts\/8785","targetHints":{"allow":["GET"]}}],"collection":[{"href":"https:\/\/caumas.org\/revista\/wp-json\/wp\/v2\/posts"}],"about":[{"href":"https:\/\/caumas.org\/revista\/wp-json\/wp\/v2\/types\/post"}],"author":[{"embeddable":true,"href":"https:\/\/caumas.org\/revista\/wp-json\/wp\/v2\/users\/1"}],"replies":[{"embeddable":true,"href":"https:\/\/caumas.org\/revista\/wp-json\/wp\/v2\/comments?post=8785"}],"version-history":[{"count":1,"href":"https:\/\/caumas.org\/revista\/wp-json\/wp\/v2\/posts\/8785\/revisions"}],"predecessor-version":[{"id":8789,"href":"https:\/\/caumas.org\/revista\/wp-json\/wp\/v2\/posts\/8785\/revisions\/8789"}],"wp:featuredmedia":[{"embeddable":true,"href":"https:\/\/caumas.org\/revista\/wp-json\/wp\/v2\/media\/8788"}],"wp:attachment":[{"href":"https:\/\/caumas.org\/revista\/wp-json\/wp\/v2\/media?parent=8785"}],"wp:term":[{"taxonomy":"category","embeddable":true,"href":"https:\/\/caumas.org\/revista\/wp-json\/wp\/v2\/categories?post=8785"},{"taxonomy":"post_tag","embeddable":true,"href":"https:\/\/caumas.org\/revista\/wp-json\/wp\/v2\/tags?post=8785"}],"curies":[{"name":"wp","href":"https:\/\/api.w.org\/{rel}","templated":true}]}}