{"id":9100,"date":"2023-10-09T10:14:13","date_gmt":"2023-10-09T10:14:13","guid":{"rendered":"https:\/\/caumas.org\/revista\/?p=9100"},"modified":"2023-10-09T10:18:58","modified_gmt":"2023-10-09T10:18:58","slug":"somos-mas-felices","status":"publish","type":"post","link":"https:\/\/caumas.org\/revista\/somos-mas-felices\/","title":{"rendered":"\u00bfSomos m\u00e1s felices?"},"content":{"rendered":"<p>[vc_row full_width_row=&#8221;true&#8221;][vc_column]<div id=\"ultimate-heading-372869efc35688e0f\" class=\"uvc-heading ult-adjust-bottom-margin ultimate-heading-372869efc35688e0f uvc-1672  uvc-heading-default-font-sizes\" data-hspacer=\"no_spacer\"  data-halign=\"left\" style=\"text-align:left\"><div class=\"uvc-heading-spacer no_spacer\" style=\"top\"><\/div><div class=\"uvc-main-heading ult-responsive\"  data-ultimate-target='.uvc-heading.ultimate-heading-372869efc35688e0f h2'  data-responsive-json-new='{\"font-size\":\"\",\"line-height\":\"\"}' ><h2 style=\"font-family:&#039;Viga&#039;;--font-weight:theme;\">\u00bfSomos m\u00e1s felices?<\/h2><\/div><div class=\"uvc-sub-heading ult-responsive\"  data-ultimate-target='.uvc-heading.ultimate-heading-372869efc35688e0f .uvc-sub-heading '  data-responsive-json-new='{\"font-size\":\"\",\"line-height\":\"\"}'  style=\"font-weight:normal;\"><em>Carlos Llor\u00e9ns Fern\u00e1ndez<\/em><\/div><\/div>[vc_empty_space height=&#8221;16px&#8221;][vc_row_inner][vc_column_inner][vc_column_text]<\/p>\n<p style=\"text-align: left;\"><img fetchpriority=\"high\" decoding=\"async\" width=\"550\" height=\"735\" class=\"wp-image-9101 size-full alignright\" src=\"https:\/\/caumas.org\/revista\/wp-content\/uploads\/2023\/10\/Pasted.png\" srcset=\"https:\/\/caumas.org\/revista\/wp-content\/uploads\/2023\/10\/Pasted.png 550w, https:\/\/caumas.org\/revista\/wp-content\/uploads\/2023\/10\/Pasted-224x300.png 224w\" sizes=\"(max-width: 550px) 100vw, 550px\" \/>A esta pregunta cabr\u00eda matizar lo siguiente:<\/p>\n<ul style=\"text-align: justify;\">\n<li>\u00bfQu\u00e9 es la felicidad?<\/li>\n<li>M\u00e1s felices que \u00bfqu\u00e9? o que \u00bfqui\u00e9n?<\/li>\n<\/ul>\n<p style=\"text-align: justify;\">En este mismo sentido, en su momento, me dirig\u00ed al Profesor de la Universidad, que me respondi\u00f3 lo siguiente:<\/p>\n<ul style=\"text-align: justify;\">\n<li>\u201cMejor si me habla de vivir en <strong>plenitud<\/strong>\u201d.<\/li>\n<\/ul>\n<p style=\"text-align: justify;\">As\u00ed, pues, parecer\u00eda que eso de la felicidad es como una entelequia.<\/p>\n<p style=\"text-align: justify;\">Si, presuntamente, alguien se dirigiese a un\/a Profesional de la Psicoterapia con el planteamiento siguiente: \u201c<em>Ver\u00e1 Ud. es que yo quiero ser feliz<\/em>\u201d.<\/p>\n<p style=\"text-align: justify;\">Pues bien, si yo fuese ese Profesional, le responder\u00eda as\u00ed: Y\u2026 \u00bf<strong>qu\u00e9 est\u00e1<\/strong> <strong>dispuesto\/a Ud. a poner de su parte, para alcanzar esa meta<\/strong>?<\/p>\n<p style=\"text-align: justify;\">Por su parte los practicantes del budismo, dicen que la \u201c<em>Felicidad no est\u00e1<\/em> <em>en el m\u00e1s all\u00e1, sino en el m\u00e1s aqu\u00ed<\/em>\u201d.<\/p>\n<p style=\"text-align: justify;\">Vivimos tiempos dif\u00edciles en muchos aspectos.<\/p>\n<p style=\"text-align: justify;\">Creo que siempre hemos vivido m\u00e1s o menos as\u00ed, aunque hoy parezcan m\u00e1s agravados.<\/p>\n<p style=\"text-align: justify;\">Y tambi\u00e9n pareciera que hemos superado ciertas carencias, con respecto a un pasado.<\/p>\n<p style=\"text-align: justify;\">Y, aun as\u00ed, las estad\u00edsticas sociales hablan de que, efectivamente, no somos felices.<\/p>\n<p style=\"text-align: justify;\">Se habla de la <strong>AAD<\/strong>, es decir del triple padecimiento: <strong>A<\/strong>nsiedad, <strong>A<\/strong>ngustia y <strong>D<\/strong>epresi\u00f3n, que caracteriza a las Sociedades llamadas \u201cavanzadas\u201d.<\/p>\n<p style=\"text-align: justify;\">Yo, personalmente, a\u00f1adir\u00eda el tema de la <strong>Soledad,<\/strong> del que ya les habl\u00e9 en otro art\u00edculo.<\/p>\n<p style=\"text-align: justify;\">He le\u00eddo por ah\u00ed, que nuestra velocidad para trasladarnos, para hacer nuestros quehaceres, etc. ha aumentado un 10%.<\/p>\n<p style=\"text-align: justify;\">Nada parece que suceda a gusto propio. Entre lamentos, correcciones, quejas\u2026etc., vamos viviendo los d\u00edas y, adem\u00e1s, no logramos encontrar esa Felicidad que anhelamos.<\/p>\n<p style=\"text-align: justify;\">La Felicidad no pareciera estar por ese lado.<\/p>\n<p style=\"text-align: justify;\">Nos avanzamos en el tiempo y nos tiene m\u00e1s inter\u00e9s el \u201cfuturo\u201d que el presente. Se dir\u00eda que disfrutamos m\u00e1s con lo que so\u00f1amos que va a ocurrir que en lo \u201c<strong>que, realmente, est\u00e1 ocurriendo<\/strong>\u201d.<\/p>\n<p style=\"text-align: justify;\">\u00bfCu\u00e1nto tiempo nos dedicamos a nosotros mismos? Y no, no me refiero al cuidado personal (que tambi\u00e9n est\u00e1 bien), sino a nuestro interior. A todas esas partidas que hemos realizado mal y que debi\u00e9ramos modificar.<\/p>\n<p style=\"text-align: justify;\">Por otra parte, todos los cambios que nos autorrealizamos, \u00bfson s\u00f3lo exteriores? \u00bfHemos llevado a cabo alguno por dentro? Si, de esos que dan m\u00e1s trabajo y que posponemos indefinidamente.<\/p>\n<p style=\"text-align: justify;\">Tal vez en esa serenidad pareciera estar un atisbo de la Felicidad.<\/p>\n<p style=\"text-align: justify;\">\u00danicamente uno mismo, cada cual, est\u00e1 en disposici\u00f3n de labrarse una vida m\u00e1s plena. Ah\u00ed lo dejo.<\/p>\n<p style=\"text-align: justify;\">Y recordemos: \u201c<strong>Si con todo lo que tenemos no somos felices, con todo lo que nos falta, menos todav\u00eda\u201d.<\/strong><\/p>\n<p>&nbsp;<\/p>\n<p style=\"text-align: right;\"><em><strong>Carlos Llor\u00e9ns Fern\u00e1ndez.<br \/>\n<\/strong><\/em>Asociaci\u00f3n Aulas Abertas<\/p>\n<p style=\"text-align: right;\">Universidad de Vigo. Campus de Vigo<br \/>\nSeptiembre 2023<\/p>\n<p>[\/vc_column_text][\/vc_column_inner][\/vc_row_inner][\/vc_column][\/vc_row]<\/p>\n","protected":false},"excerpt":{"rendered":"<p>[vc_row full_width_row=&#8221;true&#8221;][vc_column][vc_empty_space height=&#8221;16px&#8221;][vc_row_inner][vc_column_inner][vc_column_text] A esta pregunta cabr\u00eda matizar lo siguiente: \u00bfQu\u00e9 es la felicidad? M\u00e1s felices que \u00bfqu\u00e9? o que \u00bfqui\u00e9n? En este mismo sentido, en su momento, me dirig\u00ed al Profesor de la Universidad, que me respondi\u00f3 lo siguiente: \u201cMejor si me habla de vivir en plenitud\u201d. As\u00ed, pues, parecer\u00eda que eso de la&hellip;<\/p>\n","protected":false},"author":1,"featured_media":9104,"comment_status":"closed","ping_status":"closed","sticky":false,"template":"","format":"standard","meta":{"footnotes":""},"categories":[283,57],"tags":[],"class_list":["post-9100","post","type-post","status-publish","format-standard","has-post-thumbnail","hentry","category-44-opinion-sep-2023","category-opinion","category-283","category-57","description-off"],"_links":{"self":[{"href":"https:\/\/caumas.org\/revista\/wp-json\/wp\/v2\/posts\/9100","targetHints":{"allow":["GET"]}}],"collection":[{"href":"https:\/\/caumas.org\/revista\/wp-json\/wp\/v2\/posts"}],"about":[{"href":"https:\/\/caumas.org\/revista\/wp-json\/wp\/v2\/types\/post"}],"author":[{"embeddable":true,"href":"https:\/\/caumas.org\/revista\/wp-json\/wp\/v2\/users\/1"}],"replies":[{"embeddable":true,"href":"https:\/\/caumas.org\/revista\/wp-json\/wp\/v2\/comments?post=9100"}],"version-history":[{"count":3,"href":"https:\/\/caumas.org\/revista\/wp-json\/wp\/v2\/posts\/9100\/revisions"}],"predecessor-version":[{"id":9105,"href":"https:\/\/caumas.org\/revista\/wp-json\/wp\/v2\/posts\/9100\/revisions\/9105"}],"wp:featuredmedia":[{"embeddable":true,"href":"https:\/\/caumas.org\/revista\/wp-json\/wp\/v2\/media\/9104"}],"wp:attachment":[{"href":"https:\/\/caumas.org\/revista\/wp-json\/wp\/v2\/media?parent=9100"}],"wp:term":[{"taxonomy":"category","embeddable":true,"href":"https:\/\/caumas.org\/revista\/wp-json\/wp\/v2\/categories?post=9100"},{"taxonomy":"post_tag","embeddable":true,"href":"https:\/\/caumas.org\/revista\/wp-json\/wp\/v2\/tags?post=9100"}],"curies":[{"name":"wp","href":"https:\/\/api.w.org\/{rel}","templated":true}]}}