{"id":9158,"date":"2023-10-10T07:39:03","date_gmt":"2023-10-10T07:39:03","guid":{"rendered":"https:\/\/caumas.org\/revista\/?p=9158"},"modified":"2023-10-10T07:39:03","modified_gmt":"2023-10-10T07:39:03","slug":"cronica-de-las-xxi-jornadas-internacionales-sobre-asociacionismo-en-los-pum","status":"publish","type":"post","link":"https:\/\/caumas.org\/revista\/cronica-de-las-xxi-jornadas-internacionales-sobre-asociacionismo-en-los-pum\/","title":{"rendered":"Cr\u00f3nica de las XXI Jornadas Internacionales sobre Asociacionismo en los PUM"},"content":{"rendered":"<p>[vc_row][vc_column][vc_single_image image=&#8221;9159&#8243; img_size=&#8221;full&#8221; css=&#8221;.vc_custom_1696922565259{background-color: #d8391c !important;}&#8221;][vc_column_text]<\/p>\n<p style=\"text-align: center;\"><strong>XXI JORNADAS INTERNACIONALES SOBRE ASOCIACIONISMO EN LOS PUM<\/strong><\/p>\n<p style=\"text-align: center;\"><strong> <img fetchpriority=\"high\" decoding=\"async\" width=\"325\" height=\"700\" class=\"alignnone wp-image-9160 size-full\" src=\"https:\/\/caumas.org\/revista\/wp-content\/uploads\/2023\/10\/Pasted-9.png\" srcset=\"https:\/\/caumas.org\/revista\/wp-content\/uploads\/2023\/10\/Pasted-9.png 325w, https:\/\/caumas.org\/revista\/wp-content\/uploads\/2023\/10\/Pasted-9-139x300.png 139w\" sizes=\"(max-width: 325px) 100vw, 325px\" \/><\/strong><\/p>\n<p style=\"text-align: center;\"><em>\u201c<strong>El futuro de las Asociaciones S\u00e9nior en la Universidad\u201d<\/strong><\/em><\/p>\n<p><img decoding=\"async\" width=\"476\" height=\"276\" class=\"alignnone wp-image-9161 size-full aligncenter\" src=\"https:\/\/caumas.org\/revista\/wp-content\/uploads\/2023\/10\/Pasted-10.png\" srcset=\"https:\/\/caumas.org\/revista\/wp-content\/uploads\/2023\/10\/Pasted-10.png 476w, https:\/\/caumas.org\/revista\/wp-content\/uploads\/2023\/10\/Pasted-10-300x174.png 300w\" sizes=\"(max-width: 476px) 100vw, 476px\" \/><\/p>\n<p style=\"text-align: center;\"><strong>Colmenarejo del 13 al 16 de septiembre de 2023<\/strong><\/p>\n<p><strong>Estimados amigos, amigas y asociados<\/strong><\/p>\n<p>Este a\u00f1o la asociaci\u00f3n AUCTEMCOL ha celebrado las XXI Jornadas Internacionales sobre Asociacionismo en los Programas de Mayores (PUM) en las que hemos disfrutado de distintas actividades acad\u00e9micas.<\/p>\n<p>AUCTEMCOL celebra con enorme entusiasmo del 13 al 16 de septiembre de 2023 las XXI Jornadas Internacionales y acoge en nuestra universidad a todos los miembros de Las Asociaciones de estudiantes S\u00e9nior que todos los a\u00f1os nos reunimos de manera presencial y este a\u00f1o con nueva Asociaci\u00f3n reci\u00e9n incorporara a CAUMAS: la Asociaci\u00f3n de Alumnos Centro Intergeneracional de la Universidad de C\u00f3rdoba.<\/p>\n<p>Desde el a\u00f1o 1841 fecha en la que comenz\u00f3 Concepci\u00f3n Arenal la carrera de derecho vestida de hombre, se han producido gran cantidad de avances en la sociedad y hoy d\u00eda hombres y mujeres llenan las universidades en igualdad.<\/p>\n<p>El acto inaugural tuvo lugar el mi\u00e9rcoles 13 de septiembre en el Aula Magna de la Universidad Carlos III.<\/p>\n<p>El Comit\u00e9 de Honor estaba representado por el Excmo. delegado del Rector, D. Jos\u00e9 Manuel Molina L\u00f3pez, el Excmo. alcalde de Colmenarejo, D. Fernando Juanas Cerrada, la presidenta de CAUMAS, D\u00f1a. Marina Troncoso Rodr\u00edguez y la presidenta de AUCTEMCOL, D\u00f1a. Ana Fern\u00e1ndez Rodr\u00edguez.<\/p>\n<p><img decoding=\"async\" width=\"560\" height=\"422\" class=\"alignnone wp-image-9162 size-full aligncenter\" src=\"https:\/\/caumas.org\/revista\/wp-content\/uploads\/2023\/10\/Pasted-11.png\" srcset=\"https:\/\/caumas.org\/revista\/wp-content\/uploads\/2023\/10\/Pasted-11.png 560w, https:\/\/caumas.org\/revista\/wp-content\/uploads\/2023\/10\/Pasted-11-300x226.png 300w\" sizes=\"(max-width: 560px) 100vw, 560px\" \/><\/p>\n<p style=\"text-align: center;\">Colaboradoras de AUCTEMCOL en el registro de asistentes<\/p>\n<p><img loading=\"lazy\" decoding=\"async\" width=\"934\" height=\"418\" class=\"alignnone wp-image-9163 size-full aligncenter\" src=\"https:\/\/caumas.org\/revista\/wp-content\/uploads\/2023\/10\/Pasted-12.png\" srcset=\"https:\/\/caumas.org\/revista\/wp-content\/uploads\/2023\/10\/Pasted-12.png 934w, https:\/\/caumas.org\/revista\/wp-content\/uploads\/2023\/10\/Pasted-12-300x134.png 300w, https:\/\/caumas.org\/revista\/wp-content\/uploads\/2023\/10\/Pasted-12-768x344.png 768w\" sizes=\"(max-width: 934px) 100vw, 934px\" \/><\/p>\n<p style=\"text-align: center;\">Mesa de inauguraci\u00f3n de las XXI Jornadas<\/p>\n<p>Francisca Sauquillo (conferenciante), Luz Neira (directora UC3M, s\u00e9nior), Fernando Juanas (alcalde de Colmenarejo), Jos\u00e9 Manuel Molina (delegado del rector UC3M), Marina Troncoso (presidenta de CAUMAS), Ana Fern\u00e1ndez (presidenta de AUCTEMCOL) Carmen Camargo (JD de AUCTEMCOL)<\/p>\n<p>El Comit\u00e9 Acad\u00e9mico lo compon\u00edan D\u00f1a. Luz Neira Jim\u00e9nez, directora de UC3M s\u00e9nior Colmenarejo, D\u00f1a. Carmen Gonz\u00e1lez Mar\u00edn, Profesora de Filosof\u00eda de la Universidad Carlos III y D. Eduardo Ju\u00e1rez Valero, Profesor de Archiv\u00edstica, Historia y Paleograf\u00eda de la Universidad Carlos III.<\/p>\n<p>Una vez dimos la bienvenida a las 115 personas que han asistido de las universidades de distintas partes de nuestra naci\u00f3n, las Jornadas comenzaron con una Conferencia Inaugural con el t\u00edtulo <strong><em>\u201cRelaciones Intergeneracionales<\/em><\/strong>\u201d a cargo de la ponente D\u00f1a. Francisca Sauquillo, fundadora y presidenta de MPDL (Movimiento por La Paz).<\/p>\n<p><img loading=\"lazy\" decoding=\"async\" width=\"590\" height=\"284\" class=\"alignnone wp-image-9164 size-full aligncenter\" src=\"https:\/\/caumas.org\/revista\/wp-content\/uploads\/2023\/10\/Pasted-13.png\" srcset=\"https:\/\/caumas.org\/revista\/wp-content\/uploads\/2023\/10\/Pasted-13.png 590w, https:\/\/caumas.org\/revista\/wp-content\/uploads\/2023\/10\/Pasted-13-300x144.png 300w\" sizes=\"(max-width: 590px) 100vw, 590px\" \/><\/p>\n<p style=\"text-align: center;\">Francisca Sauquillo y Carmen Camargo de AUCTEMCOL<\/p>\n<p>A continuaci\u00f3n, escuchamos un recital de m\u00fasica por el grupo musical <em>Los Boleros de Babel <\/em>que nos deleitaron con una serie de boleros y otros ritmos de su repertorio, para terminar con un c\u00f3ctel en los jardines del campus de Colmenarejo de la Universidad Carlos III.<\/p>\n<p><img loading=\"lazy\" decoding=\"async\" width=\"787\" height=\"350\" class=\"alignnone wp-image-9165 size-full aligncenter\" src=\"https:\/\/caumas.org\/revista\/wp-content\/uploads\/2023\/10\/Pasted-14.png\" srcset=\"https:\/\/caumas.org\/revista\/wp-content\/uploads\/2023\/10\/Pasted-14.png 787w, https:\/\/caumas.org\/revista\/wp-content\/uploads\/2023\/10\/Pasted-14-300x133.png 300w, https:\/\/caumas.org\/revista\/wp-content\/uploads\/2023\/10\/Pasted-14-768x342.png 768w\" sizes=\"(max-width: 787px) 100vw, 787px\" \/><\/p>\n<p style=\"text-align: center;\">Los Boleros de Babel<\/p>\n<p>El d\u00eda 14 abrieron el acto la presidenta de CAUMAS, D\u00f1a. Marina Troncoso y la presidenta de AUCTEMCOL, D\u00f1a. Ana Fern\u00e1ndez.<\/p>\n<p>Bajo el lema de estas Jornadas: <em>\u201c<strong>El futuro de las Asociaciones S\u00e9nior en la <\/strong><\/em><strong><em>Universidad\u201d <\/em><\/strong>disfrutamos de una serie de ponencias interesantes y variadas.<\/p>\n<p><img loading=\"lazy\" decoding=\"async\" width=\"778\" height=\"615\" class=\"alignnone wp-image-9166 size-full aligncenter\" src=\"https:\/\/caumas.org\/revista\/wp-content\/uploads\/2023\/10\/Pasted-15.png\" srcset=\"https:\/\/caumas.org\/revista\/wp-content\/uploads\/2023\/10\/Pasted-15.png 778w, https:\/\/caumas.org\/revista\/wp-content\/uploads\/2023\/10\/Pasted-15-300x237.png 300w, https:\/\/caumas.org\/revista\/wp-content\/uploads\/2023\/10\/Pasted-15-768x607.png 768w\" sizes=\"(max-width: 778px) 100vw, 778px\" \/><\/p>\n<p style=\"text-align: center;\">Marina Troncoso, presidenta de CAUMAS y Ana Fern\u00e1ndez, presidenta de AUCTEMCOL<\/p>\n<p>CAUMAS, a trav\u00e9s Irene Garc\u00eda, de la secretar\u00eda t\u00e9cnica, present\u00f3 una nueva herramienta de comunicaci\u00f3n que se pone a disposici\u00f3n de todas las asociaciones para facilitar las relaciones entre los socios y con otras asociaciones.<\/p>\n<p><img loading=\"lazy\" decoding=\"async\" width=\"727\" height=\"409\" class=\"alignnone wp-image-9167 size-full aligncenter\" src=\"https:\/\/caumas.org\/revista\/wp-content\/uploads\/2023\/10\/Pasted-16.png\" srcset=\"https:\/\/caumas.org\/revista\/wp-content\/uploads\/2023\/10\/Pasted-16.png 727w, https:\/\/caumas.org\/revista\/wp-content\/uploads\/2023\/10\/Pasted-16-300x169.png 300w\" sizes=\"(max-width: 727px) 100vw, 727px\" \/><\/p>\n<p style=\"text-align: center;\">Presentaci\u00f3n de la nueva herramienta para comunicaci\u00f3n de las asociaciones<\/p>\n<p><img loading=\"lazy\" decoding=\"async\" width=\"324\" height=\"506\" class=\"alignnone wp-image-9168 size-full aligncenter\" src=\"https:\/\/caumas.org\/revista\/wp-content\/uploads\/2023\/10\/Pasted-17.png\" srcset=\"https:\/\/caumas.org\/revista\/wp-content\/uploads\/2023\/10\/Pasted-17.png 324w, https:\/\/caumas.org\/revista\/wp-content\/uploads\/2023\/10\/Pasted-17-192x300.png 192w\" sizes=\"(max-width: 324px) 100vw, 324px\" \/><\/p>\n<p style=\"text-align: center;\">Marina Troncoso, CAUMAS, Irene Garc\u00eda de Canal S\u00e9nior, Ana Fern\u00e1ndez, AUCTEMCOL<\/p>\n<p>A continuaci\u00f3n, D\u00f1a. Carmen Gonz\u00e1lez Mar\u00edn, Profesora de Filosof\u00eda de la UC3M, present\u00f3 su conferencia <strong><em>\u201cTerapia filos\u00f3fica contra el mal de la estupidez\u201d, <\/em><\/strong>interesant\u00edsima.<\/p>\n<p><img loading=\"lazy\" decoding=\"async\" width=\"714\" height=\"490\" class=\"alignnone wp-image-9169 size-full aligncenter\" src=\"https:\/\/caumas.org\/revista\/wp-content\/uploads\/2023\/10\/Pasted-18.png\" srcset=\"https:\/\/caumas.org\/revista\/wp-content\/uploads\/2023\/10\/Pasted-18.png 714w, https:\/\/caumas.org\/revista\/wp-content\/uploads\/2023\/10\/Pasted-18-300x206.png 300w\" sizes=\"(max-width: 714px) 100vw, 714px\" \/><\/p>\n<p style=\"text-align: center;\">D\u00f1a. Carmen Gonz\u00e1lez Mar\u00edn<\/p>\n<p>Seguidamente la primera Mesa Redonda de presidentes de Asociaciones sobre \u201c<strong><em>Aportaci\u00f3n de las Asociaciones Senior a la Universidad\u201d<\/em>, <\/strong>moderada por D\u00f1a. Ana Fern\u00e1ndez<\/p>\n<p>Participaron: D\u00f1a. Gloria P\u00e9rez Prieto, secretaria de FEGAUS (Federaci\u00f3n Gallega) D\u00f1a. Pepa Lorenzo, presidenta de Peritia et Doctrina, de Las Palmas de Gran Canaria, D\u00f1a. Inma Fornoza, presidenta de la Asociaci\u00f3n de la Universidad San Jorge de Zaragoza.<\/p>\n<p>Se puso de manifiesto las diferentes modalidades del PUM, la necesidad de la colaboraci\u00f3n intergeneracional y la conveniencia de que las asociaciones de una misma Comunidad Auton\u00f3mica se agrupen en federaciones para tener una \u00fanica voz ante las Administraciones P\u00fablicas, donde la uni\u00f3n hace la fuerza.<\/p>\n<p><img loading=\"lazy\" decoding=\"async\" width=\"787\" height=\"323\" class=\"alignnone wp-image-9170 size-full aligncenter\" src=\"https:\/\/caumas.org\/revista\/wp-content\/uploads\/2023\/10\/Pasted-19.png\" srcset=\"https:\/\/caumas.org\/revista\/wp-content\/uploads\/2023\/10\/Pasted-19.png 787w, https:\/\/caumas.org\/revista\/wp-content\/uploads\/2023\/10\/Pasted-19-300x123.png 300w, https:\/\/caumas.org\/revista\/wp-content\/uploads\/2023\/10\/Pasted-19-768x315.png 768w\" sizes=\"(max-width: 787px) 100vw, 787px\" \/><\/p>\n<p style=\"text-align: center;\">Mesa debate 1: Pepa Lorenzo (Peritia et Doctrina, Gloria P\u00e9rez (FEGAUS) Ana Fern\u00e1ndez (AUCTEMCOL) e Inma Fornoza (San Jorge de Zaragoza)<\/p>\n<p>Continuamos con la tercera conferencia y por D. Francisco Hern\u00e1ndez Mateo, Profesor de Historia del Arte de la UC3M con su conferencia sobre <strong><em>\u201cEl arte de volver a las aulas\u201d. <\/em><\/strong>Y terminamos esta primera ronda haciendo una pausa para disfrutar de un peque\u00f1o tentempi\u00e9 en los jardines de nuestra universidad.<\/p>\n<p><img loading=\"lazy\" decoding=\"async\" width=\"597\" height=\"418\" class=\"alignnone wp-image-9171 size-full aligncenter\" src=\"https:\/\/caumas.org\/revista\/wp-content\/uploads\/2023\/10\/Pasted-20.png\" srcset=\"https:\/\/caumas.org\/revista\/wp-content\/uploads\/2023\/10\/Pasted-20.png 597w, https:\/\/caumas.org\/revista\/wp-content\/uploads\/2023\/10\/Pasted-20-300x210.png 300w\" sizes=\"(max-width: 597px) 100vw, 597px\" \/><\/p>\n<p style=\"text-align: center;\">D. Francisco Hern\u00e1ndez Mateo<\/p>\n<p>Concluimos la ma\u00f1ana con una cuarta ponencia del Fil\u00f3sofo D. Javier S\u00e1daba Garay, Catedr\u00e1tico Honorario de \u00c9tica de la Universidad Aut\u00f3noma de Madrid con la interesante ponencia \u201c<strong><em>El amor en la edad madura\u201d.<\/em><\/strong><\/p>\n<p><img loading=\"lazy\" decoding=\"async\" width=\"768\" height=\"397\" class=\"alignnone wp-image-9172 size-full aligncenter\" src=\"https:\/\/caumas.org\/revista\/wp-content\/uploads\/2023\/10\/Pasted-21.png\" srcset=\"https:\/\/caumas.org\/revista\/wp-content\/uploads\/2023\/10\/Pasted-21.png 768w, https:\/\/caumas.org\/revista\/wp-content\/uploads\/2023\/10\/Pasted-21-300x155.png 300w\" sizes=\"(max-width: 768px) 100vw, 768px\" \/><\/p>\n<p style=\"text-align: center;\">D. Javier S\u00e1daba Garay, con la JD de AUCTEMCOL<\/p>\n<p>Una vez concluidas estas ponencias tan interesantes pasamos al comedor de la universidad donde nos ten\u00edan preparado un almuerzo suave y rico para poder continuar con nuestras actividades.<\/p>\n<p><img loading=\"lazy\" decoding=\"async\" width=\"779\" height=\"505\" class=\"alignnone wp-image-9173 size-full aligncenter\" src=\"https:\/\/caumas.org\/revista\/wp-content\/uploads\/2023\/10\/Pasted-22.png\" srcset=\"https:\/\/caumas.org\/revista\/wp-content\/uploads\/2023\/10\/Pasted-22.png 779w, https:\/\/caumas.org\/revista\/wp-content\/uploads\/2023\/10\/Pasted-22-300x194.png 300w, https:\/\/caumas.org\/revista\/wp-content\/uploads\/2023\/10\/Pasted-22-768x498.png 768w\" sizes=\"(max-width: 779px) 100vw, 779px\" \/><\/p>\n<p style=\"text-align: center;\">Comida en los comedores de la UC3M<\/p>\n<p>A las 16:00 horas nos unimos a unas videoconferencias con dos universidades americanas, la primera fue la Universidad Aut\u00f3noma de Ciudad de M\u00e9xico y a continuaci\u00f3n la Universidad de Rio Cuarto de Argentina.<\/p>\n<p>Ponentes:<\/p>\n<ul>\n<li>Mireia Viladevall Guasch, Universidad Aut\u00f3noma de la Ciudad de M\u00e9xico, M\u00e9xico.<\/li>\n<li>Susana Rocha, Universidad Nacional de R\u00edo Cuarto, Argentina.<\/li>\n<\/ul>\n<p style=\"text-align: center;\"><strong><em>\u201cViajes de encuentros para tejer saberes y sembrar futuros\u201d<\/em><\/strong><\/p>\n<p><strong>Primer momento, preparando los encuentros\u2026<\/strong><\/p>\n<p>Eligiendo hebras y agujas, colores y puntos, semillas, terreno, tiempo y espacio\u2026<\/p>\n<p><img loading=\"lazy\" decoding=\"async\" width=\"778\" height=\"237\" class=\"alignnone wp-image-9174 size-full\" src=\"https:\/\/caumas.org\/revista\/wp-content\/uploads\/2023\/10\/Pasted-23.png\" srcset=\"https:\/\/caumas.org\/revista\/wp-content\/uploads\/2023\/10\/Pasted-23.png 778w, https:\/\/caumas.org\/revista\/wp-content\/uploads\/2023\/10\/Pasted-23-300x91.png 300w, https:\/\/caumas.org\/revista\/wp-content\/uploads\/2023\/10\/Pasted-23-768x234.png 768w\" sizes=\"(max-width: 778px) 100vw, 778px\" \/><\/p>\n<p><strong>Segundo momento, vivenciando encuentros:<\/strong><\/p>\n<p>Agujas de tejer, circulares, crochet, telar, bordado mexicano, tramas multicolores\u2026 \u00a1Todo sobre la mesa, manos a la obra!<\/p>\n<p><img loading=\"lazy\" decoding=\"async\" width=\"716\" height=\"452\" class=\"alignnone wp-image-9175 size-full\" src=\"https:\/\/caumas.org\/revista\/wp-content\/uploads\/2023\/10\/Pasted-24.png\" srcset=\"https:\/\/caumas.org\/revista\/wp-content\/uploads\/2023\/10\/Pasted-24.png 716w, https:\/\/caumas.org\/revista\/wp-content\/uploads\/2023\/10\/Pasted-24-300x189.png 300w\" sizes=\"(max-width: 716px) 100vw, 716px\" \/><\/p>\n<p><strong>Tercer momento\u2026tiempo que viene para seguir sembrando encuentros: <\/strong>Tierra f\u00e9rtil, nuevas semillas, regaderas, palas, rastrillos, nuevos y buenos aires, brisas, vientos, estrellas y sol<\/p>\n<p>La universidad como espacio donde se consolidan el derecho a la educaci\u00f3n, a una vida digna y a la salud debe convertirse en uno de esos espacios de encuentro humano entre j\u00f3venes y adultos mayores que nos ayude a construir nuevos mundos donde todos no s\u00f3lo estemos invitados sino tambi\u00e9n todos tengamos un lugar, un reconocimiento y una escucha.<\/p>\n<p>Y as\u00ed terminamos nuestro ciclo de conferencias, para dar paso al coplista y argande\u00f1o Manuel Rey, Profesor de Historia del Arte y diplomado en Turismo que nos deleit\u00f3 con una conferencia sobre <strong><em>Felipe II y los tesoros de El Escorial<\/em><\/strong>.<\/p>\n<p><img loading=\"lazy\" decoding=\"async\" width=\"634\" height=\"414\" class=\"alignnone wp-image-9176 size-full aligncenter\" src=\"https:\/\/caumas.org\/revista\/wp-content\/uploads\/2023\/10\/Pasted-25.png\" srcset=\"https:\/\/caumas.org\/revista\/wp-content\/uploads\/2023\/10\/Pasted-25.png 634w, https:\/\/caumas.org\/revista\/wp-content\/uploads\/2023\/10\/Pasted-25-300x196.png 300w\" sizes=\"(max-width: 634px) 100vw, 634px\" \/><\/p>\n<p style=\"text-align: center;\">Profesor D. Manuel Rey<\/p>\n<p>Tenemos que reconocer que fue un broche extraordinario para finalizar un d\u00eda de trabajo y nos hizo re\u00edr con todas sus ocurrencias tan extraordinarias.<\/p>\n<p>Cerr\u00f3 la jornada del jueves 14 la propuesta de Lu\u00eds Castillo y Nuria Dom\u00ednguez, CEO y General Manager de SENIORS<strong>LEADING<\/strong>, respectivamente, acompa\u00f1ados por Jorge Gonz\u00e1lez-San Rom\u00e1n, CEO de The Match Company, con la presentaci\u00f3n de <strong><em>La Seniors App<\/em><\/strong>, una nueva herramienta para conocer amigos y hacer m\u00e1s. Un proyecto realizado en colaboraci\u00f3n con The Match Company, la multinacional espa\u00f1ola con sede en Madrid y en Miami.<\/p>\n<p>SENIORS<strong>LEADING<\/strong>, tambi\u00e9n present\u00f3 la tarjeta <strong>Silver Pay<\/strong>, una tarjeta intergeneracional. Con cada compra pagada con ella en comercios y empresas partners, el titular Silver +50 a\u00f1os genera un ingreso mensual para sus hijos\/as o nietos\/as +18, que tambi\u00e9n pueden generar sus propios ingresos mensuales gracias a sus propias compras.<\/p>\n<p><img loading=\"lazy\" decoding=\"async\" width=\"302\" height=\"392\" class=\"alignnone wp-image-9177 size-full aligncenter\" src=\"https:\/\/caumas.org\/revista\/wp-content\/uploads\/2023\/10\/Pasted-26.png\" srcset=\"https:\/\/caumas.org\/revista\/wp-content\/uploads\/2023\/10\/Pasted-26.png 302w, https:\/\/caumas.org\/revista\/wp-content\/uploads\/2023\/10\/Pasted-26-231x300.png 231w\" sizes=\"(max-width: 302px) 100vw, 302px\" \/><\/p>\n<p style=\"text-align: center;\">Nuria Dom\u00ednguez, Lu\u00eds Castillo y Jorge Gonz\u00e1lez-San Rom\u00e1n<\/p>\n<p>En la Jornada del viernes 15, comenzamos con las presidentas de CAUMAS y de AUCTEMCOL, para luego dar paso al ponente D. Rafael Reche Silva, secretario de ALUMA de la Universidad de Granada, que nos habl\u00f3 de las \u201c<strong><em>Visualizaciones de las asociaciones a trav\u00e9s de los medios\u201d.<\/em><\/strong><\/p>\n<p><img loading=\"lazy\" decoding=\"async\" width=\"537\" height=\"418\" class=\"alignnone wp-image-9178 size-full aligncenter\" src=\"https:\/\/caumas.org\/revista\/wp-content\/uploads\/2023\/10\/Pasted-27.png\" srcset=\"https:\/\/caumas.org\/revista\/wp-content\/uploads\/2023\/10\/Pasted-27.png 537w, https:\/\/caumas.org\/revista\/wp-content\/uploads\/2023\/10\/Pasted-27-300x234.png 300w\" sizes=\"(max-width: 537px) 100vw, 537px\" \/><\/p>\n<p style=\"text-align: center;\">Presentaci\u00f3n de Rafael Reche de ALUMA, Universidad de Granada<\/p>\n<p>Y continuamos con la s\u00e9ptima ponencia a cargo de D. Jes\u00fas Garc\u00eda Herrero, Catedr\u00e1tico de Ciencias de la computaci\u00f3n e IA, director de Postgrado<\/p>\n<p>Ingeniero y Ciencias B\u00e1sicas de la UC3M quien nos habl\u00f3 sobre \u201c<strong><em>La Inteligencia Artificial.<\/em><\/strong><\/p>\n<p><img loading=\"lazy\" decoding=\"async\" width=\"429\" height=\"439\" class=\"alignnone wp-image-9179 size-full aligncenter\" src=\"https:\/\/caumas.org\/revista\/wp-content\/uploads\/2023\/10\/Pasted-28.png\" srcset=\"https:\/\/caumas.org\/revista\/wp-content\/uploads\/2023\/10\/Pasted-28.png 429w, https:\/\/caumas.org\/revista\/wp-content\/uploads\/2023\/10\/Pasted-28-293x300.png 293w\" sizes=\"(max-width: 429px) 100vw, 429px\" \/><\/p>\n<p style=\"text-align: center;\">D. Jes\u00fas Garc\u00eda Herrero, Catedr\u00e1tico de Ciencias de la Computaci\u00f3n e IA.<\/p>\n<p>Segunda mesa redonda de presidentes de Asociaciones sobre \u201c<strong><em>El futuro de las Asociaciones Senior en la Universidad<\/em><\/strong>\u201d, moderada por D\u00f1a. Carmen Camargo <strong>de AUCTEMCOL.<\/strong><\/p>\n<p><strong>\u00a0<\/strong>Participaron: D. Jos\u00e9 Rodr\u00edguez S\u00e1nchez, presidente de ALUMA (Universidad de Granada), D. Jos\u00e9 Mar\u00eda Melendo, presidente de AMUEZ (Universidad de Zaragoza), D\u00f1a. Marta de la Rosa, presidenta de AEPUMA (Universidad Aut\u00f3noma de Madrid), D\u00f1a. Rafaela Rubio, presidenta de ADAMUC (Universidad Complutense de Madrid).<\/p>\n<p>Los participantes expusieron sus modos de trabajar, los dif\u00edcil que a veces se ve el futuro y las dificultades que tienen algunas asociaciones para ser reconocidas como asociaciones universitarias, por lo que solicitan informaci\u00f3n y ayuda a CAUMAS para conseguir que el alumnado universitario de mayores sea un alumnado universitario de pleno derecho, tal y como est\u00e1 ya reconocido en algunas universidades.<\/p>\n<p><img loading=\"lazy\" decoding=\"async\" width=\"783\" height=\"470\" class=\"alignnone wp-image-9180 size-full aligncenter\" src=\"https:\/\/caumas.org\/revista\/wp-content\/uploads\/2023\/10\/Pasted-29.png\" srcset=\"https:\/\/caumas.org\/revista\/wp-content\/uploads\/2023\/10\/Pasted-29.png 783w, https:\/\/caumas.org\/revista\/wp-content\/uploads\/2023\/10\/Pasted-29-300x180.png 300w, https:\/\/caumas.org\/revista\/wp-content\/uploads\/2023\/10\/Pasted-29-768x461.png 768w\" sizes=\"(max-width: 783px) 100vw, 783px\" \/><\/p>\n<p style=\"text-align: center;\">Jos\u00e9 Mar\u00eda Melendo (AMUEZ), Marta de la Rosa (AEPUMA), Carmen Camargo (AUCTEMCOL), Rafaela Mu\u00f1oz (ADAMUC) y Jos\u00e9 Rodr\u00edguez (ALUMA)<\/p>\n<p>Una vez concluida esta ronda de conferencias y mesa debate, retomamos nuestro tentempi\u00e9 para poder continuar con la octava conferencia por D. Eduardo Ju\u00e1rez Valero, Profesor de Archiv\u00edstica, Historia y Paleograf\u00eda de la UC3M, con una conferencia muy interesante sobre <strong><em>\u201cAprendiendo y ense\u00f1ando; de la ense\u00f1anza medieval a la Universidad\u201d.<\/em><\/strong><\/p>\n<p><img loading=\"lazy\" decoding=\"async\" width=\"563\" height=\"423\" class=\"alignnone wp-image-9181 size-full aligncenter\" src=\"https:\/\/caumas.org\/revista\/wp-content\/uploads\/2023\/10\/Pasted-30.png\" srcset=\"https:\/\/caumas.org\/revista\/wp-content\/uploads\/2023\/10\/Pasted-30.png 563w, https:\/\/caumas.org\/revista\/wp-content\/uploads\/2023\/10\/Pasted-30-300x225.png 300w\" sizes=\"(max-width: 563px) 100vw, 563px\" \/><\/p>\n<p style=\"text-align: center;\">El profesor Eduardo Ju\u00e1rez con la JD de AUCTEMCOL<\/p>\n<p>Terminamos esta ma\u00f1ana con el Ponente D. Jes\u00fas Fern\u00e1ndez Tresguerres, Catedr\u00e1tico Em\u00e9rito de Fisiolog\u00eda y Endocrinolog\u00eda experimental en la UCM. Acad\u00e9mico de n\u00famero de la RANM, en esta conferencia nos ense\u00f1\u00f3 c\u00f3mo \u201c<strong><em>Retrasar el envejecimiento\u201d.<\/em><\/strong><\/p>\n<p><img loading=\"lazy\" decoding=\"async\" width=\"385\" height=\"521\" class=\"alignnone wp-image-9182 size-full aligncenter\" src=\"https:\/\/caumas.org\/revista\/wp-content\/uploads\/2023\/10\/Pasted-31.png\" srcset=\"https:\/\/caumas.org\/revista\/wp-content\/uploads\/2023\/10\/Pasted-31.png 385w, https:\/\/caumas.org\/revista\/wp-content\/uploads\/2023\/10\/Pasted-31-222x300.png 222w\" sizes=\"(max-width: 385px) 100vw, 385px\" \/><\/p>\n<p style=\"text-align: center;\">El Dr. J.F. Tresguerres y Ana Fern\u00e1ndez, presidenta de AUCTEMCOL<\/p>\n<p>Y lleg\u00f3 el cierre de estas Jornadas con la lectura de conclusiones y la presentaci\u00f3n de las XXII Jornadas que se celebrar\u00e1n en A Coru\u00f1a en 2024, organizadas por ADAYEUS (Asociaci\u00f3n de Alumnos de la Universidad S\u00e9nior de A Coru\u00f1a, perteneciente a FEGAUS) y presentadas por Ram\u00f3n Pou, de la JD de ADAYEUS, para dar paso al almuerzo y regresar a nuestros hoteles.<\/p>\n<p><img loading=\"lazy\" decoding=\"async\" width=\"669\" height=\"415\" class=\"alignnone wp-image-9183 size-full aligncenter\" src=\"https:\/\/caumas.org\/revista\/wp-content\/uploads\/2023\/10\/Pasted-32.png\" srcset=\"https:\/\/caumas.org\/revista\/wp-content\/uploads\/2023\/10\/Pasted-32.png 669w, https:\/\/caumas.org\/revista\/wp-content\/uploads\/2023\/10\/Pasted-32-300x186.png 300w\" sizes=\"(max-width: 669px) 100vw, 669px\" \/><\/p>\n<p style=\"text-align: center;\">Cierre de las XXI Jornadas, Ram\u00f3n Pou (vicepresidente de ADAYEUS), Marina Troncoso (presidenta de CAUMAS), Ana Fern\u00e1ndez (presidenta de AUCTEMCOL)<\/p>\n<p><img loading=\"lazy\" decoding=\"async\" width=\"556\" height=\"419\" class=\"alignnone wp-image-9184 size-full aligncenter\" src=\"https:\/\/caumas.org\/revista\/wp-content\/uploads\/2023\/10\/Pasted-33.png\" srcset=\"https:\/\/caumas.org\/revista\/wp-content\/uploads\/2023\/10\/Pasted-33.png 556w, https:\/\/caumas.org\/revista\/wp-content\/uploads\/2023\/10\/Pasted-33-300x226.png 300w\" sizes=\"(max-width: 556px) 100vw, 556px\" \/><\/p>\n<p style=\"text-align: center;\">Ram\u00f3n Pou de ADAYEUS, presentando las XXII Jornadas<\/p>\n<p><img loading=\"lazy\" decoding=\"async\" width=\"430\" height=\"578\" class=\"alignnone wp-image-9185 size-full aligncenter\" src=\"https:\/\/caumas.org\/revista\/wp-content\/uploads\/2023\/10\/Pasted-34.png\" srcset=\"https:\/\/caumas.org\/revista\/wp-content\/uploads\/2023\/10\/Pasted-34.png 430w, https:\/\/caumas.org\/revista\/wp-content\/uploads\/2023\/10\/Pasted-34-223x300.png 223w\" sizes=\"(max-width: 430px) 100vw, 430px\" \/><\/p>\n<p style=\"text-align: center;\">Os esperamos en A Coru\u00f1a en septiembre de 2024<\/p>\n<p>&nbsp;<\/p>\n<p>La noche la reservamos para la cena de Clausura que esta vez fue en el Restaurante La Herrer\u00eda situado en un enclave privilegiado de El Escorial, el Club de Golf, uno de los mejores de nuestro territorio, donde nos deleitaron con una exquisita cena, \u00a1no faltaba ning\u00fan detalle!<\/p>\n<p><img loading=\"lazy\" decoding=\"async\" width=\"665\" height=\"440\" class=\"alignnone wp-image-9186 size-full aligncenter\" src=\"https:\/\/caumas.org\/revista\/wp-content\/uploads\/2023\/10\/Pasted-35.png\" srcset=\"https:\/\/caumas.org\/revista\/wp-content\/uploads\/2023\/10\/Pasted-35.png 665w, https:\/\/caumas.org\/revista\/wp-content\/uploads\/2023\/10\/Pasted-35-300x198.png 300w\" sizes=\"(max-width: 665px) 100vw, 665px\" \/><\/p>\n<p>Y ya concluimos el s\u00e1bado con la visita al Monasterio de EL Escorial acompa\u00f1ados de unas gu\u00edas que nos ense\u00f1aron todo el monasterio para luego terminar con una comida. Pero como no pod\u00eda faltarnos de nada, vino a despedirnos la Vuelta Ciclista a Espa\u00f1a que nos oblig\u00f3 a correr para poder coger nuestros medios de locomoci\u00f3n.<\/p>\n<p>Y as\u00ed terminamos nuestras Jornadas en un pueblecito de la Sierra Madrile\u00f1a y en el famoso pueblo de San Lorenzo de El Escorial, lugar de reposo de Felipe II.<\/p>\n<p>\u00a1\u00a1Desearos a todos una feliz estancia y como siempre, sin todos vosotros esto no ser\u00eda posible!!<\/p>\n<p><img loading=\"lazy\" decoding=\"async\" width=\"780\" height=\"388\" class=\"alignnone wp-image-9187 size-full aligncenter\" src=\"https:\/\/caumas.org\/revista\/wp-content\/uploads\/2023\/10\/Pasted-36.png\" srcset=\"https:\/\/caumas.org\/revista\/wp-content\/uploads\/2023\/10\/Pasted-36.png 780w, https:\/\/caumas.org\/revista\/wp-content\/uploads\/2023\/10\/Pasted-36-300x149.png 300w, https:\/\/caumas.org\/revista\/wp-content\/uploads\/2023\/10\/Pasted-36-768x382.png 768w\" sizes=\"(max-width: 780px) 100vw, 780px\" \/><\/p>\n<p><em><strong>Remedios Seijo<br \/>\n<\/strong><\/em>Vocal de AUCTEMCOL Tesorera de la JD de CAUMAS[\/vc_column_text][\/vc_column][\/vc_row]<\/p>\n","protected":false},"excerpt":{"rendered":"<p>[vc_row][vc_column][vc_single_image image=&#8221;9159&#8243; img_size=&#8221;full&#8221; css=&#8221;.vc_custom_1696922565259{background-color: #d8391c !important;}&#8221;][vc_column_text] XXI JORNADAS INTERNACIONALES SOBRE ASOCIACIONISMO EN LOS PUM \u201cEl futuro de las Asociaciones S\u00e9nior en la Universidad\u201d Colmenarejo del 13 al 16 de septiembre de 2023 Estimados amigos, amigas y asociados Este a\u00f1o la asociaci\u00f3n AUCTEMCOL ha celebrado las XXI Jornadas Internacionales sobre Asociacionismo en los Programas de Mayores&hellip;<\/p>\n","protected":false},"author":1,"featured_media":9188,"comment_status":"closed","ping_status":"closed","sticky":false,"template":"","format":"standard","meta":{"footnotes":""},"categories":[285,59],"tags":[],"class_list":["post-9158","post","type-post","status-publish","format-standard","has-post-thumbnail","hentry","category-44-noticias-sep-2023","category-noticias","category-285","category-59","description-off"],"_links":{"self":[{"href":"https:\/\/caumas.org\/revista\/wp-json\/wp\/v2\/posts\/9158","targetHints":{"allow":["GET"]}}],"collection":[{"href":"https:\/\/caumas.org\/revista\/wp-json\/wp\/v2\/posts"}],"about":[{"href":"https:\/\/caumas.org\/revista\/wp-json\/wp\/v2\/types\/post"}],"author":[{"embeddable":true,"href":"https:\/\/caumas.org\/revista\/wp-json\/wp\/v2\/users\/1"}],"replies":[{"embeddable":true,"href":"https:\/\/caumas.org\/revista\/wp-json\/wp\/v2\/comments?post=9158"}],"version-history":[{"count":1,"href":"https:\/\/caumas.org\/revista\/wp-json\/wp\/v2\/posts\/9158\/revisions"}],"predecessor-version":[{"id":9189,"href":"https:\/\/caumas.org\/revista\/wp-json\/wp\/v2\/posts\/9158\/revisions\/9189"}],"wp:featuredmedia":[{"embeddable":true,"href":"https:\/\/caumas.org\/revista\/wp-json\/wp\/v2\/media\/9188"}],"wp:attachment":[{"href":"https:\/\/caumas.org\/revista\/wp-json\/wp\/v2\/media?parent=9158"}],"wp:term":[{"taxonomy":"category","embeddable":true,"href":"https:\/\/caumas.org\/revista\/wp-json\/wp\/v2\/categories?post=9158"},{"taxonomy":"post_tag","embeddable":true,"href":"https:\/\/caumas.org\/revista\/wp-json\/wp\/v2\/tags?post=9158"}],"curies":[{"name":"wp","href":"https:\/\/api.w.org\/{rel}","templated":true}]}}