{"id":9190,"date":"2023-10-10T07:47:26","date_gmt":"2023-10-10T07:47:26","guid":{"rendered":"https:\/\/caumas.org\/revista\/?p=9190"},"modified":"2023-10-10T09:30:41","modified_gmt":"2023-10-10T09:30:41","slug":"conclusiones-de-las-xxi-jornadas-internacionales-sobre-asociacionismo-en-los-pum","status":"publish","type":"post","link":"https:\/\/caumas.org\/revista\/conclusiones-de-las-xxi-jornadas-internacionales-sobre-asociacionismo-en-los-pum\/","title":{"rendered":"Conclusiones de las XXI Jornadas Internacionales sobre Asociacionismo en los PUM"},"content":{"rendered":"<p>[vc_row][vc_column][vc_single_image image=&#8221;9191&#8243; img_size=&#8221;full&#8221; css=&#8221;.vc_custom_1696923611449{background-color: #d8391c !important;}&#8221;][vc_column_text]<\/p>\n<p style=\"text-align: center;\"><span style=\"font-size: 14pt; color: #ff0000;\"><strong>XXI JORNADAS INTERNACIONALES SOBRE ASOCIACIONISMO EN LOS PROGRAMAS UNIVERSITARIOS DE MAYORES<\/strong><\/span><\/p>\n<p style=\"text-align: center;\"><span style=\"color: #3366ff;\"><strong>Universidad Carlos III, sede de Colmenarejo<\/strong><\/span><\/p>\n<p style=\"text-align: center;\">13 al 16 de septiembre de 2023<\/p>\n<p style=\"text-align: center;\"><strong><em>\u201cEl futuro de las Asociaciones S\u00e9nior en la Universidad\u201d<\/em><\/strong><\/p>\n<p>&nbsp;<\/p>\n<p style=\"text-align: justify;\">XXI Jornadas de intercambio de experiencias e informaci\u00f3n de las Asociaciones de Alumnos Universitarios Mayores, de universidades p\u00fablicas y privadas espa\u00f1olas en las que participan online la Universidad Aut\u00f3noma de la Ciudad de M\u00e9xico y la Universidad Rio Cuarto de Argentina, adem\u00e1s de todas las personas interesadas que se conecten a trav\u00e9s de la plataforma de CAUMAS, retransmitidas en <em>streaming.<\/em><\/p>\n<p style=\"text-align: justify;\">El t\u00edtulo refleja la decidida determinaci\u00f3n, del conjunto de las asociaciones, de trabajar en el enraizamiento de las asociaciones de mayores en la estructura universitaria, colaborando con las universidades, a trav\u00e9s de sus responsables en la gesti\u00f3n de los PUM, para que los PUM sean acordes con las demandas del alumnado, aportando nuestra experiencia y conocimiento del colectivo al que representamos.<\/p>\n<p style=\"text-align: justify;\">Desde CAUMAS fomentamos las relaciones entre la Universidad y las asociaciones, informando de las mejoras y nuevas ofertas. Las asociaciones son la voz del alumnado que, sumando esfuerzos, compartiendo ideales, aportan una indudable estabilidad y garant\u00eda de futuro a los PUM.<\/p>\n<p style=\"text-align: justify;\">Una vez realizadas las XXI Jornadas Internacionales sobre Asociacionismo en los PUM, exponemos las<\/p>\n<p style=\"text-align: justify;\"><strong>CONCLUSIONES<\/strong><\/p>\n<ol style=\"text-align: justify;\">\n<li><strong>\u00a0<\/strong>Las diferentes ofertas de los PUM en las distintas universidades dificulta la aplicaci\u00f3n de mejoras comunes en los Programas.<\/li>\n<li>Las asociaciones de una misma Comunidad Aut\u00f3noma tienen grandes ventajas ante las Administraciones P\u00fablicas Auton\u00f3micas si se unen en una sola voz, es decir en una FEDERACI\u00d3N, a trav\u00e9s de la cual pueden acceder a ayudas econ\u00f3micas y dar mayor proyecci\u00f3n del PUM.<\/li>\n<li>Es muy importante promover la colaboraci\u00f3n <strong>intergeneracional<\/strong>, como programas de <em>mentoring <\/em>con el alumnado joven u otras iniciativas con participaci\u00f3n de j\u00f3venes y mayores.<\/li>\n<li>Las asociaciones complementan la oferta acad\u00e9mica de la Universidad, ofreciendo talleres, conferencias, actividades que combinan con las tem\u00e1ticas de la Universidad. Son el complemento necesario y est\u00e1n <strong>indisolublemente <\/strong>unidas a los PUM.<\/li>\n<li>Desde las asociaciones se ofrece experiencia y buen hacer.<\/li>\n<li>Es necesario dar m\u00e1s <strong>visibilidad<\/strong> a las asociaciones y contribuir a dar una imagen integradora, con la ruptura de estereotipos (muy negativos) sobre nuestro colectivo.<\/li>\n<li>Las asociaciones deben utilizar los medios de comunicaci\u00f3n para transmitir la experiencia y las actividades de las personas mayores universitarias.<\/li>\n<li>Desde las asociaciones hay que fomentar la interacci\u00f3n entre la IA (Inteligencia Artificial) y el ser humano y aprovechar los recursos que ofrece.<\/li>\n<li>Utilizar la IA y tomar decisiones sensatas.<\/li>\n<li>Desde las asociaciones <strong>HAY QUE FORMAR OPINI\u00d3N.<\/strong><\/li>\n<\/ol>\n<p style=\"text-align: justify;\"><strong>\u00a0<\/strong>Se propone hacer reuniones online cada cierto tiempo entre las Asociaciones (sus representantes) para abordar y debatir los problemas existentes y los que van surgiendo.<\/p>\n<p style=\"text-align: right;\">Colmenarejo, 16 de septiembre de 2023<\/p>\n<p>[\/vc_column_text][\/vc_column][\/vc_row]<\/p>\n","protected":false},"excerpt":{"rendered":"<p>[vc_row][vc_column][vc_single_image image=&#8221;9191&#8243; img_size=&#8221;full&#8221; css=&#8221;.vc_custom_1696923611449{background-color: #d8391c !important;}&#8221;][vc_column_text] XXI JORNADAS INTERNACIONALES SOBRE ASOCIACIONISMO EN LOS PROGRAMAS UNIVERSITARIOS DE MAYORES Universidad Carlos III, sede de Colmenarejo 13 al 16 de septiembre de 2023 \u201cEl futuro de las Asociaciones S\u00e9nior en la Universidad\u201d &nbsp; XXI Jornadas de intercambio de experiencias e informaci\u00f3n de las Asociaciones de Alumnos Universitarios Mayores,&hellip;<\/p>\n","protected":false},"author":1,"featured_media":9192,"comment_status":"closed","ping_status":"closed","sticky":false,"template":"","format":"standard","meta":{"footnotes":""},"categories":[285,59],"tags":[],"class_list":["post-9190","post","type-post","status-publish","format-standard","has-post-thumbnail","hentry","category-44-noticias-sep-2023","category-noticias","category-285","category-59","description-off"],"_links":{"self":[{"href":"https:\/\/caumas.org\/revista\/wp-json\/wp\/v2\/posts\/9190","targetHints":{"allow":["GET"]}}],"collection":[{"href":"https:\/\/caumas.org\/revista\/wp-json\/wp\/v2\/posts"}],"about":[{"href":"https:\/\/caumas.org\/revista\/wp-json\/wp\/v2\/types\/post"}],"author":[{"embeddable":true,"href":"https:\/\/caumas.org\/revista\/wp-json\/wp\/v2\/users\/1"}],"replies":[{"embeddable":true,"href":"https:\/\/caumas.org\/revista\/wp-json\/wp\/v2\/comments?post=9190"}],"version-history":[{"count":3,"href":"https:\/\/caumas.org\/revista\/wp-json\/wp\/v2\/posts\/9190\/revisions"}],"predecessor-version":[{"id":9210,"href":"https:\/\/caumas.org\/revista\/wp-json\/wp\/v2\/posts\/9190\/revisions\/9210"}],"wp:featuredmedia":[{"embeddable":true,"href":"https:\/\/caumas.org\/revista\/wp-json\/wp\/v2\/media\/9192"}],"wp:attachment":[{"href":"https:\/\/caumas.org\/revista\/wp-json\/wp\/v2\/media?parent=9190"}],"wp:term":[{"taxonomy":"category","embeddable":true,"href":"https:\/\/caumas.org\/revista\/wp-json\/wp\/v2\/categories?post=9190"},{"taxonomy":"post_tag","embeddable":true,"href":"https:\/\/caumas.org\/revista\/wp-json\/wp\/v2\/tags?post=9190"}],"curies":[{"name":"wp","href":"https:\/\/api.w.org\/{rel}","templated":true}]}}