{"id":9195,"date":"2023-10-10T08:08:33","date_gmt":"2023-10-10T08:08:33","guid":{"rendered":"https:\/\/caumas.org\/revista\/?p=9195"},"modified":"2023-10-10T08:08:33","modified_gmt":"2023-10-10T08:08:33","slug":"audemac-%c2%b7-pasen-y-vean","status":"publish","type":"post","link":"https:\/\/caumas.org\/revista\/audemac-%c2%b7-pasen-y-vean\/","title":{"rendered":"AUDEMAC \u00b7 Pasen y vean"},"content":{"rendered":"<p>[vc_row full_width_row=&#8221;true&#8221;][vc_column]<div class=\"gap\" style=\"line-height: 16px; height: 16px;\"><\/div>[vc_single_image image=&#8221;9196&#8243; img_size=&#8221;full&#8221; alignment=&#8221;center&#8221; image_hovers=&#8221;false&#8221; css=&#8221;.vc_custom_1696924921254{background-color: #4b1a5f !important;}&#8221;]<div class=\"gap\" style=\"line-height: 16px; height: 16px;\"><\/div>[\/vc_column][\/vc_row][vc_row][vc_column][vc_column_text]<strong>Como en el Retablo de las Maravillas d\u00f3nde la sorpresa siempre es posible, la iniciaci\u00f3n del nuevo curso en la Universidad de Mayores Comillas nos ha tra\u00eddo novedades, un sinf\u00edn de propuestas y la ilusi\u00f3n de volver a las aulas, o de iniciar una etapa en la vida que dejar\u00e1 una huella imborrable. <\/strong><\/p>\n<p><strong><u>Objeto de Inter\u00e9s<\/u><\/strong><\/p>\n<p>Los alumnos de la UMA-Comillas, un ap\u00e9ndice en el mundo universitario, ocupamos desde la llegada del nuevo equipo rector, un lugar destacado. Se ha creado la <strong>Escuela de Postgrado y Lifelong Learning <\/strong>\u00a0en la que se integra nuestra universidad con sus cinco a\u00f1os de Humanidades, y en la que existe adem\u00e1s un abanico de posibilidades para seguir aprendiendo al acabar estos, si bien ofrece la posibilidad de incorporarse a los cursos de postgrado sin el requisito excluyente de haber sido alumno de la UMA: CAEC, tres a\u00f1os de profundizaci\u00f3n, Siglo XXI, cuatro m\u00f3dulos que descifran los retos globales de nuestro tiempo, Seminarios, veintiuno, de variado temario y en todos los casos con un profesorado altamente cualificado, emp\u00e1tico y eficaz. Adem\u00e1s: Kair\u00f3s, un programa impulsado por la Compa\u00f1\u00eda de Jes\u00fas; una oportunidad para esas personas que, en momentos de cambio vital, como la pre o jubilaci\u00f3n, desean reflexionar y descubrir la plenitud de una vida solidaria que puede cambiar al protagonista\u2026<\/p>\n<p>\u201cEl saber no acaba nunca\u201d dice un dicho popular y es cierto. La formaci\u00f3n a lo largo de toda la vida, Lifelong Learning (\u00bfpor qu\u00e9 en ingl\u00e9s?) o Formaci\u00f3n Permanente es como un hilo resistente que tira de nosotros manteniendo nuestro inter\u00e9s, curiosidad intelectual e ilusi\u00f3n, adem\u00e1s de fomentar la socializaci\u00f3n, descubrir amistades y pasarlo estupendamente asistiendo a la universidad. Por supuesto que, si por alguna raz\u00f3n no es posible, tambi\u00e9n existen las clases online.<\/p>\n<p>Todo esto que explicamos a grandes rasgos, nos fue expuesto en el acto de presentaci\u00f3n, <strong>D\u00eda de Puertas Abiertas<\/strong>, celebrado una semana antes de comenzar el curso 2023\/2024. Un acto brillante en el que hubo oportunidad de conocer al equipo rector de la Escuela Postgrado: director Javier Garc\u00eda subdirector Javier Morales, director de UMA Carlos S\u00e1nchez de la Cruz y de Contenidos Sheila Gon\u00e7alves da Silva.<\/p>\n<p>La presentaci\u00f3n corri\u00f3 a cargo de Javier Morales quien explic\u00f3 que un accidente deportivo imped\u00eda la asistencia de S\u00e1nchez de la Cruz, a quien deseamos un pronto restablecimiento, y en la misma hubo varias intervenciones, desde profesores a alumnos y naturalmente de la presidenta y vicepresidente de AUDEMAC, <strong>Bego\u00f1a Ere\u00f1o y Chema Egea<\/strong>. Un \u00e9xito de asistencia, atenci\u00f3n, y abrazos y risas en el Vino Espa\u00f1ol que se sirvi\u00f3 a continuaci\u00f3n.<\/p>\n<p>Ahora ya solo nos queda el conseguir representaci\u00f3n en los \u00f3rganos de la universidad en el que s\u00ed est\u00e1n delegados de las otras facultades. Todo se andar\u00e1.<\/p>\n<p><img fetchpriority=\"high\" decoding=\"async\" width=\"900\" height=\"601\" class=\"alignnone wp-image-9197 size-full aligncenter\" src=\"https:\/\/caumas.org\/revista\/wp-content\/uploads\/2023\/10\/Pasted-37.png\" srcset=\"https:\/\/caumas.org\/revista\/wp-content\/uploads\/2023\/10\/Pasted-37.png 900w, https:\/\/caumas.org\/revista\/wp-content\/uploads\/2023\/10\/Pasted-37-300x200.png 300w, https:\/\/caumas.org\/revista\/wp-content\/uploads\/2023\/10\/Pasted-37-768x513.png 768w\" sizes=\"(max-width: 900px) 100vw, 900px\" \/><\/p>\n<p style=\"text-align: center;\"><em>Nuestra presidenta y vicepresidente hablan de AUDEMAC en un concurrido &#8216;Open Day&#8217; en Comillas.<\/em><\/p>\n<p><img decoding=\"async\" width=\"901\" height=\"602\" class=\"alignnone wp-image-9198 size-full aligncenter\" src=\"https:\/\/caumas.org\/revista\/wp-content\/uploads\/2023\/10\/Pasted-38.png\" srcset=\"https:\/\/caumas.org\/revista\/wp-content\/uploads\/2023\/10\/Pasted-38.png 901w, https:\/\/caumas.org\/revista\/wp-content\/uploads\/2023\/10\/Pasted-38-300x200.png 300w, https:\/\/caumas.org\/revista\/wp-content\/uploads\/2023\/10\/Pasted-38-768x513.png 768w\" sizes=\"(max-width: 901px) 100vw, 901px\" \/><\/p>\n<p style=\"text-align: center;\"><em>Entablan un gracioso di\u00e1logo dos de nuestros delegados sobre \u00bfPor qu\u00e9 Comillas?<\/em><\/p>\n<p><img decoding=\"async\" width=\"1004\" height=\"596\" class=\"alignnone wp-image-9199 size-full aligncenter\" src=\"https:\/\/caumas.org\/revista\/wp-content\/uploads\/2023\/10\/Pasted-39.png\" srcset=\"https:\/\/caumas.org\/revista\/wp-content\/uploads\/2023\/10\/Pasted-39.png 1004w, https:\/\/caumas.org\/revista\/wp-content\/uploads\/2023\/10\/Pasted-39-300x178.png 300w, https:\/\/caumas.org\/revista\/wp-content\/uploads\/2023\/10\/Pasted-39-768x456.png 768w\" sizes=\"(max-width: 1004px) 100vw, 1004px\" \/><\/p>\n<p style=\"text-align: center;\"><em>Oportunidad para preguntas.<\/em><\/p>\n<p><img loading=\"lazy\" decoding=\"async\" width=\"900\" height=\"597\" class=\"alignnone wp-image-9200 size-full aligncenter\" src=\"https:\/\/caumas.org\/revista\/wp-content\/uploads\/2023\/10\/Pasted-40.png\" srcset=\"https:\/\/caumas.org\/revista\/wp-content\/uploads\/2023\/10\/Pasted-40.png 900w, https:\/\/caumas.org\/revista\/wp-content\/uploads\/2023\/10\/Pasted-40-300x199.png 300w, https:\/\/caumas.org\/revista\/wp-content\/uploads\/2023\/10\/Pasted-40-768x509.png 768w\" sizes=\"(max-width: 900px) 100vw, 900px\" \/><\/p>\n<p style=\"text-align: center;\"><em>Una copa sociable entre directores, profesores y alumnos en la renovada Cafeter\u00eda de ICADE<\/em><\/p>\n<p>&nbsp;<\/p>\n<p><strong><u>La Voz que (casi) No Cesa <\/u><\/strong><\/p>\n<p>Acab\u00f3 el curso en mayo, llegaron las vacaciones, hubo dispersi\u00f3n geogr\u00e1fica, pero seguimos unidos por el cord\u00f3n umbilical de la web de AUDEMAC que no dej\u00f3 de publicarse hasta mucho m\u00e1s tarde. As\u00ed pudimos conocer la cr\u00f3nica del viaje fin de curso a la ribera navarra. <strong>Maite de la Torre<\/strong>, natural de Pamplona y organizadora del mismo, se volc\u00f3 para que durante los tres d\u00edas que dur\u00f3 sus compa\u00f1eros volvieran enamorados de esta tierra. Quienes se quedaron en la capital, pudieron elegir entre las muchas propuestas que les llegaban sobre teatro, conciertos, exposiciones: Picasso, Sorolla, las Colecciones Reales\u2026\u00a0 Felicitar a <strong>Nike Ortiz<\/strong> por la \u201cMenci\u00f3n Especial\u201d conseguida con el poema que present\u00f3 al concurso de ALUMA, asociaci\u00f3n hermana de Granada, leer los libros que los compa\u00f1eros recomendaban, incluso visitar restaurantes buenos y baratos, o descubrir rincones insospechados de Madrid. Y todo gracias a \u201cVoces de AUDEMAC\u201d un nuevo bolet\u00edn informativo que se edita los viernes con ideas, actividades, fechas a tener en cuenta\u2026<\/p>\n<p>Otra novedad de la web es <strong>\u201cForo AUDEMAC\u201d<\/strong> en el que es posible establecer di\u00e1logo con otros compa\u00f1eros sobre vivencias, experiencias, viajes, lecturas, series y pel\u00edculas que te parezca interesante que otros disfruten. foro.audemac.org\/foro es la puerta de entrada. \u00c1brela.<\/p>\n<p><strong>Bruce<\/strong>, nuestro director de Comunicaci\u00f3n, solo cerr\u00f3 en agosto y debi\u00f3 ser porque estaba centrado en sus propios festejos. Este a\u00f1o celebraba, junto a Carmen Bayod, el cincuenta aniversario de su matrimonio. En un art\u00edculo publicado en \u201cSol de Vida\u201d cuenta como se conocieron y su pertenencia sentimental a Belmonte de San Jos\u00e9, peque\u00f1o pueblo turolense de su mujer. Han vuelto plet\u00f3ricos y Bruce con la mochila llena de melocotones de Calanda, que este a\u00f1o, debido a la falta de lluvia, han concentrado m\u00e1s su sabor, si esto es posible. Enhorabuena a los dos. Las alegr\u00edas de nuestros compa\u00f1eros lo son nuestras tambi\u00e9n.\u00a0 Al final de septiembre y junto a un grupo de AUDEMAC y <strong>la profesora Mari\u00e1ngeles de Vicente<\/strong>, han visitado Parma para asistir al Festival Verdi adem\u00e1s de recrearse con el gran patrimonio art\u00edstico de la ciudad. Antes, Patrizia Prati les ha dado una charla sobre las obras verdianas. Ya nos contar\u00e1n.<\/p>\n<p>&nbsp;<\/p>\n<p><strong><u>El Mundo se Queda Peque\u00f1o<\/u><\/strong><\/p>\n<p>Nuestro grupo de senderistas amantes del <strong>Camino de Santiago<\/strong>, no se resignan a haber hecho las rutas francesas, portuguesas\u2026 y este a\u00f1o han decidido tomar, no como meta, sino como punto de partida la capital compostelana y dirigir sus pasos hacia Finisterre y Mux\u00eda, considerado el fin del mundo en la edad media. Nada hab\u00eda m\u00e1s all\u00e1. Entre nuestros andariegos compa\u00f1eros, se encontraban Bego\u00f1a Ere\u00f1o y otros miembros de la Junta directiva. Seguro que alg\u00fan momento lo han dedicado a pensar sobre c\u00f3mo engrandecer m\u00e1s la asociaci\u00f3n. Nos anuncian un oto\u00f1o lleno de actividades, el calendario se est\u00e1 ultimando y los socios lo esperamos con curiosidad y ganas de participar en el mismo. En AUDEMAC las novedades se suceden. Imposible aburrirse.<\/p>\n<p><img loading=\"lazy\" decoding=\"async\" width=\"780\" height=\"585\" class=\"alignnone wp-image-9201 size-full aligncenter\" src=\"https:\/\/caumas.org\/revista\/wp-content\/uploads\/2023\/10\/Pasted-41.png\" srcset=\"https:\/\/caumas.org\/revista\/wp-content\/uploads\/2023\/10\/Pasted-41.png 780w, https:\/\/caumas.org\/revista\/wp-content\/uploads\/2023\/10\/Pasted-41-300x225.png 300w, https:\/\/caumas.org\/revista\/wp-content\/uploads\/2023\/10\/Pasted-41-768x576.png 768w\" sizes=\"(max-width: 780px) 100vw, 780px\" \/><\/p>\n<p style=\"text-align: center;\"><em>La salida de Santiago hacia Finisterre y Mux\u00cda<\/em><\/p>\n<p><img loading=\"lazy\" decoding=\"async\" width=\"819\" height=\"586\" class=\"alignnone wp-image-9202 size-full aligncenter\" src=\"https:\/\/caumas.org\/revista\/wp-content\/uploads\/2023\/10\/Pasted-42.png\" srcset=\"https:\/\/caumas.org\/revista\/wp-content\/uploads\/2023\/10\/Pasted-42.png 819w, https:\/\/caumas.org\/revista\/wp-content\/uploads\/2023\/10\/Pasted-42-300x215.png 300w, https:\/\/caumas.org\/revista\/wp-content\/uploads\/2023\/10\/Pasted-42-768x550.png 768w\" sizes=\"(max-width: 819px) 100vw, 819px\" \/><\/p>\n<p style=\"text-align: center;\"><em>Empezando el tercer d\u00eda de marcha hacia el fin del mundo<\/em><\/p>\n<p><img loading=\"lazy\" decoding=\"async\" width=\"1110\" height=\"593\" class=\"alignnone wp-image-9203 size-full aligncenter\" src=\"https:\/\/caumas.org\/revista\/wp-content\/uploads\/2023\/10\/Pasted-43.png\" srcset=\"https:\/\/caumas.org\/revista\/wp-content\/uploads\/2023\/10\/Pasted-43.png 1110w, https:\/\/caumas.org\/revista\/wp-content\/uploads\/2023\/10\/Pasted-43-300x160.png 300w, https:\/\/caumas.org\/revista\/wp-content\/uploads\/2023\/10\/Pasted-43-1024x547.png 1024w, https:\/\/caumas.org\/revista\/wp-content\/uploads\/2023\/10\/Pasted-43-768x410.png 768w\" sizes=\"(max-width: 1110px) 100vw, 1110px\" \/><\/p>\n<p style=\"text-align: center;\"><em>Los m\u00e1s r\u00e1pidos llegan al fin del mundo<\/em><\/p>\n<p>&nbsp;<\/p>\n<p style=\"text-align: right;\"><em>Texto: <strong>Alicia L\u00f3pez Budia<\/strong><\/em><\/p>\n<p style=\"text-align: right;\"><em>Fotos: <strong>Bruce Taylor, Carmen Coira, Jos\u00e9 Mar\u00eda Verd\u00fa<\/strong><\/em><\/p>\n<p>[\/vc_column_text][\/vc_column][\/vc_row]<\/p>\n","protected":false},"excerpt":{"rendered":"<p>[vc_row full_width_row=&#8221;true&#8221;][vc_column][vc_single_image image=&#8221;9196&#8243; img_size=&#8221;full&#8221; alignment=&#8221;center&#8221; image_hovers=&#8221;false&#8221; css=&#8221;.vc_custom_1696924921254{background-color: #4b1a5f !important;}&#8221;][\/vc_column][\/vc_row][vc_row][vc_column][vc_column_text]Como en el Retablo de las Maravillas d\u00f3nde la sorpresa siempre es posible, la iniciaci\u00f3n del nuevo curso en la Universidad de Mayores Comillas nos ha tra\u00eddo novedades, un sinf\u00edn de propuestas y la ilusi\u00f3n de volver a las aulas, o de iniciar una etapa en la&hellip;<\/p>\n","protected":false},"author":1,"featured_media":9204,"comment_status":"closed","ping_status":"closed","sticky":false,"template":"","format":"standard","meta":{"footnotes":""},"categories":[286,93],"tags":[],"class_list":["post-9195","post","type-post","status-publish","format-standard","has-post-thumbnail","hentry","category-44-hablan-las-asociaciones-sep-2023","category-asociaciones","category-286","category-93","description-off"],"_links":{"self":[{"href":"https:\/\/caumas.org\/revista\/wp-json\/wp\/v2\/posts\/9195","targetHints":{"allow":["GET"]}}],"collection":[{"href":"https:\/\/caumas.org\/revista\/wp-json\/wp\/v2\/posts"}],"about":[{"href":"https:\/\/caumas.org\/revista\/wp-json\/wp\/v2\/types\/post"}],"author":[{"embeddable":true,"href":"https:\/\/caumas.org\/revista\/wp-json\/wp\/v2\/users\/1"}],"replies":[{"embeddable":true,"href":"https:\/\/caumas.org\/revista\/wp-json\/wp\/v2\/comments?post=9195"}],"version-history":[{"count":1,"href":"https:\/\/caumas.org\/revista\/wp-json\/wp\/v2\/posts\/9195\/revisions"}],"predecessor-version":[{"id":9205,"href":"https:\/\/caumas.org\/revista\/wp-json\/wp\/v2\/posts\/9195\/revisions\/9205"}],"wp:featuredmedia":[{"embeddable":true,"href":"https:\/\/caumas.org\/revista\/wp-json\/wp\/v2\/media\/9204"}],"wp:attachment":[{"href":"https:\/\/caumas.org\/revista\/wp-json\/wp\/v2\/media?parent=9195"}],"wp:term":[{"taxonomy":"category","embeddable":true,"href":"https:\/\/caumas.org\/revista\/wp-json\/wp\/v2\/categories?post=9195"},{"taxonomy":"post_tag","embeddable":true,"href":"https:\/\/caumas.org\/revista\/wp-json\/wp\/v2\/tags?post=9195"}],"curies":[{"name":"wp","href":"https:\/\/api.w.org\/{rel}","templated":true}]}}